{"id":15396,"date":"2021-03-20T00:18:46","date_gmt":"2021-03-20T03:18:46","guid":{"rendered":"https:\/\/verdadeon.com.br\/portal\/?p=15396"},"modified":"2021-03-20T00:18:46","modified_gmt":"2021-03-20T03:18:46","slug":"a-revolta-de-atlas-ficcao-proxima-a-nossa-realidade","status":"publish","type":"post","link":"https:\/\/verdadeon.com.br\/portal\/2021\/03\/20\/a-revolta-de-atlas-ficcao-proxima-a-nossa-realidade\/","title":{"rendered":"\u2018A Revolta de Atlas\u2019: fic\u00e7\u00e3o pr\u00f3xima \u00e0 nossa realidade"},"content":{"rendered":"<p class=\"p1\"><span class=\"s1\"> Na \u00faltima semana recebi um v\u00eddeo de um amigo, que fala com indigna\u00e7\u00e3o sobre a decis\u00e3o jur\u00eddica em desfavor de uma determinada empresa. Essa, por sua vez, em fun\u00e7\u00e3o da situa\u00e7\u00e3o pand\u00eamica, se v\u00ea obrigada a desligar seus colaboradores. Al\u00e9m disso, na senten\u00e7a, \u201cpor ser considerada mais rica e forte na rela\u00e7\u00e3o empresa versus empregado\u201d foi condenada a pagar R$ 17 milh\u00f5es por danos morais coletivos aos demitidos, al\u00e9m de reintegr\u00e1-los ao quadro de funcion\u00e1rios.<\/span><\/p>\n<p class=\"p1\"><span class=\"s1\">Do ponto de vista jur\u00eddico, essa batalha deve continuar e, at\u00e9 o momento em que eu escrevo, a \u00faltima not\u00edcia \u00e9 que j\u00e1 existe um recurso em andamento. No entanto, essa n\u00e3o \u00e9 minha \u00e1rea de conhecimento e meu objetivo n\u00e3o \u00e9 a discuss\u00e3o no \u00e2mbito jur\u00eddico.<\/span><\/p>\n<p class=\"p1\"><span class=\"s1\">Quero hoje provocar uma reflex\u00e3o sobre o momento em que vivemos, onde o empres\u00e1rio \u00e9 marginalizado, visto como o grande vil\u00e3o da sociedade. Gerar empregos, gerar receita, pagar impostos pesados e por todo o trabalho realizado, responsabilidades assumidas e<span class=\"Apple-converted-space\">\u00a0 <\/span>riscos corridos, obter um lucro justo, tudo isso aos olhos da sociedade moderna \u00e9 visto como se fosse um crime. <\/span><\/p>\n<p class=\"p1\"><span class=\"s1\">No v\u00eddeo foi citada a passagem de um romance de 1957, repleto de simbolismo: \u201cA Revolta de Atlas\u201d. Me chamou tanto a aten\u00e7\u00e3o, que por isso fui me aprofundar e decidi trazer aqui alguns pontos relevantes, dada a proximidade dos fatos narrados com a nossa realidade.<\/span><\/p>\n<p class=\"p1\"><span class=\"s1\">Na obra, as for\u00e7as pol\u00edticas da esquerda est\u00e3o no poder e os EUA, ainda capitalistas, caminham para o colapso. O Estado gradativamente se sobrep\u00f5e \u00e0 iniciativa privada e os empres\u00e1rios, industriais, cientistas e artistas come\u00e7am a desaparecer. O Estado ent\u00e3o assume o controle das empresas e, em pouco tempo, n\u00e3o garante mais a sustentabilidade das mesmas, quando o caos se instaura em nome do coletivismo.<\/span><\/p>\n<p class=\"p1\"><span class=\"s1\">Simbolicamente surge a figura de Atlas, gigante, \u201ccom sangue escorrendo pelos ombros\u201d, buscando suas \u00faltimas for\u00e7as para sustentar o universo, representado por um globo ou, em algumas edi\u00e7\u00f5es do livro, por colunas. Quando li esta descri\u00e7\u00e3o me vieram duas correla\u00e7\u00f5es: a do empres\u00e1rio lutando para sustentar o seu neg\u00f3cio e, num macro cen\u00e1rio, o mercado sustentando bravamente a economia, o sistema.<\/span><\/p>\n<p class=\"p1\"><span class=\"s1\">Sobre este trecho, n\u00e3o posso deixar de pensar em quantas vezes vi empres\u00e1rios serem subjugados, seja por sua equipe ou por terceiros, que arriscaram iniciar seu pr\u00f3prio neg\u00f3cio, apenas por achar que faria melhor e, muitas vezes, dando com os burros na \u00e1gua.<\/span><\/p>\n<p class=\"p1\"><span class=\"s1\">N\u00e3o bastassem essas passagens, um outro personagem, desta vez jornalista, defendia o uso da for\u00e7a bruta em favor de uma \u201cboa causa\u201d. Prender, privar, restringir, assassinar, roubar, sufocar os planos e ambi\u00e7\u00f5es, enfim, tudo o que for para garantir o bem coletivo, a \u201cboa causa\u201d<\/span><\/p>\n<p class=\"p1\"><span class=\"s1\">Mais uma coisa: voc\u00eas j\u00e1 imaginaram um mundo onde os trabalhadores se sentem no direito de trabalhar onde quiserem? Independente da necessidade, disponibilidade e, porque n\u00e3o, da \u201cvontade\u201d da empresa. Surreal, n\u00e3o?<\/span><\/p>\n<p class=\"p1\"><span class=\"s1\">J\u00e1 escrevi, em algum outro texto, sobre a import\u00e2ncia de descobrir e se sentir realizado com seu pr\u00f3prio trabalho, independente do ganho ou do lucro, e que isso deve ocorrer naturalmente, como resultado e n\u00e3o como objetivo do trabalho. Pois bem, em um dos cap\u00edtulos ocorre um paralelo interessant\u00edssimo sobre esta quest\u00e3o. A disponibilidade e o engajamento de quem trabalha pela realiza\u00e7\u00e3o frente aos que buscam apenas um trabalho para gerar uma renda.<\/span><\/p>\n<p class=\"p1\"><span class=\"s1\">Muito intrigante como uma fic\u00e7\u00e3o, de quase um s\u00e9culo atr\u00e1s, pode trazer tantas semelhan\u00e7as com a realidade em que vivemos. Longe de querer provocar uma discuss\u00e3o pol\u00edtica ou uma polariza\u00e7\u00e3o empregador versus empregado, mas minha inten\u00e7\u00e3o \u00e9 propor reflex\u00f5es sobre as nossas a\u00e7\u00f5es, atitudes e o que estamos plantando para as pr\u00f3ximas gera\u00e7\u00f5es.<\/span><\/p>\n<p>&nbsp;<\/p>\n<p class=\"p1\">Jean Dunkl<\/p>\n<p class=\"p2\">@jeandunkl<\/p>\n<p class=\"p2\">CEO da CPD Consultoria, mentor em Gest\u00e3o Estrat\u00e9gica de Neg\u00f3cios e gestor da Impera (Incubadora de Empresas de Base Tecnol\u00f3gica de Franca)<\/p>\n","protected":false},"excerpt":{"rendered":"<p>Na \u00faltima semana recebi um v\u00eddeo de um amigo, que fala com indigna\u00e7\u00e3o sobre a decis\u00e3o jur\u00eddica em desfavor de uma determinada empresa. Essa, por sua<span class=\"excerpt-hellip\"> [\u2026]<\/span><\/p>\n","protected":false},"author":4,"featured_media":0,"comment_status":"open","ping_status":"open","sticky":false,"template":"","format":"standard","meta":{"_jetpack_memberships_contains_paid_content":false,"footnotes":"","jetpack_publicize_message":"","jetpack_publicize_feature_enabled":true,"jetpack_social_post_already_shared":false,"jetpack_social_options":{"image_generator_settings":{"template":"highway","default_image_id":0,"enabled":false},"version":2}},"categories":[92],"tags":[],"class_list":["post-15396","post","type-post","status-publish","format-standard","hentry","category-colunista"],"yoast_head":"<!-- This site is optimized with the Yoast SEO plugin v25.6 - https:\/\/yoast.com\/wordpress\/plugins\/seo\/ -->\n<title>\u2018A Revolta de Atlas\u2019: fic\u00e7\u00e3o pr\u00f3xima \u00e0 nossa realidade - VerdadeOn<\/title>\n<meta name=\"robots\" content=\"index, follow, max-snippet:-1, max-image-preview:large, max-video-preview:-1\" \/>\n<link rel=\"canonical\" href=\"https:\/\/verdadeon.com.br\/portal\/2021\/03\/20\/a-revolta-de-atlas-ficcao-proxima-a-nossa-realidade\/\" \/>\n<meta property=\"og:locale\" content=\"pt_BR\" \/>\n<meta property=\"og:type\" content=\"article\" \/>\n<meta property=\"og:title\" content=\"\u2018A Revolta de Atlas\u2019: fic\u00e7\u00e3o pr\u00f3xima \u00e0 nossa realidade - VerdadeOn\" \/>\n<meta property=\"og:description\" content=\"Na \u00faltima semana recebi um v\u00eddeo de um amigo, que fala com indigna\u00e7\u00e3o sobre a decis\u00e3o jur\u00eddica em desfavor de uma determinada empresa. Essa, por sua [\u2026]\" \/>\n<meta property=\"og:url\" content=\"https:\/\/verdadeon.com.br\/portal\/2021\/03\/20\/a-revolta-de-atlas-ficcao-proxima-a-nossa-realidade\/\" \/>\n<meta property=\"og:site_name\" content=\"VerdadeOn\" \/>\n<meta property=\"article:published_time\" content=\"2021-03-20T03:18:46+00:00\" \/>\n<meta name=\"author\" content=\"Fernando Calixto\" \/>\n<meta name=\"twitter:card\" content=\"summary_large_image\" \/>\n<meta name=\"twitter:label1\" content=\"Escrito por\" \/>\n\t<meta name=\"twitter:data1\" content=\"Fernando Calixto\" \/>\n\t<meta name=\"twitter:label2\" content=\"Est. tempo de leitura\" \/>\n\t<meta name=\"twitter:data2\" content=\"3 minutos\" \/>\n<script type=\"application\/ld+json\" class=\"yoast-schema-graph\">{\"@context\":\"https:\/\/schema.org\",\"@graph\":[{\"@type\":\"WebPage\",\"@id\":\"https:\/\/verdadeon.com.br\/portal\/2021\/03\/20\/a-revolta-de-atlas-ficcao-proxima-a-nossa-realidade\/\",\"url\":\"https:\/\/verdadeon.com.br\/portal\/2021\/03\/20\/a-revolta-de-atlas-ficcao-proxima-a-nossa-realidade\/\",\"name\":\"\u2018A Revolta de Atlas\u2019: fic\u00e7\u00e3o pr\u00f3xima \u00e0 nossa realidade - VerdadeOn\",\"isPartOf\":{\"@id\":\"https:\/\/verdadeon.com.br\/portal\/#website\"},\"datePublished\":\"2021-03-20T03:18:46+00:00\",\"author\":{\"@id\":\"https:\/\/verdadeon.com.br\/portal\/#\/schema\/person\/8994718f49ee62ba5610471e29ca1f62\"},\"breadcrumb\":{\"@id\":\"https:\/\/verdadeon.com.br\/portal\/2021\/03\/20\/a-revolta-de-atlas-ficcao-proxima-a-nossa-realidade\/#breadcrumb\"},\"inLanguage\":\"pt-BR\",\"potentialAction\":[{\"@type\":\"ReadAction\",\"target\":[\"https:\/\/verdadeon.com.br\/portal\/2021\/03\/20\/a-revolta-de-atlas-ficcao-proxima-a-nossa-realidade\/\"]}]},{\"@type\":\"BreadcrumbList\",\"@id\":\"https:\/\/verdadeon.com.br\/portal\/2021\/03\/20\/a-revolta-de-atlas-ficcao-proxima-a-nossa-realidade\/#breadcrumb\",\"itemListElement\":[{\"@type\":\"ListItem\",\"position\":1,\"name\":\"In\u00edcio\",\"item\":\"https:\/\/verdadeon.com.br\/portal\/\"},{\"@type\":\"ListItem\",\"position\":2,\"name\":\"\u2018A Revolta de Atlas\u2019: fic\u00e7\u00e3o pr\u00f3xima \u00e0 nossa realidade\"}]},{\"@type\":\"WebSite\",\"@id\":\"https:\/\/verdadeon.com.br\/portal\/#website\",\"url\":\"https:\/\/verdadeon.com.br\/portal\/\",\"name\":\"VerdadeOn\",\"description\":\"Not\u00edcias di\u00e1rias sobre Franca, Regi\u00e3o, Esporte, Cultura, Cotidiano, Colunas. Cobertura nos principais eventos da cidade \u00e9 aqui - Verdadeon Franca\",\"potentialAction\":[{\"@type\":\"SearchAction\",\"target\":{\"@type\":\"EntryPoint\",\"urlTemplate\":\"https:\/\/verdadeon.com.br\/portal\/?s={search_term_string}\"},\"query-input\":{\"@type\":\"PropertyValueSpecification\",\"valueRequired\":true,\"valueName\":\"search_term_string\"}}],\"inLanguage\":\"pt-BR\"},{\"@type\":\"Person\",\"@id\":\"https:\/\/verdadeon.com.br\/portal\/#\/schema\/person\/8994718f49ee62ba5610471e29ca1f62\",\"name\":\"Fernando Calixto\",\"image\":{\"@type\":\"ImageObject\",\"inLanguage\":\"pt-BR\",\"@id\":\"https:\/\/verdadeon.com.br\/portal\/#\/schema\/person\/image\/\",\"url\":\"https:\/\/secure.gravatar.com\/avatar\/7578910c24966c0316c340f9dbd601e93ee9f9212e1033968b367af9306bd9fb?s=96&d=mm&r=g\",\"contentUrl\":\"https:\/\/secure.gravatar.com\/avatar\/7578910c24966c0316c340f9dbd601e93ee9f9212e1033968b367af9306bd9fb?s=96&d=mm&r=g\",\"caption\":\"Fernando Calixto\"},\"url\":\"https:\/\/verdadeon.com.br\/portal\/author\/fernando-calixto\/\"}]}<\/script>\n<!-- \/ Yoast SEO plugin. -->","yoast_head_json":{"title":"\u2018A Revolta de Atlas\u2019: fic\u00e7\u00e3o pr\u00f3xima \u00e0 nossa realidade - VerdadeOn","robots":{"index":"index","follow":"follow","max-snippet":"max-snippet:-1","max-image-preview":"max-image-preview:large","max-video-preview":"max-video-preview:-1"},"canonical":"https:\/\/verdadeon.com.br\/portal\/2021\/03\/20\/a-revolta-de-atlas-ficcao-proxima-a-nossa-realidade\/","og_locale":"pt_BR","og_type":"article","og_title":"\u2018A Revolta de Atlas\u2019: fic\u00e7\u00e3o pr\u00f3xima \u00e0 nossa realidade - VerdadeOn","og_description":"Na \u00faltima semana recebi um v\u00eddeo de um amigo, que fala com indigna\u00e7\u00e3o sobre a decis\u00e3o jur\u00eddica em desfavor de uma determinada empresa. Essa, por sua [\u2026]","og_url":"https:\/\/verdadeon.com.br\/portal\/2021\/03\/20\/a-revolta-de-atlas-ficcao-proxima-a-nossa-realidade\/","og_site_name":"VerdadeOn","article_published_time":"2021-03-20T03:18:46+00:00","author":"Fernando Calixto","twitter_card":"summary_large_image","twitter_misc":{"Escrito por":"Fernando Calixto","Est. tempo de leitura":"3 minutos"},"schema":{"@context":"https:\/\/schema.org","@graph":[{"@type":"WebPage","@id":"https:\/\/verdadeon.com.br\/portal\/2021\/03\/20\/a-revolta-de-atlas-ficcao-proxima-a-nossa-realidade\/","url":"https:\/\/verdadeon.com.br\/portal\/2021\/03\/20\/a-revolta-de-atlas-ficcao-proxima-a-nossa-realidade\/","name":"\u2018A Revolta de Atlas\u2019: fic\u00e7\u00e3o pr\u00f3xima \u00e0 nossa realidade - VerdadeOn","isPartOf":{"@id":"https:\/\/verdadeon.com.br\/portal\/#website"},"datePublished":"2021-03-20T03:18:46+00:00","author":{"@id":"https:\/\/verdadeon.com.br\/portal\/#\/schema\/person\/8994718f49ee62ba5610471e29ca1f62"},"breadcrumb":{"@id":"https:\/\/verdadeon.com.br\/portal\/2021\/03\/20\/a-revolta-de-atlas-ficcao-proxima-a-nossa-realidade\/#breadcrumb"},"inLanguage":"pt-BR","potentialAction":[{"@type":"ReadAction","target":["https:\/\/verdadeon.com.br\/portal\/2021\/03\/20\/a-revolta-de-atlas-ficcao-proxima-a-nossa-realidade\/"]}]},{"@type":"BreadcrumbList","@id":"https:\/\/verdadeon.com.br\/portal\/2021\/03\/20\/a-revolta-de-atlas-ficcao-proxima-a-nossa-realidade\/#breadcrumb","itemListElement":[{"@type":"ListItem","position":1,"name":"In\u00edcio","item":"https:\/\/verdadeon.com.br\/portal\/"},{"@type":"ListItem","position":2,"name":"\u2018A Revolta de Atlas\u2019: fic\u00e7\u00e3o pr\u00f3xima \u00e0 nossa realidade"}]},{"@type":"WebSite","@id":"https:\/\/verdadeon.com.br\/portal\/#website","url":"https:\/\/verdadeon.com.br\/portal\/","name":"VerdadeOn","description":"Not\u00edcias di\u00e1rias sobre Franca, Regi\u00e3o, Esporte, Cultura, Cotidiano, Colunas. Cobertura nos principais eventos da cidade \u00e9 aqui - Verdadeon Franca","potentialAction":[{"@type":"SearchAction","target":{"@type":"EntryPoint","urlTemplate":"https:\/\/verdadeon.com.br\/portal\/?s={search_term_string}"},"query-input":{"@type":"PropertyValueSpecification","valueRequired":true,"valueName":"search_term_string"}}],"inLanguage":"pt-BR"},{"@type":"Person","@id":"https:\/\/verdadeon.com.br\/portal\/#\/schema\/person\/8994718f49ee62ba5610471e29ca1f62","name":"Fernando Calixto","image":{"@type":"ImageObject","inLanguage":"pt-BR","@id":"https:\/\/verdadeon.com.br\/portal\/#\/schema\/person\/image\/","url":"https:\/\/secure.gravatar.com\/avatar\/7578910c24966c0316c340f9dbd601e93ee9f9212e1033968b367af9306bd9fb?s=96&d=mm&r=g","contentUrl":"https:\/\/secure.gravatar.com\/avatar\/7578910c24966c0316c340f9dbd601e93ee9f9212e1033968b367af9306bd9fb?s=96&d=mm&r=g","caption":"Fernando Calixto"},"url":"https:\/\/verdadeon.com.br\/portal\/author\/fernando-calixto\/"}]}},"jetpack_publicize_connections":[],"jetpack_featured_media_url":"","jetpack_sharing_enabled":true,"_links":{"self":[{"href":"https:\/\/verdadeon.com.br\/portal\/wp-json\/wp\/v2\/posts\/15396","targetHints":{"allow":["GET"]}}],"collection":[{"href":"https:\/\/verdadeon.com.br\/portal\/wp-json\/wp\/v2\/posts"}],"about":[{"href":"https:\/\/verdadeon.com.br\/portal\/wp-json\/wp\/v2\/types\/post"}],"author":[{"embeddable":true,"href":"https:\/\/verdadeon.com.br\/portal\/wp-json\/wp\/v2\/users\/4"}],"replies":[{"embeddable":true,"href":"https:\/\/verdadeon.com.br\/portal\/wp-json\/wp\/v2\/comments?post=15396"}],"version-history":[{"count":0,"href":"https:\/\/verdadeon.com.br\/portal\/wp-json\/wp\/v2\/posts\/15396\/revisions"}],"wp:attachment":[{"href":"https:\/\/verdadeon.com.br\/portal\/wp-json\/wp\/v2\/media?parent=15396"}],"wp:term":[{"taxonomy":"category","embeddable":true,"href":"https:\/\/verdadeon.com.br\/portal\/wp-json\/wp\/v2\/categories?post=15396"},{"taxonomy":"post_tag","embeddable":true,"href":"https:\/\/verdadeon.com.br\/portal\/wp-json\/wp\/v2\/tags?post=15396"}],"curies":[{"name":"wp","href":"https:\/\/api.w.org\/{rel}","templated":true}]}}