{"id":15392,"date":"2021-03-19T23:57:01","date_gmt":"2021-03-20T02:57:01","guid":{"rendered":"https:\/\/verdadeon.com.br\/portal\/?p=15392"},"modified":"2021-03-19T23:57:01","modified_gmt":"2021-03-20T02:57:01","slug":"acidente-em-construcao-do-sesc-termina-com-uma-morte-e-21-feridos","status":"publish","type":"post","link":"https:\/\/verdadeon.com.br\/portal\/2021\/03\/19\/acidente-em-construcao-do-sesc-termina-com-uma-morte-e-21-feridos\/","title":{"rendered":"Acidente em constru\u00e7\u00e3o do SESC termina com uma morte e 21 feridos"},"content":{"rendered":"<h2>Uma laje da obra desabou no momento em que 22 funcion\u00e1rios estavam no local no hor\u00e1rio do almo\u00e7o<\/h2>\n<p>Foram mais de tr\u00eas horas de buscas e um trabalho em conjunto com 67 bombeiros de Franca e de cidades da regi\u00e3o. Ambul\u00e2ncias do Samu, e de hospitais particulares tamb\u00e9m auxiliaram no resgate de 21 trabalhadores que ficaram presos em ferragens e concreto da laje, que desabou em cima deles. Um dos oper\u00e1rios identificado como Jo\u00e3o Cabo, de 44 anos, morreu ap\u00f3s ser atingido por uma viga, segundo o Major Leal do Corpo de Bombeiros.<br \/>\nO trabalho foi muito dif\u00edcil, porque segundo os bombeiros qualquer movimento brusco poderia resultar em novos desabamentos e em mais v\u00edtimas. \u201cQuando chegamos no local eram 22 que estavam em meio aos escombros. Destes 21 foram socorridos e um j\u00e1 foi localizado mas entrou em \u00f3bito\u201d, afirmou o Major.<br \/>\nAs v\u00edtimas foram socorridas at\u00e9 a Santa Casa de Franca, de acordo com o hospital o oper\u00e1rio Jo\u00e3o Paulo Cintra, de 25 anos est\u00e1 internado na UTI em estado grave, a v\u00edtima est\u00e1 intubada. Os outros seis possuem o estado de sa\u00fade est\u00e1vel, est\u00e3o conscientes e orientados.<br \/>\nMinutos ap\u00f3s a laje despencar, uma grande movimenta\u00e7\u00e3o foi observada no local. A todo instante ambul\u00e2ncias chegavam, o local foi isolado e familiares desesperados buscavam not\u00edcias. Uma chamada foi feita entre os trabalhadores, o objetivo era levantar quantos estavam no local e conseguiram correr do desabamento, e quanto poderiam estar nos escombros.<br \/>\n\u201cFoi desesperador. Eu estava l\u00e1 trabalhando e de repente ouvi um barulho e vi que estava caindo. Consegui sair, mas muitos amigos n\u00e3o. \u00c9 muito triste presenciar tudo isso\u201d, relatou o pedreiro Carlos Roberto que \u00e9 funcion\u00e1rio da obra.<br \/>\nA per\u00edcia da Pol\u00edcia Civil esteve no local e as causas do desabamento ser\u00e3o investigadas. O laudo pericial deve ser divulgado em at\u00e9 30 dias.<\/p>\n","protected":false},"excerpt":{"rendered":"<p>Uma laje da obra desabou no momento em que 22 funcion\u00e1rios estavam no local no hor\u00e1rio do almo\u00e7o Foram mais de tr\u00eas horas de buscas e<span class=\"excerpt-hellip\"> [\u2026]<\/span><\/p>\n","protected":false},"author":4,"featured_media":15393,"comment_status":"open","ping_status":"open","sticky":false,"template":"","format":"standard","meta":{"_jetpack_memberships_contains_paid_content":false,"footnotes":"","jetpack_publicize_message":"","jetpack_publicize_feature_enabled":true,"jetpack_social_post_already_shared":false,"jetpack_social_options":{"image_generator_settings":{"template":"highway","default_image_id":0,"enabled":false},"version":2}},"categories":[28,81],"tags":[],"class_list":["post-15392","post","type-post","status-publish","format-standard","has-post-thumbnail","hentry","category-cotidiano","category-manchete"],"yoast_head":"<!-- This site is optimized with the Yoast SEO plugin v25.6 - https:\/\/yoast.com\/wordpress\/plugins\/seo\/ -->\n<title>Acidente em constru\u00e7\u00e3o do SESC termina com uma morte e 21 feridos - VerdadeOn<\/title>\n<meta name=\"robots\" content=\"index, follow, max-snippet:-1, max-image-preview:large, max-video-preview:-1\" \/>\n<link rel=\"canonical\" href=\"https:\/\/verdadeon.com.br\/portal\/2021\/03\/19\/acidente-em-construcao-do-sesc-termina-com-uma-morte-e-21-feridos\/\" \/>\n<meta property=\"og:locale\" content=\"pt_BR\" \/>\n<meta property=\"og:type\" content=\"article\" \/>\n<meta property=\"og:title\" content=\"Acidente em constru\u00e7\u00e3o do SESC termina com uma morte e 21 feridos - VerdadeOn\" \/>\n<meta property=\"og:description\" content=\"Uma laje da obra desabou no momento em que 22 funcion\u00e1rios estavam no local no hor\u00e1rio do almo\u00e7o Foram mais de tr\u00eas horas de buscas e [\u2026]\" \/>\n<meta property=\"og:url\" content=\"https:\/\/verdadeon.com.br\/portal\/2021\/03\/19\/acidente-em-construcao-do-sesc-termina-com-uma-morte-e-21-feridos\/\" \/>\n<meta property=\"og:site_name\" content=\"VerdadeOn\" \/>\n<meta property=\"article:published_time\" content=\"2021-03-20T02:57:01+00:00\" \/>\n<meta property=\"og:image\" content=\"https:\/\/verdadeon.com.br\/portal\/wp-content\/uploads\/2021\/03\/WhatsApp-Image-2021-03-19-at-20.44.25.jpeg\" \/>\n\t<meta property=\"og:image:width\" content=\"1000\" \/>\n\t<meta property=\"og:image:height\" content=\"670\" \/>\n\t<meta property=\"og:image:type\" content=\"image\/jpeg\" \/>\n<meta name=\"author\" content=\"Fernando Calixto\" \/>\n<meta name=\"twitter:card\" content=\"summary_large_image\" \/>\n<meta name=\"twitter:label1\" content=\"Escrito por\" \/>\n\t<meta name=\"twitter:data1\" content=\"Fernando Calixto\" \/>\n\t<meta name=\"twitter:label2\" content=\"Est. tempo de leitura\" \/>\n\t<meta name=\"twitter:data2\" content=\"2 minutos\" \/>\n<script type=\"application\/ld+json\" class=\"yoast-schema-graph\">{\"@context\":\"https:\/\/schema.org\",\"@graph\":[{\"@type\":\"WebPage\",\"@id\":\"https:\/\/verdadeon.com.br\/portal\/2021\/03\/19\/acidente-em-construcao-do-sesc-termina-com-uma-morte-e-21-feridos\/\",\"url\":\"https:\/\/verdadeon.com.br\/portal\/2021\/03\/19\/acidente-em-construcao-do-sesc-termina-com-uma-morte-e-21-feridos\/\",\"name\":\"Acidente em constru\u00e7\u00e3o do SESC termina com uma morte e 21 feridos - VerdadeOn\",\"isPartOf\":{\"@id\":\"https:\/\/verdadeon.com.br\/portal\/#website\"},\"primaryImageOfPage\":{\"@id\":\"https:\/\/verdadeon.com.br\/portal\/2021\/03\/19\/acidente-em-construcao-do-sesc-termina-com-uma-morte-e-21-feridos\/#primaryimage\"},\"image\":{\"@id\":\"https:\/\/verdadeon.com.br\/portal\/2021\/03\/19\/acidente-em-construcao-do-sesc-termina-com-uma-morte-e-21-feridos\/#primaryimage\"},\"thumbnailUrl\":\"https:\/\/i0.wp.com\/verdadeon.com.br\/portal\/wp-content\/uploads\/2021\/03\/WhatsApp-Image-2021-03-19-at-20.44.25.jpeg?fit=1000%2C670&ssl=1\",\"datePublished\":\"2021-03-20T02:57:01+00:00\",\"author\":{\"@id\":\"https:\/\/verdadeon.com.br\/portal\/#\/schema\/person\/8994718f49ee62ba5610471e29ca1f62\"},\"breadcrumb\":{\"@id\":\"https:\/\/verdadeon.com.br\/portal\/2021\/03\/19\/acidente-em-construcao-do-sesc-termina-com-uma-morte-e-21-feridos\/#breadcrumb\"},\"inLanguage\":\"pt-BR\",\"potentialAction\":[{\"@type\":\"ReadAction\",\"target\":[\"https:\/\/verdadeon.com.br\/portal\/2021\/03\/19\/acidente-em-construcao-do-sesc-termina-com-uma-morte-e-21-feridos\/\"]}]},{\"@type\":\"ImageObject\",\"inLanguage\":\"pt-BR\",\"@id\":\"https:\/\/verdadeon.com.br\/portal\/2021\/03\/19\/acidente-em-construcao-do-sesc-termina-com-uma-morte-e-21-feridos\/#primaryimage\",\"url\":\"https:\/\/i0.wp.com\/verdadeon.com.br\/portal\/wp-content\/uploads\/2021\/03\/WhatsApp-Image-2021-03-19-at-20.44.25.jpeg?fit=1000%2C670&ssl=1\",\"contentUrl\":\"https:\/\/i0.wp.com\/verdadeon.com.br\/portal\/wp-content\/uploads\/2021\/03\/WhatsApp-Image-2021-03-19-at-20.44.25.jpeg?fit=1000%2C670&ssl=1\",\"width\":1000,\"height\":670,\"caption\":\"Resgate das v\u00edtimas mobilizou os bombeiros de Franca e de cidades da regi\u00e3o | Foto: Corpo de Bombeiros\"},{\"@type\":\"BreadcrumbList\",\"@id\":\"https:\/\/verdadeon.com.br\/portal\/2021\/03\/19\/acidente-em-construcao-do-sesc-termina-com-uma-morte-e-21-feridos\/#breadcrumb\",\"itemListElement\":[{\"@type\":\"ListItem\",\"position\":1,\"name\":\"In\u00edcio\",\"item\":\"https:\/\/verdadeon.com.br\/portal\/\"},{\"@type\":\"ListItem\",\"position\":2,\"name\":\"Acidente em constru\u00e7\u00e3o do SESC termina com uma morte e 21 feridos\"}]},{\"@type\":\"WebSite\",\"@id\":\"https:\/\/verdadeon.com.br\/portal\/#website\",\"url\":\"https:\/\/verdadeon.com.br\/portal\/\",\"name\":\"VerdadeOn\",\"description\":\"Not\u00edcias di\u00e1rias sobre Franca, Regi\u00e3o, Esporte, Cultura, Cotidiano, Colunas. Cobertura nos principais eventos da cidade \u00e9 aqui - Verdadeon Franca\",\"potentialAction\":[{\"@type\":\"SearchAction\",\"target\":{\"@type\":\"EntryPoint\",\"urlTemplate\":\"https:\/\/verdadeon.com.br\/portal\/?s={search_term_string}\"},\"query-input\":{\"@type\":\"PropertyValueSpecification\",\"valueRequired\":true,\"valueName\":\"search_term_string\"}}],\"inLanguage\":\"pt-BR\"},{\"@type\":\"Person\",\"@id\":\"https:\/\/verdadeon.com.br\/portal\/#\/schema\/person\/8994718f49ee62ba5610471e29ca1f62\",\"name\":\"Fernando Calixto\",\"image\":{\"@type\":\"ImageObject\",\"inLanguage\":\"pt-BR\",\"@id\":\"https:\/\/verdadeon.com.br\/portal\/#\/schema\/person\/image\/\",\"url\":\"https:\/\/secure.gravatar.com\/avatar\/7578910c24966c0316c340f9dbd601e93ee9f9212e1033968b367af9306bd9fb?s=96&d=mm&r=g\",\"contentUrl\":\"https:\/\/secure.gravatar.com\/avatar\/7578910c24966c0316c340f9dbd601e93ee9f9212e1033968b367af9306bd9fb?s=96&d=mm&r=g\",\"caption\":\"Fernando Calixto\"},\"url\":\"https:\/\/verdadeon.com.br\/portal\/author\/fernando-calixto\/\"}]}<\/script>\n<!-- \/ Yoast SEO plugin. -->","yoast_head_json":{"title":"Acidente em constru\u00e7\u00e3o do SESC termina com uma morte e 21 feridos - VerdadeOn","robots":{"index":"index","follow":"follow","max-snippet":"max-snippet:-1","max-image-preview":"max-image-preview:large","max-video-preview":"max-video-preview:-1"},"canonical":"https:\/\/verdadeon.com.br\/portal\/2021\/03\/19\/acidente-em-construcao-do-sesc-termina-com-uma-morte-e-21-feridos\/","og_locale":"pt_BR","og_type":"article","og_title":"Acidente em constru\u00e7\u00e3o do SESC termina com uma morte e 21 feridos - VerdadeOn","og_description":"Uma laje da obra desabou no momento em que 22 funcion\u00e1rios estavam no local no hor\u00e1rio do almo\u00e7o Foram mais de tr\u00eas horas de buscas e [\u2026]","og_url":"https:\/\/verdadeon.com.br\/portal\/2021\/03\/19\/acidente-em-construcao-do-sesc-termina-com-uma-morte-e-21-feridos\/","og_site_name":"VerdadeOn","article_published_time":"2021-03-20T02:57:01+00:00","og_image":[{"width":1000,"height":670,"url":"https:\/\/verdadeon.com.br\/portal\/wp-content\/uploads\/2021\/03\/WhatsApp-Image-2021-03-19-at-20.44.25.jpeg","type":"image\/jpeg"}],"author":"Fernando Calixto","twitter_card":"summary_large_image","twitter_misc":{"Escrito por":"Fernando Calixto","Est. tempo de leitura":"2 minutos"},"schema":{"@context":"https:\/\/schema.org","@graph":[{"@type":"WebPage","@id":"https:\/\/verdadeon.com.br\/portal\/2021\/03\/19\/acidente-em-construcao-do-sesc-termina-com-uma-morte-e-21-feridos\/","url":"https:\/\/verdadeon.com.br\/portal\/2021\/03\/19\/acidente-em-construcao-do-sesc-termina-com-uma-morte-e-21-feridos\/","name":"Acidente em constru\u00e7\u00e3o do SESC termina com uma morte e 21 feridos - VerdadeOn","isPartOf":{"@id":"https:\/\/verdadeon.com.br\/portal\/#website"},"primaryImageOfPage":{"@id":"https:\/\/verdadeon.com.br\/portal\/2021\/03\/19\/acidente-em-construcao-do-sesc-termina-com-uma-morte-e-21-feridos\/#primaryimage"},"image":{"@id":"https:\/\/verdadeon.com.br\/portal\/2021\/03\/19\/acidente-em-construcao-do-sesc-termina-com-uma-morte-e-21-feridos\/#primaryimage"},"thumbnailUrl":"https:\/\/i0.wp.com\/verdadeon.com.br\/portal\/wp-content\/uploads\/2021\/03\/WhatsApp-Image-2021-03-19-at-20.44.25.jpeg?fit=1000%2C670&ssl=1","datePublished":"2021-03-20T02:57:01+00:00","author":{"@id":"https:\/\/verdadeon.com.br\/portal\/#\/schema\/person\/8994718f49ee62ba5610471e29ca1f62"},"breadcrumb":{"@id":"https:\/\/verdadeon.com.br\/portal\/2021\/03\/19\/acidente-em-construcao-do-sesc-termina-com-uma-morte-e-21-feridos\/#breadcrumb"},"inLanguage":"pt-BR","potentialAction":[{"@type":"ReadAction","target":["https:\/\/verdadeon.com.br\/portal\/2021\/03\/19\/acidente-em-construcao-do-sesc-termina-com-uma-morte-e-21-feridos\/"]}]},{"@type":"ImageObject","inLanguage":"pt-BR","@id":"https:\/\/verdadeon.com.br\/portal\/2021\/03\/19\/acidente-em-construcao-do-sesc-termina-com-uma-morte-e-21-feridos\/#primaryimage","url":"https:\/\/i0.wp.com\/verdadeon.com.br\/portal\/wp-content\/uploads\/2021\/03\/WhatsApp-Image-2021-03-19-at-20.44.25.jpeg?fit=1000%2C670&ssl=1","contentUrl":"https:\/\/i0.wp.com\/verdadeon.com.br\/portal\/wp-content\/uploads\/2021\/03\/WhatsApp-Image-2021-03-19-at-20.44.25.jpeg?fit=1000%2C670&ssl=1","width":1000,"height":670,"caption":"Resgate das v\u00edtimas mobilizou os bombeiros de Franca e de cidades da regi\u00e3o | Foto: Corpo de Bombeiros"},{"@type":"BreadcrumbList","@id":"https:\/\/verdadeon.com.br\/portal\/2021\/03\/19\/acidente-em-construcao-do-sesc-termina-com-uma-morte-e-21-feridos\/#breadcrumb","itemListElement":[{"@type":"ListItem","position":1,"name":"In\u00edcio","item":"https:\/\/verdadeon.com.br\/portal\/"},{"@type":"ListItem","position":2,"name":"Acidente em constru\u00e7\u00e3o do SESC termina com uma morte e 21 feridos"}]},{"@type":"WebSite","@id":"https:\/\/verdadeon.com.br\/portal\/#website","url":"https:\/\/verdadeon.com.br\/portal\/","name":"VerdadeOn","description":"Not\u00edcias di\u00e1rias sobre Franca, Regi\u00e3o, Esporte, Cultura, Cotidiano, Colunas. Cobertura nos principais eventos da cidade \u00e9 aqui - Verdadeon Franca","potentialAction":[{"@type":"SearchAction","target":{"@type":"EntryPoint","urlTemplate":"https:\/\/verdadeon.com.br\/portal\/?s={search_term_string}"},"query-input":{"@type":"PropertyValueSpecification","valueRequired":true,"valueName":"search_term_string"}}],"inLanguage":"pt-BR"},{"@type":"Person","@id":"https:\/\/verdadeon.com.br\/portal\/#\/schema\/person\/8994718f49ee62ba5610471e29ca1f62","name":"Fernando Calixto","image":{"@type":"ImageObject","inLanguage":"pt-BR","@id":"https:\/\/verdadeon.com.br\/portal\/#\/schema\/person\/image\/","url":"https:\/\/secure.gravatar.com\/avatar\/7578910c24966c0316c340f9dbd601e93ee9f9212e1033968b367af9306bd9fb?s=96&d=mm&r=g","contentUrl":"https:\/\/secure.gravatar.com\/avatar\/7578910c24966c0316c340f9dbd601e93ee9f9212e1033968b367af9306bd9fb?s=96&d=mm&r=g","caption":"Fernando Calixto"},"url":"https:\/\/verdadeon.com.br\/portal\/author\/fernando-calixto\/"}]}},"jetpack_publicize_connections":[],"jetpack_featured_media_url":"https:\/\/i0.wp.com\/verdadeon.com.br\/portal\/wp-content\/uploads\/2021\/03\/WhatsApp-Image-2021-03-19-at-20.44.25.jpeg?fit=1000%2C670&ssl=1","jetpack_sharing_enabled":true,"_links":{"self":[{"href":"https:\/\/verdadeon.com.br\/portal\/wp-json\/wp\/v2\/posts\/15392","targetHints":{"allow":["GET"]}}],"collection":[{"href":"https:\/\/verdadeon.com.br\/portal\/wp-json\/wp\/v2\/posts"}],"about":[{"href":"https:\/\/verdadeon.com.br\/portal\/wp-json\/wp\/v2\/types\/post"}],"author":[{"embeddable":true,"href":"https:\/\/verdadeon.com.br\/portal\/wp-json\/wp\/v2\/users\/4"}],"replies":[{"embeddable":true,"href":"https:\/\/verdadeon.com.br\/portal\/wp-json\/wp\/v2\/comments?post=15392"}],"version-history":[{"count":0,"href":"https:\/\/verdadeon.com.br\/portal\/wp-json\/wp\/v2\/posts\/15392\/revisions"}],"wp:featuredmedia":[{"embeddable":true,"href":"https:\/\/verdadeon.com.br\/portal\/wp-json\/wp\/v2\/media\/15393"}],"wp:attachment":[{"href":"https:\/\/verdadeon.com.br\/portal\/wp-json\/wp\/v2\/media?parent=15392"}],"wp:term":[{"taxonomy":"category","embeddable":true,"href":"https:\/\/verdadeon.com.br\/portal\/wp-json\/wp\/v2\/categories?post=15392"},{"taxonomy":"post_tag","embeddable":true,"href":"https:\/\/verdadeon.com.br\/portal\/wp-json\/wp\/v2\/tags?post=15392"}],"curies":[{"name":"wp","href":"https:\/\/api.w.org\/{rel}","templated":true}]}}