{"id":15382,"date":"2021-03-19T16:11:21","date_gmt":"2021-03-19T19:11:21","guid":{"rendered":"https:\/\/verdadeon.com.br\/portal\/?p=15382"},"modified":"2021-03-19T16:11:21","modified_gmt":"2021-03-19T19:11:21","slug":"uma-morte-e-confirmada-no-desabamento-de-obra-do-sesc","status":"publish","type":"post","link":"https:\/\/verdadeon.com.br\/portal\/2021\/03\/19\/uma-morte-e-confirmada-no-desabamento-de-obra-do-sesc\/","title":{"rendered":"Uma morte \u00e9 confirmada no desabamento de obra do SESC"},"content":{"rendered":"<h2>Informa\u00e7\u00e3o oficial foi confirmada pelos Bombeiros de Franca<\/h2>\n<p>Uma morte foi confirmada pelos Bombeiros de Franca no desabamento da laje da constru\u00e7\u00e3o do SESC. Segundo o Major Leal, no total foram 22 homens presos em ferragens e concreto, 21 foram socorridos com vida. Para o trabalho foi necess\u00e1rio o apoio de Bombeiros de v\u00e1rias cidades da regi\u00e3o de Franca, al\u00e9m de ambul\u00e2ncias do SAMU e at\u00e9 de hospitais particulares.<br \/>\n\u201cA maior dificuldade \u00e9 que a estrutura pode se mover e causar outro desabamento enquanto estivermos tentando resgatar o corpo. \u00c9 uma situa\u00e7\u00e3o muito dif\u00edcil e precisamos de muito apoio, mas vamos retirar o corpo dos escombros\u201d, afirmou o Major Leal.<br \/>\nAinda n\u00e3o h\u00e1 a confirma\u00e7\u00e3o oficial da identidade da v\u00edtima fatal, mas segundo os Bombeiros o trabalhador tem aproximadamente 40 anos e trabalhava h\u00e1 mais de um ano na obra.<br \/>\nDe acordo com a Santa Casa de Franca, Jo\u00e3o Paulo Cintra Silva, de 25 anos est\u00e1 intubado, sedado, internado em UTI com o estado grave. Os outros cinco trabalhadores que foram levados para o hospital est\u00e3o consicentes e o quadro de sa\u00fade \u00e9 est\u00e1vel.<br \/>\nA per\u00edcia da Pol\u00edcia Civil tamb\u00e9m esteve no local, o caso ser\u00e1 apurado pela Pol\u00edcia Civil de Franca.<\/p>\n","protected":false},"excerpt":{"rendered":"<p>Informa\u00e7\u00e3o oficial foi confirmada pelos Bombeiros de Franca Uma morte foi confirmada pelos Bombeiros de Franca no desabamento da laje da constru\u00e7\u00e3o do SESC. Segundo o<span class=\"excerpt-hellip\"> [\u2026]<\/span><\/p>\n","protected":false},"author":4,"featured_media":15383,"comment_status":"open","ping_status":"open","sticky":false,"template":"","format":"standard","meta":{"_jetpack_memberships_contains_paid_content":false,"footnotes":"","jetpack_publicize_message":"","jetpack_publicize_feature_enabled":true,"jetpack_social_post_already_shared":false,"jetpack_social_options":{"image_generator_settings":{"template":"highway","default_image_id":0,"enabled":false},"version":2}},"categories":[28,81],"tags":[],"class_list":["post-15382","post","type-post","status-publish","format-standard","has-post-thumbnail","hentry","category-cotidiano","category-manchete"],"yoast_head":"<!-- This site is optimized with the Yoast SEO plugin v25.6 - https:\/\/yoast.com\/wordpress\/plugins\/seo\/ -->\n<title>Uma morte \u00e9 confirmada no desabamento de obra do SESC - VerdadeOn<\/title>\n<meta name=\"robots\" content=\"index, follow, max-snippet:-1, max-image-preview:large, max-video-preview:-1\" \/>\n<link rel=\"canonical\" href=\"https:\/\/verdadeon.com.br\/portal\/2021\/03\/19\/uma-morte-e-confirmada-no-desabamento-de-obra-do-sesc\/\" \/>\n<meta property=\"og:locale\" content=\"pt_BR\" \/>\n<meta property=\"og:type\" content=\"article\" \/>\n<meta property=\"og:title\" content=\"Uma morte \u00e9 confirmada no desabamento de obra do SESC - VerdadeOn\" \/>\n<meta property=\"og:description\" content=\"Informa\u00e7\u00e3o oficial foi confirmada pelos Bombeiros de Franca Uma morte foi confirmada pelos Bombeiros de Franca no desabamento da laje da constru\u00e7\u00e3o do SESC. Segundo o [\u2026]\" \/>\n<meta property=\"og:url\" content=\"https:\/\/verdadeon.com.br\/portal\/2021\/03\/19\/uma-morte-e-confirmada-no-desabamento-de-obra-do-sesc\/\" \/>\n<meta property=\"og:site_name\" content=\"VerdadeOn\" \/>\n<meta property=\"article:published_time\" content=\"2021-03-19T19:11:21+00:00\" \/>\n<meta property=\"og:image\" content=\"https:\/\/verdadeon.com.br\/portal\/wp-content\/uploads\/2021\/03\/WhatsApp-Image-2021-03-19-at-16.07.40.jpeg\" \/>\n\t<meta property=\"og:image:width\" content=\"1000\" \/>\n\t<meta property=\"og:image:height\" content=\"670\" \/>\n\t<meta property=\"og:image:type\" content=\"image\/jpeg\" \/>\n<meta name=\"author\" content=\"Fernando Calixto\" \/>\n<meta name=\"twitter:card\" content=\"summary_large_image\" \/>\n<meta name=\"twitter:label1\" content=\"Escrito por\" \/>\n\t<meta name=\"twitter:data1\" content=\"Fernando Calixto\" \/>\n\t<meta name=\"twitter:label2\" content=\"Est. tempo de leitura\" \/>\n\t<meta name=\"twitter:data2\" content=\"1 minuto\" \/>\n<script type=\"application\/ld+json\" class=\"yoast-schema-graph\">{\"@context\":\"https:\/\/schema.org\",\"@graph\":[{\"@type\":\"WebPage\",\"@id\":\"https:\/\/verdadeon.com.br\/portal\/2021\/03\/19\/uma-morte-e-confirmada-no-desabamento-de-obra-do-sesc\/\",\"url\":\"https:\/\/verdadeon.com.br\/portal\/2021\/03\/19\/uma-morte-e-confirmada-no-desabamento-de-obra-do-sesc\/\",\"name\":\"Uma morte \u00e9 confirmada no desabamento de obra do SESC - VerdadeOn\",\"isPartOf\":{\"@id\":\"https:\/\/verdadeon.com.br\/portal\/#website\"},\"primaryImageOfPage\":{\"@id\":\"https:\/\/verdadeon.com.br\/portal\/2021\/03\/19\/uma-morte-e-confirmada-no-desabamento-de-obra-do-sesc\/#primaryimage\"},\"image\":{\"@id\":\"https:\/\/verdadeon.com.br\/portal\/2021\/03\/19\/uma-morte-e-confirmada-no-desabamento-de-obra-do-sesc\/#primaryimage\"},\"thumbnailUrl\":\"https:\/\/i0.wp.com\/verdadeon.com.br\/portal\/wp-content\/uploads\/2021\/03\/WhatsApp-Image-2021-03-19-at-16.07.40.jpeg?fit=1000%2C670&ssl=1\",\"datePublished\":\"2021-03-19T19:11:21+00:00\",\"author\":{\"@id\":\"https:\/\/verdadeon.com.br\/portal\/#\/schema\/person\/8994718f49ee62ba5610471e29ca1f62\"},\"breadcrumb\":{\"@id\":\"https:\/\/verdadeon.com.br\/portal\/2021\/03\/19\/uma-morte-e-confirmada-no-desabamento-de-obra-do-sesc\/#breadcrumb\"},\"inLanguage\":\"pt-BR\",\"potentialAction\":[{\"@type\":\"ReadAction\",\"target\":[\"https:\/\/verdadeon.com.br\/portal\/2021\/03\/19\/uma-morte-e-confirmada-no-desabamento-de-obra-do-sesc\/\"]}]},{\"@type\":\"ImageObject\",\"inLanguage\":\"pt-BR\",\"@id\":\"https:\/\/verdadeon.com.br\/portal\/2021\/03\/19\/uma-morte-e-confirmada-no-desabamento-de-obra-do-sesc\/#primaryimage\",\"url\":\"https:\/\/i0.wp.com\/verdadeon.com.br\/portal\/wp-content\/uploads\/2021\/03\/WhatsApp-Image-2021-03-19-at-16.07.40.jpeg?fit=1000%2C670&ssl=1\",\"contentUrl\":\"https:\/\/i0.wp.com\/verdadeon.com.br\/portal\/wp-content\/uploads\/2021\/03\/WhatsApp-Image-2021-03-19-at-16.07.40.jpeg?fit=1000%2C670&ssl=1\",\"width\":1000,\"height\":670,\"caption\":\"Buscas duraram mais de horas, bombeiros de Franca e da regi\u00e3o participaram dos servi\u00e7os | Foto: Fernando Lima\"},{\"@type\":\"BreadcrumbList\",\"@id\":\"https:\/\/verdadeon.com.br\/portal\/2021\/03\/19\/uma-morte-e-confirmada-no-desabamento-de-obra-do-sesc\/#breadcrumb\",\"itemListElement\":[{\"@type\":\"ListItem\",\"position\":1,\"name\":\"In\u00edcio\",\"item\":\"https:\/\/verdadeon.com.br\/portal\/\"},{\"@type\":\"ListItem\",\"position\":2,\"name\":\"Uma morte \u00e9 confirmada no desabamento de obra do SESC\"}]},{\"@type\":\"WebSite\",\"@id\":\"https:\/\/verdadeon.com.br\/portal\/#website\",\"url\":\"https:\/\/verdadeon.com.br\/portal\/\",\"name\":\"VerdadeOn\",\"description\":\"Not\u00edcias di\u00e1rias sobre Franca, Regi\u00e3o, Esporte, Cultura, Cotidiano, Colunas. Cobertura nos principais eventos da cidade \u00e9 aqui - Verdadeon Franca\",\"potentialAction\":[{\"@type\":\"SearchAction\",\"target\":{\"@type\":\"EntryPoint\",\"urlTemplate\":\"https:\/\/verdadeon.com.br\/portal\/?s={search_term_string}\"},\"query-input\":{\"@type\":\"PropertyValueSpecification\",\"valueRequired\":true,\"valueName\":\"search_term_string\"}}],\"inLanguage\":\"pt-BR\"},{\"@type\":\"Person\",\"@id\":\"https:\/\/verdadeon.com.br\/portal\/#\/schema\/person\/8994718f49ee62ba5610471e29ca1f62\",\"name\":\"Fernando Calixto\",\"image\":{\"@type\":\"ImageObject\",\"inLanguage\":\"pt-BR\",\"@id\":\"https:\/\/verdadeon.com.br\/portal\/#\/schema\/person\/image\/\",\"url\":\"https:\/\/secure.gravatar.com\/avatar\/7578910c24966c0316c340f9dbd601e93ee9f9212e1033968b367af9306bd9fb?s=96&d=mm&r=g\",\"contentUrl\":\"https:\/\/secure.gravatar.com\/avatar\/7578910c24966c0316c340f9dbd601e93ee9f9212e1033968b367af9306bd9fb?s=96&d=mm&r=g\",\"caption\":\"Fernando Calixto\"},\"url\":\"https:\/\/verdadeon.com.br\/portal\/author\/fernando-calixto\/\"}]}<\/script>\n<!-- \/ Yoast SEO plugin. -->","yoast_head_json":{"title":"Uma morte \u00e9 confirmada no desabamento de obra do SESC - VerdadeOn","robots":{"index":"index","follow":"follow","max-snippet":"max-snippet:-1","max-image-preview":"max-image-preview:large","max-video-preview":"max-video-preview:-1"},"canonical":"https:\/\/verdadeon.com.br\/portal\/2021\/03\/19\/uma-morte-e-confirmada-no-desabamento-de-obra-do-sesc\/","og_locale":"pt_BR","og_type":"article","og_title":"Uma morte \u00e9 confirmada no desabamento de obra do SESC - VerdadeOn","og_description":"Informa\u00e7\u00e3o oficial foi confirmada pelos Bombeiros de Franca Uma morte foi confirmada pelos Bombeiros de Franca no desabamento da laje da constru\u00e7\u00e3o do SESC. Segundo o [\u2026]","og_url":"https:\/\/verdadeon.com.br\/portal\/2021\/03\/19\/uma-morte-e-confirmada-no-desabamento-de-obra-do-sesc\/","og_site_name":"VerdadeOn","article_published_time":"2021-03-19T19:11:21+00:00","og_image":[{"width":1000,"height":670,"url":"https:\/\/verdadeon.com.br\/portal\/wp-content\/uploads\/2021\/03\/WhatsApp-Image-2021-03-19-at-16.07.40.jpeg","type":"image\/jpeg"}],"author":"Fernando Calixto","twitter_card":"summary_large_image","twitter_misc":{"Escrito por":"Fernando Calixto","Est. tempo de leitura":"1 minuto"},"schema":{"@context":"https:\/\/schema.org","@graph":[{"@type":"WebPage","@id":"https:\/\/verdadeon.com.br\/portal\/2021\/03\/19\/uma-morte-e-confirmada-no-desabamento-de-obra-do-sesc\/","url":"https:\/\/verdadeon.com.br\/portal\/2021\/03\/19\/uma-morte-e-confirmada-no-desabamento-de-obra-do-sesc\/","name":"Uma morte \u00e9 confirmada no desabamento de obra do SESC - VerdadeOn","isPartOf":{"@id":"https:\/\/verdadeon.com.br\/portal\/#website"},"primaryImageOfPage":{"@id":"https:\/\/verdadeon.com.br\/portal\/2021\/03\/19\/uma-morte-e-confirmada-no-desabamento-de-obra-do-sesc\/#primaryimage"},"image":{"@id":"https:\/\/verdadeon.com.br\/portal\/2021\/03\/19\/uma-morte-e-confirmada-no-desabamento-de-obra-do-sesc\/#primaryimage"},"thumbnailUrl":"https:\/\/i0.wp.com\/verdadeon.com.br\/portal\/wp-content\/uploads\/2021\/03\/WhatsApp-Image-2021-03-19-at-16.07.40.jpeg?fit=1000%2C670&ssl=1","datePublished":"2021-03-19T19:11:21+00:00","author":{"@id":"https:\/\/verdadeon.com.br\/portal\/#\/schema\/person\/8994718f49ee62ba5610471e29ca1f62"},"breadcrumb":{"@id":"https:\/\/verdadeon.com.br\/portal\/2021\/03\/19\/uma-morte-e-confirmada-no-desabamento-de-obra-do-sesc\/#breadcrumb"},"inLanguage":"pt-BR","potentialAction":[{"@type":"ReadAction","target":["https:\/\/verdadeon.com.br\/portal\/2021\/03\/19\/uma-morte-e-confirmada-no-desabamento-de-obra-do-sesc\/"]}]},{"@type":"ImageObject","inLanguage":"pt-BR","@id":"https:\/\/verdadeon.com.br\/portal\/2021\/03\/19\/uma-morte-e-confirmada-no-desabamento-de-obra-do-sesc\/#primaryimage","url":"https:\/\/i0.wp.com\/verdadeon.com.br\/portal\/wp-content\/uploads\/2021\/03\/WhatsApp-Image-2021-03-19-at-16.07.40.jpeg?fit=1000%2C670&ssl=1","contentUrl":"https:\/\/i0.wp.com\/verdadeon.com.br\/portal\/wp-content\/uploads\/2021\/03\/WhatsApp-Image-2021-03-19-at-16.07.40.jpeg?fit=1000%2C670&ssl=1","width":1000,"height":670,"caption":"Buscas duraram mais de horas, bombeiros de Franca e da regi\u00e3o participaram dos servi\u00e7os | Foto: Fernando Lima"},{"@type":"BreadcrumbList","@id":"https:\/\/verdadeon.com.br\/portal\/2021\/03\/19\/uma-morte-e-confirmada-no-desabamento-de-obra-do-sesc\/#breadcrumb","itemListElement":[{"@type":"ListItem","position":1,"name":"In\u00edcio","item":"https:\/\/verdadeon.com.br\/portal\/"},{"@type":"ListItem","position":2,"name":"Uma morte \u00e9 confirmada no desabamento de obra do SESC"}]},{"@type":"WebSite","@id":"https:\/\/verdadeon.com.br\/portal\/#website","url":"https:\/\/verdadeon.com.br\/portal\/","name":"VerdadeOn","description":"Not\u00edcias di\u00e1rias sobre Franca, Regi\u00e3o, Esporte, Cultura, Cotidiano, Colunas. Cobertura nos principais eventos da cidade \u00e9 aqui - Verdadeon Franca","potentialAction":[{"@type":"SearchAction","target":{"@type":"EntryPoint","urlTemplate":"https:\/\/verdadeon.com.br\/portal\/?s={search_term_string}"},"query-input":{"@type":"PropertyValueSpecification","valueRequired":true,"valueName":"search_term_string"}}],"inLanguage":"pt-BR"},{"@type":"Person","@id":"https:\/\/verdadeon.com.br\/portal\/#\/schema\/person\/8994718f49ee62ba5610471e29ca1f62","name":"Fernando Calixto","image":{"@type":"ImageObject","inLanguage":"pt-BR","@id":"https:\/\/verdadeon.com.br\/portal\/#\/schema\/person\/image\/","url":"https:\/\/secure.gravatar.com\/avatar\/7578910c24966c0316c340f9dbd601e93ee9f9212e1033968b367af9306bd9fb?s=96&d=mm&r=g","contentUrl":"https:\/\/secure.gravatar.com\/avatar\/7578910c24966c0316c340f9dbd601e93ee9f9212e1033968b367af9306bd9fb?s=96&d=mm&r=g","caption":"Fernando Calixto"},"url":"https:\/\/verdadeon.com.br\/portal\/author\/fernando-calixto\/"}]}},"jetpack_publicize_connections":[],"jetpack_featured_media_url":"https:\/\/i0.wp.com\/verdadeon.com.br\/portal\/wp-content\/uploads\/2021\/03\/WhatsApp-Image-2021-03-19-at-16.07.40.jpeg?fit=1000%2C670&ssl=1","jetpack_sharing_enabled":true,"_links":{"self":[{"href":"https:\/\/verdadeon.com.br\/portal\/wp-json\/wp\/v2\/posts\/15382","targetHints":{"allow":["GET"]}}],"collection":[{"href":"https:\/\/verdadeon.com.br\/portal\/wp-json\/wp\/v2\/posts"}],"about":[{"href":"https:\/\/verdadeon.com.br\/portal\/wp-json\/wp\/v2\/types\/post"}],"author":[{"embeddable":true,"href":"https:\/\/verdadeon.com.br\/portal\/wp-json\/wp\/v2\/users\/4"}],"replies":[{"embeddable":true,"href":"https:\/\/verdadeon.com.br\/portal\/wp-json\/wp\/v2\/comments?post=15382"}],"version-history":[{"count":0,"href":"https:\/\/verdadeon.com.br\/portal\/wp-json\/wp\/v2\/posts\/15382\/revisions"}],"wp:featuredmedia":[{"embeddable":true,"href":"https:\/\/verdadeon.com.br\/portal\/wp-json\/wp\/v2\/media\/15383"}],"wp:attachment":[{"href":"https:\/\/verdadeon.com.br\/portal\/wp-json\/wp\/v2\/media?parent=15382"}],"wp:term":[{"taxonomy":"category","embeddable":true,"href":"https:\/\/verdadeon.com.br\/portal\/wp-json\/wp\/v2\/categories?post=15382"},{"taxonomy":"post_tag","embeddable":true,"href":"https:\/\/verdadeon.com.br\/portal\/wp-json\/wp\/v2\/tags?post=15382"}],"curies":[{"name":"wp","href":"https:\/\/api.w.org\/{rel}","templated":true}]}}