{"id":15373,"date":"2021-03-19T15:44:19","date_gmt":"2021-03-19T18:44:19","guid":{"rendered":"https:\/\/verdadeon.com.br\/portal\/?p=15373"},"modified":"2021-03-19T15:44:19","modified_gmt":"2021-03-19T18:44:19","slug":"quartas-da-liga-dos-campeoes-tera-bayern-e-psg-rivais-na-ultima-final","status":"publish","type":"post","link":"https:\/\/verdadeon.com.br\/portal\/2021\/03\/19\/quartas-da-liga-dos-campeoes-tera-bayern-e-psg-rivais-na-ultima-final\/","title":{"rendered":"Quartas da Liga dos Campe\u00f5es ter\u00e1 Bayern e PSG, rivais na \u00faltima final"},"content":{"rendered":"<div class=\"col-lg-12 mb-3\">\n<div class=\"row\">\n<h3 class=\"col-10 offset-1 animated fadeInDown dealy-900 display-8 display-md-8 alt-font font-italic my-1 text-center\">Com 13 t\u00edtulos, Real Madrid encara Liverpool, com seis ta\u00e7as<\/h3>\n<\/div>\n<\/div>\n<div class=\"col-xl-7 offset-xl-1 col-lg-8 offset-lg-0 col-md-10 offset-md-1 mb-3\">\n<div class=\"post-item alt-font\">\n<div class=\"post-item-wrap\">\n<p>Atual campe\u00e3o da Liga dos Campe\u00f5es, o Bayern de Munique enfrentar\u00e1 o Paris Saint-Germain, time que derrotou na final da competi\u00e7\u00e3o do ano passado, nas quartas de final desta temporada, como determinou o sorteio desta sexta-feira (19).<img data-recalc-dims=\"1\" decoding=\"async\" src=\"https:\/\/i0.wp.com\/agenciabrasil.ebc.com.br\/ebc.png?w=1220&#038;ssl=1\" \/><img data-recalc-dims=\"1\" decoding=\"async\" src=\"https:\/\/i0.wp.com\/agenciabrasil.ebc.com.br\/ebc.gif?w=1220&#038;ssl=1\" \/><\/p>\n<p>Na outra partida digna de nota, o 13 vezes campe\u00e3o Real Madrid confrontar\u00e1 o Liverpool, vencedor de seis t\u00edtulos \u2013 uma repeti\u00e7\u00e3o da final de 2018 vencida pelo clube espanhol.<\/p>\n<p>O Manchester City, l\u00edder isolado da liga inglesa que busca seu primeiro t\u00edtulo na Liga dos Campe\u00f5es, se bater\u00e1 com o Borussia Dortmund, e o vencedor se encontrar\u00e1 com o Bayern ou o PSG nas semifinais.<\/p>\n<div class=\"dnd-widget-wrapper context-cheio_8colunas type-image\">\n<div class=\"dnd-atom-rendered\">\n<div class=\"shadow overflow-hidden rounded-lg d-block zoom-on-hover-sm shadow-hover w-100\"><img data-recalc-dims=\"1\" decoding=\"async\" class=\"flex-fill img-cover\" title=\"UEFA\/Direitos reservados\" src=\"https:\/\/i0.wp.com\/imagens.ebc.com.br\/pms6_cByulN2cJClk2OLBFRfNSs%3D\/754x0\/smart\/https%3A\/\/agenciabrasil.ebc.com.br\/sites\/default\/files\/thumbnails\/image\/quartas_de_final_liga_dos_campeoes_sorteio.jpg?w=1220&#038;ssl=1\" alt=\"Champions League - Quarter Final &amp; Semi Final Draw\" \/><\/div>\n<\/div>\n<div class=\"dnd-caption-wrapper\">\n<h6 class=\"meta\"><strong>UEFA\/Direitos reservados<\/strong><\/h6>\n<\/div>\n<\/div>\n<p>Tamb\u00e9m existe a possibilidade de uma semifinal inglesa, j\u00e1 que o Chelsea foi sorteado contra o Porto e o time que avan\u00e7ar se ver\u00e1 diante do Real Madrid ou do Liverpool.<\/p>\n<p>Os donos cataris do PSG investem fortunas para tentar conquistar a Liga dos Campe\u00f5es, e chegaram tentadoramente perto na \u00faltima temporada, quando o time disputou a final, mas foi frustrado pelo \u00fanico gol de Kingsley Coman, do Bayern, em Lisboa.<\/p>\n<p>Desde ent\u00e3o, o t\u00e9cnico Thomas Tuchel foi substitu\u00eddo por Mauricio Pochettino, que levou o Tottenham Hotspur \u00e0 decis\u00e3o da Liga dos Campe\u00f5es de 2019 e foi derrotado pelo Liverpool.<\/p>\n<p>O Liverpool perdeu a chance de manter o t\u00edtulo ingl\u00eas h\u00e1 muito tempo, mas se algo pode animar o clube de Anfield \u00e9 uma disputa com o Real Madrid na Liga dos Campe\u00f5es.<\/p>\n<\/div>\n<\/div>\n<\/div>\n","protected":false},"excerpt":{"rendered":"<p>Com 13 t\u00edtulos, Real Madrid encara Liverpool, com seis ta\u00e7as Atual campe\u00e3o da Liga dos Campe\u00f5es, o Bayern de Munique enfrentar\u00e1 o Paris Saint-Germain, time que<span class=\"excerpt-hellip\"> [\u2026]<\/span><\/p>\n","protected":false},"author":4,"featured_media":15374,"comment_status":"open","ping_status":"open","sticky":false,"template":"","format":"standard","meta":{"_jetpack_memberships_contains_paid_content":false,"footnotes":"","jetpack_publicize_message":"","jetpack_publicize_feature_enabled":true,"jetpack_social_post_already_shared":false,"jetpack_social_options":{"image_generator_settings":{"template":"highway","default_image_id":0,"enabled":false},"version":2}},"categories":[29,44],"tags":[],"class_list":["post-15373","post","type-post","status-publish","format-standard","has-post-thumbnail","hentry","category-esportes","category-noticias"],"yoast_head":"<!-- This site is optimized with the Yoast SEO plugin v25.6 - https:\/\/yoast.com\/wordpress\/plugins\/seo\/ -->\n<title>Quartas da Liga dos Campe\u00f5es ter\u00e1 Bayern e PSG, rivais na \u00faltima final - VerdadeOn<\/title>\n<meta name=\"robots\" content=\"index, follow, max-snippet:-1, max-image-preview:large, max-video-preview:-1\" \/>\n<link rel=\"canonical\" href=\"https:\/\/verdadeon.com.br\/portal\/2021\/03\/19\/quartas-da-liga-dos-campeoes-tera-bayern-e-psg-rivais-na-ultima-final\/\" \/>\n<meta property=\"og:locale\" content=\"pt_BR\" \/>\n<meta property=\"og:type\" content=\"article\" \/>\n<meta property=\"og:title\" content=\"Quartas da Liga dos Campe\u00f5es ter\u00e1 Bayern e PSG, rivais na \u00faltima final - VerdadeOn\" \/>\n<meta property=\"og:description\" content=\"Com 13 t\u00edtulos, Real Madrid encara Liverpool, com seis ta\u00e7as Atual campe\u00e3o da Liga dos Campe\u00f5es, o Bayern de Munique enfrentar\u00e1 o Paris Saint-Germain, time que [\u2026]\" \/>\n<meta property=\"og:url\" content=\"https:\/\/verdadeon.com.br\/portal\/2021\/03\/19\/quartas-da-liga-dos-campeoes-tera-bayern-e-psg-rivais-na-ultima-final\/\" \/>\n<meta property=\"og:site_name\" content=\"VerdadeOn\" \/>\n<meta property=\"article:published_time\" content=\"2021-03-19T18:44:19+00:00\" \/>\n<meta property=\"og:image\" content=\"https:\/\/verdadeon.com.br\/portal\/wp-content\/uploads\/2021\/03\/2021-03-19t105956z_450528863_rc2aem9zv5n5_rtrmadp_3_soccer-champions-draw.jpg\" \/>\n\t<meta property=\"og:image:width\" content=\"1000\" \/>\n\t<meta property=\"og:image:height\" content=\"670\" \/>\n\t<meta property=\"og:image:type\" content=\"image\/jpeg\" \/>\n<meta name=\"author\" content=\"Fernando Calixto\" \/>\n<meta name=\"twitter:card\" content=\"summary_large_image\" \/>\n<meta name=\"twitter:label1\" content=\"Escrito por\" \/>\n\t<meta name=\"twitter:data1\" content=\"Fernando Calixto\" \/>\n\t<meta name=\"twitter:label2\" content=\"Est. tempo de leitura\" \/>\n\t<meta name=\"twitter:data2\" content=\"2 minutos\" \/>\n<script type=\"application\/ld+json\" class=\"yoast-schema-graph\">{\"@context\":\"https:\/\/schema.org\",\"@graph\":[{\"@type\":\"WebPage\",\"@id\":\"https:\/\/verdadeon.com.br\/portal\/2021\/03\/19\/quartas-da-liga-dos-campeoes-tera-bayern-e-psg-rivais-na-ultima-final\/\",\"url\":\"https:\/\/verdadeon.com.br\/portal\/2021\/03\/19\/quartas-da-liga-dos-campeoes-tera-bayern-e-psg-rivais-na-ultima-final\/\",\"name\":\"Quartas da Liga dos Campe\u00f5es ter\u00e1 Bayern e PSG, rivais na \u00faltima final - VerdadeOn\",\"isPartOf\":{\"@id\":\"https:\/\/verdadeon.com.br\/portal\/#website\"},\"primaryImageOfPage\":{\"@id\":\"https:\/\/verdadeon.com.br\/portal\/2021\/03\/19\/quartas-da-liga-dos-campeoes-tera-bayern-e-psg-rivais-na-ultima-final\/#primaryimage\"},\"image\":{\"@id\":\"https:\/\/verdadeon.com.br\/portal\/2021\/03\/19\/quartas-da-liga-dos-campeoes-tera-bayern-e-psg-rivais-na-ultima-final\/#primaryimage\"},\"thumbnailUrl\":\"https:\/\/i0.wp.com\/verdadeon.com.br\/portal\/wp-content\/uploads\/2021\/03\/2021-03-19t105956z_450528863_rc2aem9zv5n5_rtrmadp_3_soccer-champions-draw.jpg?fit=1000%2C670&ssl=1\",\"datePublished\":\"2021-03-19T18:44:19+00:00\",\"author\":{\"@id\":\"https:\/\/verdadeon.com.br\/portal\/#\/schema\/person\/8994718f49ee62ba5610471e29ca1f62\"},\"breadcrumb\":{\"@id\":\"https:\/\/verdadeon.com.br\/portal\/2021\/03\/19\/quartas-da-liga-dos-campeoes-tera-bayern-e-psg-rivais-na-ultima-final\/#breadcrumb\"},\"inLanguage\":\"pt-BR\",\"potentialAction\":[{\"@type\":\"ReadAction\",\"target\":[\"https:\/\/verdadeon.com.br\/portal\/2021\/03\/19\/quartas-da-liga-dos-campeoes-tera-bayern-e-psg-rivais-na-ultima-final\/\"]}]},{\"@type\":\"ImageObject\",\"inLanguage\":\"pt-BR\",\"@id\":\"https:\/\/verdadeon.com.br\/portal\/2021\/03\/19\/quartas-da-liga-dos-campeoes-tera-bayern-e-psg-rivais-na-ultima-final\/#primaryimage\",\"url\":\"https:\/\/i0.wp.com\/verdadeon.com.br\/portal\/wp-content\/uploads\/2021\/03\/2021-03-19t105956z_450528863_rc2aem9zv5n5_rtrmadp_3_soccer-champions-draw.jpg?fit=1000%2C670&ssl=1\",\"contentUrl\":\"https:\/\/i0.wp.com\/verdadeon.com.br\/portal\/wp-content\/uploads\/2021\/03\/2021-03-19t105956z_450528863_rc2aem9zv5n5_rtrmadp_3_soccer-champions-draw.jpg?fit=1000%2C670&ssl=1\",\"width\":1000,\"height\":670,\"caption\":\"Soccer Football - Champions League - Quarter Final &amp; Semi Final Draw - Nyon, Switzerland - March 19, 2021 General view of the trophy ahead of the draw UEFA\/Handout via REUTERS ATTENTION EDITORS - THIS IMAGE HAS BEEN SUPPLIED BY A THIRD PARTY. NO RESALES. NO ARCHIVES\"},{\"@type\":\"BreadcrumbList\",\"@id\":\"https:\/\/verdadeon.com.br\/portal\/2021\/03\/19\/quartas-da-liga-dos-campeoes-tera-bayern-e-psg-rivais-na-ultima-final\/#breadcrumb\",\"itemListElement\":[{\"@type\":\"ListItem\",\"position\":1,\"name\":\"In\u00edcio\",\"item\":\"https:\/\/verdadeon.com.br\/portal\/\"},{\"@type\":\"ListItem\",\"position\":2,\"name\":\"Quartas da Liga dos Campe\u00f5es ter\u00e1 Bayern e PSG, rivais na \u00faltima final\"}]},{\"@type\":\"WebSite\",\"@id\":\"https:\/\/verdadeon.com.br\/portal\/#website\",\"url\":\"https:\/\/verdadeon.com.br\/portal\/\",\"name\":\"VerdadeOn\",\"description\":\"Not\u00edcias di\u00e1rias sobre Franca, Regi\u00e3o, Esporte, Cultura, Cotidiano, Colunas. Cobertura nos principais eventos da cidade \u00e9 aqui - Verdadeon Franca\",\"potentialAction\":[{\"@type\":\"SearchAction\",\"target\":{\"@type\":\"EntryPoint\",\"urlTemplate\":\"https:\/\/verdadeon.com.br\/portal\/?s={search_term_string}\"},\"query-input\":{\"@type\":\"PropertyValueSpecification\",\"valueRequired\":true,\"valueName\":\"search_term_string\"}}],\"inLanguage\":\"pt-BR\"},{\"@type\":\"Person\",\"@id\":\"https:\/\/verdadeon.com.br\/portal\/#\/schema\/person\/8994718f49ee62ba5610471e29ca1f62\",\"name\":\"Fernando Calixto\",\"image\":{\"@type\":\"ImageObject\",\"inLanguage\":\"pt-BR\",\"@id\":\"https:\/\/verdadeon.com.br\/portal\/#\/schema\/person\/image\/\",\"url\":\"https:\/\/secure.gravatar.com\/avatar\/7578910c24966c0316c340f9dbd601e93ee9f9212e1033968b367af9306bd9fb?s=96&d=mm&r=g\",\"contentUrl\":\"https:\/\/secure.gravatar.com\/avatar\/7578910c24966c0316c340f9dbd601e93ee9f9212e1033968b367af9306bd9fb?s=96&d=mm&r=g\",\"caption\":\"Fernando Calixto\"},\"url\":\"https:\/\/verdadeon.com.br\/portal\/author\/fernando-calixto\/\"}]}<\/script>\n<!-- \/ Yoast SEO plugin. -->","yoast_head_json":{"title":"Quartas da Liga dos Campe\u00f5es ter\u00e1 Bayern e PSG, rivais na \u00faltima final - VerdadeOn","robots":{"index":"index","follow":"follow","max-snippet":"max-snippet:-1","max-image-preview":"max-image-preview:large","max-video-preview":"max-video-preview:-1"},"canonical":"https:\/\/verdadeon.com.br\/portal\/2021\/03\/19\/quartas-da-liga-dos-campeoes-tera-bayern-e-psg-rivais-na-ultima-final\/","og_locale":"pt_BR","og_type":"article","og_title":"Quartas da Liga dos Campe\u00f5es ter\u00e1 Bayern e PSG, rivais na \u00faltima final - VerdadeOn","og_description":"Com 13 t\u00edtulos, Real Madrid encara Liverpool, com seis ta\u00e7as Atual campe\u00e3o da Liga dos Campe\u00f5es, o Bayern de Munique enfrentar\u00e1 o Paris Saint-Germain, time que [\u2026]","og_url":"https:\/\/verdadeon.com.br\/portal\/2021\/03\/19\/quartas-da-liga-dos-campeoes-tera-bayern-e-psg-rivais-na-ultima-final\/","og_site_name":"VerdadeOn","article_published_time":"2021-03-19T18:44:19+00:00","og_image":[{"width":1000,"height":670,"url":"https:\/\/verdadeon.com.br\/portal\/wp-content\/uploads\/2021\/03\/2021-03-19t105956z_450528863_rc2aem9zv5n5_rtrmadp_3_soccer-champions-draw.jpg","type":"image\/jpeg"}],"author":"Fernando Calixto","twitter_card":"summary_large_image","twitter_misc":{"Escrito por":"Fernando Calixto","Est. tempo de leitura":"2 minutos"},"schema":{"@context":"https:\/\/schema.org","@graph":[{"@type":"WebPage","@id":"https:\/\/verdadeon.com.br\/portal\/2021\/03\/19\/quartas-da-liga-dos-campeoes-tera-bayern-e-psg-rivais-na-ultima-final\/","url":"https:\/\/verdadeon.com.br\/portal\/2021\/03\/19\/quartas-da-liga-dos-campeoes-tera-bayern-e-psg-rivais-na-ultima-final\/","name":"Quartas da Liga dos Campe\u00f5es ter\u00e1 Bayern e PSG, rivais na \u00faltima final - VerdadeOn","isPartOf":{"@id":"https:\/\/verdadeon.com.br\/portal\/#website"},"primaryImageOfPage":{"@id":"https:\/\/verdadeon.com.br\/portal\/2021\/03\/19\/quartas-da-liga-dos-campeoes-tera-bayern-e-psg-rivais-na-ultima-final\/#primaryimage"},"image":{"@id":"https:\/\/verdadeon.com.br\/portal\/2021\/03\/19\/quartas-da-liga-dos-campeoes-tera-bayern-e-psg-rivais-na-ultima-final\/#primaryimage"},"thumbnailUrl":"https:\/\/i0.wp.com\/verdadeon.com.br\/portal\/wp-content\/uploads\/2021\/03\/2021-03-19t105956z_450528863_rc2aem9zv5n5_rtrmadp_3_soccer-champions-draw.jpg?fit=1000%2C670&ssl=1","datePublished":"2021-03-19T18:44:19+00:00","author":{"@id":"https:\/\/verdadeon.com.br\/portal\/#\/schema\/person\/8994718f49ee62ba5610471e29ca1f62"},"breadcrumb":{"@id":"https:\/\/verdadeon.com.br\/portal\/2021\/03\/19\/quartas-da-liga-dos-campeoes-tera-bayern-e-psg-rivais-na-ultima-final\/#breadcrumb"},"inLanguage":"pt-BR","potentialAction":[{"@type":"ReadAction","target":["https:\/\/verdadeon.com.br\/portal\/2021\/03\/19\/quartas-da-liga-dos-campeoes-tera-bayern-e-psg-rivais-na-ultima-final\/"]}]},{"@type":"ImageObject","inLanguage":"pt-BR","@id":"https:\/\/verdadeon.com.br\/portal\/2021\/03\/19\/quartas-da-liga-dos-campeoes-tera-bayern-e-psg-rivais-na-ultima-final\/#primaryimage","url":"https:\/\/i0.wp.com\/verdadeon.com.br\/portal\/wp-content\/uploads\/2021\/03\/2021-03-19t105956z_450528863_rc2aem9zv5n5_rtrmadp_3_soccer-champions-draw.jpg?fit=1000%2C670&ssl=1","contentUrl":"https:\/\/i0.wp.com\/verdadeon.com.br\/portal\/wp-content\/uploads\/2021\/03\/2021-03-19t105956z_450528863_rc2aem9zv5n5_rtrmadp_3_soccer-champions-draw.jpg?fit=1000%2C670&ssl=1","width":1000,"height":670,"caption":"Soccer Football - Champions League - Quarter Final &amp; Semi Final Draw - Nyon, Switzerland - March 19, 2021 General view of the trophy ahead of the draw UEFA\/Handout via REUTERS ATTENTION EDITORS - THIS IMAGE HAS BEEN SUPPLIED BY A THIRD PARTY. NO RESALES. NO ARCHIVES"},{"@type":"BreadcrumbList","@id":"https:\/\/verdadeon.com.br\/portal\/2021\/03\/19\/quartas-da-liga-dos-campeoes-tera-bayern-e-psg-rivais-na-ultima-final\/#breadcrumb","itemListElement":[{"@type":"ListItem","position":1,"name":"In\u00edcio","item":"https:\/\/verdadeon.com.br\/portal\/"},{"@type":"ListItem","position":2,"name":"Quartas da Liga dos Campe\u00f5es ter\u00e1 Bayern e PSG, rivais na \u00faltima final"}]},{"@type":"WebSite","@id":"https:\/\/verdadeon.com.br\/portal\/#website","url":"https:\/\/verdadeon.com.br\/portal\/","name":"VerdadeOn","description":"Not\u00edcias di\u00e1rias sobre Franca, Regi\u00e3o, Esporte, Cultura, Cotidiano, Colunas. Cobertura nos principais eventos da cidade \u00e9 aqui - Verdadeon Franca","potentialAction":[{"@type":"SearchAction","target":{"@type":"EntryPoint","urlTemplate":"https:\/\/verdadeon.com.br\/portal\/?s={search_term_string}"},"query-input":{"@type":"PropertyValueSpecification","valueRequired":true,"valueName":"search_term_string"}}],"inLanguage":"pt-BR"},{"@type":"Person","@id":"https:\/\/verdadeon.com.br\/portal\/#\/schema\/person\/8994718f49ee62ba5610471e29ca1f62","name":"Fernando Calixto","image":{"@type":"ImageObject","inLanguage":"pt-BR","@id":"https:\/\/verdadeon.com.br\/portal\/#\/schema\/person\/image\/","url":"https:\/\/secure.gravatar.com\/avatar\/7578910c24966c0316c340f9dbd601e93ee9f9212e1033968b367af9306bd9fb?s=96&d=mm&r=g","contentUrl":"https:\/\/secure.gravatar.com\/avatar\/7578910c24966c0316c340f9dbd601e93ee9f9212e1033968b367af9306bd9fb?s=96&d=mm&r=g","caption":"Fernando Calixto"},"url":"https:\/\/verdadeon.com.br\/portal\/author\/fernando-calixto\/"}]}},"jetpack_publicize_connections":[],"jetpack_featured_media_url":"https:\/\/i0.wp.com\/verdadeon.com.br\/portal\/wp-content\/uploads\/2021\/03\/2021-03-19t105956z_450528863_rc2aem9zv5n5_rtrmadp_3_soccer-champions-draw.jpg?fit=1000%2C670&ssl=1","jetpack_sharing_enabled":true,"_links":{"self":[{"href":"https:\/\/verdadeon.com.br\/portal\/wp-json\/wp\/v2\/posts\/15373","targetHints":{"allow":["GET"]}}],"collection":[{"href":"https:\/\/verdadeon.com.br\/portal\/wp-json\/wp\/v2\/posts"}],"about":[{"href":"https:\/\/verdadeon.com.br\/portal\/wp-json\/wp\/v2\/types\/post"}],"author":[{"embeddable":true,"href":"https:\/\/verdadeon.com.br\/portal\/wp-json\/wp\/v2\/users\/4"}],"replies":[{"embeddable":true,"href":"https:\/\/verdadeon.com.br\/portal\/wp-json\/wp\/v2\/comments?post=15373"}],"version-history":[{"count":0,"href":"https:\/\/verdadeon.com.br\/portal\/wp-json\/wp\/v2\/posts\/15373\/revisions"}],"wp:featuredmedia":[{"embeddable":true,"href":"https:\/\/verdadeon.com.br\/portal\/wp-json\/wp\/v2\/media\/15374"}],"wp:attachment":[{"href":"https:\/\/verdadeon.com.br\/portal\/wp-json\/wp\/v2\/media?parent=15373"}],"wp:term":[{"taxonomy":"category","embeddable":true,"href":"https:\/\/verdadeon.com.br\/portal\/wp-json\/wp\/v2\/categories?post=15373"},{"taxonomy":"post_tag","embeddable":true,"href":"https:\/\/verdadeon.com.br\/portal\/wp-json\/wp\/v2\/tags?post=15373"}],"curies":[{"name":"wp","href":"https:\/\/api.w.org\/{rel}","templated":true}]}}