{"id":15323,"date":"2021-03-17T17:29:02","date_gmt":"2021-03-17T20:29:02","guid":{"rendered":"https:\/\/verdadeon.com.br\/portal\/?p=15323"},"modified":"2021-03-17T17:29:02","modified_gmt":"2021-03-17T20:29:02","slug":"salao-paulista-de-arte-naif-esta-com-inscricoes-abertas-ate-02-de-abril","status":"publish","type":"post","link":"https:\/\/verdadeon.com.br\/portal\/2021\/03\/17\/salao-paulista-de-arte-naif-esta-com-inscricoes-abertas-ate-02-de-abril\/","title":{"rendered":"\u2018Sal\u00e3o Paulista de Arte Na\u00eff\u2019 est\u00e1 com inscri\u00e7\u00f5es abertas at\u00e9 02 de abril"},"content":{"rendered":"<h2>Primeira edi\u00e7\u00e3o do evento homenageia o artista Jos\u00e9 Antonio da Silva, um dos \u00edcones da hist\u00f3ria da arte na\u00eff brasileira; podem participar, gratuitamente, artistas de todo o Estado de S\u00e3o Paulo<\/h2>\n<p>&nbsp;<\/p>\n<p>O \u201cSal\u00e3o Paulista de Arte Na\u00eff\u201d est\u00e1 com inscri\u00e7\u00f5es abertas at\u00e9 o dia 02 de abril. A primeira edi\u00e7\u00e3o do evento &#8211; realizado pela Totem, Barth\u00f4 Na\u00eff e Cia Arte Cultura &#8211; homenageia o grande artista Jos\u00e9 Antonio da Silva e ser\u00e1 promovida em duas etapas: de 26 de junho a 29 de agosto, no MAS (Museu de Arte Sacra de S\u00e3o Paulo), e de 22 de novembro a 08 de janeiro, no Museu Municipal \u201cDr. Jo\u00e3o Baptista Gomes Ferraz\u201d, na cidade de Socorro. S\u00e3o 60 vagas, gratuitas, e podem participar artistas de todo o Estado de S\u00e3o Paulo. O formul\u00e1rio on-line est\u00e1 no site http:\/\/www.spartenaif.com.br\/.<br \/>\nCom realiza\u00e7\u00e3o do Governo do Estado de S\u00e3o Paulo, por meio da Secretaria de Cultura e Economia Criativa e do ProAC (Programa de A\u00e7\u00e3o Cultural), o \u201cSal\u00e3o Paulista de Arte Na\u00eff\u201d nasce pelas m\u00e3os da Totem, Barth\u00f4 Na\u00eff e Cia Arte Cultura com a proposta de fomentar a arte na\u00eff paulista, por meio de um espa\u00e7o de valoriza\u00e7\u00e3o, difus\u00e3o e circula\u00e7\u00e3o das obras e dos artistas desta est\u00e9tica, a maioria autodidatas.<br \/>\n\u201cCora\u00e7\u00e3o, alma, sofistica\u00e7\u00e3o e intensidade no uso de cores vibrantes s\u00e3o a mat\u00e9ria-prima da arte na\u00eff, que ser\u00e1 representada nesta que, pretende ser, a maior exposi\u00e7\u00e3o dos artistas paulistas dessa est\u00e9tica dos \u00faltimos tempos. Todos sa\u0303o convidados a apresentar seu olhar pr\u00f3prio, a diversidade de suas produ\u00e7\u00f5es, fruto da multiplicidade de influ\u00eancias culturais e de sua hist\u00f3ria\u201d, diz Marinilda Boulay, uma das curadoras do evento ao lado de Od\u00e9cio Visintin Rossafa Garcia e Paco de Assis.<br \/>\nNesta primeira edi\u00e7\u00e3o, o \u201cSal\u00e3o Paulista de Arte Na\u00eff\u201d presta homenagem ao genial artista Jos\u00e9 Antonio da Silva, considerado um dos \u00edcones da hist\u00f3ria da arte na\u00eff brasileira. Entre outras obras ser\u00e1 apresentada uma de suas Vias Sacras, a qual pertence ao acervo do MAS. \u201cEla foi produzida entre a d\u00e9cada de 1960 e o in\u00edcio dos anos de 1970, e \u00e9 composta por 16 pinturas, pois al\u00e9m das 15 esta\u00e7\u00f5es, Silva incluiu no conjunto a Ressurrei\u00e7\u00e3o de Jesus\u201d, explica Od\u00e9cio.<br \/>\nEstas obras de Silva v\u00e3o compor a exposi\u00e7\u00e3o juntamente \u00e0s obras dos 60 artistas selecionados e de artistas convidados, entre eles Graciete Ferreira Borges, a \u00faltima esposa do artista.<br \/>\nO projeto contempla v\u00e1rias perspectivas. Ser\u00e3o duas exposi\u00e7\u00f5es, de 26 de junho a 29 de agosto, no MAS, e de 22 de novembro a 08 de janeiro, no Museu Municipal de Socorro; quatro lives de capacita\u00e7\u00e3o, com o objetivo de gerar reflex\u00f5es em torno das obras e colaborar para a forma\u00e7\u00e3o de p\u00fablico para as artes visuais; curta-metragem e publica\u00e7\u00e3o de um livro cat\u00e1logo (500 exemplares).<br \/>\n\u201cA maior relev\u00e2ncia desse projeto e\u0301 justamente que ele propicia um panorama da produc\u0327a\u0303o de est\u00e9tica na\u00eff contempor\u00e2nea no Estado, permitindo que cada criador lance seu olhar sobre a terra paulista de maneira livre e independente, dando vaza\u0303o a\u0300s suas percepc\u0327o\u0303es de mundo, com suas formas e cores peculiares, ajudando a pensar e a erguer um amanh\u00e3, como e\u0301 pr\u00f3prio das produ\u00e7\u00f5es na\u00effs, plenas de otimismo\u201d, ressalta Paco.<br \/>\nPodem participar do \u201cSal\u00e3o Paulista de Arte Na\u00eff\u201d artistas maiores de 18 anos, paulistas ou residentes no Estado de S\u00e3o Paulo h\u00e1 mais de dois anos, com duas obras (uma para cada museu) caracterizadas dentro da est\u00e9tica na\u00eff, que representem a cria\u00e7\u00e3o primitiva, ing\u00eanua, espont\u00e2nea e popular, e finalizadas entre os anos de 2019 a 2021.<br \/>\nAs obras podem ser realizadas em qualquer t\u00e9cnica com tema livre e pesar, no m\u00e1ximo, dois quilos. O edital e o formul\u00e1rio de inscri\u00e7\u00e3o, at\u00e9 o dia 02 de abril, est\u00e3o dispon\u00edveis no site http:\/\/www.spartenaif.com.br\/.<\/p>\n<p>SERVI\u00c7O<br \/>\n\u2018Sal\u00e3o Paulista de Arte Na\u00eff\u2019<br \/>\nInscri\u00e7\u00f5es gratuitas: at\u00e9 02 de abril<br \/>\nData: de 26 de junho a 29 de agosto, no MAS (Museu de Arte Sacra de S\u00e3o Paulo); de 22 de novembro a 08 de janeiro, no Museu Municipal de Socorro<br \/>\nSite: http:\/\/www.spartenaif.com.br\/<br \/>\nInforma\u00e7\u00f5es: spartenaif2021@spartenaif.com.br<\/p>\n","protected":false},"excerpt":{"rendered":"<p>Primeira edi\u00e7\u00e3o do evento homenageia o artista Jos\u00e9 Antonio da Silva, um dos \u00edcones da hist\u00f3ria da arte na\u00eff brasileira; podem participar, gratuitamente, artistas de todo<span class=\"excerpt-hellip\"> [\u2026]<\/span><\/p>\n","protected":false},"author":4,"featured_media":15324,"comment_status":"open","ping_status":"open","sticky":false,"template":"","format":"standard","meta":{"_jetpack_memberships_contains_paid_content":false,"footnotes":"","jetpack_publicize_message":"","jetpack_publicize_feature_enabled":true,"jetpack_social_post_already_shared":false,"jetpack_social_options":{"image_generator_settings":{"template":"highway","default_image_id":0,"enabled":false},"version":2}},"categories":[28,44],"tags":[],"class_list":["post-15323","post","type-post","status-publish","format-standard","has-post-thumbnail","hentry","category-cotidiano","category-noticias"],"yoast_head":"<!-- This site is optimized with the Yoast SEO plugin v25.6 - https:\/\/yoast.com\/wordpress\/plugins\/seo\/ -->\n<title>\u2018Sal\u00e3o Paulista de Arte Na\u00eff\u2019 est\u00e1 com inscri\u00e7\u00f5es abertas at\u00e9 02 de abril - VerdadeOn<\/title>\n<meta name=\"robots\" content=\"index, follow, max-snippet:-1, max-image-preview:large, max-video-preview:-1\" \/>\n<link rel=\"canonical\" href=\"https:\/\/verdadeon.com.br\/portal\/2021\/03\/17\/salao-paulista-de-arte-naif-esta-com-inscricoes-abertas-ate-02-de-abril\/\" \/>\n<meta property=\"og:locale\" content=\"pt_BR\" \/>\n<meta property=\"og:type\" content=\"article\" \/>\n<meta property=\"og:title\" content=\"\u2018Sal\u00e3o Paulista de Arte Na\u00eff\u2019 est\u00e1 com inscri\u00e7\u00f5es abertas at\u00e9 02 de abril - VerdadeOn\" \/>\n<meta property=\"og:description\" content=\"Primeira edi\u00e7\u00e3o do evento homenageia o artista Jos\u00e9 Antonio da Silva, um dos \u00edcones da hist\u00f3ria da arte na\u00eff brasileira; podem participar, gratuitamente, artistas de todo [\u2026]\" \/>\n<meta property=\"og:url\" content=\"https:\/\/verdadeon.com.br\/portal\/2021\/03\/17\/salao-paulista-de-arte-naif-esta-com-inscricoes-abertas-ate-02-de-abril\/\" \/>\n<meta property=\"og:site_name\" content=\"VerdadeOn\" \/>\n<meta property=\"article:published_time\" content=\"2021-03-17T20:29:02+00:00\" \/>\n<meta property=\"og:image\" content=\"https:\/\/verdadeon.com.br\/portal\/wp-content\/uploads\/2021\/03\/unnamed.jpg\" \/>\n\t<meta property=\"og:image:width\" content=\"1000\" \/>\n\t<meta property=\"og:image:height\" content=\"670\" \/>\n\t<meta property=\"og:image:type\" content=\"image\/jpeg\" \/>\n<meta name=\"author\" content=\"Fernando Calixto\" \/>\n<meta name=\"twitter:card\" content=\"summary_large_image\" \/>\n<meta name=\"twitter:label1\" content=\"Escrito por\" \/>\n\t<meta name=\"twitter:data1\" content=\"Fernando Calixto\" \/>\n\t<meta name=\"twitter:label2\" content=\"Est. tempo de leitura\" \/>\n\t<meta name=\"twitter:data2\" content=\"3 minutos\" \/>\n<script type=\"application\/ld+json\" class=\"yoast-schema-graph\">{\"@context\":\"https:\/\/schema.org\",\"@graph\":[{\"@type\":\"WebPage\",\"@id\":\"https:\/\/verdadeon.com.br\/portal\/2021\/03\/17\/salao-paulista-de-arte-naif-esta-com-inscricoes-abertas-ate-02-de-abril\/\",\"url\":\"https:\/\/verdadeon.com.br\/portal\/2021\/03\/17\/salao-paulista-de-arte-naif-esta-com-inscricoes-abertas-ate-02-de-abril\/\",\"name\":\"\u2018Sal\u00e3o Paulista de Arte Na\u00eff\u2019 est\u00e1 com inscri\u00e7\u00f5es abertas at\u00e9 02 de abril - VerdadeOn\",\"isPartOf\":{\"@id\":\"https:\/\/verdadeon.com.br\/portal\/#website\"},\"primaryImageOfPage\":{\"@id\":\"https:\/\/verdadeon.com.br\/portal\/2021\/03\/17\/salao-paulista-de-arte-naif-esta-com-inscricoes-abertas-ate-02-de-abril\/#primaryimage\"},\"image\":{\"@id\":\"https:\/\/verdadeon.com.br\/portal\/2021\/03\/17\/salao-paulista-de-arte-naif-esta-com-inscricoes-abertas-ate-02-de-abril\/#primaryimage\"},\"thumbnailUrl\":\"https:\/\/i0.wp.com\/verdadeon.com.br\/portal\/wp-content\/uploads\/2021\/03\/unnamed.jpg?fit=1000%2C670&ssl=1\",\"datePublished\":\"2021-03-17T20:29:02+00:00\",\"author\":{\"@id\":\"https:\/\/verdadeon.com.br\/portal\/#\/schema\/person\/8994718f49ee62ba5610471e29ca1f62\"},\"breadcrumb\":{\"@id\":\"https:\/\/verdadeon.com.br\/portal\/2021\/03\/17\/salao-paulista-de-arte-naif-esta-com-inscricoes-abertas-ate-02-de-abril\/#breadcrumb\"},\"inLanguage\":\"pt-BR\",\"potentialAction\":[{\"@type\":\"ReadAction\",\"target\":[\"https:\/\/verdadeon.com.br\/portal\/2021\/03\/17\/salao-paulista-de-arte-naif-esta-com-inscricoes-abertas-ate-02-de-abril\/\"]}]},{\"@type\":\"ImageObject\",\"inLanguage\":\"pt-BR\",\"@id\":\"https:\/\/verdadeon.com.br\/portal\/2021\/03\/17\/salao-paulista-de-arte-naif-esta-com-inscricoes-abertas-ate-02-de-abril\/#primaryimage\",\"url\":\"https:\/\/i0.wp.com\/verdadeon.com.br\/portal\/wp-content\/uploads\/2021\/03\/unnamed.jpg?fit=1000%2C670&ssl=1\",\"contentUrl\":\"https:\/\/i0.wp.com\/verdadeon.com.br\/portal\/wp-content\/uploads\/2021\/03\/unnamed.jpg?fit=1000%2C670&ssl=1\",\"width\":1000,\"height\":670,\"caption\":\"Obra \\\"Ressurrei\u00e7\u00e3o de Jesus\\\", da Via Sacra do artista Jos\u00e9 Antonio da Silva, que ser\u00e1 exposta no \\\"Sal\u00e3o Paulista de Arte Na\u00eff\\\". Foto: Iran Monteiro\/Acervo MAS\"},{\"@type\":\"BreadcrumbList\",\"@id\":\"https:\/\/verdadeon.com.br\/portal\/2021\/03\/17\/salao-paulista-de-arte-naif-esta-com-inscricoes-abertas-ate-02-de-abril\/#breadcrumb\",\"itemListElement\":[{\"@type\":\"ListItem\",\"position\":1,\"name\":\"In\u00edcio\",\"item\":\"https:\/\/verdadeon.com.br\/portal\/\"},{\"@type\":\"ListItem\",\"position\":2,\"name\":\"\u2018Sal\u00e3o Paulista de Arte Na\u00eff\u2019 est\u00e1 com inscri\u00e7\u00f5es abertas at\u00e9 02 de abril\"}]},{\"@type\":\"WebSite\",\"@id\":\"https:\/\/verdadeon.com.br\/portal\/#website\",\"url\":\"https:\/\/verdadeon.com.br\/portal\/\",\"name\":\"VerdadeOn\",\"description\":\"Not\u00edcias di\u00e1rias sobre Franca, Regi\u00e3o, Esporte, Cultura, Cotidiano, Colunas. Cobertura nos principais eventos da cidade \u00e9 aqui - Verdadeon Franca\",\"potentialAction\":[{\"@type\":\"SearchAction\",\"target\":{\"@type\":\"EntryPoint\",\"urlTemplate\":\"https:\/\/verdadeon.com.br\/portal\/?s={search_term_string}\"},\"query-input\":{\"@type\":\"PropertyValueSpecification\",\"valueRequired\":true,\"valueName\":\"search_term_string\"}}],\"inLanguage\":\"pt-BR\"},{\"@type\":\"Person\",\"@id\":\"https:\/\/verdadeon.com.br\/portal\/#\/schema\/person\/8994718f49ee62ba5610471e29ca1f62\",\"name\":\"Fernando Calixto\",\"image\":{\"@type\":\"ImageObject\",\"inLanguage\":\"pt-BR\",\"@id\":\"https:\/\/verdadeon.com.br\/portal\/#\/schema\/person\/image\/\",\"url\":\"https:\/\/secure.gravatar.com\/avatar\/7578910c24966c0316c340f9dbd601e93ee9f9212e1033968b367af9306bd9fb?s=96&d=mm&r=g\",\"contentUrl\":\"https:\/\/secure.gravatar.com\/avatar\/7578910c24966c0316c340f9dbd601e93ee9f9212e1033968b367af9306bd9fb?s=96&d=mm&r=g\",\"caption\":\"Fernando Calixto\"},\"url\":\"https:\/\/verdadeon.com.br\/portal\/author\/fernando-calixto\/\"}]}<\/script>\n<!-- \/ Yoast SEO plugin. -->","yoast_head_json":{"title":"\u2018Sal\u00e3o Paulista de Arte Na\u00eff\u2019 est\u00e1 com inscri\u00e7\u00f5es abertas at\u00e9 02 de abril - VerdadeOn","robots":{"index":"index","follow":"follow","max-snippet":"max-snippet:-1","max-image-preview":"max-image-preview:large","max-video-preview":"max-video-preview:-1"},"canonical":"https:\/\/verdadeon.com.br\/portal\/2021\/03\/17\/salao-paulista-de-arte-naif-esta-com-inscricoes-abertas-ate-02-de-abril\/","og_locale":"pt_BR","og_type":"article","og_title":"\u2018Sal\u00e3o Paulista de Arte Na\u00eff\u2019 est\u00e1 com inscri\u00e7\u00f5es abertas at\u00e9 02 de abril - VerdadeOn","og_description":"Primeira edi\u00e7\u00e3o do evento homenageia o artista Jos\u00e9 Antonio da Silva, um dos \u00edcones da hist\u00f3ria da arte na\u00eff brasileira; podem participar, gratuitamente, artistas de todo [\u2026]","og_url":"https:\/\/verdadeon.com.br\/portal\/2021\/03\/17\/salao-paulista-de-arte-naif-esta-com-inscricoes-abertas-ate-02-de-abril\/","og_site_name":"VerdadeOn","article_published_time":"2021-03-17T20:29:02+00:00","og_image":[{"width":1000,"height":670,"url":"https:\/\/verdadeon.com.br\/portal\/wp-content\/uploads\/2021\/03\/unnamed.jpg","type":"image\/jpeg"}],"author":"Fernando Calixto","twitter_card":"summary_large_image","twitter_misc":{"Escrito por":"Fernando Calixto","Est. tempo de leitura":"3 minutos"},"schema":{"@context":"https:\/\/schema.org","@graph":[{"@type":"WebPage","@id":"https:\/\/verdadeon.com.br\/portal\/2021\/03\/17\/salao-paulista-de-arte-naif-esta-com-inscricoes-abertas-ate-02-de-abril\/","url":"https:\/\/verdadeon.com.br\/portal\/2021\/03\/17\/salao-paulista-de-arte-naif-esta-com-inscricoes-abertas-ate-02-de-abril\/","name":"\u2018Sal\u00e3o Paulista de Arte Na\u00eff\u2019 est\u00e1 com inscri\u00e7\u00f5es abertas at\u00e9 02 de abril - VerdadeOn","isPartOf":{"@id":"https:\/\/verdadeon.com.br\/portal\/#website"},"primaryImageOfPage":{"@id":"https:\/\/verdadeon.com.br\/portal\/2021\/03\/17\/salao-paulista-de-arte-naif-esta-com-inscricoes-abertas-ate-02-de-abril\/#primaryimage"},"image":{"@id":"https:\/\/verdadeon.com.br\/portal\/2021\/03\/17\/salao-paulista-de-arte-naif-esta-com-inscricoes-abertas-ate-02-de-abril\/#primaryimage"},"thumbnailUrl":"https:\/\/i0.wp.com\/verdadeon.com.br\/portal\/wp-content\/uploads\/2021\/03\/unnamed.jpg?fit=1000%2C670&ssl=1","datePublished":"2021-03-17T20:29:02+00:00","author":{"@id":"https:\/\/verdadeon.com.br\/portal\/#\/schema\/person\/8994718f49ee62ba5610471e29ca1f62"},"breadcrumb":{"@id":"https:\/\/verdadeon.com.br\/portal\/2021\/03\/17\/salao-paulista-de-arte-naif-esta-com-inscricoes-abertas-ate-02-de-abril\/#breadcrumb"},"inLanguage":"pt-BR","potentialAction":[{"@type":"ReadAction","target":["https:\/\/verdadeon.com.br\/portal\/2021\/03\/17\/salao-paulista-de-arte-naif-esta-com-inscricoes-abertas-ate-02-de-abril\/"]}]},{"@type":"ImageObject","inLanguage":"pt-BR","@id":"https:\/\/verdadeon.com.br\/portal\/2021\/03\/17\/salao-paulista-de-arte-naif-esta-com-inscricoes-abertas-ate-02-de-abril\/#primaryimage","url":"https:\/\/i0.wp.com\/verdadeon.com.br\/portal\/wp-content\/uploads\/2021\/03\/unnamed.jpg?fit=1000%2C670&ssl=1","contentUrl":"https:\/\/i0.wp.com\/verdadeon.com.br\/portal\/wp-content\/uploads\/2021\/03\/unnamed.jpg?fit=1000%2C670&ssl=1","width":1000,"height":670,"caption":"Obra \"Ressurrei\u00e7\u00e3o de Jesus\", da Via Sacra do artista Jos\u00e9 Antonio da Silva, que ser\u00e1 exposta no \"Sal\u00e3o Paulista de Arte Na\u00eff\". Foto: Iran Monteiro\/Acervo MAS"},{"@type":"BreadcrumbList","@id":"https:\/\/verdadeon.com.br\/portal\/2021\/03\/17\/salao-paulista-de-arte-naif-esta-com-inscricoes-abertas-ate-02-de-abril\/#breadcrumb","itemListElement":[{"@type":"ListItem","position":1,"name":"In\u00edcio","item":"https:\/\/verdadeon.com.br\/portal\/"},{"@type":"ListItem","position":2,"name":"\u2018Sal\u00e3o Paulista de Arte Na\u00eff\u2019 est\u00e1 com inscri\u00e7\u00f5es abertas at\u00e9 02 de abril"}]},{"@type":"WebSite","@id":"https:\/\/verdadeon.com.br\/portal\/#website","url":"https:\/\/verdadeon.com.br\/portal\/","name":"VerdadeOn","description":"Not\u00edcias di\u00e1rias sobre Franca, Regi\u00e3o, Esporte, Cultura, Cotidiano, Colunas. Cobertura nos principais eventos da cidade \u00e9 aqui - Verdadeon Franca","potentialAction":[{"@type":"SearchAction","target":{"@type":"EntryPoint","urlTemplate":"https:\/\/verdadeon.com.br\/portal\/?s={search_term_string}"},"query-input":{"@type":"PropertyValueSpecification","valueRequired":true,"valueName":"search_term_string"}}],"inLanguage":"pt-BR"},{"@type":"Person","@id":"https:\/\/verdadeon.com.br\/portal\/#\/schema\/person\/8994718f49ee62ba5610471e29ca1f62","name":"Fernando Calixto","image":{"@type":"ImageObject","inLanguage":"pt-BR","@id":"https:\/\/verdadeon.com.br\/portal\/#\/schema\/person\/image\/","url":"https:\/\/secure.gravatar.com\/avatar\/7578910c24966c0316c340f9dbd601e93ee9f9212e1033968b367af9306bd9fb?s=96&d=mm&r=g","contentUrl":"https:\/\/secure.gravatar.com\/avatar\/7578910c24966c0316c340f9dbd601e93ee9f9212e1033968b367af9306bd9fb?s=96&d=mm&r=g","caption":"Fernando Calixto"},"url":"https:\/\/verdadeon.com.br\/portal\/author\/fernando-calixto\/"}]}},"jetpack_publicize_connections":[],"jetpack_featured_media_url":"https:\/\/i0.wp.com\/verdadeon.com.br\/portal\/wp-content\/uploads\/2021\/03\/unnamed.jpg?fit=1000%2C670&ssl=1","jetpack_sharing_enabled":true,"_links":{"self":[{"href":"https:\/\/verdadeon.com.br\/portal\/wp-json\/wp\/v2\/posts\/15323","targetHints":{"allow":["GET"]}}],"collection":[{"href":"https:\/\/verdadeon.com.br\/portal\/wp-json\/wp\/v2\/posts"}],"about":[{"href":"https:\/\/verdadeon.com.br\/portal\/wp-json\/wp\/v2\/types\/post"}],"author":[{"embeddable":true,"href":"https:\/\/verdadeon.com.br\/portal\/wp-json\/wp\/v2\/users\/4"}],"replies":[{"embeddable":true,"href":"https:\/\/verdadeon.com.br\/portal\/wp-json\/wp\/v2\/comments?post=15323"}],"version-history":[{"count":0,"href":"https:\/\/verdadeon.com.br\/portal\/wp-json\/wp\/v2\/posts\/15323\/revisions"}],"wp:featuredmedia":[{"embeddable":true,"href":"https:\/\/verdadeon.com.br\/portal\/wp-json\/wp\/v2\/media\/15324"}],"wp:attachment":[{"href":"https:\/\/verdadeon.com.br\/portal\/wp-json\/wp\/v2\/media?parent=15323"}],"wp:term":[{"taxonomy":"category","embeddable":true,"href":"https:\/\/verdadeon.com.br\/portal\/wp-json\/wp\/v2\/categories?post=15323"},{"taxonomy":"post_tag","embeddable":true,"href":"https:\/\/verdadeon.com.br\/portal\/wp-json\/wp\/v2\/tags?post=15323"}],"curies":[{"name":"wp","href":"https:\/\/api.w.org\/{rel}","templated":true}]}}