{"id":15320,"date":"2021-03-17T16:48:35","date_gmt":"2021-03-17T19:48:35","guid":{"rendered":"https:\/\/verdadeon.com.br\/portal\/?p=15320"},"modified":"2021-03-17T16:48:35","modified_gmt":"2021-03-17T19:48:35","slug":"queiroga-defende-distanciamento-social-para-reduzir-mortes-por-covid-19","status":"publish","type":"post","link":"https:\/\/verdadeon.com.br\/portal\/2021\/03\/17\/queiroga-defende-distanciamento-social-para-reduzir-mortes-por-covid-19\/","title":{"rendered":"Queiroga defende distanciamento social para reduzir mortes por covid-19"},"content":{"rendered":"<h2>Futuro ministro da sa\u00fade participou de entrega das vacinas AstraZeneca no Rio de Janeiro<\/h2>\n<p>O m\u00e9dico Marcelo Queiroga, indicado para assumir o Minist\u00e9rio da Sa\u00fade, disse que sua gest\u00e3o vai trabalhar para conseguir homogeneizar a conduta assistencial no tratamento da covid-19 no pa\u00eds. Ao participar ao lado do ministro Eduardo Pazuello da cerim\u00f4nia de entrega das vacinas Oxford\/AstraZeneca fabricadas em Bio-Manguinhos\/Fiocruz, no Rio de Janeiro, Queiroga defendeu que \u00e9 preciso haver protocolos uniformizados de assist\u00eancia nas unidades de terapia intensiva (UTIs) no Brasil.<br \/>\n\u201cTemos que transferir as expertises dos grandes centros para as unidades de terapia intensiva nas cidades que est\u00e3o mais distantes, nos estados menores, de tal sorte a utilizar recursos de tecnologia de informa\u00e7\u00e3o e comunica\u00e7\u00e3o como a telemedicina para que a gente consiga melhorar os resultados. \u00c9 preciso garantir um atendimento mais r\u00e1pido ao paciente para evitar que a doen\u00e7a progrida\u201d, disse Queiroga.<br \/>\nDe acordo com o sucessor de Eduardo Pazuello, o pa\u00eds vai conseguir reduzir as mortes provocadas pela covid-19 com pol\u00edticas de distanciamento social, que permitam diminuir a circula\u00e7\u00e3o do novo coronav\u00edrus, e com a melhora da capacidade assistencial dos servi\u00e7os hospitalares.<br \/>\nQueiroga voltou a destacar a import\u00e2ncia de a popula\u00e7\u00e3o aderir \u00e0s medidas de enfrentamento ao novo coronav\u00edrus. \u201cN\u00e3o adianta s\u00f3 o governo ficar recomendando o uso de m\u00e1scaras, se as pessoas n\u00e3o s\u00e3o capazes de aderir a esse tipo de medida simples, que n\u00e3o demanda grande esfor\u00e7o. O governo recomenda, por exemplo, redu\u00e7\u00e3o de aglomera\u00e7\u00f5es f\u00fateis e as pessoas ficarem fazendo festas nos finais de semana, contribuindo para a circula\u00e7\u00e3o do v\u00edrus\u201d, afirmou o m\u00e9dico.<br \/>\nFiocruz<br \/>\nA Funda\u00e7\u00e3o Oswaldo Cruz (Fiocruz) entregou hoje ao Programa Nacional de Imuniza\u00e7\u00f5es (PNI) um lote de 500 mil doses da vacina Oxford\/AstraZeneca contra a covid-19, fabricadas em Bio-Manguinhos, no Rio de Janeiro. O lote foi produzido a partir do Ingrediente Farmac\u00eautico Ativo (IFA) importado.<br \/>\nMais 580 mil doses ser\u00e3o disponibilizadas at\u00e9 sexta-feira (19), totalizando um lote com 1,080 milh\u00e3o de doses de vacina produzidas no Brasil.<br \/>\nFonte: Ag\u00eancia Brasil<\/p>\n","protected":false},"excerpt":{"rendered":"<p>Futuro ministro da sa\u00fade participou de entrega das vacinas AstraZeneca no Rio de Janeiro O m\u00e9dico Marcelo Queiroga, indicado para assumir o Minist\u00e9rio da Sa\u00fade, disse<span class=\"excerpt-hellip\"> [\u2026]<\/span><\/p>\n","protected":false},"author":4,"featured_media":15321,"comment_status":"open","ping_status":"open","sticky":false,"template":"","format":"standard","meta":{"_jetpack_memberships_contains_paid_content":false,"footnotes":"","jetpack_publicize_message":"","jetpack_publicize_feature_enabled":true,"jetpack_social_post_already_shared":false,"jetpack_social_options":{"image_generator_settings":{"template":"highway","default_image_id":0,"enabled":false},"version":2}},"categories":[28,44],"tags":[],"class_list":["post-15320","post","type-post","status-publish","format-standard","has-post-thumbnail","hentry","category-cotidiano","category-noticias"],"yoast_head":"<!-- This site is optimized with the Yoast SEO plugin v25.6 - https:\/\/yoast.com\/wordpress\/plugins\/seo\/ -->\n<title>Queiroga defende distanciamento social para reduzir mortes por covid-19 - VerdadeOn<\/title>\n<meta name=\"robots\" content=\"index, follow, max-snippet:-1, max-image-preview:large, max-video-preview:-1\" \/>\n<link rel=\"canonical\" href=\"https:\/\/verdadeon.com.br\/portal\/2021\/03\/17\/queiroga-defende-distanciamento-social-para-reduzir-mortes-por-covid-19\/\" \/>\n<meta property=\"og:locale\" content=\"pt_BR\" \/>\n<meta property=\"og:type\" content=\"article\" \/>\n<meta property=\"og:title\" content=\"Queiroga defende distanciamento social para reduzir mortes por covid-19 - VerdadeOn\" \/>\n<meta property=\"og:description\" content=\"Futuro ministro da sa\u00fade participou de entrega das vacinas AstraZeneca no Rio de Janeiro O m\u00e9dico Marcelo Queiroga, indicado para assumir o Minist\u00e9rio da Sa\u00fade, disse [\u2026]\" \/>\n<meta property=\"og:url\" content=\"https:\/\/verdadeon.com.br\/portal\/2021\/03\/17\/queiroga-defende-distanciamento-social-para-reduzir-mortes-por-covid-19\/\" \/>\n<meta property=\"og:site_name\" content=\"VerdadeOn\" \/>\n<meta property=\"article:published_time\" content=\"2021-03-17T19:48:35+00:00\" \/>\n<meta property=\"og:image\" content=\"https:\/\/verdadeon.com.br\/portal\/wp-content\/uploads\/2021\/03\/WhatsApp-Image-2021-03-17-at-16.44.25.jpeg\" \/>\n\t<meta property=\"og:image:width\" content=\"1000\" \/>\n\t<meta property=\"og:image:height\" content=\"670\" \/>\n\t<meta property=\"og:image:type\" content=\"image\/jpeg\" \/>\n<meta name=\"author\" content=\"Fernando Calixto\" \/>\n<meta name=\"twitter:card\" content=\"summary_large_image\" \/>\n<meta name=\"twitter:label1\" content=\"Escrito por\" \/>\n\t<meta name=\"twitter:data1\" content=\"Fernando Calixto\" \/>\n\t<meta name=\"twitter:label2\" content=\"Est. tempo de leitura\" \/>\n\t<meta name=\"twitter:data2\" content=\"2 minutos\" \/>\n<script type=\"application\/ld+json\" class=\"yoast-schema-graph\">{\"@context\":\"https:\/\/schema.org\",\"@graph\":[{\"@type\":\"WebPage\",\"@id\":\"https:\/\/verdadeon.com.br\/portal\/2021\/03\/17\/queiroga-defende-distanciamento-social-para-reduzir-mortes-por-covid-19\/\",\"url\":\"https:\/\/verdadeon.com.br\/portal\/2021\/03\/17\/queiroga-defende-distanciamento-social-para-reduzir-mortes-por-covid-19\/\",\"name\":\"Queiroga defende distanciamento social para reduzir mortes por covid-19 - VerdadeOn\",\"isPartOf\":{\"@id\":\"https:\/\/verdadeon.com.br\/portal\/#website\"},\"primaryImageOfPage\":{\"@id\":\"https:\/\/verdadeon.com.br\/portal\/2021\/03\/17\/queiroga-defende-distanciamento-social-para-reduzir-mortes-por-covid-19\/#primaryimage\"},\"image\":{\"@id\":\"https:\/\/verdadeon.com.br\/portal\/2021\/03\/17\/queiroga-defende-distanciamento-social-para-reduzir-mortes-por-covid-19\/#primaryimage\"},\"thumbnailUrl\":\"https:\/\/i0.wp.com\/verdadeon.com.br\/portal\/wp-content\/uploads\/2021\/03\/WhatsApp-Image-2021-03-17-at-16.44.25.jpeg?fit=1000%2C670&ssl=1\",\"datePublished\":\"2021-03-17T19:48:35+00:00\",\"author\":{\"@id\":\"https:\/\/verdadeon.com.br\/portal\/#\/schema\/person\/8994718f49ee62ba5610471e29ca1f62\"},\"breadcrumb\":{\"@id\":\"https:\/\/verdadeon.com.br\/portal\/2021\/03\/17\/queiroga-defende-distanciamento-social-para-reduzir-mortes-por-covid-19\/#breadcrumb\"},\"inLanguage\":\"pt-BR\",\"potentialAction\":[{\"@type\":\"ReadAction\",\"target\":[\"https:\/\/verdadeon.com.br\/portal\/2021\/03\/17\/queiroga-defende-distanciamento-social-para-reduzir-mortes-por-covid-19\/\"]}]},{\"@type\":\"ImageObject\",\"inLanguage\":\"pt-BR\",\"@id\":\"https:\/\/verdadeon.com.br\/portal\/2021\/03\/17\/queiroga-defende-distanciamento-social-para-reduzir-mortes-por-covid-19\/#primaryimage\",\"url\":\"https:\/\/i0.wp.com\/verdadeon.com.br\/portal\/wp-content\/uploads\/2021\/03\/WhatsApp-Image-2021-03-17-at-16.44.25.jpeg?fit=1000%2C670&ssl=1\",\"contentUrl\":\"https:\/\/i0.wp.com\/verdadeon.com.br\/portal\/wp-content\/uploads\/2021\/03\/WhatsApp-Image-2021-03-17-at-16.44.25.jpeg?fit=1000%2C670&ssl=1\",\"width\":1000,\"height\":670,\"caption\":\"Ministros afirmaram que a prioridade do Governo Federal \u00e9 a vacina\u00e7\u00e3o em massa para a retomada econ\u00f4mica Foto: Ag\u00eancia Brasil\"},{\"@type\":\"BreadcrumbList\",\"@id\":\"https:\/\/verdadeon.com.br\/portal\/2021\/03\/17\/queiroga-defende-distanciamento-social-para-reduzir-mortes-por-covid-19\/#breadcrumb\",\"itemListElement\":[{\"@type\":\"ListItem\",\"position\":1,\"name\":\"In\u00edcio\",\"item\":\"https:\/\/verdadeon.com.br\/portal\/\"},{\"@type\":\"ListItem\",\"position\":2,\"name\":\"Queiroga defende distanciamento social para reduzir mortes por covid-19\"}]},{\"@type\":\"WebSite\",\"@id\":\"https:\/\/verdadeon.com.br\/portal\/#website\",\"url\":\"https:\/\/verdadeon.com.br\/portal\/\",\"name\":\"VerdadeOn\",\"description\":\"Not\u00edcias di\u00e1rias sobre Franca, Regi\u00e3o, Esporte, Cultura, Cotidiano, Colunas. Cobertura nos principais eventos da cidade \u00e9 aqui - Verdadeon Franca\",\"potentialAction\":[{\"@type\":\"SearchAction\",\"target\":{\"@type\":\"EntryPoint\",\"urlTemplate\":\"https:\/\/verdadeon.com.br\/portal\/?s={search_term_string}\"},\"query-input\":{\"@type\":\"PropertyValueSpecification\",\"valueRequired\":true,\"valueName\":\"search_term_string\"}}],\"inLanguage\":\"pt-BR\"},{\"@type\":\"Person\",\"@id\":\"https:\/\/verdadeon.com.br\/portal\/#\/schema\/person\/8994718f49ee62ba5610471e29ca1f62\",\"name\":\"Fernando Calixto\",\"image\":{\"@type\":\"ImageObject\",\"inLanguage\":\"pt-BR\",\"@id\":\"https:\/\/verdadeon.com.br\/portal\/#\/schema\/person\/image\/\",\"url\":\"https:\/\/secure.gravatar.com\/avatar\/7578910c24966c0316c340f9dbd601e93ee9f9212e1033968b367af9306bd9fb?s=96&d=mm&r=g\",\"contentUrl\":\"https:\/\/secure.gravatar.com\/avatar\/7578910c24966c0316c340f9dbd601e93ee9f9212e1033968b367af9306bd9fb?s=96&d=mm&r=g\",\"caption\":\"Fernando Calixto\"},\"url\":\"https:\/\/verdadeon.com.br\/portal\/author\/fernando-calixto\/\"}]}<\/script>\n<!-- \/ Yoast SEO plugin. -->","yoast_head_json":{"title":"Queiroga defende distanciamento social para reduzir mortes por covid-19 - VerdadeOn","robots":{"index":"index","follow":"follow","max-snippet":"max-snippet:-1","max-image-preview":"max-image-preview:large","max-video-preview":"max-video-preview:-1"},"canonical":"https:\/\/verdadeon.com.br\/portal\/2021\/03\/17\/queiroga-defende-distanciamento-social-para-reduzir-mortes-por-covid-19\/","og_locale":"pt_BR","og_type":"article","og_title":"Queiroga defende distanciamento social para reduzir mortes por covid-19 - VerdadeOn","og_description":"Futuro ministro da sa\u00fade participou de entrega das vacinas AstraZeneca no Rio de Janeiro O m\u00e9dico Marcelo Queiroga, indicado para assumir o Minist\u00e9rio da Sa\u00fade, disse [\u2026]","og_url":"https:\/\/verdadeon.com.br\/portal\/2021\/03\/17\/queiroga-defende-distanciamento-social-para-reduzir-mortes-por-covid-19\/","og_site_name":"VerdadeOn","article_published_time":"2021-03-17T19:48:35+00:00","og_image":[{"width":1000,"height":670,"url":"https:\/\/verdadeon.com.br\/portal\/wp-content\/uploads\/2021\/03\/WhatsApp-Image-2021-03-17-at-16.44.25.jpeg","type":"image\/jpeg"}],"author":"Fernando Calixto","twitter_card":"summary_large_image","twitter_misc":{"Escrito por":"Fernando Calixto","Est. tempo de leitura":"2 minutos"},"schema":{"@context":"https:\/\/schema.org","@graph":[{"@type":"WebPage","@id":"https:\/\/verdadeon.com.br\/portal\/2021\/03\/17\/queiroga-defende-distanciamento-social-para-reduzir-mortes-por-covid-19\/","url":"https:\/\/verdadeon.com.br\/portal\/2021\/03\/17\/queiroga-defende-distanciamento-social-para-reduzir-mortes-por-covid-19\/","name":"Queiroga defende distanciamento social para reduzir mortes por covid-19 - VerdadeOn","isPartOf":{"@id":"https:\/\/verdadeon.com.br\/portal\/#website"},"primaryImageOfPage":{"@id":"https:\/\/verdadeon.com.br\/portal\/2021\/03\/17\/queiroga-defende-distanciamento-social-para-reduzir-mortes-por-covid-19\/#primaryimage"},"image":{"@id":"https:\/\/verdadeon.com.br\/portal\/2021\/03\/17\/queiroga-defende-distanciamento-social-para-reduzir-mortes-por-covid-19\/#primaryimage"},"thumbnailUrl":"https:\/\/i0.wp.com\/verdadeon.com.br\/portal\/wp-content\/uploads\/2021\/03\/WhatsApp-Image-2021-03-17-at-16.44.25.jpeg?fit=1000%2C670&ssl=1","datePublished":"2021-03-17T19:48:35+00:00","author":{"@id":"https:\/\/verdadeon.com.br\/portal\/#\/schema\/person\/8994718f49ee62ba5610471e29ca1f62"},"breadcrumb":{"@id":"https:\/\/verdadeon.com.br\/portal\/2021\/03\/17\/queiroga-defende-distanciamento-social-para-reduzir-mortes-por-covid-19\/#breadcrumb"},"inLanguage":"pt-BR","potentialAction":[{"@type":"ReadAction","target":["https:\/\/verdadeon.com.br\/portal\/2021\/03\/17\/queiroga-defende-distanciamento-social-para-reduzir-mortes-por-covid-19\/"]}]},{"@type":"ImageObject","inLanguage":"pt-BR","@id":"https:\/\/verdadeon.com.br\/portal\/2021\/03\/17\/queiroga-defende-distanciamento-social-para-reduzir-mortes-por-covid-19\/#primaryimage","url":"https:\/\/i0.wp.com\/verdadeon.com.br\/portal\/wp-content\/uploads\/2021\/03\/WhatsApp-Image-2021-03-17-at-16.44.25.jpeg?fit=1000%2C670&ssl=1","contentUrl":"https:\/\/i0.wp.com\/verdadeon.com.br\/portal\/wp-content\/uploads\/2021\/03\/WhatsApp-Image-2021-03-17-at-16.44.25.jpeg?fit=1000%2C670&ssl=1","width":1000,"height":670,"caption":"Ministros afirmaram que a prioridade do Governo Federal \u00e9 a vacina\u00e7\u00e3o em massa para a retomada econ\u00f4mica Foto: Ag\u00eancia Brasil"},{"@type":"BreadcrumbList","@id":"https:\/\/verdadeon.com.br\/portal\/2021\/03\/17\/queiroga-defende-distanciamento-social-para-reduzir-mortes-por-covid-19\/#breadcrumb","itemListElement":[{"@type":"ListItem","position":1,"name":"In\u00edcio","item":"https:\/\/verdadeon.com.br\/portal\/"},{"@type":"ListItem","position":2,"name":"Queiroga defende distanciamento social para reduzir mortes por covid-19"}]},{"@type":"WebSite","@id":"https:\/\/verdadeon.com.br\/portal\/#website","url":"https:\/\/verdadeon.com.br\/portal\/","name":"VerdadeOn","description":"Not\u00edcias di\u00e1rias sobre Franca, Regi\u00e3o, Esporte, Cultura, Cotidiano, Colunas. Cobertura nos principais eventos da cidade \u00e9 aqui - Verdadeon Franca","potentialAction":[{"@type":"SearchAction","target":{"@type":"EntryPoint","urlTemplate":"https:\/\/verdadeon.com.br\/portal\/?s={search_term_string}"},"query-input":{"@type":"PropertyValueSpecification","valueRequired":true,"valueName":"search_term_string"}}],"inLanguage":"pt-BR"},{"@type":"Person","@id":"https:\/\/verdadeon.com.br\/portal\/#\/schema\/person\/8994718f49ee62ba5610471e29ca1f62","name":"Fernando Calixto","image":{"@type":"ImageObject","inLanguage":"pt-BR","@id":"https:\/\/verdadeon.com.br\/portal\/#\/schema\/person\/image\/","url":"https:\/\/secure.gravatar.com\/avatar\/7578910c24966c0316c340f9dbd601e93ee9f9212e1033968b367af9306bd9fb?s=96&d=mm&r=g","contentUrl":"https:\/\/secure.gravatar.com\/avatar\/7578910c24966c0316c340f9dbd601e93ee9f9212e1033968b367af9306bd9fb?s=96&d=mm&r=g","caption":"Fernando Calixto"},"url":"https:\/\/verdadeon.com.br\/portal\/author\/fernando-calixto\/"}]}},"jetpack_publicize_connections":[],"jetpack_featured_media_url":"https:\/\/i0.wp.com\/verdadeon.com.br\/portal\/wp-content\/uploads\/2021\/03\/WhatsApp-Image-2021-03-17-at-16.44.25.jpeg?fit=1000%2C670&ssl=1","jetpack_sharing_enabled":true,"_links":{"self":[{"href":"https:\/\/verdadeon.com.br\/portal\/wp-json\/wp\/v2\/posts\/15320","targetHints":{"allow":["GET"]}}],"collection":[{"href":"https:\/\/verdadeon.com.br\/portal\/wp-json\/wp\/v2\/posts"}],"about":[{"href":"https:\/\/verdadeon.com.br\/portal\/wp-json\/wp\/v2\/types\/post"}],"author":[{"embeddable":true,"href":"https:\/\/verdadeon.com.br\/portal\/wp-json\/wp\/v2\/users\/4"}],"replies":[{"embeddable":true,"href":"https:\/\/verdadeon.com.br\/portal\/wp-json\/wp\/v2\/comments?post=15320"}],"version-history":[{"count":0,"href":"https:\/\/verdadeon.com.br\/portal\/wp-json\/wp\/v2\/posts\/15320\/revisions"}],"wp:featuredmedia":[{"embeddable":true,"href":"https:\/\/verdadeon.com.br\/portal\/wp-json\/wp\/v2\/media\/15321"}],"wp:attachment":[{"href":"https:\/\/verdadeon.com.br\/portal\/wp-json\/wp\/v2\/media?parent=15320"}],"wp:term":[{"taxonomy":"category","embeddable":true,"href":"https:\/\/verdadeon.com.br\/portal\/wp-json\/wp\/v2\/categories?post=15320"},{"taxonomy":"post_tag","embeddable":true,"href":"https:\/\/verdadeon.com.br\/portal\/wp-json\/wp\/v2\/tags?post=15320"}],"curies":[{"name":"wp","href":"https:\/\/api.w.org\/{rel}","templated":true}]}}