{"id":15277,"date":"2021-03-16T13:00:18","date_gmt":"2021-03-16T16:00:18","guid":{"rendered":"https:\/\/verdadeon.com.br\/portal\/?p=15277"},"modified":"2021-03-16T17:29:17","modified_gmt":"2021-03-16T20:29:17","slug":"grupo-santa-casa-de-franca-lanca-portfolio-digital-covid-19","status":"publish","type":"post","link":"https:\/\/verdadeon.com.br\/portal\/2021\/03\/16\/grupo-santa-casa-de-franca-lanca-portfolio-digital-covid-19\/","title":{"rendered":"Grupo Santa Casa de Franca lan\u00e7a portf\u00f3lio digital Covid-19"},"content":{"rendered":"<h6>Publica\u00e7\u00e3o \u00e9 um amplo registro das atividades que envolveram as mais diversas \u00e1reas da institui\u00e7\u00e3o para tornar-se uma unidade COVID.<\/p>\n<p>O Grupo Santa Casa de Franca desde mar\u00e7o de 2020 deu in\u00edcio a uma s\u00e9rie de preparativos estruturais, t\u00e9cnicos, m\u00e9dicos e protocolares para atuar no atendimento aos pacientes de COVID-19. Tais preparativos envolveram uma capacita\u00e7\u00e3o t\u00e9cnica adequada de todos os profissionais atuantes na linha de frente, na ala de enfermaria e de UTI COVID ativada mais precisamente no dia 21 de mar\u00e7o de 2020.<br \/>\nAssim, no decorrer destes meses de pandemia, at\u00e9 os dias atuais, a institui\u00e7\u00e3o evoluiu constantemente nos protocolos m\u00e9dicos e t\u00e9cnicos, tornando-se uma importante refer\u00eancia entre os hospitais especializados, demonstrando excel\u00eancia na atua\u00e7\u00e3o nesta frente. Some-se a isso o fato de que o Grupo Santa Casa atende a cidade de Franca e mais 21 munic\u00edpios da regi\u00e3o do DRS-VIII (Departamento Regional de Sa\u00fade do Estado de S\u00e3o Paulo).<br \/>\nDiante destas credenciais, a institui\u00e7\u00e3o foi escolhida para participar do Programa de TeleUTI da Divis\u00e3o de Pneumologia e UTI Respirat\u00f3ria do InCor (Instituto do Cora\u00e7\u00e3o do Hospital das Cl\u00ednicas da FMUSP) \u2013 que visa promover a dissemina\u00e7\u00e3o on-line do conhecimento, no intuito de auxiliar profissionais de sa\u00fade de todo o Brasil, no enfrentamento \u00e0 COVID-19, mediante disponibiliza\u00e7\u00e3o de conte\u00fados do protocolo de atendimento para manejo de pacientes &#8211; possibilitando a obten\u00e7\u00e3o de resultados significativos no tratamento da doen\u00e7a.<br \/>\nAo mesmo tempo, a valoriza\u00e7\u00e3o dos profissionais de sa\u00fade que est\u00e3o melhor capacitados, pode garantir maior qualidade de atendimento, principalmente nos casos de complica\u00e7\u00f5es respirat\u00f3rias e cardiol\u00f3gicas decorrentes da Covid-19.<br \/>\nE com o intuito de continuar compartilhando o conhecimento em prol do bem comum, as diretorias Administrativa e Cl\u00ednica do Grupo Santa Casa de Franca decidiram publicar este portf\u00f3lio em uma plataforma exclusivamente digital, contendo dados hist\u00f3ricos, t\u00e9cnicos e tamb\u00e9m apresentando parcerias que foram fundamentais durante o processo de desenvolvimento de toda a estrutura f\u00edsica, humana e intelectual que permitiu esta evolu\u00e7\u00e3o.<br \/>\nVoc\u00ea pode conferir o material atrav\u00e9s do link: https:\/\/issuu.com\/henriquegnovais\/docs\/material_covid_1<\/h6>\n","protected":false},"excerpt":{"rendered":"<p>Publica\u00e7\u00e3o \u00e9 um amplo registro das atividades que envolveram as mais diversas \u00e1reas da institui\u00e7\u00e3o para tornar-se uma unidade COVID. O Grupo Santa Casa de Franca<span class=\"excerpt-hellip\"> [\u2026]<\/span><\/p>\n","protected":false},"author":4,"featured_media":15279,"comment_status":"open","ping_status":"open","sticky":false,"template":"","format":"standard","meta":{"_jetpack_memberships_contains_paid_content":false,"footnotes":"","jetpack_publicize_message":"","jetpack_publicize_feature_enabled":true,"jetpack_social_post_already_shared":false,"jetpack_social_options":{"image_generator_settings":{"template":"highway","default_image_id":0,"enabled":false},"version":2}},"categories":[28,81],"tags":[],"class_list":["post-15277","post","type-post","status-publish","format-standard","has-post-thumbnail","hentry","category-cotidiano","category-manchete"],"yoast_head":"<!-- This site is optimized with the Yoast SEO plugin v25.6 - https:\/\/yoast.com\/wordpress\/plugins\/seo\/ -->\n<title>Grupo Santa Casa de Franca lan\u00e7a portf\u00f3lio digital Covid-19 - VerdadeOn<\/title>\n<meta name=\"robots\" content=\"index, follow, max-snippet:-1, max-image-preview:large, max-video-preview:-1\" \/>\n<link rel=\"canonical\" href=\"https:\/\/verdadeon.com.br\/portal\/2021\/03\/16\/grupo-santa-casa-de-franca-lanca-portfolio-digital-covid-19\/\" \/>\n<meta property=\"og:locale\" content=\"pt_BR\" \/>\n<meta property=\"og:type\" content=\"article\" \/>\n<meta property=\"og:title\" content=\"Grupo Santa Casa de Franca lan\u00e7a portf\u00f3lio digital Covid-19 - VerdadeOn\" \/>\n<meta property=\"og:description\" content=\"Publica\u00e7\u00e3o \u00e9 um amplo registro das atividades que envolveram as mais diversas \u00e1reas da institui\u00e7\u00e3o para tornar-se uma unidade COVID. O Grupo Santa Casa de Franca [\u2026]\" \/>\n<meta property=\"og:url\" content=\"https:\/\/verdadeon.com.br\/portal\/2021\/03\/16\/grupo-santa-casa-de-franca-lanca-portfolio-digital-covid-19\/\" \/>\n<meta property=\"og:site_name\" content=\"VerdadeOn\" \/>\n<meta property=\"article:published_time\" content=\"2021-03-16T16:00:18+00:00\" \/>\n<meta property=\"article:modified_time\" content=\"2021-03-16T20:29:17+00:00\" \/>\n<meta property=\"og:image\" content=\"https:\/\/verdadeon.com.br\/portal\/wp-content\/uploads\/2021\/03\/WhatsApp-Image-2021-03-16-at-17.06.15-1.jpeg\" \/>\n\t<meta property=\"og:image:width\" content=\"1000\" \/>\n\t<meta property=\"og:image:height\" content=\"670\" \/>\n\t<meta property=\"og:image:type\" content=\"image\/jpeg\" \/>\n<meta name=\"author\" content=\"Fernando Calixto\" \/>\n<meta name=\"twitter:card\" content=\"summary_large_image\" \/>\n<meta name=\"twitter:label1\" content=\"Escrito por\" \/>\n\t<meta name=\"twitter:data1\" content=\"Fernando Calixto\" \/>\n\t<meta name=\"twitter:label2\" content=\"Est. tempo de leitura\" \/>\n\t<meta name=\"twitter:data2\" content=\"2 minutos\" \/>\n<script type=\"application\/ld+json\" class=\"yoast-schema-graph\">{\"@context\":\"https:\/\/schema.org\",\"@graph\":[{\"@type\":\"WebPage\",\"@id\":\"https:\/\/verdadeon.com.br\/portal\/2021\/03\/16\/grupo-santa-casa-de-franca-lanca-portfolio-digital-covid-19\/\",\"url\":\"https:\/\/verdadeon.com.br\/portal\/2021\/03\/16\/grupo-santa-casa-de-franca-lanca-portfolio-digital-covid-19\/\",\"name\":\"Grupo Santa Casa de Franca lan\u00e7a portf\u00f3lio digital Covid-19 - VerdadeOn\",\"isPartOf\":{\"@id\":\"https:\/\/verdadeon.com.br\/portal\/#website\"},\"primaryImageOfPage\":{\"@id\":\"https:\/\/verdadeon.com.br\/portal\/2021\/03\/16\/grupo-santa-casa-de-franca-lanca-portfolio-digital-covid-19\/#primaryimage\"},\"image\":{\"@id\":\"https:\/\/verdadeon.com.br\/portal\/2021\/03\/16\/grupo-santa-casa-de-franca-lanca-portfolio-digital-covid-19\/#primaryimage\"},\"thumbnailUrl\":\"https:\/\/i0.wp.com\/verdadeon.com.br\/portal\/wp-content\/uploads\/2021\/03\/WhatsApp-Image-2021-03-16-at-17.06.15-1.jpeg?fit=1000%2C670&ssl=1\",\"datePublished\":\"2021-03-16T16:00:18+00:00\",\"dateModified\":\"2021-03-16T20:29:17+00:00\",\"author\":{\"@id\":\"https:\/\/verdadeon.com.br\/portal\/#\/schema\/person\/8994718f49ee62ba5610471e29ca1f62\"},\"breadcrumb\":{\"@id\":\"https:\/\/verdadeon.com.br\/portal\/2021\/03\/16\/grupo-santa-casa-de-franca-lanca-portfolio-digital-covid-19\/#breadcrumb\"},\"inLanguage\":\"pt-BR\",\"potentialAction\":[{\"@type\":\"ReadAction\",\"target\":[\"https:\/\/verdadeon.com.br\/portal\/2021\/03\/16\/grupo-santa-casa-de-franca-lanca-portfolio-digital-covid-19\/\"]}]},{\"@type\":\"ImageObject\",\"inLanguage\":\"pt-BR\",\"@id\":\"https:\/\/verdadeon.com.br\/portal\/2021\/03\/16\/grupo-santa-casa-de-franca-lanca-portfolio-digital-covid-19\/#primaryimage\",\"url\":\"https:\/\/i0.wp.com\/verdadeon.com.br\/portal\/wp-content\/uploads\/2021\/03\/WhatsApp-Image-2021-03-16-at-17.06.15-1.jpeg?fit=1000%2C670&ssl=1\",\"contentUrl\":\"https:\/\/i0.wp.com\/verdadeon.com.br\/portal\/wp-content\/uploads\/2021\/03\/WhatsApp-Image-2021-03-16-at-17.06.15-1.jpeg?fit=1000%2C670&ssl=1\",\"width\":1000,\"height\":670,\"caption\":\"A institui\u00e7\u00e3o evoluiu nos protocolos m\u00e9dicos e t\u00e9cnicos, tornando-se uma refer\u00eancia entre hospitais especializados | Foto: Divulga\u00e7\u00e3o\"},{\"@type\":\"BreadcrumbList\",\"@id\":\"https:\/\/verdadeon.com.br\/portal\/2021\/03\/16\/grupo-santa-casa-de-franca-lanca-portfolio-digital-covid-19\/#breadcrumb\",\"itemListElement\":[{\"@type\":\"ListItem\",\"position\":1,\"name\":\"In\u00edcio\",\"item\":\"https:\/\/verdadeon.com.br\/portal\/\"},{\"@type\":\"ListItem\",\"position\":2,\"name\":\"Grupo Santa Casa de Franca lan\u00e7a portf\u00f3lio digital Covid-19\"}]},{\"@type\":\"WebSite\",\"@id\":\"https:\/\/verdadeon.com.br\/portal\/#website\",\"url\":\"https:\/\/verdadeon.com.br\/portal\/\",\"name\":\"VerdadeOn\",\"description\":\"Not\u00edcias di\u00e1rias sobre Franca, Regi\u00e3o, Esporte, Cultura, Cotidiano, Colunas. Cobertura nos principais eventos da cidade \u00e9 aqui - Verdadeon Franca\",\"potentialAction\":[{\"@type\":\"SearchAction\",\"target\":{\"@type\":\"EntryPoint\",\"urlTemplate\":\"https:\/\/verdadeon.com.br\/portal\/?s={search_term_string}\"},\"query-input\":{\"@type\":\"PropertyValueSpecification\",\"valueRequired\":true,\"valueName\":\"search_term_string\"}}],\"inLanguage\":\"pt-BR\"},{\"@type\":\"Person\",\"@id\":\"https:\/\/verdadeon.com.br\/portal\/#\/schema\/person\/8994718f49ee62ba5610471e29ca1f62\",\"name\":\"Fernando Calixto\",\"image\":{\"@type\":\"ImageObject\",\"inLanguage\":\"pt-BR\",\"@id\":\"https:\/\/verdadeon.com.br\/portal\/#\/schema\/person\/image\/\",\"url\":\"https:\/\/secure.gravatar.com\/avatar\/7578910c24966c0316c340f9dbd601e93ee9f9212e1033968b367af9306bd9fb?s=96&d=mm&r=g\",\"contentUrl\":\"https:\/\/secure.gravatar.com\/avatar\/7578910c24966c0316c340f9dbd601e93ee9f9212e1033968b367af9306bd9fb?s=96&d=mm&r=g\",\"caption\":\"Fernando Calixto\"},\"url\":\"https:\/\/verdadeon.com.br\/portal\/author\/fernando-calixto\/\"}]}<\/script>\n<!-- \/ Yoast SEO plugin. -->","yoast_head_json":{"title":"Grupo Santa Casa de Franca lan\u00e7a portf\u00f3lio digital Covid-19 - VerdadeOn","robots":{"index":"index","follow":"follow","max-snippet":"max-snippet:-1","max-image-preview":"max-image-preview:large","max-video-preview":"max-video-preview:-1"},"canonical":"https:\/\/verdadeon.com.br\/portal\/2021\/03\/16\/grupo-santa-casa-de-franca-lanca-portfolio-digital-covid-19\/","og_locale":"pt_BR","og_type":"article","og_title":"Grupo Santa Casa de Franca lan\u00e7a portf\u00f3lio digital Covid-19 - VerdadeOn","og_description":"Publica\u00e7\u00e3o \u00e9 um amplo registro das atividades que envolveram as mais diversas \u00e1reas da institui\u00e7\u00e3o para tornar-se uma unidade COVID. O Grupo Santa Casa de Franca [\u2026]","og_url":"https:\/\/verdadeon.com.br\/portal\/2021\/03\/16\/grupo-santa-casa-de-franca-lanca-portfolio-digital-covid-19\/","og_site_name":"VerdadeOn","article_published_time":"2021-03-16T16:00:18+00:00","article_modified_time":"2021-03-16T20:29:17+00:00","og_image":[{"width":1000,"height":670,"url":"https:\/\/verdadeon.com.br\/portal\/wp-content\/uploads\/2021\/03\/WhatsApp-Image-2021-03-16-at-17.06.15-1.jpeg","type":"image\/jpeg"}],"author":"Fernando Calixto","twitter_card":"summary_large_image","twitter_misc":{"Escrito por":"Fernando Calixto","Est. tempo de leitura":"2 minutos"},"schema":{"@context":"https:\/\/schema.org","@graph":[{"@type":"WebPage","@id":"https:\/\/verdadeon.com.br\/portal\/2021\/03\/16\/grupo-santa-casa-de-franca-lanca-portfolio-digital-covid-19\/","url":"https:\/\/verdadeon.com.br\/portal\/2021\/03\/16\/grupo-santa-casa-de-franca-lanca-portfolio-digital-covid-19\/","name":"Grupo Santa Casa de Franca lan\u00e7a portf\u00f3lio digital Covid-19 - VerdadeOn","isPartOf":{"@id":"https:\/\/verdadeon.com.br\/portal\/#website"},"primaryImageOfPage":{"@id":"https:\/\/verdadeon.com.br\/portal\/2021\/03\/16\/grupo-santa-casa-de-franca-lanca-portfolio-digital-covid-19\/#primaryimage"},"image":{"@id":"https:\/\/verdadeon.com.br\/portal\/2021\/03\/16\/grupo-santa-casa-de-franca-lanca-portfolio-digital-covid-19\/#primaryimage"},"thumbnailUrl":"https:\/\/i0.wp.com\/verdadeon.com.br\/portal\/wp-content\/uploads\/2021\/03\/WhatsApp-Image-2021-03-16-at-17.06.15-1.jpeg?fit=1000%2C670&ssl=1","datePublished":"2021-03-16T16:00:18+00:00","dateModified":"2021-03-16T20:29:17+00:00","author":{"@id":"https:\/\/verdadeon.com.br\/portal\/#\/schema\/person\/8994718f49ee62ba5610471e29ca1f62"},"breadcrumb":{"@id":"https:\/\/verdadeon.com.br\/portal\/2021\/03\/16\/grupo-santa-casa-de-franca-lanca-portfolio-digital-covid-19\/#breadcrumb"},"inLanguage":"pt-BR","potentialAction":[{"@type":"ReadAction","target":["https:\/\/verdadeon.com.br\/portal\/2021\/03\/16\/grupo-santa-casa-de-franca-lanca-portfolio-digital-covid-19\/"]}]},{"@type":"ImageObject","inLanguage":"pt-BR","@id":"https:\/\/verdadeon.com.br\/portal\/2021\/03\/16\/grupo-santa-casa-de-franca-lanca-portfolio-digital-covid-19\/#primaryimage","url":"https:\/\/i0.wp.com\/verdadeon.com.br\/portal\/wp-content\/uploads\/2021\/03\/WhatsApp-Image-2021-03-16-at-17.06.15-1.jpeg?fit=1000%2C670&ssl=1","contentUrl":"https:\/\/i0.wp.com\/verdadeon.com.br\/portal\/wp-content\/uploads\/2021\/03\/WhatsApp-Image-2021-03-16-at-17.06.15-1.jpeg?fit=1000%2C670&ssl=1","width":1000,"height":670,"caption":"A institui\u00e7\u00e3o evoluiu nos protocolos m\u00e9dicos e t\u00e9cnicos, tornando-se uma refer\u00eancia entre hospitais especializados | Foto: Divulga\u00e7\u00e3o"},{"@type":"BreadcrumbList","@id":"https:\/\/verdadeon.com.br\/portal\/2021\/03\/16\/grupo-santa-casa-de-franca-lanca-portfolio-digital-covid-19\/#breadcrumb","itemListElement":[{"@type":"ListItem","position":1,"name":"In\u00edcio","item":"https:\/\/verdadeon.com.br\/portal\/"},{"@type":"ListItem","position":2,"name":"Grupo Santa Casa de Franca lan\u00e7a portf\u00f3lio digital Covid-19"}]},{"@type":"WebSite","@id":"https:\/\/verdadeon.com.br\/portal\/#website","url":"https:\/\/verdadeon.com.br\/portal\/","name":"VerdadeOn","description":"Not\u00edcias di\u00e1rias sobre Franca, Regi\u00e3o, Esporte, Cultura, Cotidiano, Colunas. Cobertura nos principais eventos da cidade \u00e9 aqui - Verdadeon Franca","potentialAction":[{"@type":"SearchAction","target":{"@type":"EntryPoint","urlTemplate":"https:\/\/verdadeon.com.br\/portal\/?s={search_term_string}"},"query-input":{"@type":"PropertyValueSpecification","valueRequired":true,"valueName":"search_term_string"}}],"inLanguage":"pt-BR"},{"@type":"Person","@id":"https:\/\/verdadeon.com.br\/portal\/#\/schema\/person\/8994718f49ee62ba5610471e29ca1f62","name":"Fernando Calixto","image":{"@type":"ImageObject","inLanguage":"pt-BR","@id":"https:\/\/verdadeon.com.br\/portal\/#\/schema\/person\/image\/","url":"https:\/\/secure.gravatar.com\/avatar\/7578910c24966c0316c340f9dbd601e93ee9f9212e1033968b367af9306bd9fb?s=96&d=mm&r=g","contentUrl":"https:\/\/secure.gravatar.com\/avatar\/7578910c24966c0316c340f9dbd601e93ee9f9212e1033968b367af9306bd9fb?s=96&d=mm&r=g","caption":"Fernando Calixto"},"url":"https:\/\/verdadeon.com.br\/portal\/author\/fernando-calixto\/"}]}},"jetpack_publicize_connections":[],"jetpack_featured_media_url":"https:\/\/i0.wp.com\/verdadeon.com.br\/portal\/wp-content\/uploads\/2021\/03\/WhatsApp-Image-2021-03-16-at-17.06.15-1.jpeg?fit=1000%2C670&ssl=1","jetpack_sharing_enabled":true,"_links":{"self":[{"href":"https:\/\/verdadeon.com.br\/portal\/wp-json\/wp\/v2\/posts\/15277","targetHints":{"allow":["GET"]}}],"collection":[{"href":"https:\/\/verdadeon.com.br\/portal\/wp-json\/wp\/v2\/posts"}],"about":[{"href":"https:\/\/verdadeon.com.br\/portal\/wp-json\/wp\/v2\/types\/post"}],"author":[{"embeddable":true,"href":"https:\/\/verdadeon.com.br\/portal\/wp-json\/wp\/v2\/users\/4"}],"replies":[{"embeddable":true,"href":"https:\/\/verdadeon.com.br\/portal\/wp-json\/wp\/v2\/comments?post=15277"}],"version-history":[{"count":0,"href":"https:\/\/verdadeon.com.br\/portal\/wp-json\/wp\/v2\/posts\/15277\/revisions"}],"wp:featuredmedia":[{"embeddable":true,"href":"https:\/\/verdadeon.com.br\/portal\/wp-json\/wp\/v2\/media\/15279"}],"wp:attachment":[{"href":"https:\/\/verdadeon.com.br\/portal\/wp-json\/wp\/v2\/media?parent=15277"}],"wp:term":[{"taxonomy":"category","embeddable":true,"href":"https:\/\/verdadeon.com.br\/portal\/wp-json\/wp\/v2\/categories?post=15277"},{"taxonomy":"post_tag","embeddable":true,"href":"https:\/\/verdadeon.com.br\/portal\/wp-json\/wp\/v2\/tags?post=15277"}],"curies":[{"name":"wp","href":"https:\/\/api.w.org\/{rel}","templated":true}]}}