{"id":15273,"date":"2021-03-16T15:48:10","date_gmt":"2021-03-16T18:48:10","guid":{"rendered":"https:\/\/verdadeon.com.br\/portal\/?p=15273"},"modified":"2021-03-16T15:48:10","modified_gmt":"2021-03-16T18:48:10","slug":"covid-19-idosos-de-70-e-71-anos-serao-vacinados-ainda-em-marco-em-sao-paulo","status":"publish","type":"post","link":"https:\/\/verdadeon.com.br\/portal\/2021\/03\/16\/covid-19-idosos-de-70-e-71-anos-serao-vacinados-ainda-em-marco-em-sao-paulo\/","title":{"rendered":"Covid-19: Idosos de 70 e 71 anos ser\u00e3o vacinados ainda em mar\u00e7o em S\u00e3o Paulo"},"content":{"rendered":"<h2>Segundo o calend\u00e1rio do estado, a previs\u00e3o \u00e9 que tenha in\u00edcio a imuniza\u00e7\u00e3o dessa faixa et\u00e1ria, no dia 29 deste m\u00eas<\/h2>\n<p>O Governador Jo\u00e3o Doria anunciou o in\u00edcio da vacina\u00e7\u00e3o contra Covid-19 em idosos com 70 e 71 anos ainda neste m\u00eas de mar\u00e7o. A partir do dia 29, a campanha passar\u00e1 a incluir as 600 mil pessoas que integram esta faixa et\u00e1ria e poder\u00e3o receber a primeira dose do imunizante.<br \/>\nCom a inclus\u00e3o deste novo p\u00fablico, o n\u00famero de pessoas com vacina\u00e7\u00e3o j\u00e1 garantida no estado de S\u00e3o Paulo passa a quase 4,9 milh\u00f5es, somando todos os p\u00fablicos anunciados.<br \/>\nNa segunda-feira (15), teve in\u00edcio a vacina\u00e7\u00e3o para o p\u00fablico de 75 e 76 anos, cerca de 420 mil idosos. Na pr\u00f3xima segunda-feira (22), ser\u00e1 a vez das 730 mil pessoas na faixa de 72 a 74 anos de idade.<br \/>\nA campanha ocorre com uma grande opera\u00e7\u00e3o log\u00edstica montada para a distribui\u00e7\u00e3o das vacinas dispon\u00edveis no pa\u00eds, com envio de remessas semanais pela Secretaria de Estado da Sa\u00fade para todas as regi\u00f5es do estado.<br \/>\nVacinas do Butantan<br \/>\nA semana teve in\u00edcio com a libera\u00e7\u00e3o de mais 3,3 milh\u00f5es de doses da vacina contra o coronav\u00edrus ao PNI (Programa Nacional de Imuniza\u00e7\u00f5es) do Minist\u00e9rio da Sa\u00fade pelo Instituto Butantan. Com o novo carregamento, o total de vacinas destinadas pelo Butantan ao pa\u00eds chega a 20,6 milh\u00f5es de doses desde o in\u00edcio das entregas, em 17 de janeiro.<br \/>\nNa pr\u00f3xima quarta-feira (17), outras 2 milh\u00f5es de doses devem ser entregues e, at\u00e9 o final deste m\u00eas, o Butantan ter\u00e1 disponibilizado 22,6 milh\u00f5es de doses ao PNI. At\u00e9 o final de abril, o n\u00famero de vacinas garantidas por S\u00e3o Paulo somar\u00e1 46 milh\u00f5es. O Butantan tamb\u00e9m trabalha para entregar outras 54 milh\u00f5es de doses at\u00e9 30 de agosto, totalizando 100 milh\u00f5es de vacinas para o Brasil.<br \/>\nPr\u00e9-cadastro no \u201cVacina J\u00e1\u201d<br \/>\nO pr\u00e9-cadastro no site \u201cVacina J\u00e1\u201d (vacinaja.sp.gov.br) economiza 90% no tempo de atendimento para imuniza\u00e7\u00e3o: leva cerca de 1 a 3 minutos para quem preencheu o formul\u00e1rio. Presencialmente, em m\u00e9dia, a coleta de informa\u00e7\u00f5es leva cerca de 10 minutos. A ferramenta ajuda a agilizar o atendimento e a evitar aglomera\u00e7\u00f5es.<br \/>\nN\u00e3o \u00e9 um agendamento e o uso n\u00e3o \u00e9 obrigat\u00f3rio para receber a vacina, mas utiliz\u00e1-la contribui para melhorar a din\u00e2mica dos servi\u00e7os e a rotina do pr\u00f3prio cidad\u00e3o. O pr\u00e9-cadastro pode ser feito por familiares de idosos ou de qualquer pessoa que participe dos p\u00fablicos previstos na campanha.<\/p>\n","protected":false},"excerpt":{"rendered":"<p>Segundo o calend\u00e1rio do estado, a previs\u00e3o \u00e9 que tenha in\u00edcio a imuniza\u00e7\u00e3o dessa faixa et\u00e1ria, no dia 29 deste m\u00eas O Governador Jo\u00e3o Doria anunciou<span class=\"excerpt-hellip\"> [\u2026]<\/span><\/p>\n","protected":false},"author":4,"featured_media":15274,"comment_status":"open","ping_status":"open","sticky":false,"template":"","format":"standard","meta":{"_jetpack_memberships_contains_paid_content":false,"footnotes":"","jetpack_publicize_message":"","jetpack_publicize_feature_enabled":true,"jetpack_social_post_already_shared":false,"jetpack_social_options":{"image_generator_settings":{"template":"highway","default_image_id":0,"enabled":false},"version":2}},"categories":[28,81],"tags":[],"class_list":["post-15273","post","type-post","status-publish","format-standard","has-post-thumbnail","hentry","category-cotidiano","category-manchete"],"yoast_head":"<!-- This site is optimized with the Yoast SEO plugin v25.6 - https:\/\/yoast.com\/wordpress\/plugins\/seo\/ -->\n<title>Covid-19: Idosos de 70 e 71 anos ser\u00e3o vacinados ainda em mar\u00e7o em S\u00e3o Paulo - VerdadeOn<\/title>\n<meta name=\"robots\" content=\"index, follow, max-snippet:-1, max-image-preview:large, max-video-preview:-1\" \/>\n<link rel=\"canonical\" href=\"https:\/\/verdadeon.com.br\/portal\/2021\/03\/16\/covid-19-idosos-de-70-e-71-anos-serao-vacinados-ainda-em-marco-em-sao-paulo\/\" \/>\n<meta property=\"og:locale\" content=\"pt_BR\" \/>\n<meta property=\"og:type\" content=\"article\" \/>\n<meta property=\"og:title\" content=\"Covid-19: Idosos de 70 e 71 anos ser\u00e3o vacinados ainda em mar\u00e7o em S\u00e3o Paulo - VerdadeOn\" \/>\n<meta property=\"og:description\" content=\"Segundo o calend\u00e1rio do estado, a previs\u00e3o \u00e9 que tenha in\u00edcio a imuniza\u00e7\u00e3o dessa faixa et\u00e1ria, no dia 29 deste m\u00eas O Governador Jo\u00e3o Doria anunciou [\u2026]\" \/>\n<meta property=\"og:url\" content=\"https:\/\/verdadeon.com.br\/portal\/2021\/03\/16\/covid-19-idosos-de-70-e-71-anos-serao-vacinados-ainda-em-marco-em-sao-paulo\/\" \/>\n<meta property=\"og:site_name\" content=\"VerdadeOn\" \/>\n<meta property=\"article:published_time\" content=\"2021-03-16T18:48:10+00:00\" \/>\n<meta property=\"og:image\" content=\"https:\/\/verdadeon.com.br\/portal\/wp-content\/uploads\/2021\/03\/WhatsApp-Image-2021-03-16-at-15.45.43-1.jpeg\" \/>\n\t<meta property=\"og:image:width\" content=\"1000\" \/>\n\t<meta property=\"og:image:height\" content=\"670\" \/>\n\t<meta property=\"og:image:type\" content=\"image\/jpeg\" \/>\n<meta name=\"author\" content=\"Fernando Calixto\" \/>\n<meta name=\"twitter:card\" content=\"summary_large_image\" \/>\n<meta name=\"twitter:label1\" content=\"Escrito por\" \/>\n\t<meta name=\"twitter:data1\" content=\"Fernando Calixto\" \/>\n\t<meta name=\"twitter:label2\" content=\"Est. tempo de leitura\" \/>\n\t<meta name=\"twitter:data2\" content=\"2 minutos\" \/>\n<script type=\"application\/ld+json\" class=\"yoast-schema-graph\">{\"@context\":\"https:\/\/schema.org\",\"@graph\":[{\"@type\":\"WebPage\",\"@id\":\"https:\/\/verdadeon.com.br\/portal\/2021\/03\/16\/covid-19-idosos-de-70-e-71-anos-serao-vacinados-ainda-em-marco-em-sao-paulo\/\",\"url\":\"https:\/\/verdadeon.com.br\/portal\/2021\/03\/16\/covid-19-idosos-de-70-e-71-anos-serao-vacinados-ainda-em-marco-em-sao-paulo\/\",\"name\":\"Covid-19: Idosos de 70 e 71 anos ser\u00e3o vacinados ainda em mar\u00e7o em S\u00e3o Paulo - VerdadeOn\",\"isPartOf\":{\"@id\":\"https:\/\/verdadeon.com.br\/portal\/#website\"},\"primaryImageOfPage\":{\"@id\":\"https:\/\/verdadeon.com.br\/portal\/2021\/03\/16\/covid-19-idosos-de-70-e-71-anos-serao-vacinados-ainda-em-marco-em-sao-paulo\/#primaryimage\"},\"image\":{\"@id\":\"https:\/\/verdadeon.com.br\/portal\/2021\/03\/16\/covid-19-idosos-de-70-e-71-anos-serao-vacinados-ainda-em-marco-em-sao-paulo\/#primaryimage\"},\"thumbnailUrl\":\"https:\/\/i0.wp.com\/verdadeon.com.br\/portal\/wp-content\/uploads\/2021\/03\/WhatsApp-Image-2021-03-16-at-15.45.43-1.jpeg?fit=1000%2C670&ssl=1\",\"datePublished\":\"2021-03-16T18:48:10+00:00\",\"author\":{\"@id\":\"https:\/\/verdadeon.com.br\/portal\/#\/schema\/person\/8994718f49ee62ba5610471e29ca1f62\"},\"breadcrumb\":{\"@id\":\"https:\/\/verdadeon.com.br\/portal\/2021\/03\/16\/covid-19-idosos-de-70-e-71-anos-serao-vacinados-ainda-em-marco-em-sao-paulo\/#breadcrumb\"},\"inLanguage\":\"pt-BR\",\"potentialAction\":[{\"@type\":\"ReadAction\",\"target\":[\"https:\/\/verdadeon.com.br\/portal\/2021\/03\/16\/covid-19-idosos-de-70-e-71-anos-serao-vacinados-ainda-em-marco-em-sao-paulo\/\"]}]},{\"@type\":\"ImageObject\",\"inLanguage\":\"pt-BR\",\"@id\":\"https:\/\/verdadeon.com.br\/portal\/2021\/03\/16\/covid-19-idosos-de-70-e-71-anos-serao-vacinados-ainda-em-marco-em-sao-paulo\/#primaryimage\",\"url\":\"https:\/\/i0.wp.com\/verdadeon.com.br\/portal\/wp-content\/uploads\/2021\/03\/WhatsApp-Image-2021-03-16-at-15.45.43-1.jpeg?fit=1000%2C670&ssl=1\",\"contentUrl\":\"https:\/\/i0.wp.com\/verdadeon.com.br\/portal\/wp-content\/uploads\/2021\/03\/WhatsApp-Image-2021-03-16-at-15.45.43-1.jpeg?fit=1000%2C670&ssl=1\",\"width\":1000,\"height\":670,\"caption\":\"Na pr\u00f3xima segunda-feira (15), ser\u00e1 a vez do p\u00fablico de 72 a 74 anos | Foto: Divulga\u00e7\u00e3o\"},{\"@type\":\"BreadcrumbList\",\"@id\":\"https:\/\/verdadeon.com.br\/portal\/2021\/03\/16\/covid-19-idosos-de-70-e-71-anos-serao-vacinados-ainda-em-marco-em-sao-paulo\/#breadcrumb\",\"itemListElement\":[{\"@type\":\"ListItem\",\"position\":1,\"name\":\"In\u00edcio\",\"item\":\"https:\/\/verdadeon.com.br\/portal\/\"},{\"@type\":\"ListItem\",\"position\":2,\"name\":\"Covid-19: Idosos de 70 e 71 anos ser\u00e3o vacinados ainda em mar\u00e7o em S\u00e3o Paulo\"}]},{\"@type\":\"WebSite\",\"@id\":\"https:\/\/verdadeon.com.br\/portal\/#website\",\"url\":\"https:\/\/verdadeon.com.br\/portal\/\",\"name\":\"VerdadeOn\",\"description\":\"Not\u00edcias di\u00e1rias sobre Franca, Regi\u00e3o, Esporte, Cultura, Cotidiano, Colunas. Cobertura nos principais eventos da cidade \u00e9 aqui - Verdadeon Franca\",\"potentialAction\":[{\"@type\":\"SearchAction\",\"target\":{\"@type\":\"EntryPoint\",\"urlTemplate\":\"https:\/\/verdadeon.com.br\/portal\/?s={search_term_string}\"},\"query-input\":{\"@type\":\"PropertyValueSpecification\",\"valueRequired\":true,\"valueName\":\"search_term_string\"}}],\"inLanguage\":\"pt-BR\"},{\"@type\":\"Person\",\"@id\":\"https:\/\/verdadeon.com.br\/portal\/#\/schema\/person\/8994718f49ee62ba5610471e29ca1f62\",\"name\":\"Fernando Calixto\",\"image\":{\"@type\":\"ImageObject\",\"inLanguage\":\"pt-BR\",\"@id\":\"https:\/\/verdadeon.com.br\/portal\/#\/schema\/person\/image\/\",\"url\":\"https:\/\/secure.gravatar.com\/avatar\/7578910c24966c0316c340f9dbd601e93ee9f9212e1033968b367af9306bd9fb?s=96&d=mm&r=g\",\"contentUrl\":\"https:\/\/secure.gravatar.com\/avatar\/7578910c24966c0316c340f9dbd601e93ee9f9212e1033968b367af9306bd9fb?s=96&d=mm&r=g\",\"caption\":\"Fernando Calixto\"},\"url\":\"https:\/\/verdadeon.com.br\/portal\/author\/fernando-calixto\/\"}]}<\/script>\n<!-- \/ Yoast SEO plugin. -->","yoast_head_json":{"title":"Covid-19: Idosos de 70 e 71 anos ser\u00e3o vacinados ainda em mar\u00e7o em S\u00e3o Paulo - VerdadeOn","robots":{"index":"index","follow":"follow","max-snippet":"max-snippet:-1","max-image-preview":"max-image-preview:large","max-video-preview":"max-video-preview:-1"},"canonical":"https:\/\/verdadeon.com.br\/portal\/2021\/03\/16\/covid-19-idosos-de-70-e-71-anos-serao-vacinados-ainda-em-marco-em-sao-paulo\/","og_locale":"pt_BR","og_type":"article","og_title":"Covid-19: Idosos de 70 e 71 anos ser\u00e3o vacinados ainda em mar\u00e7o em S\u00e3o Paulo - VerdadeOn","og_description":"Segundo o calend\u00e1rio do estado, a previs\u00e3o \u00e9 que tenha in\u00edcio a imuniza\u00e7\u00e3o dessa faixa et\u00e1ria, no dia 29 deste m\u00eas O Governador Jo\u00e3o Doria anunciou [\u2026]","og_url":"https:\/\/verdadeon.com.br\/portal\/2021\/03\/16\/covid-19-idosos-de-70-e-71-anos-serao-vacinados-ainda-em-marco-em-sao-paulo\/","og_site_name":"VerdadeOn","article_published_time":"2021-03-16T18:48:10+00:00","og_image":[{"width":1000,"height":670,"url":"https:\/\/verdadeon.com.br\/portal\/wp-content\/uploads\/2021\/03\/WhatsApp-Image-2021-03-16-at-15.45.43-1.jpeg","type":"image\/jpeg"}],"author":"Fernando Calixto","twitter_card":"summary_large_image","twitter_misc":{"Escrito por":"Fernando Calixto","Est. tempo de leitura":"2 minutos"},"schema":{"@context":"https:\/\/schema.org","@graph":[{"@type":"WebPage","@id":"https:\/\/verdadeon.com.br\/portal\/2021\/03\/16\/covid-19-idosos-de-70-e-71-anos-serao-vacinados-ainda-em-marco-em-sao-paulo\/","url":"https:\/\/verdadeon.com.br\/portal\/2021\/03\/16\/covid-19-idosos-de-70-e-71-anos-serao-vacinados-ainda-em-marco-em-sao-paulo\/","name":"Covid-19: Idosos de 70 e 71 anos ser\u00e3o vacinados ainda em mar\u00e7o em S\u00e3o Paulo - VerdadeOn","isPartOf":{"@id":"https:\/\/verdadeon.com.br\/portal\/#website"},"primaryImageOfPage":{"@id":"https:\/\/verdadeon.com.br\/portal\/2021\/03\/16\/covid-19-idosos-de-70-e-71-anos-serao-vacinados-ainda-em-marco-em-sao-paulo\/#primaryimage"},"image":{"@id":"https:\/\/verdadeon.com.br\/portal\/2021\/03\/16\/covid-19-idosos-de-70-e-71-anos-serao-vacinados-ainda-em-marco-em-sao-paulo\/#primaryimage"},"thumbnailUrl":"https:\/\/i0.wp.com\/verdadeon.com.br\/portal\/wp-content\/uploads\/2021\/03\/WhatsApp-Image-2021-03-16-at-15.45.43-1.jpeg?fit=1000%2C670&ssl=1","datePublished":"2021-03-16T18:48:10+00:00","author":{"@id":"https:\/\/verdadeon.com.br\/portal\/#\/schema\/person\/8994718f49ee62ba5610471e29ca1f62"},"breadcrumb":{"@id":"https:\/\/verdadeon.com.br\/portal\/2021\/03\/16\/covid-19-idosos-de-70-e-71-anos-serao-vacinados-ainda-em-marco-em-sao-paulo\/#breadcrumb"},"inLanguage":"pt-BR","potentialAction":[{"@type":"ReadAction","target":["https:\/\/verdadeon.com.br\/portal\/2021\/03\/16\/covid-19-idosos-de-70-e-71-anos-serao-vacinados-ainda-em-marco-em-sao-paulo\/"]}]},{"@type":"ImageObject","inLanguage":"pt-BR","@id":"https:\/\/verdadeon.com.br\/portal\/2021\/03\/16\/covid-19-idosos-de-70-e-71-anos-serao-vacinados-ainda-em-marco-em-sao-paulo\/#primaryimage","url":"https:\/\/i0.wp.com\/verdadeon.com.br\/portal\/wp-content\/uploads\/2021\/03\/WhatsApp-Image-2021-03-16-at-15.45.43-1.jpeg?fit=1000%2C670&ssl=1","contentUrl":"https:\/\/i0.wp.com\/verdadeon.com.br\/portal\/wp-content\/uploads\/2021\/03\/WhatsApp-Image-2021-03-16-at-15.45.43-1.jpeg?fit=1000%2C670&ssl=1","width":1000,"height":670,"caption":"Na pr\u00f3xima segunda-feira (15), ser\u00e1 a vez do p\u00fablico de 72 a 74 anos | Foto: Divulga\u00e7\u00e3o"},{"@type":"BreadcrumbList","@id":"https:\/\/verdadeon.com.br\/portal\/2021\/03\/16\/covid-19-idosos-de-70-e-71-anos-serao-vacinados-ainda-em-marco-em-sao-paulo\/#breadcrumb","itemListElement":[{"@type":"ListItem","position":1,"name":"In\u00edcio","item":"https:\/\/verdadeon.com.br\/portal\/"},{"@type":"ListItem","position":2,"name":"Covid-19: Idosos de 70 e 71 anos ser\u00e3o vacinados ainda em mar\u00e7o em S\u00e3o Paulo"}]},{"@type":"WebSite","@id":"https:\/\/verdadeon.com.br\/portal\/#website","url":"https:\/\/verdadeon.com.br\/portal\/","name":"VerdadeOn","description":"Not\u00edcias di\u00e1rias sobre Franca, Regi\u00e3o, Esporte, Cultura, Cotidiano, Colunas. Cobertura nos principais eventos da cidade \u00e9 aqui - Verdadeon Franca","potentialAction":[{"@type":"SearchAction","target":{"@type":"EntryPoint","urlTemplate":"https:\/\/verdadeon.com.br\/portal\/?s={search_term_string}"},"query-input":{"@type":"PropertyValueSpecification","valueRequired":true,"valueName":"search_term_string"}}],"inLanguage":"pt-BR"},{"@type":"Person","@id":"https:\/\/verdadeon.com.br\/portal\/#\/schema\/person\/8994718f49ee62ba5610471e29ca1f62","name":"Fernando Calixto","image":{"@type":"ImageObject","inLanguage":"pt-BR","@id":"https:\/\/verdadeon.com.br\/portal\/#\/schema\/person\/image\/","url":"https:\/\/secure.gravatar.com\/avatar\/7578910c24966c0316c340f9dbd601e93ee9f9212e1033968b367af9306bd9fb?s=96&d=mm&r=g","contentUrl":"https:\/\/secure.gravatar.com\/avatar\/7578910c24966c0316c340f9dbd601e93ee9f9212e1033968b367af9306bd9fb?s=96&d=mm&r=g","caption":"Fernando Calixto"},"url":"https:\/\/verdadeon.com.br\/portal\/author\/fernando-calixto\/"}]}},"jetpack_publicize_connections":[],"jetpack_featured_media_url":"https:\/\/i0.wp.com\/verdadeon.com.br\/portal\/wp-content\/uploads\/2021\/03\/WhatsApp-Image-2021-03-16-at-15.45.43-1.jpeg?fit=1000%2C670&ssl=1","jetpack_sharing_enabled":true,"_links":{"self":[{"href":"https:\/\/verdadeon.com.br\/portal\/wp-json\/wp\/v2\/posts\/15273","targetHints":{"allow":["GET"]}}],"collection":[{"href":"https:\/\/verdadeon.com.br\/portal\/wp-json\/wp\/v2\/posts"}],"about":[{"href":"https:\/\/verdadeon.com.br\/portal\/wp-json\/wp\/v2\/types\/post"}],"author":[{"embeddable":true,"href":"https:\/\/verdadeon.com.br\/portal\/wp-json\/wp\/v2\/users\/4"}],"replies":[{"embeddable":true,"href":"https:\/\/verdadeon.com.br\/portal\/wp-json\/wp\/v2\/comments?post=15273"}],"version-history":[{"count":0,"href":"https:\/\/verdadeon.com.br\/portal\/wp-json\/wp\/v2\/posts\/15273\/revisions"}],"wp:featuredmedia":[{"embeddable":true,"href":"https:\/\/verdadeon.com.br\/portal\/wp-json\/wp\/v2\/media\/15274"}],"wp:attachment":[{"href":"https:\/\/verdadeon.com.br\/portal\/wp-json\/wp\/v2\/media?parent=15273"}],"wp:term":[{"taxonomy":"category","embeddable":true,"href":"https:\/\/verdadeon.com.br\/portal\/wp-json\/wp\/v2\/categories?post=15273"},{"taxonomy":"post_tag","embeddable":true,"href":"https:\/\/verdadeon.com.br\/portal\/wp-json\/wp\/v2\/tags?post=15273"}],"curies":[{"name":"wp","href":"https:\/\/api.w.org\/{rel}","templated":true}]}}