{"id":15237,"date":"2021-03-15T17:17:21","date_gmt":"2021-03-15T20:17:21","guid":{"rendered":"https:\/\/verdadeon.com.br\/portal\/?p=15237"},"modified":"2021-03-15T17:17:21","modified_gmt":"2021-03-15T20:17:21","slug":"festival-brilhe-esta-com-inscricoes-abertas-ate-dia-19-de-marco","status":"publish","type":"post","link":"https:\/\/verdadeon.com.br\/portal\/2021\/03\/15\/festival-brilhe-esta-com-inscricoes-abertas-ate-dia-19-de-marco\/","title":{"rendered":"\u2018Festival Brilhe\u2019 est\u00e1 com inscri\u00e7\u00f5es abertas at\u00e9 dia 19 de mar\u00e7o"},"content":{"rendered":"<h2>Iniciativa mescla apresenta\u00e7\u00f5es de Drags com circo, de forma totalmente gratuita<\/h2>\n<p>Acontece de 17 a 25 de abril, o \u201cFestival Brilhe\u201d, de forma online e totalmente gratuita. A inten\u00e7\u00e3o da iniciativa \u00e9 potencializar a discuss\u00e3o e a visibilidade da cena Drag Queen, King e Queer juntamente \u00e0 cena circense, refletindo tamb\u00e9m a rela\u00e7\u00e3o entre circo e artistas LGBTQI+, que exploram essas linguagens no Brasil estendendo-se \u00e0 toda Am\u00e9rica, principalmente \u00e0 Am\u00e9rica Latina.<br \/>\nSegundo a organiza\u00e7\u00e3o do festival, passar\u00e3o pelo picadeiro apresenta\u00e7\u00f5es art\u00edsticas no formato de Shows online aos finais de semana, com artistas que exploram essas artes, al\u00e9m de mesas virtuais com debates voltados para as t\u00e9cnicas e recursos do universo circense e Drag, al\u00e9m da presen\u00e7a de especialistas da tem\u00e1tica LGBTQIA+ e seus temas transversais com o universo drag e circense.<br \/>\nO festival \u00e9 destinado ao p\u00fablico interessado nas linguagens do circo e na arte drag, al\u00e9m do p\u00fablico LGBTQIA+ e entusiastas em geral, sendo praticantes ou espectadores. Todas as atividades ser\u00e3o gratuitas.<br \/>\nOs shows e uma parte da programa\u00e7\u00e3o ser\u00e3o transmitidos abertamente pelo YouTube, j\u00e1 as rodas de conversa e oficinas acontecer\u00e3o pela plataforma Zoom e precisam de inscri\u00e7\u00e3o para participar. A inscri\u00e7\u00e3o de participantes poder\u00e1 ser realizada a partir do dia 22 de mar\u00e7o, diretamente no site ou nas redes sociais do festival.<br \/>\nEnvio de propostas<br \/>\nAs inscri\u00e7\u00f5es de envio de propostas art\u00edsticas est\u00e3o abertas de 5 a 19 de mar\u00e7o de 2021, onde elas passar\u00e3o pela curadoria do festival que vai selecionar, contratar e remunerar diversos trabalhos art\u00edsticos com cach\u00ea descrito no edital de chamamento, publicado no site do evento.<br \/>\nPodem participar artistas, pesquisadores e professores\/palestrantes de circo e da arte drag (queen, king e queer), nas categorias de oficinas e mesas de debate. Na categoria de Performance, necessitam ser artistas drag circenses ou seja, que executem concomitantemente a arte drag e a arte circense (sejam profissionais ou amadores em alguma das artes).<br \/>\nTodo o processo de inscri\u00e7\u00e3o e apresenta\u00e7\u00e3o ser\u00e1 online, respeitando o momento de pandemia. Para ler o chamamento e ter acesso aos detalhes \u00e9 s\u00f3 acessar o site: brilhecircodrag.com. As redes sociais tamb\u00e9m possuem informa\u00e7\u00f5es: @brilhecircodrag, d\u00favidas podem ser retiradas via direct do Instagram e Facebook, ou pelo email brilhecircodrag@gmail.com<br \/>\nProjeto Brilhe<br \/>\nI Festival Internacional de Circo Drag \u00e9 o evento resultado do Projeto FestivArte Drag e Circo, do Circo Soul, aprovado pelo ProaC LAB 40\/2020 PRODU\u00c7\u00c3O E REALIZA\u00c7\u00c3O DE FESTIVAL DE CULTURA E ECONOMIA CRIATIVA COM APRESENTA\u00c7\u00c3O ONLINE, e realizado pelo Governo do Estado de SP e pela Secretaria de Economia e Cultura Criativa. Produzido pelo CircoSoul e pela Purpurina Filmes, \u00e9 composto por uma equipe premiada e reconhecida nos \u00e2mbitos municipais, estaduais e federais e conta com a participa\u00e7\u00e3o de tr\u00eas francanos no time.<br \/>\n\u201c\u00c9 muito gratificante fazer parte, \u00e9 uma forma de ser um intermedi\u00e1rio para poder repassar essa ajuda, esse projeto tem essa quest\u00e3o de lei emergencial, \u00e9 um projeto de cultura, \u00e9 o maior projeto que eu tenho realizado nesses \u00faltimos tempos, \u00e9 uma honra e uma alegria muito grande\u201d, relatou Dani Barros, uma das artistas francanas que idealizou o \u201cBrilhe\u201d<\/p>\n","protected":false},"excerpt":{"rendered":"<p>Iniciativa mescla apresenta\u00e7\u00f5es de Drags com circo, de forma totalmente gratuita Acontece de 17 a 25 de abril, o \u201cFestival Brilhe\u201d, de forma online e totalmente<span class=\"excerpt-hellip\"> [\u2026]<\/span><\/p>\n","protected":false},"author":4,"featured_media":15238,"comment_status":"open","ping_status":"open","sticky":false,"template":"","format":"standard","meta":{"_jetpack_memberships_contains_paid_content":false,"footnotes":"","jetpack_publicize_message":"","jetpack_publicize_feature_enabled":true,"jetpack_social_post_already_shared":false,"jetpack_social_options":{"image_generator_settings":{"template":"highway","default_image_id":0,"enabled":false},"version":2}},"categories":[28,44],"tags":[],"class_list":["post-15237","post","type-post","status-publish","format-standard","has-post-thumbnail","hentry","category-cotidiano","category-noticias"],"yoast_head":"<!-- This site is optimized with the Yoast SEO plugin v25.6 - https:\/\/yoast.com\/wordpress\/plugins\/seo\/ -->\n<title>\u2018Festival Brilhe\u2019 est\u00e1 com inscri\u00e7\u00f5es abertas at\u00e9 dia 19 de mar\u00e7o - VerdadeOn<\/title>\n<meta name=\"robots\" content=\"index, follow, max-snippet:-1, max-image-preview:large, max-video-preview:-1\" \/>\n<link rel=\"canonical\" href=\"https:\/\/verdadeon.com.br\/portal\/2021\/03\/15\/festival-brilhe-esta-com-inscricoes-abertas-ate-dia-19-de-marco\/\" \/>\n<meta property=\"og:locale\" content=\"pt_BR\" \/>\n<meta property=\"og:type\" content=\"article\" \/>\n<meta property=\"og:title\" content=\"\u2018Festival Brilhe\u2019 est\u00e1 com inscri\u00e7\u00f5es abertas at\u00e9 dia 19 de mar\u00e7o - VerdadeOn\" \/>\n<meta property=\"og:description\" content=\"Iniciativa mescla apresenta\u00e7\u00f5es de Drags com circo, de forma totalmente gratuita Acontece de 17 a 25 de abril, o \u201cFestival Brilhe\u201d, de forma online e totalmente [\u2026]\" \/>\n<meta property=\"og:url\" content=\"https:\/\/verdadeon.com.br\/portal\/2021\/03\/15\/festival-brilhe-esta-com-inscricoes-abertas-ate-dia-19-de-marco\/\" \/>\n<meta property=\"og:site_name\" content=\"VerdadeOn\" \/>\n<meta property=\"article:published_time\" content=\"2021-03-15T20:17:21+00:00\" \/>\n<meta property=\"og:image\" content=\"https:\/\/verdadeon.com.br\/portal\/wp-content\/uploads\/2021\/03\/WhatsApp-Image-2021-03-15-at-17.14.56.jpeg\" \/>\n\t<meta property=\"og:image:width\" content=\"1000\" \/>\n\t<meta property=\"og:image:height\" content=\"670\" \/>\n\t<meta property=\"og:image:type\" content=\"image\/jpeg\" \/>\n<meta name=\"author\" content=\"Fernando Calixto\" \/>\n<meta name=\"twitter:card\" content=\"summary_large_image\" \/>\n<meta name=\"twitter:label1\" content=\"Escrito por\" \/>\n\t<meta name=\"twitter:data1\" content=\"Fernando Calixto\" \/>\n\t<meta name=\"twitter:label2\" content=\"Est. tempo de leitura\" \/>\n\t<meta name=\"twitter:data2\" content=\"3 minutos\" \/>\n<script type=\"application\/ld+json\" class=\"yoast-schema-graph\">{\"@context\":\"https:\/\/schema.org\",\"@graph\":[{\"@type\":\"WebPage\",\"@id\":\"https:\/\/verdadeon.com.br\/portal\/2021\/03\/15\/festival-brilhe-esta-com-inscricoes-abertas-ate-dia-19-de-marco\/\",\"url\":\"https:\/\/verdadeon.com.br\/portal\/2021\/03\/15\/festival-brilhe-esta-com-inscricoes-abertas-ate-dia-19-de-marco\/\",\"name\":\"\u2018Festival Brilhe\u2019 est\u00e1 com inscri\u00e7\u00f5es abertas at\u00e9 dia 19 de mar\u00e7o - VerdadeOn\",\"isPartOf\":{\"@id\":\"https:\/\/verdadeon.com.br\/portal\/#website\"},\"primaryImageOfPage\":{\"@id\":\"https:\/\/verdadeon.com.br\/portal\/2021\/03\/15\/festival-brilhe-esta-com-inscricoes-abertas-ate-dia-19-de-marco\/#primaryimage\"},\"image\":{\"@id\":\"https:\/\/verdadeon.com.br\/portal\/2021\/03\/15\/festival-brilhe-esta-com-inscricoes-abertas-ate-dia-19-de-marco\/#primaryimage\"},\"thumbnailUrl\":\"https:\/\/i0.wp.com\/verdadeon.com.br\/portal\/wp-content\/uploads\/2021\/03\/WhatsApp-Image-2021-03-15-at-17.14.56.jpeg?fit=1000%2C670&ssl=1\",\"datePublished\":\"2021-03-15T20:17:21+00:00\",\"author\":{\"@id\":\"https:\/\/verdadeon.com.br\/portal\/#\/schema\/person\/8994718f49ee62ba5610471e29ca1f62\"},\"breadcrumb\":{\"@id\":\"https:\/\/verdadeon.com.br\/portal\/2021\/03\/15\/festival-brilhe-esta-com-inscricoes-abertas-ate-dia-19-de-marco\/#breadcrumb\"},\"inLanguage\":\"pt-BR\",\"potentialAction\":[{\"@type\":\"ReadAction\",\"target\":[\"https:\/\/verdadeon.com.br\/portal\/2021\/03\/15\/festival-brilhe-esta-com-inscricoes-abertas-ate-dia-19-de-marco\/\"]}]},{\"@type\":\"ImageObject\",\"inLanguage\":\"pt-BR\",\"@id\":\"https:\/\/verdadeon.com.br\/portal\/2021\/03\/15\/festival-brilhe-esta-com-inscricoes-abertas-ate-dia-19-de-marco\/#primaryimage\",\"url\":\"https:\/\/i0.wp.com\/verdadeon.com.br\/portal\/wp-content\/uploads\/2021\/03\/WhatsApp-Image-2021-03-15-at-17.14.56.jpeg?fit=1000%2C670&ssl=1\",\"contentUrl\":\"https:\/\/i0.wp.com\/verdadeon.com.br\/portal\/wp-content\/uploads\/2021\/03\/WhatsApp-Image-2021-03-15-at-17.14.56.jpeg?fit=1000%2C670&ssl=1\",\"width\":1000,\"height\":670,\"caption\":\"Dani Barros \u00e9 uma das artistas idealizadoras do projeto | Foto: Divulga\u00e7\u00e3o\"},{\"@type\":\"BreadcrumbList\",\"@id\":\"https:\/\/verdadeon.com.br\/portal\/2021\/03\/15\/festival-brilhe-esta-com-inscricoes-abertas-ate-dia-19-de-marco\/#breadcrumb\",\"itemListElement\":[{\"@type\":\"ListItem\",\"position\":1,\"name\":\"In\u00edcio\",\"item\":\"https:\/\/verdadeon.com.br\/portal\/\"},{\"@type\":\"ListItem\",\"position\":2,\"name\":\"\u2018Festival Brilhe\u2019 est\u00e1 com inscri\u00e7\u00f5es abertas at\u00e9 dia 19 de mar\u00e7o\"}]},{\"@type\":\"WebSite\",\"@id\":\"https:\/\/verdadeon.com.br\/portal\/#website\",\"url\":\"https:\/\/verdadeon.com.br\/portal\/\",\"name\":\"VerdadeOn\",\"description\":\"Not\u00edcias di\u00e1rias sobre Franca, Regi\u00e3o, Esporte, Cultura, Cotidiano, Colunas. Cobertura nos principais eventos da cidade \u00e9 aqui - Verdadeon Franca\",\"potentialAction\":[{\"@type\":\"SearchAction\",\"target\":{\"@type\":\"EntryPoint\",\"urlTemplate\":\"https:\/\/verdadeon.com.br\/portal\/?s={search_term_string}\"},\"query-input\":{\"@type\":\"PropertyValueSpecification\",\"valueRequired\":true,\"valueName\":\"search_term_string\"}}],\"inLanguage\":\"pt-BR\"},{\"@type\":\"Person\",\"@id\":\"https:\/\/verdadeon.com.br\/portal\/#\/schema\/person\/8994718f49ee62ba5610471e29ca1f62\",\"name\":\"Fernando Calixto\",\"image\":{\"@type\":\"ImageObject\",\"inLanguage\":\"pt-BR\",\"@id\":\"https:\/\/verdadeon.com.br\/portal\/#\/schema\/person\/image\/\",\"url\":\"https:\/\/secure.gravatar.com\/avatar\/7578910c24966c0316c340f9dbd601e93ee9f9212e1033968b367af9306bd9fb?s=96&d=mm&r=g\",\"contentUrl\":\"https:\/\/secure.gravatar.com\/avatar\/7578910c24966c0316c340f9dbd601e93ee9f9212e1033968b367af9306bd9fb?s=96&d=mm&r=g\",\"caption\":\"Fernando Calixto\"},\"url\":\"https:\/\/verdadeon.com.br\/portal\/author\/fernando-calixto\/\"}]}<\/script>\n<!-- \/ Yoast SEO plugin. -->","yoast_head_json":{"title":"\u2018Festival Brilhe\u2019 est\u00e1 com inscri\u00e7\u00f5es abertas at\u00e9 dia 19 de mar\u00e7o - VerdadeOn","robots":{"index":"index","follow":"follow","max-snippet":"max-snippet:-1","max-image-preview":"max-image-preview:large","max-video-preview":"max-video-preview:-1"},"canonical":"https:\/\/verdadeon.com.br\/portal\/2021\/03\/15\/festival-brilhe-esta-com-inscricoes-abertas-ate-dia-19-de-marco\/","og_locale":"pt_BR","og_type":"article","og_title":"\u2018Festival Brilhe\u2019 est\u00e1 com inscri\u00e7\u00f5es abertas at\u00e9 dia 19 de mar\u00e7o - VerdadeOn","og_description":"Iniciativa mescla apresenta\u00e7\u00f5es de Drags com circo, de forma totalmente gratuita Acontece de 17 a 25 de abril, o \u201cFestival Brilhe\u201d, de forma online e totalmente [\u2026]","og_url":"https:\/\/verdadeon.com.br\/portal\/2021\/03\/15\/festival-brilhe-esta-com-inscricoes-abertas-ate-dia-19-de-marco\/","og_site_name":"VerdadeOn","article_published_time":"2021-03-15T20:17:21+00:00","og_image":[{"width":1000,"height":670,"url":"https:\/\/verdadeon.com.br\/portal\/wp-content\/uploads\/2021\/03\/WhatsApp-Image-2021-03-15-at-17.14.56.jpeg","type":"image\/jpeg"}],"author":"Fernando Calixto","twitter_card":"summary_large_image","twitter_misc":{"Escrito por":"Fernando Calixto","Est. tempo de leitura":"3 minutos"},"schema":{"@context":"https:\/\/schema.org","@graph":[{"@type":"WebPage","@id":"https:\/\/verdadeon.com.br\/portal\/2021\/03\/15\/festival-brilhe-esta-com-inscricoes-abertas-ate-dia-19-de-marco\/","url":"https:\/\/verdadeon.com.br\/portal\/2021\/03\/15\/festival-brilhe-esta-com-inscricoes-abertas-ate-dia-19-de-marco\/","name":"\u2018Festival Brilhe\u2019 est\u00e1 com inscri\u00e7\u00f5es abertas at\u00e9 dia 19 de mar\u00e7o - VerdadeOn","isPartOf":{"@id":"https:\/\/verdadeon.com.br\/portal\/#website"},"primaryImageOfPage":{"@id":"https:\/\/verdadeon.com.br\/portal\/2021\/03\/15\/festival-brilhe-esta-com-inscricoes-abertas-ate-dia-19-de-marco\/#primaryimage"},"image":{"@id":"https:\/\/verdadeon.com.br\/portal\/2021\/03\/15\/festival-brilhe-esta-com-inscricoes-abertas-ate-dia-19-de-marco\/#primaryimage"},"thumbnailUrl":"https:\/\/i0.wp.com\/verdadeon.com.br\/portal\/wp-content\/uploads\/2021\/03\/WhatsApp-Image-2021-03-15-at-17.14.56.jpeg?fit=1000%2C670&ssl=1","datePublished":"2021-03-15T20:17:21+00:00","author":{"@id":"https:\/\/verdadeon.com.br\/portal\/#\/schema\/person\/8994718f49ee62ba5610471e29ca1f62"},"breadcrumb":{"@id":"https:\/\/verdadeon.com.br\/portal\/2021\/03\/15\/festival-brilhe-esta-com-inscricoes-abertas-ate-dia-19-de-marco\/#breadcrumb"},"inLanguage":"pt-BR","potentialAction":[{"@type":"ReadAction","target":["https:\/\/verdadeon.com.br\/portal\/2021\/03\/15\/festival-brilhe-esta-com-inscricoes-abertas-ate-dia-19-de-marco\/"]}]},{"@type":"ImageObject","inLanguage":"pt-BR","@id":"https:\/\/verdadeon.com.br\/portal\/2021\/03\/15\/festival-brilhe-esta-com-inscricoes-abertas-ate-dia-19-de-marco\/#primaryimage","url":"https:\/\/i0.wp.com\/verdadeon.com.br\/portal\/wp-content\/uploads\/2021\/03\/WhatsApp-Image-2021-03-15-at-17.14.56.jpeg?fit=1000%2C670&ssl=1","contentUrl":"https:\/\/i0.wp.com\/verdadeon.com.br\/portal\/wp-content\/uploads\/2021\/03\/WhatsApp-Image-2021-03-15-at-17.14.56.jpeg?fit=1000%2C670&ssl=1","width":1000,"height":670,"caption":"Dani Barros \u00e9 uma das artistas idealizadoras do projeto | Foto: Divulga\u00e7\u00e3o"},{"@type":"BreadcrumbList","@id":"https:\/\/verdadeon.com.br\/portal\/2021\/03\/15\/festival-brilhe-esta-com-inscricoes-abertas-ate-dia-19-de-marco\/#breadcrumb","itemListElement":[{"@type":"ListItem","position":1,"name":"In\u00edcio","item":"https:\/\/verdadeon.com.br\/portal\/"},{"@type":"ListItem","position":2,"name":"\u2018Festival Brilhe\u2019 est\u00e1 com inscri\u00e7\u00f5es abertas at\u00e9 dia 19 de mar\u00e7o"}]},{"@type":"WebSite","@id":"https:\/\/verdadeon.com.br\/portal\/#website","url":"https:\/\/verdadeon.com.br\/portal\/","name":"VerdadeOn","description":"Not\u00edcias di\u00e1rias sobre Franca, Regi\u00e3o, Esporte, Cultura, Cotidiano, Colunas. Cobertura nos principais eventos da cidade \u00e9 aqui - Verdadeon Franca","potentialAction":[{"@type":"SearchAction","target":{"@type":"EntryPoint","urlTemplate":"https:\/\/verdadeon.com.br\/portal\/?s={search_term_string}"},"query-input":{"@type":"PropertyValueSpecification","valueRequired":true,"valueName":"search_term_string"}}],"inLanguage":"pt-BR"},{"@type":"Person","@id":"https:\/\/verdadeon.com.br\/portal\/#\/schema\/person\/8994718f49ee62ba5610471e29ca1f62","name":"Fernando Calixto","image":{"@type":"ImageObject","inLanguage":"pt-BR","@id":"https:\/\/verdadeon.com.br\/portal\/#\/schema\/person\/image\/","url":"https:\/\/secure.gravatar.com\/avatar\/7578910c24966c0316c340f9dbd601e93ee9f9212e1033968b367af9306bd9fb?s=96&d=mm&r=g","contentUrl":"https:\/\/secure.gravatar.com\/avatar\/7578910c24966c0316c340f9dbd601e93ee9f9212e1033968b367af9306bd9fb?s=96&d=mm&r=g","caption":"Fernando Calixto"},"url":"https:\/\/verdadeon.com.br\/portal\/author\/fernando-calixto\/"}]}},"jetpack_publicize_connections":[],"jetpack_featured_media_url":"https:\/\/i0.wp.com\/verdadeon.com.br\/portal\/wp-content\/uploads\/2021\/03\/WhatsApp-Image-2021-03-15-at-17.14.56.jpeg?fit=1000%2C670&ssl=1","jetpack_sharing_enabled":true,"_links":{"self":[{"href":"https:\/\/verdadeon.com.br\/portal\/wp-json\/wp\/v2\/posts\/15237","targetHints":{"allow":["GET"]}}],"collection":[{"href":"https:\/\/verdadeon.com.br\/portal\/wp-json\/wp\/v2\/posts"}],"about":[{"href":"https:\/\/verdadeon.com.br\/portal\/wp-json\/wp\/v2\/types\/post"}],"author":[{"embeddable":true,"href":"https:\/\/verdadeon.com.br\/portal\/wp-json\/wp\/v2\/users\/4"}],"replies":[{"embeddable":true,"href":"https:\/\/verdadeon.com.br\/portal\/wp-json\/wp\/v2\/comments?post=15237"}],"version-history":[{"count":0,"href":"https:\/\/verdadeon.com.br\/portal\/wp-json\/wp\/v2\/posts\/15237\/revisions"}],"wp:featuredmedia":[{"embeddable":true,"href":"https:\/\/verdadeon.com.br\/portal\/wp-json\/wp\/v2\/media\/15238"}],"wp:attachment":[{"href":"https:\/\/verdadeon.com.br\/portal\/wp-json\/wp\/v2\/media?parent=15237"}],"wp:term":[{"taxonomy":"category","embeddable":true,"href":"https:\/\/verdadeon.com.br\/portal\/wp-json\/wp\/v2\/categories?post=15237"},{"taxonomy":"post_tag","embeddable":true,"href":"https:\/\/verdadeon.com.br\/portal\/wp-json\/wp\/v2\/tags?post=15237"}],"curies":[{"name":"wp","href":"https:\/\/api.w.org\/{rel}","templated":true}]}}