{"id":15180,"date":"2021-03-13T21:18:14","date_gmt":"2021-03-14T00:18:14","guid":{"rendered":"https:\/\/verdadeon.com.br\/portal\/?p=15180"},"modified":"2021-03-13T21:18:14","modified_gmt":"2021-03-14T00:18:14","slug":"franca-ganha-representante-de-instituicao-de-pesquisas-criada-no-vale-do-silicio","status":"publish","type":"post","link":"https:\/\/verdadeon.com.br\/portal\/2021\/03\/13\/franca-ganha-representante-de-instituicao-de-pesquisas-criada-no-vale-do-silicio\/","title":{"rendered":"Franca ganha representante de institui\u00e7\u00e3o de pesquisas criada no Vale do Sil\u00edcio"},"content":{"rendered":"<h2>Jean Dunkl ser\u00e1 membro volunt\u00e1rio do Chapter da Singularity University, que foi fundada em uma base da Nasa<\/h2>\n<p>O empres\u00e1rio Jean Dunkl, CEO da CPD Consultoria, acaba de se tornar membro volunt\u00e1rio em Franca e regi\u00e3o do Chapter da Singularity University (SU), institui\u00e7\u00e3o de pesquisa fundada dentro de uma base da Nasa, no Vale do Sil\u00edcio &#8211; o mais conhecido centro mundial de inova\u00e7\u00e3o na Calif\u00f3rnia, Estados Unidos.<\/p>\n<p>A Singularity University \u00e9 uma empresa presente em mais de 127 pa\u00edses, que se posiciona como uma comunidade global de realizadores apaixonados por inova\u00e7\u00e3o, ci\u00eancia e tecnologia para a constru\u00e7\u00e3o de um futuro melhor para todos.<\/p>\n<p>Sempre com atua\u00e7\u00e3o focada no desenvolvimento do ecossistema empreendedor, na SU Jean Dunkl ter\u00e1 como principal papel gerar impacto na comunidade, promovendo discuss\u00e3o, debate, produ\u00e7\u00e3o de conte\u00fado, interc\u00e2mbio de conhecimento que envolvam tecnologias e iniciativas exponenciais para a solu\u00e7\u00e3o dos grandes desafios da humanidade.<\/p>\n<p>O trabalho em Franca ser\u00e1 por meio do Chapter de Ribeir\u00e3o Preto, junto a um grupo formado por 50 volunt\u00e1rios (entre eles, diretores e consultores de grandes empresas, empreendedores de startups, doutores e pesquisadores acad\u00eamicos, al\u00e9m de jovens universit\u00e1rios) das regi\u00f5es de Araraquara, S\u00e3o Carlos, S\u00e3o Jos\u00e9 do Rio Preto e Piracicaba.<\/p>\n<p>\u201cNosso objetivo \u00e9 inspirar pessoas por meio de conex\u00f5es e fomento \u00e0 inova\u00e7\u00e3o, tend\u00eancias, futuros, futurismo e impacto global. Estou muito feliz de representar a SU na nossa regi\u00e3o, com a expectativa de realizar muitas a\u00e7\u00f5es e projetos de apoio aos jovens e organiza\u00e7\u00f5es locais, como empresas privadas e p\u00fablicas\u201d, diz Jean.<\/p>\n<p>O time de lideran\u00e7a da SU atua com foco em \u201cFutures Literacy\u201d (tradu\u00e7\u00e3o livre de alfabetiza\u00e7\u00e3o em futuros), considerada a primeira, entre quatro habilidades, que podem melhorar o mundo depois da pandemia, segundo um estudo divulgado em 2020 pelo F\u00f3rum Econ\u00f4mico Mundial. Para nortear as a\u00e7\u00f5es, cinco \u00e1reas tem\u00e1ticas foram definidas: Tecnologias e ci\u00eancia, Futuro das organiza\u00e7\u00f5es, Futuro do ser humano, Futuro do planeta e Estudos de futuro.<\/p>\n<h2><strong>Quem \u00e9 Jean Dunkl<\/strong><\/h2>\n<p>Empres\u00e1rio, mentor em gest\u00e3o estrat\u00e9gica de neg\u00f3cios e apaixonado em desenvolver o ecossistema empreendedor. Especialista em Gest\u00e3o Empresarial pela FGV (Funda\u00e7\u00e3o Get\u00falio Vargas), CEO da CPD Consultoria Empresarial, gestor da Impera (Incubadora de Empresas de Base Tecnol\u00f3gica de Franca) e do MKBZ Studio, mentor em programas do Sebrae-SP, do Centro Paula Souza e do Founder Institute, volunt\u00e1rio da Singularity University e conselheiro da Acif (Associa\u00e7\u00e3o do Com\u00e9rcio e Ind\u00fastria de Franca).<\/p>\n","protected":false},"excerpt":{"rendered":"<p>Jean Dunkl ser\u00e1 membro volunt\u00e1rio do Chapter da Singularity University, que foi fundada em uma base da Nasa O empres\u00e1rio Jean Dunkl, CEO da CPD Consultoria,<span class=\"excerpt-hellip\"> [\u2026]<\/span><\/p>\n","protected":false},"author":4,"featured_media":15181,"comment_status":"open","ping_status":"open","sticky":false,"template":"","format":"standard","meta":{"_jetpack_memberships_contains_paid_content":false,"footnotes":"","jetpack_publicize_message":"","jetpack_publicize_feature_enabled":true,"jetpack_social_post_already_shared":false,"jetpack_social_options":{"image_generator_settings":{"template":"highway","default_image_id":0,"enabled":false},"version":2}},"categories":[28,81],"tags":[],"class_list":["post-15180","post","type-post","status-publish","format-standard","has-post-thumbnail","hentry","category-cotidiano","category-manchete"],"yoast_head":"<!-- This site is optimized with the Yoast SEO plugin v25.6 - https:\/\/yoast.com\/wordpress\/plugins\/seo\/ -->\n<title>Franca ganha representante de institui\u00e7\u00e3o de pesquisas criada no Vale do Sil\u00edcio - VerdadeOn<\/title>\n<meta name=\"robots\" content=\"index, follow, max-snippet:-1, max-image-preview:large, max-video-preview:-1\" \/>\n<link rel=\"canonical\" href=\"https:\/\/verdadeon.com.br\/portal\/2021\/03\/13\/franca-ganha-representante-de-instituicao-de-pesquisas-criada-no-vale-do-silicio\/\" \/>\n<meta property=\"og:locale\" content=\"pt_BR\" \/>\n<meta property=\"og:type\" content=\"article\" \/>\n<meta property=\"og:title\" content=\"Franca ganha representante de institui\u00e7\u00e3o de pesquisas criada no Vale do Sil\u00edcio - VerdadeOn\" \/>\n<meta property=\"og:description\" content=\"Jean Dunkl ser\u00e1 membro volunt\u00e1rio do Chapter da Singularity University, que foi fundada em uma base da Nasa O empres\u00e1rio Jean Dunkl, CEO da CPD Consultoria, [\u2026]\" \/>\n<meta property=\"og:url\" content=\"https:\/\/verdadeon.com.br\/portal\/2021\/03\/13\/franca-ganha-representante-de-instituicao-de-pesquisas-criada-no-vale-do-silicio\/\" \/>\n<meta property=\"og:site_name\" content=\"VerdadeOn\" \/>\n<meta property=\"article:published_time\" content=\"2021-03-14T00:18:14+00:00\" \/>\n<meta property=\"og:image\" content=\"https:\/\/verdadeon.com.br\/portal\/wp-content\/uploads\/2021\/03\/07-05-2020-CPD-Jean-Benu-Comunicac\u0327a\u0303o-Wilker-Maia-1182.jpg\" \/>\n\t<meta property=\"og:image:width\" content=\"1000\" \/>\n\t<meta property=\"og:image:height\" content=\"670\" \/>\n\t<meta property=\"og:image:type\" content=\"image\/jpeg\" \/>\n<meta name=\"author\" content=\"Fernando Calixto\" \/>\n<meta name=\"twitter:card\" content=\"summary_large_image\" \/>\n<meta name=\"twitter:label1\" content=\"Escrito por\" \/>\n\t<meta name=\"twitter:data1\" content=\"Fernando Calixto\" \/>\n\t<meta name=\"twitter:label2\" content=\"Est. tempo de leitura\" \/>\n\t<meta name=\"twitter:data2\" content=\"2 minutos\" \/>\n<script type=\"application\/ld+json\" class=\"yoast-schema-graph\">{\"@context\":\"https:\/\/schema.org\",\"@graph\":[{\"@type\":\"WebPage\",\"@id\":\"https:\/\/verdadeon.com.br\/portal\/2021\/03\/13\/franca-ganha-representante-de-instituicao-de-pesquisas-criada-no-vale-do-silicio\/\",\"url\":\"https:\/\/verdadeon.com.br\/portal\/2021\/03\/13\/franca-ganha-representante-de-instituicao-de-pesquisas-criada-no-vale-do-silicio\/\",\"name\":\"Franca ganha representante de institui\u00e7\u00e3o de pesquisas criada no Vale do Sil\u00edcio - VerdadeOn\",\"isPartOf\":{\"@id\":\"https:\/\/verdadeon.com.br\/portal\/#website\"},\"primaryImageOfPage\":{\"@id\":\"https:\/\/verdadeon.com.br\/portal\/2021\/03\/13\/franca-ganha-representante-de-instituicao-de-pesquisas-criada-no-vale-do-silicio\/#primaryimage\"},\"image\":{\"@id\":\"https:\/\/verdadeon.com.br\/portal\/2021\/03\/13\/franca-ganha-representante-de-instituicao-de-pesquisas-criada-no-vale-do-silicio\/#primaryimage\"},\"thumbnailUrl\":\"https:\/\/i0.wp.com\/verdadeon.com.br\/portal\/wp-content\/uploads\/2021\/03\/07-05-2020-CPD-Jean-Benu-Comunicac%CC%A7a%CC%83o-Wilker-Maia-1182.jpg?fit=1000%2C670&ssl=1\",\"datePublished\":\"2021-03-14T00:18:14+00:00\",\"author\":{\"@id\":\"https:\/\/verdadeon.com.br\/portal\/#\/schema\/person\/8994718f49ee62ba5610471e29ca1f62\"},\"breadcrumb\":{\"@id\":\"https:\/\/verdadeon.com.br\/portal\/2021\/03\/13\/franca-ganha-representante-de-instituicao-de-pesquisas-criada-no-vale-do-silicio\/#breadcrumb\"},\"inLanguage\":\"pt-BR\",\"potentialAction\":[{\"@type\":\"ReadAction\",\"target\":[\"https:\/\/verdadeon.com.br\/portal\/2021\/03\/13\/franca-ganha-representante-de-instituicao-de-pesquisas-criada-no-vale-do-silicio\/\"]}]},{\"@type\":\"ImageObject\",\"inLanguage\":\"pt-BR\",\"@id\":\"https:\/\/verdadeon.com.br\/portal\/2021\/03\/13\/franca-ganha-representante-de-instituicao-de-pesquisas-criada-no-vale-do-silicio\/#primaryimage\",\"url\":\"https:\/\/i0.wp.com\/verdadeon.com.br\/portal\/wp-content\/uploads\/2021\/03\/07-05-2020-CPD-Jean-Benu-Comunicac%CC%A7a%CC%83o-Wilker-Maia-1182.jpg?fit=1000%2C670&ssl=1\",\"contentUrl\":\"https:\/\/i0.wp.com\/verdadeon.com.br\/portal\/wp-content\/uploads\/2021\/03\/07-05-2020-CPD-Jean-Benu-Comunicac%CC%A7a%CC%83o-Wilker-Maia-1182.jpg?fit=1000%2C670&ssl=1\",\"width\":1000,\"height\":670,\"caption\":\"O trabalho em Franca ser\u00e1 por meio do Chapter de Ribeir\u00e3o Preto, junto a um grupo formado por 50 volunt\u00e1rios | Foto:Wilker Maia\"},{\"@type\":\"BreadcrumbList\",\"@id\":\"https:\/\/verdadeon.com.br\/portal\/2021\/03\/13\/franca-ganha-representante-de-instituicao-de-pesquisas-criada-no-vale-do-silicio\/#breadcrumb\",\"itemListElement\":[{\"@type\":\"ListItem\",\"position\":1,\"name\":\"In\u00edcio\",\"item\":\"https:\/\/verdadeon.com.br\/portal\/\"},{\"@type\":\"ListItem\",\"position\":2,\"name\":\"Franca ganha representante de institui\u00e7\u00e3o de pesquisas criada no Vale do Sil\u00edcio\"}]},{\"@type\":\"WebSite\",\"@id\":\"https:\/\/verdadeon.com.br\/portal\/#website\",\"url\":\"https:\/\/verdadeon.com.br\/portal\/\",\"name\":\"VerdadeOn\",\"description\":\"Not\u00edcias di\u00e1rias sobre Franca, Regi\u00e3o, Esporte, Cultura, Cotidiano, Colunas. Cobertura nos principais eventos da cidade \u00e9 aqui - Verdadeon Franca\",\"potentialAction\":[{\"@type\":\"SearchAction\",\"target\":{\"@type\":\"EntryPoint\",\"urlTemplate\":\"https:\/\/verdadeon.com.br\/portal\/?s={search_term_string}\"},\"query-input\":{\"@type\":\"PropertyValueSpecification\",\"valueRequired\":true,\"valueName\":\"search_term_string\"}}],\"inLanguage\":\"pt-BR\"},{\"@type\":\"Person\",\"@id\":\"https:\/\/verdadeon.com.br\/portal\/#\/schema\/person\/8994718f49ee62ba5610471e29ca1f62\",\"name\":\"Fernando Calixto\",\"image\":{\"@type\":\"ImageObject\",\"inLanguage\":\"pt-BR\",\"@id\":\"https:\/\/verdadeon.com.br\/portal\/#\/schema\/person\/image\/\",\"url\":\"https:\/\/secure.gravatar.com\/avatar\/7578910c24966c0316c340f9dbd601e93ee9f9212e1033968b367af9306bd9fb?s=96&d=mm&r=g\",\"contentUrl\":\"https:\/\/secure.gravatar.com\/avatar\/7578910c24966c0316c340f9dbd601e93ee9f9212e1033968b367af9306bd9fb?s=96&d=mm&r=g\",\"caption\":\"Fernando Calixto\"},\"url\":\"https:\/\/verdadeon.com.br\/portal\/author\/fernando-calixto\/\"}]}<\/script>\n<!-- \/ Yoast SEO plugin. -->","yoast_head_json":{"title":"Franca ganha representante de institui\u00e7\u00e3o de pesquisas criada no Vale do Sil\u00edcio - VerdadeOn","robots":{"index":"index","follow":"follow","max-snippet":"max-snippet:-1","max-image-preview":"max-image-preview:large","max-video-preview":"max-video-preview:-1"},"canonical":"https:\/\/verdadeon.com.br\/portal\/2021\/03\/13\/franca-ganha-representante-de-instituicao-de-pesquisas-criada-no-vale-do-silicio\/","og_locale":"pt_BR","og_type":"article","og_title":"Franca ganha representante de institui\u00e7\u00e3o de pesquisas criada no Vale do Sil\u00edcio - VerdadeOn","og_description":"Jean Dunkl ser\u00e1 membro volunt\u00e1rio do Chapter da Singularity University, que foi fundada em uma base da Nasa O empres\u00e1rio Jean Dunkl, CEO da CPD Consultoria, [\u2026]","og_url":"https:\/\/verdadeon.com.br\/portal\/2021\/03\/13\/franca-ganha-representante-de-instituicao-de-pesquisas-criada-no-vale-do-silicio\/","og_site_name":"VerdadeOn","article_published_time":"2021-03-14T00:18:14+00:00","og_image":[{"width":1000,"height":670,"url":"https:\/\/verdadeon.com.br\/portal\/wp-content\/uploads\/2021\/03\/07-05-2020-CPD-Jean-Benu-Comunicac\u0327a\u0303o-Wilker-Maia-1182.jpg","type":"image\/jpeg"}],"author":"Fernando Calixto","twitter_card":"summary_large_image","twitter_misc":{"Escrito por":"Fernando Calixto","Est. tempo de leitura":"2 minutos"},"schema":{"@context":"https:\/\/schema.org","@graph":[{"@type":"WebPage","@id":"https:\/\/verdadeon.com.br\/portal\/2021\/03\/13\/franca-ganha-representante-de-instituicao-de-pesquisas-criada-no-vale-do-silicio\/","url":"https:\/\/verdadeon.com.br\/portal\/2021\/03\/13\/franca-ganha-representante-de-instituicao-de-pesquisas-criada-no-vale-do-silicio\/","name":"Franca ganha representante de institui\u00e7\u00e3o de pesquisas criada no Vale do Sil\u00edcio - VerdadeOn","isPartOf":{"@id":"https:\/\/verdadeon.com.br\/portal\/#website"},"primaryImageOfPage":{"@id":"https:\/\/verdadeon.com.br\/portal\/2021\/03\/13\/franca-ganha-representante-de-instituicao-de-pesquisas-criada-no-vale-do-silicio\/#primaryimage"},"image":{"@id":"https:\/\/verdadeon.com.br\/portal\/2021\/03\/13\/franca-ganha-representante-de-instituicao-de-pesquisas-criada-no-vale-do-silicio\/#primaryimage"},"thumbnailUrl":"https:\/\/i0.wp.com\/verdadeon.com.br\/portal\/wp-content\/uploads\/2021\/03\/07-05-2020-CPD-Jean-Benu-Comunicac%CC%A7a%CC%83o-Wilker-Maia-1182.jpg?fit=1000%2C670&ssl=1","datePublished":"2021-03-14T00:18:14+00:00","author":{"@id":"https:\/\/verdadeon.com.br\/portal\/#\/schema\/person\/8994718f49ee62ba5610471e29ca1f62"},"breadcrumb":{"@id":"https:\/\/verdadeon.com.br\/portal\/2021\/03\/13\/franca-ganha-representante-de-instituicao-de-pesquisas-criada-no-vale-do-silicio\/#breadcrumb"},"inLanguage":"pt-BR","potentialAction":[{"@type":"ReadAction","target":["https:\/\/verdadeon.com.br\/portal\/2021\/03\/13\/franca-ganha-representante-de-instituicao-de-pesquisas-criada-no-vale-do-silicio\/"]}]},{"@type":"ImageObject","inLanguage":"pt-BR","@id":"https:\/\/verdadeon.com.br\/portal\/2021\/03\/13\/franca-ganha-representante-de-instituicao-de-pesquisas-criada-no-vale-do-silicio\/#primaryimage","url":"https:\/\/i0.wp.com\/verdadeon.com.br\/portal\/wp-content\/uploads\/2021\/03\/07-05-2020-CPD-Jean-Benu-Comunicac%CC%A7a%CC%83o-Wilker-Maia-1182.jpg?fit=1000%2C670&ssl=1","contentUrl":"https:\/\/i0.wp.com\/verdadeon.com.br\/portal\/wp-content\/uploads\/2021\/03\/07-05-2020-CPD-Jean-Benu-Comunicac%CC%A7a%CC%83o-Wilker-Maia-1182.jpg?fit=1000%2C670&ssl=1","width":1000,"height":670,"caption":"O trabalho em Franca ser\u00e1 por meio do Chapter de Ribeir\u00e3o Preto, junto a um grupo formado por 50 volunt\u00e1rios | Foto:Wilker Maia"},{"@type":"BreadcrumbList","@id":"https:\/\/verdadeon.com.br\/portal\/2021\/03\/13\/franca-ganha-representante-de-instituicao-de-pesquisas-criada-no-vale-do-silicio\/#breadcrumb","itemListElement":[{"@type":"ListItem","position":1,"name":"In\u00edcio","item":"https:\/\/verdadeon.com.br\/portal\/"},{"@type":"ListItem","position":2,"name":"Franca ganha representante de institui\u00e7\u00e3o de pesquisas criada no Vale do Sil\u00edcio"}]},{"@type":"WebSite","@id":"https:\/\/verdadeon.com.br\/portal\/#website","url":"https:\/\/verdadeon.com.br\/portal\/","name":"VerdadeOn","description":"Not\u00edcias di\u00e1rias sobre Franca, Regi\u00e3o, Esporte, Cultura, Cotidiano, Colunas. Cobertura nos principais eventos da cidade \u00e9 aqui - Verdadeon Franca","potentialAction":[{"@type":"SearchAction","target":{"@type":"EntryPoint","urlTemplate":"https:\/\/verdadeon.com.br\/portal\/?s={search_term_string}"},"query-input":{"@type":"PropertyValueSpecification","valueRequired":true,"valueName":"search_term_string"}}],"inLanguage":"pt-BR"},{"@type":"Person","@id":"https:\/\/verdadeon.com.br\/portal\/#\/schema\/person\/8994718f49ee62ba5610471e29ca1f62","name":"Fernando Calixto","image":{"@type":"ImageObject","inLanguage":"pt-BR","@id":"https:\/\/verdadeon.com.br\/portal\/#\/schema\/person\/image\/","url":"https:\/\/secure.gravatar.com\/avatar\/7578910c24966c0316c340f9dbd601e93ee9f9212e1033968b367af9306bd9fb?s=96&d=mm&r=g","contentUrl":"https:\/\/secure.gravatar.com\/avatar\/7578910c24966c0316c340f9dbd601e93ee9f9212e1033968b367af9306bd9fb?s=96&d=mm&r=g","caption":"Fernando Calixto"},"url":"https:\/\/verdadeon.com.br\/portal\/author\/fernando-calixto\/"}]}},"jetpack_publicize_connections":[],"jetpack_featured_media_url":"https:\/\/i0.wp.com\/verdadeon.com.br\/portal\/wp-content\/uploads\/2021\/03\/07-05-2020-CPD-Jean-Benu-Comunicac%CC%A7a%CC%83o-Wilker-Maia-1182.jpg?fit=1000%2C670&ssl=1","jetpack_sharing_enabled":true,"_links":{"self":[{"href":"https:\/\/verdadeon.com.br\/portal\/wp-json\/wp\/v2\/posts\/15180","targetHints":{"allow":["GET"]}}],"collection":[{"href":"https:\/\/verdadeon.com.br\/portal\/wp-json\/wp\/v2\/posts"}],"about":[{"href":"https:\/\/verdadeon.com.br\/portal\/wp-json\/wp\/v2\/types\/post"}],"author":[{"embeddable":true,"href":"https:\/\/verdadeon.com.br\/portal\/wp-json\/wp\/v2\/users\/4"}],"replies":[{"embeddable":true,"href":"https:\/\/verdadeon.com.br\/portal\/wp-json\/wp\/v2\/comments?post=15180"}],"version-history":[{"count":0,"href":"https:\/\/verdadeon.com.br\/portal\/wp-json\/wp\/v2\/posts\/15180\/revisions"}],"wp:featuredmedia":[{"embeddable":true,"href":"https:\/\/verdadeon.com.br\/portal\/wp-json\/wp\/v2\/media\/15181"}],"wp:attachment":[{"href":"https:\/\/verdadeon.com.br\/portal\/wp-json\/wp\/v2\/media?parent=15180"}],"wp:term":[{"taxonomy":"category","embeddable":true,"href":"https:\/\/verdadeon.com.br\/portal\/wp-json\/wp\/v2\/categories?post=15180"},{"taxonomy":"post_tag","embeddable":true,"href":"https:\/\/verdadeon.com.br\/portal\/wp-json\/wp\/v2\/tags?post=15180"}],"curies":[{"name":"wp","href":"https:\/\/api.w.org\/{rel}","templated":true}]}}