{"id":15179,"date":"2021-03-13T21:19:42","date_gmt":"2021-03-14T00:19:42","guid":{"rendered":"https:\/\/verdadeon.com.br\/portal\/?p=15179"},"modified":"2021-03-13T21:19:42","modified_gmt":"2021-03-14T00:19:42","slug":"comeca-imunizacao-de-idosos-com-75-anos-ou-mais-em-franca","status":"publish","type":"post","link":"https:\/\/verdadeon.com.br\/portal\/2021\/03\/13\/comeca-imunizacao-de-idosos-com-75-anos-ou-mais-em-franca\/","title":{"rendered":"Come\u00e7a imuniza\u00e7\u00e3o de idosos com 75 anos ou mais em Franca"},"content":{"rendered":"<h2>Vacina contra a covid-19 est\u00e1 sendo aplicada em dois pontos de drive thru e em unidades de sa\u00fade de Franca<\/h2>\n<p>Come\u00e7a na pr\u00f3xima segunda-feira (15), a aplica\u00e7\u00e3o da primeira dose da vacina contra a covid-19 em idosos com 75 anos ou mais. A informa\u00e7\u00e3o foi confirmada pela Prefeitura de Franca.<br \/>\nDe acordo com o calend\u00e1rio divulgado a imuniza\u00e7\u00e3o acontece nas UBS\u2019s do Leporace, Brasil\u00e2ndia, Parque do Horto, Esta\u00e7\u00e3o, \u00c2ngela Rosa e nos pontos de drive thru do Franca Shopping e do complexo Poliesportivo. Esses pontos aplicar\u00e3o exclusivamente a primeira dose da vacina em idosos com 75 anos ou mais.<br \/>\nJ\u00e1 a segunda dose \u00e9 aplicada exclusivamente em idosos com 85 anos ou mais, na UBS do Jardim Aeroporto I, na UBS do Jardim Luiza. J\u00e1 a aplica\u00e7\u00e3o da segunda dose em profissionais da sa\u00fade acontece apenas na UBS do Jardim Paulista. Nas unidades de sa\u00fade a aplica\u00e7\u00e3o acontece das 7h30 at\u00e9 \u00e0s 13h, j\u00e1 nos drives o hor\u00e1rio \u00e9 maior, das 8h at\u00e9 \u00e0s 17h.<br \/>\nPara ser vacinado \u00e9 necess\u00e1rio levar CPF, RG. No caso da segunda dose, al\u00e9m dos documentos \u00e9 obrigat\u00f3ria a apresenta\u00e7\u00e3o do cart\u00e3o de vacina\u00e7\u00e3o contendo o registro da primeira dose. O atendimento acontece mediante distribui\u00e7\u00e3o de senhas, que segundo a prefeitura devido a quantidade de doses que foram recebidas.<\/p>\n","protected":false},"excerpt":{"rendered":"<p>Vacina contra a covid-19 est\u00e1 sendo aplicada em dois pontos de drive thru e em unidades de sa\u00fade de Franca Come\u00e7a na pr\u00f3xima segunda-feira (15), a<span class=\"excerpt-hellip\"> [\u2026]<\/span><\/p>\n","protected":false},"author":4,"featured_media":15182,"comment_status":"open","ping_status":"open","sticky":false,"template":"","format":"standard","meta":{"_jetpack_memberships_contains_paid_content":false,"footnotes":"","jetpack_publicize_message":"","jetpack_publicize_feature_enabled":true,"jetpack_social_post_already_shared":false,"jetpack_social_options":{"image_generator_settings":{"template":"highway","default_image_id":0,"enabled":false},"version":2}},"categories":[28,81],"tags":[],"class_list":["post-15179","post","type-post","status-publish","format-standard","has-post-thumbnail","hentry","category-cotidiano","category-manchete"],"yoast_head":"<!-- This site is optimized with the Yoast SEO plugin v25.6 - https:\/\/yoast.com\/wordpress\/plugins\/seo\/ -->\n<title>Come\u00e7a imuniza\u00e7\u00e3o de idosos com 75 anos ou mais em Franca - VerdadeOn<\/title>\n<meta name=\"robots\" content=\"index, follow, max-snippet:-1, max-image-preview:large, max-video-preview:-1\" \/>\n<link rel=\"canonical\" href=\"https:\/\/verdadeon.com.br\/portal\/2021\/03\/13\/comeca-imunizacao-de-idosos-com-75-anos-ou-mais-em-franca\/\" \/>\n<meta property=\"og:locale\" content=\"pt_BR\" \/>\n<meta property=\"og:type\" content=\"article\" \/>\n<meta property=\"og:title\" content=\"Come\u00e7a imuniza\u00e7\u00e3o de idosos com 75 anos ou mais em Franca - VerdadeOn\" \/>\n<meta property=\"og:description\" content=\"Vacina contra a covid-19 est\u00e1 sendo aplicada em dois pontos de drive thru e em unidades de sa\u00fade de Franca Come\u00e7a na pr\u00f3xima segunda-feira (15), a [\u2026]\" \/>\n<meta property=\"og:url\" content=\"https:\/\/verdadeon.com.br\/portal\/2021\/03\/13\/comeca-imunizacao-de-idosos-com-75-anos-ou-mais-em-franca\/\" \/>\n<meta property=\"og:site_name\" content=\"VerdadeOn\" \/>\n<meta property=\"article:published_time\" content=\"2021-03-14T00:19:42+00:00\" \/>\n<meta property=\"og:image\" content=\"https:\/\/verdadeon.com.br\/portal\/wp-content\/uploads\/2021\/03\/WhatsApp-Image-2021-03-13-at-09.16.21.jpeg\" \/>\n\t<meta property=\"og:image:width\" content=\"1000\" \/>\n\t<meta property=\"og:image:height\" content=\"670\" \/>\n\t<meta property=\"og:image:type\" content=\"image\/jpeg\" \/>\n<meta name=\"author\" content=\"Fernando Calixto\" \/>\n<meta name=\"twitter:card\" content=\"summary_large_image\" \/>\n<meta name=\"twitter:label1\" content=\"Escrito por\" \/>\n\t<meta name=\"twitter:data1\" content=\"Fernando Calixto\" \/>\n\t<meta name=\"twitter:label2\" content=\"Est. tempo de leitura\" \/>\n\t<meta name=\"twitter:data2\" content=\"1 minuto\" \/>\n<script type=\"application\/ld+json\" class=\"yoast-schema-graph\">{\"@context\":\"https:\/\/schema.org\",\"@graph\":[{\"@type\":\"WebPage\",\"@id\":\"https:\/\/verdadeon.com.br\/portal\/2021\/03\/13\/comeca-imunizacao-de-idosos-com-75-anos-ou-mais-em-franca\/\",\"url\":\"https:\/\/verdadeon.com.br\/portal\/2021\/03\/13\/comeca-imunizacao-de-idosos-com-75-anos-ou-mais-em-franca\/\",\"name\":\"Come\u00e7a imuniza\u00e7\u00e3o de idosos com 75 anos ou mais em Franca - VerdadeOn\",\"isPartOf\":{\"@id\":\"https:\/\/verdadeon.com.br\/portal\/#website\"},\"primaryImageOfPage\":{\"@id\":\"https:\/\/verdadeon.com.br\/portal\/2021\/03\/13\/comeca-imunizacao-de-idosos-com-75-anos-ou-mais-em-franca\/#primaryimage\"},\"image\":{\"@id\":\"https:\/\/verdadeon.com.br\/portal\/2021\/03\/13\/comeca-imunizacao-de-idosos-com-75-anos-ou-mais-em-franca\/#primaryimage\"},\"thumbnailUrl\":\"https:\/\/i0.wp.com\/verdadeon.com.br\/portal\/wp-content\/uploads\/2021\/03\/WhatsApp-Image-2021-03-13-at-09.16.21.jpeg?fit=1000%2C670&ssl=1\",\"datePublished\":\"2021-03-14T00:19:42+00:00\",\"author\":{\"@id\":\"https:\/\/verdadeon.com.br\/portal\/#\/schema\/person\/8994718f49ee62ba5610471e29ca1f62\"},\"breadcrumb\":{\"@id\":\"https:\/\/verdadeon.com.br\/portal\/2021\/03\/13\/comeca-imunizacao-de-idosos-com-75-anos-ou-mais-em-franca\/#breadcrumb\"},\"inLanguage\":\"pt-BR\",\"potentialAction\":[{\"@type\":\"ReadAction\",\"target\":[\"https:\/\/verdadeon.com.br\/portal\/2021\/03\/13\/comeca-imunizacao-de-idosos-com-75-anos-ou-mais-em-franca\/\"]}]},{\"@type\":\"ImageObject\",\"inLanguage\":\"pt-BR\",\"@id\":\"https:\/\/verdadeon.com.br\/portal\/2021\/03\/13\/comeca-imunizacao-de-idosos-com-75-anos-ou-mais-em-franca\/#primaryimage\",\"url\":\"https:\/\/i0.wp.com\/verdadeon.com.br\/portal\/wp-content\/uploads\/2021\/03\/WhatsApp-Image-2021-03-13-at-09.16.21.jpeg?fit=1000%2C670&ssl=1\",\"contentUrl\":\"https:\/\/i0.wp.com\/verdadeon.com.br\/portal\/wp-content\/uploads\/2021\/03\/WhatsApp-Image-2021-03-13-at-09.16.21.jpeg?fit=1000%2C670&ssl=1\",\"width\":1000,\"height\":670,\"caption\":\"\u00a0Atendimento acontece mediante retirada de senhas nos locais de vacina\u00e7\u00e3o | Foto: Divulga\u00e7\u00e3o\"},{\"@type\":\"BreadcrumbList\",\"@id\":\"https:\/\/verdadeon.com.br\/portal\/2021\/03\/13\/comeca-imunizacao-de-idosos-com-75-anos-ou-mais-em-franca\/#breadcrumb\",\"itemListElement\":[{\"@type\":\"ListItem\",\"position\":1,\"name\":\"In\u00edcio\",\"item\":\"https:\/\/verdadeon.com.br\/portal\/\"},{\"@type\":\"ListItem\",\"position\":2,\"name\":\"Come\u00e7a imuniza\u00e7\u00e3o de idosos com 75 anos ou mais em Franca\"}]},{\"@type\":\"WebSite\",\"@id\":\"https:\/\/verdadeon.com.br\/portal\/#website\",\"url\":\"https:\/\/verdadeon.com.br\/portal\/\",\"name\":\"VerdadeOn\",\"description\":\"Not\u00edcias di\u00e1rias sobre Franca, Regi\u00e3o, Esporte, Cultura, Cotidiano, Colunas. Cobertura nos principais eventos da cidade \u00e9 aqui - Verdadeon Franca\",\"potentialAction\":[{\"@type\":\"SearchAction\",\"target\":{\"@type\":\"EntryPoint\",\"urlTemplate\":\"https:\/\/verdadeon.com.br\/portal\/?s={search_term_string}\"},\"query-input\":{\"@type\":\"PropertyValueSpecification\",\"valueRequired\":true,\"valueName\":\"search_term_string\"}}],\"inLanguage\":\"pt-BR\"},{\"@type\":\"Person\",\"@id\":\"https:\/\/verdadeon.com.br\/portal\/#\/schema\/person\/8994718f49ee62ba5610471e29ca1f62\",\"name\":\"Fernando Calixto\",\"image\":{\"@type\":\"ImageObject\",\"inLanguage\":\"pt-BR\",\"@id\":\"https:\/\/verdadeon.com.br\/portal\/#\/schema\/person\/image\/\",\"url\":\"https:\/\/secure.gravatar.com\/avatar\/7578910c24966c0316c340f9dbd601e93ee9f9212e1033968b367af9306bd9fb?s=96&d=mm&r=g\",\"contentUrl\":\"https:\/\/secure.gravatar.com\/avatar\/7578910c24966c0316c340f9dbd601e93ee9f9212e1033968b367af9306bd9fb?s=96&d=mm&r=g\",\"caption\":\"Fernando Calixto\"},\"url\":\"https:\/\/verdadeon.com.br\/portal\/author\/fernando-calixto\/\"}]}<\/script>\n<!-- \/ Yoast SEO plugin. -->","yoast_head_json":{"title":"Come\u00e7a imuniza\u00e7\u00e3o de idosos com 75 anos ou mais em Franca - VerdadeOn","robots":{"index":"index","follow":"follow","max-snippet":"max-snippet:-1","max-image-preview":"max-image-preview:large","max-video-preview":"max-video-preview:-1"},"canonical":"https:\/\/verdadeon.com.br\/portal\/2021\/03\/13\/comeca-imunizacao-de-idosos-com-75-anos-ou-mais-em-franca\/","og_locale":"pt_BR","og_type":"article","og_title":"Come\u00e7a imuniza\u00e7\u00e3o de idosos com 75 anos ou mais em Franca - VerdadeOn","og_description":"Vacina contra a covid-19 est\u00e1 sendo aplicada em dois pontos de drive thru e em unidades de sa\u00fade de Franca Come\u00e7a na pr\u00f3xima segunda-feira (15), a [\u2026]","og_url":"https:\/\/verdadeon.com.br\/portal\/2021\/03\/13\/comeca-imunizacao-de-idosos-com-75-anos-ou-mais-em-franca\/","og_site_name":"VerdadeOn","article_published_time":"2021-03-14T00:19:42+00:00","og_image":[{"width":1000,"height":670,"url":"https:\/\/verdadeon.com.br\/portal\/wp-content\/uploads\/2021\/03\/WhatsApp-Image-2021-03-13-at-09.16.21.jpeg","type":"image\/jpeg"}],"author":"Fernando Calixto","twitter_card":"summary_large_image","twitter_misc":{"Escrito por":"Fernando Calixto","Est. tempo de leitura":"1 minuto"},"schema":{"@context":"https:\/\/schema.org","@graph":[{"@type":"WebPage","@id":"https:\/\/verdadeon.com.br\/portal\/2021\/03\/13\/comeca-imunizacao-de-idosos-com-75-anos-ou-mais-em-franca\/","url":"https:\/\/verdadeon.com.br\/portal\/2021\/03\/13\/comeca-imunizacao-de-idosos-com-75-anos-ou-mais-em-franca\/","name":"Come\u00e7a imuniza\u00e7\u00e3o de idosos com 75 anos ou mais em Franca - VerdadeOn","isPartOf":{"@id":"https:\/\/verdadeon.com.br\/portal\/#website"},"primaryImageOfPage":{"@id":"https:\/\/verdadeon.com.br\/portal\/2021\/03\/13\/comeca-imunizacao-de-idosos-com-75-anos-ou-mais-em-franca\/#primaryimage"},"image":{"@id":"https:\/\/verdadeon.com.br\/portal\/2021\/03\/13\/comeca-imunizacao-de-idosos-com-75-anos-ou-mais-em-franca\/#primaryimage"},"thumbnailUrl":"https:\/\/i0.wp.com\/verdadeon.com.br\/portal\/wp-content\/uploads\/2021\/03\/WhatsApp-Image-2021-03-13-at-09.16.21.jpeg?fit=1000%2C670&ssl=1","datePublished":"2021-03-14T00:19:42+00:00","author":{"@id":"https:\/\/verdadeon.com.br\/portal\/#\/schema\/person\/8994718f49ee62ba5610471e29ca1f62"},"breadcrumb":{"@id":"https:\/\/verdadeon.com.br\/portal\/2021\/03\/13\/comeca-imunizacao-de-idosos-com-75-anos-ou-mais-em-franca\/#breadcrumb"},"inLanguage":"pt-BR","potentialAction":[{"@type":"ReadAction","target":["https:\/\/verdadeon.com.br\/portal\/2021\/03\/13\/comeca-imunizacao-de-idosos-com-75-anos-ou-mais-em-franca\/"]}]},{"@type":"ImageObject","inLanguage":"pt-BR","@id":"https:\/\/verdadeon.com.br\/portal\/2021\/03\/13\/comeca-imunizacao-de-idosos-com-75-anos-ou-mais-em-franca\/#primaryimage","url":"https:\/\/i0.wp.com\/verdadeon.com.br\/portal\/wp-content\/uploads\/2021\/03\/WhatsApp-Image-2021-03-13-at-09.16.21.jpeg?fit=1000%2C670&ssl=1","contentUrl":"https:\/\/i0.wp.com\/verdadeon.com.br\/portal\/wp-content\/uploads\/2021\/03\/WhatsApp-Image-2021-03-13-at-09.16.21.jpeg?fit=1000%2C670&ssl=1","width":1000,"height":670,"caption":"\u00a0Atendimento acontece mediante retirada de senhas nos locais de vacina\u00e7\u00e3o | Foto: Divulga\u00e7\u00e3o"},{"@type":"BreadcrumbList","@id":"https:\/\/verdadeon.com.br\/portal\/2021\/03\/13\/comeca-imunizacao-de-idosos-com-75-anos-ou-mais-em-franca\/#breadcrumb","itemListElement":[{"@type":"ListItem","position":1,"name":"In\u00edcio","item":"https:\/\/verdadeon.com.br\/portal\/"},{"@type":"ListItem","position":2,"name":"Come\u00e7a imuniza\u00e7\u00e3o de idosos com 75 anos ou mais em Franca"}]},{"@type":"WebSite","@id":"https:\/\/verdadeon.com.br\/portal\/#website","url":"https:\/\/verdadeon.com.br\/portal\/","name":"VerdadeOn","description":"Not\u00edcias di\u00e1rias sobre Franca, Regi\u00e3o, Esporte, Cultura, Cotidiano, Colunas. Cobertura nos principais eventos da cidade \u00e9 aqui - Verdadeon Franca","potentialAction":[{"@type":"SearchAction","target":{"@type":"EntryPoint","urlTemplate":"https:\/\/verdadeon.com.br\/portal\/?s={search_term_string}"},"query-input":{"@type":"PropertyValueSpecification","valueRequired":true,"valueName":"search_term_string"}}],"inLanguage":"pt-BR"},{"@type":"Person","@id":"https:\/\/verdadeon.com.br\/portal\/#\/schema\/person\/8994718f49ee62ba5610471e29ca1f62","name":"Fernando Calixto","image":{"@type":"ImageObject","inLanguage":"pt-BR","@id":"https:\/\/verdadeon.com.br\/portal\/#\/schema\/person\/image\/","url":"https:\/\/secure.gravatar.com\/avatar\/7578910c24966c0316c340f9dbd601e93ee9f9212e1033968b367af9306bd9fb?s=96&d=mm&r=g","contentUrl":"https:\/\/secure.gravatar.com\/avatar\/7578910c24966c0316c340f9dbd601e93ee9f9212e1033968b367af9306bd9fb?s=96&d=mm&r=g","caption":"Fernando Calixto"},"url":"https:\/\/verdadeon.com.br\/portal\/author\/fernando-calixto\/"}]}},"jetpack_publicize_connections":[],"jetpack_featured_media_url":"https:\/\/i0.wp.com\/verdadeon.com.br\/portal\/wp-content\/uploads\/2021\/03\/WhatsApp-Image-2021-03-13-at-09.16.21.jpeg?fit=1000%2C670&ssl=1","jetpack_sharing_enabled":true,"_links":{"self":[{"href":"https:\/\/verdadeon.com.br\/portal\/wp-json\/wp\/v2\/posts\/15179","targetHints":{"allow":["GET"]}}],"collection":[{"href":"https:\/\/verdadeon.com.br\/portal\/wp-json\/wp\/v2\/posts"}],"about":[{"href":"https:\/\/verdadeon.com.br\/portal\/wp-json\/wp\/v2\/types\/post"}],"author":[{"embeddable":true,"href":"https:\/\/verdadeon.com.br\/portal\/wp-json\/wp\/v2\/users\/4"}],"replies":[{"embeddable":true,"href":"https:\/\/verdadeon.com.br\/portal\/wp-json\/wp\/v2\/comments?post=15179"}],"version-history":[{"count":0,"href":"https:\/\/verdadeon.com.br\/portal\/wp-json\/wp\/v2\/posts\/15179\/revisions"}],"wp:featuredmedia":[{"embeddable":true,"href":"https:\/\/verdadeon.com.br\/portal\/wp-json\/wp\/v2\/media\/15182"}],"wp:attachment":[{"href":"https:\/\/verdadeon.com.br\/portal\/wp-json\/wp\/v2\/media?parent=15179"}],"wp:term":[{"taxonomy":"category","embeddable":true,"href":"https:\/\/verdadeon.com.br\/portal\/wp-json\/wp\/v2\/categories?post=15179"},{"taxonomy":"post_tag","embeddable":true,"href":"https:\/\/verdadeon.com.br\/portal\/wp-json\/wp\/v2\/tags?post=15179"}],"curies":[{"name":"wp","href":"https:\/\/api.w.org\/{rel}","templated":true}]}}