{"id":15154,"date":"2021-03-13T00:47:17","date_gmt":"2021-03-13T03:47:17","guid":{"rendered":"https:\/\/verdadeon.com.br\/portal\/?p=15154"},"modified":"2021-03-13T00:47:17","modified_gmt":"2021-03-13T03:47:17","slug":"a-zona-de-conforto-vai-te-matar","status":"publish","type":"post","link":"https:\/\/verdadeon.com.br\/portal\/2021\/03\/13\/a-zona-de-conforto-vai-te-matar\/","title":{"rendered":"A zona de conforto vai te matar!"},"content":{"rendered":"<p class=\"p1\"><span class=\"s1\">Uma das minhas maiores preocupa\u00e7\u00f5es \u00e9 morrer sem ter a chance de me defender. Por isso, decidi levantar a bandeira a favor das armas e quero ver voc\u00eas armados at\u00e9 os dentes. Bom, antes que os julgamentos se iniciem, preciso trazer informa\u00e7\u00f5es adicionais.<\/span><\/p>\n<p class=\"p1\"><span class=\"s1\">Em um paralelo n\u00e3o muito distante, quantas pessoas conhecemos que, de um dia para outro, simplesmente morreram? Eu sou capaz de citar dezenas, entre parentes e amigos que n\u00e3o est\u00e3o mais entre n\u00f3s, ao menos no plano f\u00edsico. E o que mais me chama a aten\u00e7\u00e3o \u00e9 que simplesmente n\u00e3o tiveram a chance de se defender. <\/span><\/p>\n<p class=\"p1\"><span class=\"s1\">Voc\u00ea ainda deve estar pensando que as armas \u00e0s quais me refiro s\u00e3o as armas de fogo. N\u00e3o, esse texto n\u00e3o se trata da minha opini\u00e3o em rela\u00e7\u00e3o \u00e0s armas de fogo. Ent\u00e3o quais as armas de que estamos falando?<\/span><\/p>\n<p class=\"p1\"><span class=\"s1\">Vamos l\u00e1! H\u00e1 cerca de 20 anos eu perdi um tio para o c\u00e2ncer. A doen\u00e7a foi se desenvolvendo silenciosamente, at\u00e9 que um dia deu um sinal, a dor, mas j\u00e1 era tarde e n\u00e3o havia nada mais a ser feito. Em alguns meses o pior aconteceu. E todos os dias isso acontece, seja por um tumor ou por uma doen\u00e7a card\u00edaca, vascular ou respirat\u00f3ria, enfim, quando percebemos j\u00e1 \u00e9 tarde.<\/span><\/p>\n<p class=\"p1\"><span class=\"s1\">Assim funciona nossa vida. Estamos bem e muitas vezes em zona de conforto. Aos desconfortos leves nos adaptamos e, quando deparamos com algo grande, n\u00e3o tratamos, mas fazemos de tudo para desviar e deixar logo para tr\u00e1s. Nas empresas, sobretudo nas de gest\u00e3o n\u00e3o profissional este comportamento se repete. <\/span><\/p>\n<p class=\"p1\"><span class=\"s1\">Mas qual o motivo dessa resist\u00eancia ao desconforto?<\/span><\/p>\n<p class=\"p1\"><span class=\"s1\">Desafiar o status quo, ou desafiar o estado em que as coisas est\u00e3o, incomoda. Significa sair da zona de conforto e, para muitos, este \u00e9 um exerc\u00edcio quase imposs\u00edvel, machuca, d\u00f3i!<\/span><\/p>\n<p class=\"p1\"><span class=\"s1\">Chegamos ao ponto: a Dor! Se adaptar \u00e0 dor, usar tratamentos paliativos ou simplesmente fugir do problema s\u00e3o formas de recusar a chance de se defender. Quando voc\u00ea perceber, j\u00e1 ser\u00e1 tarde. <\/span><\/p>\n<p class=\"p1\"><span class=\"s1\">Muitas vezes, nos deparamos com situa\u00e7\u00f5es em que d\u00f3i algo que nem sab\u00edamos que poderia doer, e esse \u00e9 um sinal do universo para que voc\u00ea possa se defender. Cabe a voc\u00ea criar os anticorpos e acionar seus sistemas de defesa. <\/span><\/p>\n<p class=\"p1\"><span class=\"s1\">\u00c9 na dor que aprendemos, nos desenvolvemos e encontramos as sa\u00eddas mais inusitadas. <\/span><\/p>\n<p class=\"p1\"><span class=\"s1\">Essa dor causada por sair da zona de conforto, por desafiar o status quo, pode ser percebida mais facilmente por quem tem por h\u00e1bito se desafiar ou por algu\u00e9m que, de alguma forma, sofreu o impacto de uma situa\u00e7\u00e3o em que foi coadjuvante, caiu de gaiato, como diriam os mais experientes.<\/span><\/p>\n<p class=\"p1\"><span class=\"s1\">Se eu pudesse dar hoje uma dica, seria: desafie o seu status quo antes que algu\u00e9m fa\u00e7a isso por voc\u00ea.<\/span><\/p>\n<p class=\"p1\"><span class=\"s1\">Algumas perguntas podem te ajudar como: onde estou, onde quero chegar e o que estou fazendo para chegar l\u00e1. Parece simples, mas pense em se aprofundar nas quest\u00f5es e, principalmente, tenha certeza de que o mundo n\u00e3o ser\u00e1 o mesmo em cinco anos. Ent\u00e3o pense bem nas respostas a longo prazo.<\/span><\/p>\n<p class=\"p1\"><span class=\"s1\">Mas, e a hist\u00f3ria das armas? Ah sim, as nossas principais armas s\u00e3o a informa\u00e7\u00e3o, a resili\u00eancia, a disciplina, a coragem e o poder de a\u00e7\u00e3o.\u00a0<\/span><\/p>\n<p>&nbsp;<\/p>\n<p class=\"p1\">Jean Dunkl<\/p>\n<p class=\"p2\">@jeandunkl<\/p>\n<p class=\"p2\">CEO da CPD Consultoria, mentor em Gest\u00e3o Estrat\u00e9gica de Neg\u00f3cios e gestor da Impera (Incubadora de Empresas de Base Tecnol\u00f3gica de Franca)<\/p>\n","protected":false},"excerpt":{"rendered":"<p>Uma das minhas maiores preocupa\u00e7\u00f5es \u00e9 morrer sem ter a chance de me defender. Por isso, decidi levantar a bandeira a favor das armas e quero<span class=\"excerpt-hellip\"> [\u2026]<\/span><\/p>\n","protected":false},"author":4,"featured_media":0,"comment_status":"open","ping_status":"open","sticky":false,"template":"","format":"standard","meta":{"_jetpack_memberships_contains_paid_content":false,"footnotes":"","jetpack_publicize_message":"","jetpack_publicize_feature_enabled":true,"jetpack_social_post_already_shared":false,"jetpack_social_options":{"image_generator_settings":{"template":"highway","default_image_id":0,"enabled":false},"version":2}},"categories":[92],"tags":[],"class_list":["post-15154","post","type-post","status-publish","format-standard","hentry","category-colunista"],"yoast_head":"<!-- This site is optimized with the Yoast SEO plugin v25.6 - https:\/\/yoast.com\/wordpress\/plugins\/seo\/ -->\n<title>A zona de conforto vai te matar! - VerdadeOn<\/title>\n<meta name=\"robots\" content=\"index, follow, max-snippet:-1, max-image-preview:large, max-video-preview:-1\" \/>\n<link rel=\"canonical\" href=\"https:\/\/verdadeon.com.br\/portal\/2021\/03\/13\/a-zona-de-conforto-vai-te-matar\/\" \/>\n<meta property=\"og:locale\" content=\"pt_BR\" \/>\n<meta property=\"og:type\" content=\"article\" \/>\n<meta property=\"og:title\" content=\"A zona de conforto vai te matar! - VerdadeOn\" \/>\n<meta property=\"og:description\" content=\"Uma das minhas maiores preocupa\u00e7\u00f5es \u00e9 morrer sem ter a chance de me defender. Por isso, decidi levantar a bandeira a favor das armas e quero [\u2026]\" \/>\n<meta property=\"og:url\" content=\"https:\/\/verdadeon.com.br\/portal\/2021\/03\/13\/a-zona-de-conforto-vai-te-matar\/\" \/>\n<meta property=\"og:site_name\" content=\"VerdadeOn\" \/>\n<meta property=\"article:published_time\" content=\"2021-03-13T03:47:17+00:00\" \/>\n<meta name=\"author\" content=\"Fernando Calixto\" \/>\n<meta name=\"twitter:card\" content=\"summary_large_image\" \/>\n<meta name=\"twitter:label1\" content=\"Escrito por\" \/>\n\t<meta name=\"twitter:data1\" content=\"Fernando Calixto\" \/>\n\t<meta name=\"twitter:label2\" content=\"Est. tempo de leitura\" \/>\n\t<meta name=\"twitter:data2\" content=\"3 minutos\" \/>\n<script type=\"application\/ld+json\" class=\"yoast-schema-graph\">{\"@context\":\"https:\/\/schema.org\",\"@graph\":[{\"@type\":\"WebPage\",\"@id\":\"https:\/\/verdadeon.com.br\/portal\/2021\/03\/13\/a-zona-de-conforto-vai-te-matar\/\",\"url\":\"https:\/\/verdadeon.com.br\/portal\/2021\/03\/13\/a-zona-de-conforto-vai-te-matar\/\",\"name\":\"A zona de conforto vai te matar! - VerdadeOn\",\"isPartOf\":{\"@id\":\"https:\/\/verdadeon.com.br\/portal\/#website\"},\"datePublished\":\"2021-03-13T03:47:17+00:00\",\"author\":{\"@id\":\"https:\/\/verdadeon.com.br\/portal\/#\/schema\/person\/8994718f49ee62ba5610471e29ca1f62\"},\"breadcrumb\":{\"@id\":\"https:\/\/verdadeon.com.br\/portal\/2021\/03\/13\/a-zona-de-conforto-vai-te-matar\/#breadcrumb\"},\"inLanguage\":\"pt-BR\",\"potentialAction\":[{\"@type\":\"ReadAction\",\"target\":[\"https:\/\/verdadeon.com.br\/portal\/2021\/03\/13\/a-zona-de-conforto-vai-te-matar\/\"]}]},{\"@type\":\"BreadcrumbList\",\"@id\":\"https:\/\/verdadeon.com.br\/portal\/2021\/03\/13\/a-zona-de-conforto-vai-te-matar\/#breadcrumb\",\"itemListElement\":[{\"@type\":\"ListItem\",\"position\":1,\"name\":\"In\u00edcio\",\"item\":\"https:\/\/verdadeon.com.br\/portal\/\"},{\"@type\":\"ListItem\",\"position\":2,\"name\":\"A zona de conforto vai te matar!\"}]},{\"@type\":\"WebSite\",\"@id\":\"https:\/\/verdadeon.com.br\/portal\/#website\",\"url\":\"https:\/\/verdadeon.com.br\/portal\/\",\"name\":\"VerdadeOn\",\"description\":\"Not\u00edcias di\u00e1rias sobre Franca, Regi\u00e3o, Esporte, Cultura, Cotidiano, Colunas. Cobertura nos principais eventos da cidade \u00e9 aqui - Verdadeon Franca\",\"potentialAction\":[{\"@type\":\"SearchAction\",\"target\":{\"@type\":\"EntryPoint\",\"urlTemplate\":\"https:\/\/verdadeon.com.br\/portal\/?s={search_term_string}\"},\"query-input\":{\"@type\":\"PropertyValueSpecification\",\"valueRequired\":true,\"valueName\":\"search_term_string\"}}],\"inLanguage\":\"pt-BR\"},{\"@type\":\"Person\",\"@id\":\"https:\/\/verdadeon.com.br\/portal\/#\/schema\/person\/8994718f49ee62ba5610471e29ca1f62\",\"name\":\"Fernando Calixto\",\"image\":{\"@type\":\"ImageObject\",\"inLanguage\":\"pt-BR\",\"@id\":\"https:\/\/verdadeon.com.br\/portal\/#\/schema\/person\/image\/\",\"url\":\"https:\/\/secure.gravatar.com\/avatar\/7578910c24966c0316c340f9dbd601e93ee9f9212e1033968b367af9306bd9fb?s=96&d=mm&r=g\",\"contentUrl\":\"https:\/\/secure.gravatar.com\/avatar\/7578910c24966c0316c340f9dbd601e93ee9f9212e1033968b367af9306bd9fb?s=96&d=mm&r=g\",\"caption\":\"Fernando Calixto\"},\"url\":\"https:\/\/verdadeon.com.br\/portal\/author\/fernando-calixto\/\"}]}<\/script>\n<!-- \/ Yoast SEO plugin. -->","yoast_head_json":{"title":"A zona de conforto vai te matar! - VerdadeOn","robots":{"index":"index","follow":"follow","max-snippet":"max-snippet:-1","max-image-preview":"max-image-preview:large","max-video-preview":"max-video-preview:-1"},"canonical":"https:\/\/verdadeon.com.br\/portal\/2021\/03\/13\/a-zona-de-conforto-vai-te-matar\/","og_locale":"pt_BR","og_type":"article","og_title":"A zona de conforto vai te matar! - VerdadeOn","og_description":"Uma das minhas maiores preocupa\u00e7\u00f5es \u00e9 morrer sem ter a chance de me defender. Por isso, decidi levantar a bandeira a favor das armas e quero [\u2026]","og_url":"https:\/\/verdadeon.com.br\/portal\/2021\/03\/13\/a-zona-de-conforto-vai-te-matar\/","og_site_name":"VerdadeOn","article_published_time":"2021-03-13T03:47:17+00:00","author":"Fernando Calixto","twitter_card":"summary_large_image","twitter_misc":{"Escrito por":"Fernando Calixto","Est. tempo de leitura":"3 minutos"},"schema":{"@context":"https:\/\/schema.org","@graph":[{"@type":"WebPage","@id":"https:\/\/verdadeon.com.br\/portal\/2021\/03\/13\/a-zona-de-conforto-vai-te-matar\/","url":"https:\/\/verdadeon.com.br\/portal\/2021\/03\/13\/a-zona-de-conforto-vai-te-matar\/","name":"A zona de conforto vai te matar! - VerdadeOn","isPartOf":{"@id":"https:\/\/verdadeon.com.br\/portal\/#website"},"datePublished":"2021-03-13T03:47:17+00:00","author":{"@id":"https:\/\/verdadeon.com.br\/portal\/#\/schema\/person\/8994718f49ee62ba5610471e29ca1f62"},"breadcrumb":{"@id":"https:\/\/verdadeon.com.br\/portal\/2021\/03\/13\/a-zona-de-conforto-vai-te-matar\/#breadcrumb"},"inLanguage":"pt-BR","potentialAction":[{"@type":"ReadAction","target":["https:\/\/verdadeon.com.br\/portal\/2021\/03\/13\/a-zona-de-conforto-vai-te-matar\/"]}]},{"@type":"BreadcrumbList","@id":"https:\/\/verdadeon.com.br\/portal\/2021\/03\/13\/a-zona-de-conforto-vai-te-matar\/#breadcrumb","itemListElement":[{"@type":"ListItem","position":1,"name":"In\u00edcio","item":"https:\/\/verdadeon.com.br\/portal\/"},{"@type":"ListItem","position":2,"name":"A zona de conforto vai te matar!"}]},{"@type":"WebSite","@id":"https:\/\/verdadeon.com.br\/portal\/#website","url":"https:\/\/verdadeon.com.br\/portal\/","name":"VerdadeOn","description":"Not\u00edcias di\u00e1rias sobre Franca, Regi\u00e3o, Esporte, Cultura, Cotidiano, Colunas. Cobertura nos principais eventos da cidade \u00e9 aqui - Verdadeon Franca","potentialAction":[{"@type":"SearchAction","target":{"@type":"EntryPoint","urlTemplate":"https:\/\/verdadeon.com.br\/portal\/?s={search_term_string}"},"query-input":{"@type":"PropertyValueSpecification","valueRequired":true,"valueName":"search_term_string"}}],"inLanguage":"pt-BR"},{"@type":"Person","@id":"https:\/\/verdadeon.com.br\/portal\/#\/schema\/person\/8994718f49ee62ba5610471e29ca1f62","name":"Fernando Calixto","image":{"@type":"ImageObject","inLanguage":"pt-BR","@id":"https:\/\/verdadeon.com.br\/portal\/#\/schema\/person\/image\/","url":"https:\/\/secure.gravatar.com\/avatar\/7578910c24966c0316c340f9dbd601e93ee9f9212e1033968b367af9306bd9fb?s=96&d=mm&r=g","contentUrl":"https:\/\/secure.gravatar.com\/avatar\/7578910c24966c0316c340f9dbd601e93ee9f9212e1033968b367af9306bd9fb?s=96&d=mm&r=g","caption":"Fernando Calixto"},"url":"https:\/\/verdadeon.com.br\/portal\/author\/fernando-calixto\/"}]}},"jetpack_publicize_connections":[],"jetpack_featured_media_url":"","jetpack_sharing_enabled":true,"_links":{"self":[{"href":"https:\/\/verdadeon.com.br\/portal\/wp-json\/wp\/v2\/posts\/15154","targetHints":{"allow":["GET"]}}],"collection":[{"href":"https:\/\/verdadeon.com.br\/portal\/wp-json\/wp\/v2\/posts"}],"about":[{"href":"https:\/\/verdadeon.com.br\/portal\/wp-json\/wp\/v2\/types\/post"}],"author":[{"embeddable":true,"href":"https:\/\/verdadeon.com.br\/portal\/wp-json\/wp\/v2\/users\/4"}],"replies":[{"embeddable":true,"href":"https:\/\/verdadeon.com.br\/portal\/wp-json\/wp\/v2\/comments?post=15154"}],"version-history":[{"count":0,"href":"https:\/\/verdadeon.com.br\/portal\/wp-json\/wp\/v2\/posts\/15154\/revisions"}],"wp:attachment":[{"href":"https:\/\/verdadeon.com.br\/portal\/wp-json\/wp\/v2\/media?parent=15154"}],"wp:term":[{"taxonomy":"category","embeddable":true,"href":"https:\/\/verdadeon.com.br\/portal\/wp-json\/wp\/v2\/categories?post=15154"},{"taxonomy":"post_tag","embeddable":true,"href":"https:\/\/verdadeon.com.br\/portal\/wp-json\/wp\/v2\/tags?post=15154"}],"curies":[{"name":"wp","href":"https:\/\/api.w.org\/{rel}","templated":true}]}}