{"id":15092,"date":"2021-03-11T16:06:15","date_gmt":"2021-03-11T19:06:15","guid":{"rendered":"https:\/\/verdadeon.com.br\/portal\/?p=15092"},"modified":"2021-03-11T16:06:15","modified_gmt":"2021-03-11T19:06:15","slug":"programa-desenvolve-franca-e-lancado-pela-prefeitura","status":"publish","type":"post","link":"https:\/\/verdadeon.com.br\/portal\/2021\/03\/11\/programa-desenvolve-franca-e-lancado-pela-prefeitura\/","title":{"rendered":"Programa \u2018Desenvolve Franca\u2019 \u00e9 lan\u00e7ado pela Prefeitura"},"content":{"rendered":"<h2>Projeto prev\u00ea desburocratizar processos, treinar empres\u00e1rios para que ganhem licita\u00e7\u00f5es entre outras medidas<\/h2>\n<p>Foi lan\u00e7ado pela Prefeitura Municipal, o Programa \u201cDesenvolve Franca\u201d, que \u00e9 um conjunto de a\u00e7\u00f5es voltadas em todas as \u00e1reas do governo, para estimular os setores produtivos e econ\u00f4micos da cidade contribuindo para a gera\u00e7\u00e3o de empregos e renda aos cidad\u00e3os.<br \/>\nO prefeito Alexandre Ferreira, destacou que desde janeiro est\u00e3o sendo feitas mudan\u00e7as que deram agilidade no atendimento, reduzindo o tempo para an\u00e1lise dos projetos de constru\u00e7\u00e3o civil. Atualmente, o setor \u00e9 um dos que mais contribuem para a gera\u00e7\u00e3o de empregos e renda da popula\u00e7\u00e3o e, na Secretaria de Infraestrutura, mais de 1,7 mil processos foram protocolados, nestes pouco mais de dois meses de governo, para a constru\u00e7\u00e3o de im\u00f3veis.<\/p>\n<p>On-line<br \/>\nDe imediato j\u00e1 como parte do \u2018Desenvolve Franca\u2019, a Prefeitura est\u00e1 implantando o Protocolo On-line: (1\u00aa fase: exceto para condom\u00ednios e loteamentos). Esta ferramenta vai permitir ao profissional ou propriet\u00e1rio da obra, inserir diretamente de seu escrit\u00f3rio ou resid\u00eancia, pelo site da Prefeitura, a documenta\u00e7\u00e3o necess\u00e1ria para aprova\u00e7\u00e3o do projeto e outros documentos. O tempo de espera para protocolar projetos era, em m\u00e9dia de 2h e 30 minutos, uma vez que o setor recebia no mesmo local, solicita\u00e7\u00f5es de pessoas para diversos servi\u00e7os e informa\u00e7\u00f5es prestados pela Prefeitura.<\/p>\n<p>Retirada de documentos on-line:<br \/>\nAssim como o protocolo on-line, o profissional e ou propriet\u00e1rio, de posse do n\u00famero do processo e senha de acesso ao sistema, consegue acompanhar o andamento da aprova\u00e7\u00e3o do seu pedido e, ao t\u00e9rmino da an\u00e1lise, mediante aprova\u00e7\u00e3o, sua documenta\u00e7\u00e3o \u00e9 disponibilizada no pr\u00f3prio sistema, pelo site da Prefeitura, para ser impressa ou realizado download diretamente de seu computador, sem a necessidade de se deslocar \u00e0 Prefeitura para a retirada da documenta\u00e7\u00e3o. Ela \u00e9 assinada, digitalmente, pelos t\u00e9cnicos respons\u00e1veis pela an\u00e1lise, com certificado digital, fato este que permite o reconhecimento da documenta\u00e7\u00e3o por qualquer outro \u00f3rg\u00e3o p\u00fablico ou privado.<br \/>\nA partir desta semana, todos esses servi\u00e7os da Secretaria de Infraestrutura est\u00e3o dispon\u00edveis para serem solicitados de forma on-line, atrav\u00e9s do site da Prefeitura de Franca, www.franca.sp.gov.br<br \/>\nFranca est\u00e1, atrav\u00e9s da Prefeitura, com 32 loteamentos em fase de aprova\u00e7\u00e3o pr\u00e9via. Desse universo, 17 s\u00e3o loteamentos em fase de aprova\u00e7\u00e3o definitiva, o que representa 1.900 lotes. Em aprova\u00e7\u00e3o, para este ano, tamb\u00e9m se encontram 112 lotes no Jardim Residencial Ana Helena. Somando-se todos estes empreendimentos, ser\u00e3o 9.322 lotes, cujo valor m\u00e9dio estimado \u00e9 de R$ 932,2 milh\u00f5es.<\/p>\n","protected":false},"excerpt":{"rendered":"<p>Projeto prev\u00ea desburocratizar processos, treinar empres\u00e1rios para que ganhem licita\u00e7\u00f5es entre outras medidas Foi lan\u00e7ado pela Prefeitura Municipal, o Programa \u201cDesenvolve Franca\u201d, que \u00e9 um conjunto<span class=\"excerpt-hellip\"> [\u2026]<\/span><\/p>\n","protected":false},"author":4,"featured_media":15096,"comment_status":"open","ping_status":"open","sticky":false,"template":"","format":"standard","meta":{"_jetpack_memberships_contains_paid_content":false,"footnotes":"","jetpack_publicize_message":"","jetpack_publicize_feature_enabled":true,"jetpack_social_post_already_shared":false,"jetpack_social_options":{"image_generator_settings":{"template":"highway","default_image_id":0,"enabled":false},"version":2}},"categories":[28,81],"tags":[],"class_list":["post-15092","post","type-post","status-publish","format-standard","has-post-thumbnail","hentry","category-cotidiano","category-manchete"],"yoast_head":"<!-- This site is optimized with the Yoast SEO plugin v25.6 - https:\/\/yoast.com\/wordpress\/plugins\/seo\/ -->\n<title>Programa \u2018Desenvolve Franca\u2019 \u00e9 lan\u00e7ado pela Prefeitura - VerdadeOn<\/title>\n<meta name=\"robots\" content=\"index, follow, max-snippet:-1, max-image-preview:large, max-video-preview:-1\" \/>\n<link rel=\"canonical\" href=\"https:\/\/verdadeon.com.br\/portal\/2021\/03\/11\/programa-desenvolve-franca-e-lancado-pela-prefeitura\/\" \/>\n<meta property=\"og:locale\" content=\"pt_BR\" \/>\n<meta property=\"og:type\" content=\"article\" \/>\n<meta property=\"og:title\" content=\"Programa \u2018Desenvolve Franca\u2019 \u00e9 lan\u00e7ado pela Prefeitura - VerdadeOn\" \/>\n<meta property=\"og:description\" content=\"Projeto prev\u00ea desburocratizar processos, treinar empres\u00e1rios para que ganhem licita\u00e7\u00f5es entre outras medidas Foi lan\u00e7ado pela Prefeitura Municipal, o Programa \u201cDesenvolve Franca\u201d, que \u00e9 um conjunto [\u2026]\" \/>\n<meta property=\"og:url\" content=\"https:\/\/verdadeon.com.br\/portal\/2021\/03\/11\/programa-desenvolve-franca-e-lancado-pela-prefeitura\/\" \/>\n<meta property=\"og:site_name\" content=\"VerdadeOn\" \/>\n<meta property=\"article:published_time\" content=\"2021-03-11T19:06:15+00:00\" \/>\n<meta property=\"og:image\" content=\"https:\/\/verdadeon.com.br\/portal\/wp-content\/uploads\/2021\/03\/WhatsApp-Image-2021-03-11-at-15.22.12-1.jpeg\" \/>\n\t<meta property=\"og:image:width\" content=\"1280\" \/>\n\t<meta property=\"og:image:height\" content=\"847\" \/>\n\t<meta property=\"og:image:type\" content=\"image\/jpeg\" \/>\n<meta name=\"author\" content=\"Fernando Calixto\" \/>\n<meta name=\"twitter:card\" content=\"summary_large_image\" \/>\n<meta name=\"twitter:label1\" content=\"Escrito por\" \/>\n\t<meta name=\"twitter:data1\" content=\"Fernando Calixto\" \/>\n\t<meta name=\"twitter:label2\" content=\"Est. tempo de leitura\" \/>\n\t<meta name=\"twitter:data2\" content=\"2 minutos\" \/>\n<script type=\"application\/ld+json\" class=\"yoast-schema-graph\">{\"@context\":\"https:\/\/schema.org\",\"@graph\":[{\"@type\":\"WebPage\",\"@id\":\"https:\/\/verdadeon.com.br\/portal\/2021\/03\/11\/programa-desenvolve-franca-e-lancado-pela-prefeitura\/\",\"url\":\"https:\/\/verdadeon.com.br\/portal\/2021\/03\/11\/programa-desenvolve-franca-e-lancado-pela-prefeitura\/\",\"name\":\"Programa \u2018Desenvolve Franca\u2019 \u00e9 lan\u00e7ado pela Prefeitura - VerdadeOn\",\"isPartOf\":{\"@id\":\"https:\/\/verdadeon.com.br\/portal\/#website\"},\"primaryImageOfPage\":{\"@id\":\"https:\/\/verdadeon.com.br\/portal\/2021\/03\/11\/programa-desenvolve-franca-e-lancado-pela-prefeitura\/#primaryimage\"},\"image\":{\"@id\":\"https:\/\/verdadeon.com.br\/portal\/2021\/03\/11\/programa-desenvolve-franca-e-lancado-pela-prefeitura\/#primaryimage\"},\"thumbnailUrl\":\"https:\/\/i0.wp.com\/verdadeon.com.br\/portal\/wp-content\/uploads\/2021\/03\/WhatsApp-Image-2021-03-11-at-15.22.12-1.jpeg?fit=1280%2C847&ssl=1\",\"datePublished\":\"2021-03-11T19:06:15+00:00\",\"author\":{\"@id\":\"https:\/\/verdadeon.com.br\/portal\/#\/schema\/person\/8994718f49ee62ba5610471e29ca1f62\"},\"breadcrumb\":{\"@id\":\"https:\/\/verdadeon.com.br\/portal\/2021\/03\/11\/programa-desenvolve-franca-e-lancado-pela-prefeitura\/#breadcrumb\"},\"inLanguage\":\"pt-BR\",\"potentialAction\":[{\"@type\":\"ReadAction\",\"target\":[\"https:\/\/verdadeon.com.br\/portal\/2021\/03\/11\/programa-desenvolve-franca-e-lancado-pela-prefeitura\/\"]}]},{\"@type\":\"ImageObject\",\"inLanguage\":\"pt-BR\",\"@id\":\"https:\/\/verdadeon.com.br\/portal\/2021\/03\/11\/programa-desenvolve-franca-e-lancado-pela-prefeitura\/#primaryimage\",\"url\":\"https:\/\/i0.wp.com\/verdadeon.com.br\/portal\/wp-content\/uploads\/2021\/03\/WhatsApp-Image-2021-03-11-at-15.22.12-1.jpeg?fit=1280%2C847&ssl=1\",\"contentUrl\":\"https:\/\/i0.wp.com\/verdadeon.com.br\/portal\/wp-content\/uploads\/2021\/03\/WhatsApp-Image-2021-03-11-at-15.22.12-1.jpeg?fit=1280%2C847&ssl=1\",\"width\":1280,\"height\":847,\"caption\":\"Desenvolve Franca foi lan\u00e7ado durante coletiva de imprensa no gabinete da Prefeitura | Foto: Divulga\u00e7\u00e3o\"},{\"@type\":\"BreadcrumbList\",\"@id\":\"https:\/\/verdadeon.com.br\/portal\/2021\/03\/11\/programa-desenvolve-franca-e-lancado-pela-prefeitura\/#breadcrumb\",\"itemListElement\":[{\"@type\":\"ListItem\",\"position\":1,\"name\":\"In\u00edcio\",\"item\":\"https:\/\/verdadeon.com.br\/portal\/\"},{\"@type\":\"ListItem\",\"position\":2,\"name\":\"Programa \u2018Desenvolve Franca\u2019 \u00e9 lan\u00e7ado pela Prefeitura\"}]},{\"@type\":\"WebSite\",\"@id\":\"https:\/\/verdadeon.com.br\/portal\/#website\",\"url\":\"https:\/\/verdadeon.com.br\/portal\/\",\"name\":\"VerdadeOn\",\"description\":\"Not\u00edcias di\u00e1rias sobre Franca, Regi\u00e3o, Esporte, Cultura, Cotidiano, Colunas. Cobertura nos principais eventos da cidade \u00e9 aqui - Verdadeon Franca\",\"potentialAction\":[{\"@type\":\"SearchAction\",\"target\":{\"@type\":\"EntryPoint\",\"urlTemplate\":\"https:\/\/verdadeon.com.br\/portal\/?s={search_term_string}\"},\"query-input\":{\"@type\":\"PropertyValueSpecification\",\"valueRequired\":true,\"valueName\":\"search_term_string\"}}],\"inLanguage\":\"pt-BR\"},{\"@type\":\"Person\",\"@id\":\"https:\/\/verdadeon.com.br\/portal\/#\/schema\/person\/8994718f49ee62ba5610471e29ca1f62\",\"name\":\"Fernando Calixto\",\"image\":{\"@type\":\"ImageObject\",\"inLanguage\":\"pt-BR\",\"@id\":\"https:\/\/verdadeon.com.br\/portal\/#\/schema\/person\/image\/\",\"url\":\"https:\/\/secure.gravatar.com\/avatar\/7578910c24966c0316c340f9dbd601e93ee9f9212e1033968b367af9306bd9fb?s=96&d=mm&r=g\",\"contentUrl\":\"https:\/\/secure.gravatar.com\/avatar\/7578910c24966c0316c340f9dbd601e93ee9f9212e1033968b367af9306bd9fb?s=96&d=mm&r=g\",\"caption\":\"Fernando Calixto\"},\"url\":\"https:\/\/verdadeon.com.br\/portal\/author\/fernando-calixto\/\"}]}<\/script>\n<!-- \/ Yoast SEO plugin. -->","yoast_head_json":{"title":"Programa \u2018Desenvolve Franca\u2019 \u00e9 lan\u00e7ado pela Prefeitura - VerdadeOn","robots":{"index":"index","follow":"follow","max-snippet":"max-snippet:-1","max-image-preview":"max-image-preview:large","max-video-preview":"max-video-preview:-1"},"canonical":"https:\/\/verdadeon.com.br\/portal\/2021\/03\/11\/programa-desenvolve-franca-e-lancado-pela-prefeitura\/","og_locale":"pt_BR","og_type":"article","og_title":"Programa \u2018Desenvolve Franca\u2019 \u00e9 lan\u00e7ado pela Prefeitura - VerdadeOn","og_description":"Projeto prev\u00ea desburocratizar processos, treinar empres\u00e1rios para que ganhem licita\u00e7\u00f5es entre outras medidas Foi lan\u00e7ado pela Prefeitura Municipal, o Programa \u201cDesenvolve Franca\u201d, que \u00e9 um conjunto [\u2026]","og_url":"https:\/\/verdadeon.com.br\/portal\/2021\/03\/11\/programa-desenvolve-franca-e-lancado-pela-prefeitura\/","og_site_name":"VerdadeOn","article_published_time":"2021-03-11T19:06:15+00:00","og_image":[{"width":1280,"height":847,"url":"https:\/\/verdadeon.com.br\/portal\/wp-content\/uploads\/2021\/03\/WhatsApp-Image-2021-03-11-at-15.22.12-1.jpeg","type":"image\/jpeg"}],"author":"Fernando Calixto","twitter_card":"summary_large_image","twitter_misc":{"Escrito por":"Fernando Calixto","Est. tempo de leitura":"2 minutos"},"schema":{"@context":"https:\/\/schema.org","@graph":[{"@type":"WebPage","@id":"https:\/\/verdadeon.com.br\/portal\/2021\/03\/11\/programa-desenvolve-franca-e-lancado-pela-prefeitura\/","url":"https:\/\/verdadeon.com.br\/portal\/2021\/03\/11\/programa-desenvolve-franca-e-lancado-pela-prefeitura\/","name":"Programa \u2018Desenvolve Franca\u2019 \u00e9 lan\u00e7ado pela Prefeitura - VerdadeOn","isPartOf":{"@id":"https:\/\/verdadeon.com.br\/portal\/#website"},"primaryImageOfPage":{"@id":"https:\/\/verdadeon.com.br\/portal\/2021\/03\/11\/programa-desenvolve-franca-e-lancado-pela-prefeitura\/#primaryimage"},"image":{"@id":"https:\/\/verdadeon.com.br\/portal\/2021\/03\/11\/programa-desenvolve-franca-e-lancado-pela-prefeitura\/#primaryimage"},"thumbnailUrl":"https:\/\/i0.wp.com\/verdadeon.com.br\/portal\/wp-content\/uploads\/2021\/03\/WhatsApp-Image-2021-03-11-at-15.22.12-1.jpeg?fit=1280%2C847&ssl=1","datePublished":"2021-03-11T19:06:15+00:00","author":{"@id":"https:\/\/verdadeon.com.br\/portal\/#\/schema\/person\/8994718f49ee62ba5610471e29ca1f62"},"breadcrumb":{"@id":"https:\/\/verdadeon.com.br\/portal\/2021\/03\/11\/programa-desenvolve-franca-e-lancado-pela-prefeitura\/#breadcrumb"},"inLanguage":"pt-BR","potentialAction":[{"@type":"ReadAction","target":["https:\/\/verdadeon.com.br\/portal\/2021\/03\/11\/programa-desenvolve-franca-e-lancado-pela-prefeitura\/"]}]},{"@type":"ImageObject","inLanguage":"pt-BR","@id":"https:\/\/verdadeon.com.br\/portal\/2021\/03\/11\/programa-desenvolve-franca-e-lancado-pela-prefeitura\/#primaryimage","url":"https:\/\/i0.wp.com\/verdadeon.com.br\/portal\/wp-content\/uploads\/2021\/03\/WhatsApp-Image-2021-03-11-at-15.22.12-1.jpeg?fit=1280%2C847&ssl=1","contentUrl":"https:\/\/i0.wp.com\/verdadeon.com.br\/portal\/wp-content\/uploads\/2021\/03\/WhatsApp-Image-2021-03-11-at-15.22.12-1.jpeg?fit=1280%2C847&ssl=1","width":1280,"height":847,"caption":"Desenvolve Franca foi lan\u00e7ado durante coletiva de imprensa no gabinete da Prefeitura | Foto: Divulga\u00e7\u00e3o"},{"@type":"BreadcrumbList","@id":"https:\/\/verdadeon.com.br\/portal\/2021\/03\/11\/programa-desenvolve-franca-e-lancado-pela-prefeitura\/#breadcrumb","itemListElement":[{"@type":"ListItem","position":1,"name":"In\u00edcio","item":"https:\/\/verdadeon.com.br\/portal\/"},{"@type":"ListItem","position":2,"name":"Programa \u2018Desenvolve Franca\u2019 \u00e9 lan\u00e7ado pela Prefeitura"}]},{"@type":"WebSite","@id":"https:\/\/verdadeon.com.br\/portal\/#website","url":"https:\/\/verdadeon.com.br\/portal\/","name":"VerdadeOn","description":"Not\u00edcias di\u00e1rias sobre Franca, Regi\u00e3o, Esporte, Cultura, Cotidiano, Colunas. Cobertura nos principais eventos da cidade \u00e9 aqui - Verdadeon Franca","potentialAction":[{"@type":"SearchAction","target":{"@type":"EntryPoint","urlTemplate":"https:\/\/verdadeon.com.br\/portal\/?s={search_term_string}"},"query-input":{"@type":"PropertyValueSpecification","valueRequired":true,"valueName":"search_term_string"}}],"inLanguage":"pt-BR"},{"@type":"Person","@id":"https:\/\/verdadeon.com.br\/portal\/#\/schema\/person\/8994718f49ee62ba5610471e29ca1f62","name":"Fernando Calixto","image":{"@type":"ImageObject","inLanguage":"pt-BR","@id":"https:\/\/verdadeon.com.br\/portal\/#\/schema\/person\/image\/","url":"https:\/\/secure.gravatar.com\/avatar\/7578910c24966c0316c340f9dbd601e93ee9f9212e1033968b367af9306bd9fb?s=96&d=mm&r=g","contentUrl":"https:\/\/secure.gravatar.com\/avatar\/7578910c24966c0316c340f9dbd601e93ee9f9212e1033968b367af9306bd9fb?s=96&d=mm&r=g","caption":"Fernando Calixto"},"url":"https:\/\/verdadeon.com.br\/portal\/author\/fernando-calixto\/"}]}},"jetpack_publicize_connections":[],"jetpack_featured_media_url":"https:\/\/i0.wp.com\/verdadeon.com.br\/portal\/wp-content\/uploads\/2021\/03\/WhatsApp-Image-2021-03-11-at-15.22.12-1.jpeg?fit=1280%2C847&ssl=1","jetpack_sharing_enabled":true,"_links":{"self":[{"href":"https:\/\/verdadeon.com.br\/portal\/wp-json\/wp\/v2\/posts\/15092","targetHints":{"allow":["GET"]}}],"collection":[{"href":"https:\/\/verdadeon.com.br\/portal\/wp-json\/wp\/v2\/posts"}],"about":[{"href":"https:\/\/verdadeon.com.br\/portal\/wp-json\/wp\/v2\/types\/post"}],"author":[{"embeddable":true,"href":"https:\/\/verdadeon.com.br\/portal\/wp-json\/wp\/v2\/users\/4"}],"replies":[{"embeddable":true,"href":"https:\/\/verdadeon.com.br\/portal\/wp-json\/wp\/v2\/comments?post=15092"}],"version-history":[{"count":0,"href":"https:\/\/verdadeon.com.br\/portal\/wp-json\/wp\/v2\/posts\/15092\/revisions"}],"wp:featuredmedia":[{"embeddable":true,"href":"https:\/\/verdadeon.com.br\/portal\/wp-json\/wp\/v2\/media\/15096"}],"wp:attachment":[{"href":"https:\/\/verdadeon.com.br\/portal\/wp-json\/wp\/v2\/media?parent=15092"}],"wp:term":[{"taxonomy":"category","embeddable":true,"href":"https:\/\/verdadeon.com.br\/portal\/wp-json\/wp\/v2\/categories?post=15092"},{"taxonomy":"post_tag","embeddable":true,"href":"https:\/\/verdadeon.com.br\/portal\/wp-json\/wp\/v2\/tags?post=15092"}],"curies":[{"name":"wp","href":"https:\/\/api.w.org\/{rel}","templated":true}]}}