{"id":15090,"date":"2021-03-11T16:05:22","date_gmt":"2021-03-11T19:05:22","guid":{"rendered":"https:\/\/verdadeon.com.br\/portal\/?p=15090"},"modified":"2021-03-11T16:05:22","modified_gmt":"2021-03-11T19:05:22","slug":"conab-preve-safra-de-2723-milhoes-de-toneladas-de-graos-para-2020-21","status":"publish","type":"post","link":"https:\/\/verdadeon.com.br\/portal\/2021\/03\/11\/conab-preve-safra-de-2723-milhoes-de-toneladas-de-graos-para-2020-21\/","title":{"rendered":"Conab prev\u00ea safra de 272,3 milh\u00f5es de toneladas de gr\u00e3os para 2020\/21"},"content":{"rendered":"<h2>A previs\u00e3o para o milho \u00e9 de produ\u00e7\u00e3o total recorde, com possibilidade de superar em 5,4% a safra 2019\/20<\/h2>\n<p>A produ\u00e7\u00e3o de gr\u00e3os no Brasil deve crescer 6% na safra 2020\/21, com aumento de 15,4 milh\u00f5es de toneladas em rela\u00e7\u00e3o \u00e0 safra anterior. A estimativa foi divulgada nesta quinta-feira (11), pela Companhia Nacional de Abastecimento (Conab) e chega a 272,3 milh\u00f5es de toneladas. Este \u00e9 o sexto levantamento de safra da Conab, do total de 12, realizado em campo na \u00faltima semana de fevereiro.<br \/>\nA previs\u00e3o para o milho \u00e9 de produ\u00e7\u00e3o total recorde, com possibilidade de superar em 5,4% a safra 2019\/20 e atingir mais de 108 milh\u00f5es de toneladas. Isso acontece diante de uma expectativa de aumento de 10,3% da produ\u00e7\u00e3o de milho de segunda safra, com o crescimento de 6,7% na \u00e1rea de plantio.<br \/>\nDe acordo com a Conab, no caso da soja, a cultura vem mantendo a tend\u00eancia de crescimento na \u00e1rea cultivada. Nesta safra, h\u00e1 possibilidade de crescimento de 4,1% em rela\u00e7\u00e3o ao ciclo passado, com uma \u00e1rea de 38,5 milh\u00f5es de hectares e produ\u00e7\u00e3o de 135,1 milh\u00f5es de toneladas.<br \/>\nO feij\u00e3o tamb\u00e9m tem alta estimada de 1,6% na produ\u00e7\u00e3o das tr\u00eas safras, totalizando 3,3 milh\u00f5es de toneladas. A primeira est\u00e1 em fase final de colheita, j\u00e1 a segunda, em fase final de plantio. O plantio da terceira come\u00e7a na segunda quinzena de abril.<br \/>\nJ\u00e1 para o arroz, h\u00e1 uma redu\u00e7\u00e3o de 1,9% na produ\u00e7\u00e3o em compara\u00e7\u00e3o com a safra anterior, com produ\u00e7\u00e3o prevista de 11 milh\u00f5es de toneladas. Pouco mais de 10 milh\u00f5es de toneladas s\u00e3o colhidas em cultivo irrigado e 900 mil em sequeiro. O algod\u00e3o segue na mesma linha, com redu\u00e7\u00e3o de 14,5% na \u00e1rea cultivada e produ\u00e7\u00e3o de 6,16 milh\u00f5es de toneladas de algod\u00e3o caro\u00e7o, correspondendo a 2,5 milh\u00f5es de toneladas de pluma.<br \/>\nA \u00e1rea de plantio de gr\u00e3os apresenta expans\u00e3o de 3,6% sobre a da safra anterior, estimada atualmente em 68,3 milh\u00f5es de hectares. Ap\u00f3s a colheita, principalmente da soja e do milho primeira safra, s\u00e3o plantadas as lavouras de segunda e terceira safras e as de inverno, em sucess\u00e3o, totalizando cerca de 20 milh\u00f5es de hectares.<br \/>\nMercado<br \/>\nSegundo a Conab, o algod\u00e3o em pluma continua com cen\u00e1rio positivo no mercado internacional. Com isso, as exporta\u00e7\u00f5es no acumulado de janeiro a fevereiro aumentaram 6,4% em rela\u00e7\u00e3o ao \u00faltimo ano. Para a soja, estima-se a venda de 86,1 milh\u00f5es de toneladas, com aumento de 3,7% sobre o \u00faltimo ano. Caso se confirme, ser\u00e1 um recorde da s\u00e9rie hist\u00f3rica.<br \/>\nNo caso do milho, os embarques continuam lentos, com previs\u00e3o de exporta\u00e7\u00f5es em 35 milh\u00f5es de toneladas para a safra atual, praticamente igual ao que foi observado para a safra 2019\/2020. Para o arroz, o ritmo das exporta\u00e7\u00f5es em fevereiro foi menor, comparado ao mesmo per\u00edodo do ano passado. No acumulado do ano, houve queda de 56% no volume exportado, ocasionada pelo menor n\u00edvel de estoques em dezembro e baixa disponibilidade do produto no in\u00edcio deste ano.<br \/>\nFonte: Ag\u00eancia Brasil<\/p>\n","protected":false},"excerpt":{"rendered":"<p>A previs\u00e3o para o milho \u00e9 de produ\u00e7\u00e3o total recorde, com possibilidade de superar em 5,4% a safra 2019\/20 A produ\u00e7\u00e3o de gr\u00e3os no Brasil deve<span class=\"excerpt-hellip\"> [\u2026]<\/span><\/p>\n","protected":false},"author":4,"featured_media":15095,"comment_status":"open","ping_status":"open","sticky":false,"template":"","format":"standard","meta":{"_jetpack_memberships_contains_paid_content":false,"footnotes":"","jetpack_publicize_message":"","jetpack_publicize_feature_enabled":true,"jetpack_social_post_already_shared":false,"jetpack_social_options":{"image_generator_settings":{"template":"highway","default_image_id":0,"enabled":false},"version":2}},"categories":[28,44],"tags":[],"class_list":["post-15090","post","type-post","status-publish","format-standard","has-post-thumbnail","hentry","category-cotidiano","category-noticias"],"yoast_head":"<!-- This site is optimized with the Yoast SEO plugin v25.6 - https:\/\/yoast.com\/wordpress\/plugins\/seo\/ -->\n<title>Conab prev\u00ea safra de 272,3 milh\u00f5es de toneladas de gr\u00e3os para 2020\/21 - VerdadeOn<\/title>\n<meta name=\"robots\" content=\"index, follow, max-snippet:-1, max-image-preview:large, max-video-preview:-1\" \/>\n<link rel=\"canonical\" href=\"https:\/\/verdadeon.com.br\/portal\/2021\/03\/11\/conab-preve-safra-de-2723-milhoes-de-toneladas-de-graos-para-2020-21\/\" \/>\n<meta property=\"og:locale\" content=\"pt_BR\" \/>\n<meta property=\"og:type\" content=\"article\" \/>\n<meta property=\"og:title\" content=\"Conab prev\u00ea safra de 272,3 milh\u00f5es de toneladas de gr\u00e3os para 2020\/21 - VerdadeOn\" \/>\n<meta property=\"og:description\" content=\"A previs\u00e3o para o milho \u00e9 de produ\u00e7\u00e3o total recorde, com possibilidade de superar em 5,4% a safra 2019\/20 A produ\u00e7\u00e3o de gr\u00e3os no Brasil deve [\u2026]\" \/>\n<meta property=\"og:url\" content=\"https:\/\/verdadeon.com.br\/portal\/2021\/03\/11\/conab-preve-safra-de-2723-milhoes-de-toneladas-de-graos-para-2020-21\/\" \/>\n<meta property=\"og:site_name\" content=\"VerdadeOn\" \/>\n<meta property=\"article:published_time\" content=\"2021-03-11T19:05:22+00:00\" \/>\n<meta property=\"og:image\" content=\"https:\/\/verdadeon.com.br\/portal\/wp-content\/uploads\/2021\/03\/WhatsApp-Image-2021-03-11-at-15.50.33.jpeg\" \/>\n\t<meta property=\"og:image:width\" content=\"1000\" \/>\n\t<meta property=\"og:image:height\" content=\"670\" \/>\n\t<meta property=\"og:image:type\" content=\"image\/jpeg\" \/>\n<meta name=\"author\" content=\"Fernando Calixto\" \/>\n<meta name=\"twitter:card\" content=\"summary_large_image\" \/>\n<meta name=\"twitter:label1\" content=\"Escrito por\" \/>\n\t<meta name=\"twitter:data1\" content=\"Fernando Calixto\" \/>\n\t<meta name=\"twitter:label2\" content=\"Est. tempo de leitura\" \/>\n\t<meta name=\"twitter:data2\" content=\"3 minutos\" \/>\n<script type=\"application\/ld+json\" class=\"yoast-schema-graph\">{\"@context\":\"https:\/\/schema.org\",\"@graph\":[{\"@type\":\"WebPage\",\"@id\":\"https:\/\/verdadeon.com.br\/portal\/2021\/03\/11\/conab-preve-safra-de-2723-milhoes-de-toneladas-de-graos-para-2020-21\/\",\"url\":\"https:\/\/verdadeon.com.br\/portal\/2021\/03\/11\/conab-preve-safra-de-2723-milhoes-de-toneladas-de-graos-para-2020-21\/\",\"name\":\"Conab prev\u00ea safra de 272,3 milh\u00f5es de toneladas de gr\u00e3os para 2020\/21 - VerdadeOn\",\"isPartOf\":{\"@id\":\"https:\/\/verdadeon.com.br\/portal\/#website\"},\"primaryImageOfPage\":{\"@id\":\"https:\/\/verdadeon.com.br\/portal\/2021\/03\/11\/conab-preve-safra-de-2723-milhoes-de-toneladas-de-graos-para-2020-21\/#primaryimage\"},\"image\":{\"@id\":\"https:\/\/verdadeon.com.br\/portal\/2021\/03\/11\/conab-preve-safra-de-2723-milhoes-de-toneladas-de-graos-para-2020-21\/#primaryimage\"},\"thumbnailUrl\":\"https:\/\/i0.wp.com\/verdadeon.com.br\/portal\/wp-content\/uploads\/2021\/03\/WhatsApp-Image-2021-03-11-at-15.50.33.jpeg?fit=1000%2C670&ssl=1\",\"datePublished\":\"2021-03-11T19:05:22+00:00\",\"author\":{\"@id\":\"https:\/\/verdadeon.com.br\/portal\/#\/schema\/person\/8994718f49ee62ba5610471e29ca1f62\"},\"breadcrumb\":{\"@id\":\"https:\/\/verdadeon.com.br\/portal\/2021\/03\/11\/conab-preve-safra-de-2723-milhoes-de-toneladas-de-graos-para-2020-21\/#breadcrumb\"},\"inLanguage\":\"pt-BR\",\"potentialAction\":[{\"@type\":\"ReadAction\",\"target\":[\"https:\/\/verdadeon.com.br\/portal\/2021\/03\/11\/conab-preve-safra-de-2723-milhoes-de-toneladas-de-graos-para-2020-21\/\"]}]},{\"@type\":\"ImageObject\",\"inLanguage\":\"pt-BR\",\"@id\":\"https:\/\/verdadeon.com.br\/portal\/2021\/03\/11\/conab-preve-safra-de-2723-milhoes-de-toneladas-de-graos-para-2020-21\/#primaryimage\",\"url\":\"https:\/\/i0.wp.com\/verdadeon.com.br\/portal\/wp-content\/uploads\/2021\/03\/WhatsApp-Image-2021-03-11-at-15.50.33.jpeg?fit=1000%2C670&ssl=1\",\"contentUrl\":\"https:\/\/i0.wp.com\/verdadeon.com.br\/portal\/wp-content\/uploads\/2021\/03\/WhatsApp-Image-2021-03-11-at-15.50.33.jpeg?fit=1000%2C670&ssl=1\",\"width\":1000,\"height\":670,\"caption\":\"No total crescimento \u00e9 de 6% com aumento de produ\u00e7\u00e3o de mais de 15 toneladas | Foto: Ag\u00eancia Brasil\"},{\"@type\":\"BreadcrumbList\",\"@id\":\"https:\/\/verdadeon.com.br\/portal\/2021\/03\/11\/conab-preve-safra-de-2723-milhoes-de-toneladas-de-graos-para-2020-21\/#breadcrumb\",\"itemListElement\":[{\"@type\":\"ListItem\",\"position\":1,\"name\":\"In\u00edcio\",\"item\":\"https:\/\/verdadeon.com.br\/portal\/\"},{\"@type\":\"ListItem\",\"position\":2,\"name\":\"Conab prev\u00ea safra de 272,3 milh\u00f5es de toneladas de gr\u00e3os para 2020\/21\"}]},{\"@type\":\"WebSite\",\"@id\":\"https:\/\/verdadeon.com.br\/portal\/#website\",\"url\":\"https:\/\/verdadeon.com.br\/portal\/\",\"name\":\"VerdadeOn\",\"description\":\"Not\u00edcias di\u00e1rias sobre Franca, Regi\u00e3o, Esporte, Cultura, Cotidiano, Colunas. Cobertura nos principais eventos da cidade \u00e9 aqui - Verdadeon Franca\",\"potentialAction\":[{\"@type\":\"SearchAction\",\"target\":{\"@type\":\"EntryPoint\",\"urlTemplate\":\"https:\/\/verdadeon.com.br\/portal\/?s={search_term_string}\"},\"query-input\":{\"@type\":\"PropertyValueSpecification\",\"valueRequired\":true,\"valueName\":\"search_term_string\"}}],\"inLanguage\":\"pt-BR\"},{\"@type\":\"Person\",\"@id\":\"https:\/\/verdadeon.com.br\/portal\/#\/schema\/person\/8994718f49ee62ba5610471e29ca1f62\",\"name\":\"Fernando Calixto\",\"image\":{\"@type\":\"ImageObject\",\"inLanguage\":\"pt-BR\",\"@id\":\"https:\/\/verdadeon.com.br\/portal\/#\/schema\/person\/image\/\",\"url\":\"https:\/\/secure.gravatar.com\/avatar\/7578910c24966c0316c340f9dbd601e93ee9f9212e1033968b367af9306bd9fb?s=96&d=mm&r=g\",\"contentUrl\":\"https:\/\/secure.gravatar.com\/avatar\/7578910c24966c0316c340f9dbd601e93ee9f9212e1033968b367af9306bd9fb?s=96&d=mm&r=g\",\"caption\":\"Fernando Calixto\"},\"url\":\"https:\/\/verdadeon.com.br\/portal\/author\/fernando-calixto\/\"}]}<\/script>\n<!-- \/ Yoast SEO plugin. -->","yoast_head_json":{"title":"Conab prev\u00ea safra de 272,3 milh\u00f5es de toneladas de gr\u00e3os para 2020\/21 - VerdadeOn","robots":{"index":"index","follow":"follow","max-snippet":"max-snippet:-1","max-image-preview":"max-image-preview:large","max-video-preview":"max-video-preview:-1"},"canonical":"https:\/\/verdadeon.com.br\/portal\/2021\/03\/11\/conab-preve-safra-de-2723-milhoes-de-toneladas-de-graos-para-2020-21\/","og_locale":"pt_BR","og_type":"article","og_title":"Conab prev\u00ea safra de 272,3 milh\u00f5es de toneladas de gr\u00e3os para 2020\/21 - VerdadeOn","og_description":"A previs\u00e3o para o milho \u00e9 de produ\u00e7\u00e3o total recorde, com possibilidade de superar em 5,4% a safra 2019\/20 A produ\u00e7\u00e3o de gr\u00e3os no Brasil deve [\u2026]","og_url":"https:\/\/verdadeon.com.br\/portal\/2021\/03\/11\/conab-preve-safra-de-2723-milhoes-de-toneladas-de-graos-para-2020-21\/","og_site_name":"VerdadeOn","article_published_time":"2021-03-11T19:05:22+00:00","og_image":[{"width":1000,"height":670,"url":"https:\/\/verdadeon.com.br\/portal\/wp-content\/uploads\/2021\/03\/WhatsApp-Image-2021-03-11-at-15.50.33.jpeg","type":"image\/jpeg"}],"author":"Fernando Calixto","twitter_card":"summary_large_image","twitter_misc":{"Escrito por":"Fernando Calixto","Est. tempo de leitura":"3 minutos"},"schema":{"@context":"https:\/\/schema.org","@graph":[{"@type":"WebPage","@id":"https:\/\/verdadeon.com.br\/portal\/2021\/03\/11\/conab-preve-safra-de-2723-milhoes-de-toneladas-de-graos-para-2020-21\/","url":"https:\/\/verdadeon.com.br\/portal\/2021\/03\/11\/conab-preve-safra-de-2723-milhoes-de-toneladas-de-graos-para-2020-21\/","name":"Conab prev\u00ea safra de 272,3 milh\u00f5es de toneladas de gr\u00e3os para 2020\/21 - VerdadeOn","isPartOf":{"@id":"https:\/\/verdadeon.com.br\/portal\/#website"},"primaryImageOfPage":{"@id":"https:\/\/verdadeon.com.br\/portal\/2021\/03\/11\/conab-preve-safra-de-2723-milhoes-de-toneladas-de-graos-para-2020-21\/#primaryimage"},"image":{"@id":"https:\/\/verdadeon.com.br\/portal\/2021\/03\/11\/conab-preve-safra-de-2723-milhoes-de-toneladas-de-graos-para-2020-21\/#primaryimage"},"thumbnailUrl":"https:\/\/i0.wp.com\/verdadeon.com.br\/portal\/wp-content\/uploads\/2021\/03\/WhatsApp-Image-2021-03-11-at-15.50.33.jpeg?fit=1000%2C670&ssl=1","datePublished":"2021-03-11T19:05:22+00:00","author":{"@id":"https:\/\/verdadeon.com.br\/portal\/#\/schema\/person\/8994718f49ee62ba5610471e29ca1f62"},"breadcrumb":{"@id":"https:\/\/verdadeon.com.br\/portal\/2021\/03\/11\/conab-preve-safra-de-2723-milhoes-de-toneladas-de-graos-para-2020-21\/#breadcrumb"},"inLanguage":"pt-BR","potentialAction":[{"@type":"ReadAction","target":["https:\/\/verdadeon.com.br\/portal\/2021\/03\/11\/conab-preve-safra-de-2723-milhoes-de-toneladas-de-graos-para-2020-21\/"]}]},{"@type":"ImageObject","inLanguage":"pt-BR","@id":"https:\/\/verdadeon.com.br\/portal\/2021\/03\/11\/conab-preve-safra-de-2723-milhoes-de-toneladas-de-graos-para-2020-21\/#primaryimage","url":"https:\/\/i0.wp.com\/verdadeon.com.br\/portal\/wp-content\/uploads\/2021\/03\/WhatsApp-Image-2021-03-11-at-15.50.33.jpeg?fit=1000%2C670&ssl=1","contentUrl":"https:\/\/i0.wp.com\/verdadeon.com.br\/portal\/wp-content\/uploads\/2021\/03\/WhatsApp-Image-2021-03-11-at-15.50.33.jpeg?fit=1000%2C670&ssl=1","width":1000,"height":670,"caption":"No total crescimento \u00e9 de 6% com aumento de produ\u00e7\u00e3o de mais de 15 toneladas | Foto: Ag\u00eancia Brasil"},{"@type":"BreadcrumbList","@id":"https:\/\/verdadeon.com.br\/portal\/2021\/03\/11\/conab-preve-safra-de-2723-milhoes-de-toneladas-de-graos-para-2020-21\/#breadcrumb","itemListElement":[{"@type":"ListItem","position":1,"name":"In\u00edcio","item":"https:\/\/verdadeon.com.br\/portal\/"},{"@type":"ListItem","position":2,"name":"Conab prev\u00ea safra de 272,3 milh\u00f5es de toneladas de gr\u00e3os para 2020\/21"}]},{"@type":"WebSite","@id":"https:\/\/verdadeon.com.br\/portal\/#website","url":"https:\/\/verdadeon.com.br\/portal\/","name":"VerdadeOn","description":"Not\u00edcias di\u00e1rias sobre Franca, Regi\u00e3o, Esporte, Cultura, Cotidiano, Colunas. Cobertura nos principais eventos da cidade \u00e9 aqui - Verdadeon Franca","potentialAction":[{"@type":"SearchAction","target":{"@type":"EntryPoint","urlTemplate":"https:\/\/verdadeon.com.br\/portal\/?s={search_term_string}"},"query-input":{"@type":"PropertyValueSpecification","valueRequired":true,"valueName":"search_term_string"}}],"inLanguage":"pt-BR"},{"@type":"Person","@id":"https:\/\/verdadeon.com.br\/portal\/#\/schema\/person\/8994718f49ee62ba5610471e29ca1f62","name":"Fernando Calixto","image":{"@type":"ImageObject","inLanguage":"pt-BR","@id":"https:\/\/verdadeon.com.br\/portal\/#\/schema\/person\/image\/","url":"https:\/\/secure.gravatar.com\/avatar\/7578910c24966c0316c340f9dbd601e93ee9f9212e1033968b367af9306bd9fb?s=96&d=mm&r=g","contentUrl":"https:\/\/secure.gravatar.com\/avatar\/7578910c24966c0316c340f9dbd601e93ee9f9212e1033968b367af9306bd9fb?s=96&d=mm&r=g","caption":"Fernando Calixto"},"url":"https:\/\/verdadeon.com.br\/portal\/author\/fernando-calixto\/"}]}},"jetpack_publicize_connections":[],"jetpack_featured_media_url":"https:\/\/i0.wp.com\/verdadeon.com.br\/portal\/wp-content\/uploads\/2021\/03\/WhatsApp-Image-2021-03-11-at-15.50.33.jpeg?fit=1000%2C670&ssl=1","jetpack_sharing_enabled":true,"_links":{"self":[{"href":"https:\/\/verdadeon.com.br\/portal\/wp-json\/wp\/v2\/posts\/15090","targetHints":{"allow":["GET"]}}],"collection":[{"href":"https:\/\/verdadeon.com.br\/portal\/wp-json\/wp\/v2\/posts"}],"about":[{"href":"https:\/\/verdadeon.com.br\/portal\/wp-json\/wp\/v2\/types\/post"}],"author":[{"embeddable":true,"href":"https:\/\/verdadeon.com.br\/portal\/wp-json\/wp\/v2\/users\/4"}],"replies":[{"embeddable":true,"href":"https:\/\/verdadeon.com.br\/portal\/wp-json\/wp\/v2\/comments?post=15090"}],"version-history":[{"count":0,"href":"https:\/\/verdadeon.com.br\/portal\/wp-json\/wp\/v2\/posts\/15090\/revisions"}],"wp:featuredmedia":[{"embeddable":true,"href":"https:\/\/verdadeon.com.br\/portal\/wp-json\/wp\/v2\/media\/15095"}],"wp:attachment":[{"href":"https:\/\/verdadeon.com.br\/portal\/wp-json\/wp\/v2\/media?parent=15090"}],"wp:term":[{"taxonomy":"category","embeddable":true,"href":"https:\/\/verdadeon.com.br\/portal\/wp-json\/wp\/v2\/categories?post=15090"},{"taxonomy":"post_tag","embeddable":true,"href":"https:\/\/verdadeon.com.br\/portal\/wp-json\/wp\/v2\/tags?post=15090"}],"curies":[{"name":"wp","href":"https:\/\/api.w.org\/{rel}","templated":true}]}}