{"id":15089,"date":"2021-03-11T16:03:14","date_gmt":"2021-03-11T19:03:14","guid":{"rendered":"https:\/\/verdadeon.com.br\/portal\/?p=15089"},"modified":"2021-03-11T16:03:14","modified_gmt":"2021-03-11T19:03:14","slug":"ha-30-anos-uni-facef-realiza-gincana-solidaria-que-acolhe-calouros","status":"publish","type":"post","link":"https:\/\/verdadeon.com.br\/portal\/2021\/03\/11\/ha-30-anos-uni-facef-realiza-gincana-solidaria-que-acolhe-calouros\/","title":{"rendered":"H\u00e1 30 anos Uni-FACEF realiza Gincana Solid\u00e1ria que acolhe calouros"},"content":{"rendered":"<h2>Objetivo \u00e9 formar estudantes pelo vi\u00e9s da solidariedade, \u00e9tica e justi\u00e7a<\/h2>\n<p>H\u00e1 cerca de 30 anos, o TROTE SOLID\u00c1RIO Uni-FACEF, contribui para a promo\u00e7\u00e3o dos valores socialmente relevantes, al\u00e9m de consolidar as pr\u00e1ticas de acolhimento humanizado e respeito aos calouros. De acordo com a institui\u00e7\u00e3o isso \u00e9 uma resposta adequada para as pr\u00e1ticas violentas e desrespeitosas dos trotes. A Gincana Solid\u00e1ria integra calouros, veteranos, docentes e funcion\u00e1rios da FACEF.<br \/>\nComo parte das atividades, as equipes participam de provas como arrecada\u00e7\u00e3o de alimentos; arrecada\u00e7\u00e3o de suplementos para os Volunt\u00e1rios da Sa\u00fade, que atendem os pacientes do Hospital do C\u00e2ncer de Franca; promo\u00e7\u00e3o de conscientiza\u00e7\u00e3o e doa\u00e7\u00e3o de sangue para o N\u00facleo Hemoter\u00e1pico de Franca; planejamento e execu\u00e7\u00e3o de a\u00e7\u00f5es de Empreendedorismo Social (a\u00e7\u00f5es como: conta\u00e7\u00e3o de hist\u00f3rias para idosos, jovens e crian\u00e7as; plantio de \u00e1rvores; participa\u00e7\u00e3o de mutir\u00e3o da Defesa Civil de Franca, contra o Aedes Aegypti; pesquisa, planejamento e apresenta\u00e7\u00e3o de manifesta\u00e7\u00f5es culturais das regi\u00f5es do Brasil etc), entre outras a\u00e7\u00f5es.<br \/>\nEm 2021 o tema \u00e9 \u201cSolidariedade em tempo de pandemia: um olhar para o pr\u00f3ximo\u201d. As equipes formadas por 1, 2 ou 3 cursos (conforme a quantidade de alunos, para a igualdade de condi\u00e7\u00f5es) devem arrecadar por aluno:<br \/>\n\u2022 2 pacotes de 5kg de arroz &#8211; tipo 1;<br \/>\n\u2022 2 pacotes de 2kg (ou 4 pacotes de 1kg) de feij\u00e3o;<br \/>\n\u2022 3 unidades \u00f3leo de soja (1 litro ou 900ml cada);<br \/>\n\u2022 6 pacotes de macarr\u00e3o espaguete de \u00bd kg (ou 3 pacotes de 1 Kg); e<br \/>\n\u2022 1 lata de suplemento Ensure, 400g, sabor baunilha.<br \/>\nNeste ano, foram disponibilizadas caixas para coleta em supermercados que aceitaram essa parceria, para que, assim, mais pessoas sejam beneficiadas ao final da gincana solid\u00e1ria promovida pelo Uni-FACEF.<br \/>\nAs equipes dever\u00e3o ainda produzir um v\u00eddeo com dura\u00e7\u00e3o de 1 a 2 minutos, sobre a Covid-19 (preven\u00e7\u00e3o, desdobramentos, mudan\u00e7as comportamentais ou outros temas.<br \/>\nEm 2020 por conta da pandemia a a\u00e7\u00e3o teve que ser interrompida logo em seu in\u00edcio, mas j\u00e1 haviam sido arrecadados 3.562 kg de alimentos, 307 latas de suplementos al\u00e9m de 76 doa\u00e7\u00f5es de sangue ao Hemocentro de Franca.<br \/>\nReconhecimento<br \/>\nO TROTE SOLID\u00c1RIO Uni-FACEF j\u00e1 foi premiado com Men\u00e7\u00e3o Honrosa (projeto CIDADANIA SEM FRONTEIRAS &#8211; 2011); 1\u00ba lugar V\u00eddeo (Funda\u00e7\u00e3o Educar &#8211; 2012), 2\u00ba lugar Cartaz (Funda\u00e7\u00e3o Educar &#8211; 2012); 3\u00ba lugar Fotografia (Funda\u00e7\u00e3o Educar &#8211; 2012); Melhor A\u00e7\u00e3o Social &#8211; Conta\u00e7\u00e3o de Hist\u00f3ria para Idosos (Funda\u00e7\u00e3o Educar 2014). E foi not\u00edcia na m\u00eddia (Catraca Livre, &#8220;8 exemplos de trotes universit\u00e1rios que promovem a\u00e7\u00e3o social e conscientiza\u00e7\u00e3o &#8211; https:\/\/catracalivre.com.br\/geral\/cidadania\/indicacao\/8-exemplos-de-trotes-universitarios-que-promovem-acao-social-e-conscientizacao\/).<\/p>\n","protected":false},"excerpt":{"rendered":"<p>Objetivo \u00e9 formar estudantes pelo vi\u00e9s da solidariedade, \u00e9tica e justi\u00e7a H\u00e1 cerca de 30 anos, o TROTE SOLID\u00c1RIO Uni-FACEF, contribui para a promo\u00e7\u00e3o dos valores<span class=\"excerpt-hellip\"> [\u2026]<\/span><\/p>\n","protected":false},"author":4,"featured_media":15094,"comment_status":"open","ping_status":"open","sticky":false,"template":"","format":"standard","meta":{"_jetpack_memberships_contains_paid_content":false,"footnotes":"","jetpack_publicize_message":"","jetpack_publicize_feature_enabled":true,"jetpack_social_post_already_shared":false,"jetpack_social_options":{"image_generator_settings":{"template":"highway","default_image_id":0,"enabled":false},"version":2}},"categories":[28,44],"tags":[],"class_list":["post-15089","post","type-post","status-publish","format-standard","has-post-thumbnail","hentry","category-cotidiano","category-noticias"],"yoast_head":"<!-- This site is optimized with the Yoast SEO plugin v25.6 - https:\/\/yoast.com\/wordpress\/plugins\/seo\/ -->\n<title>H\u00e1 30 anos Uni-FACEF realiza Gincana Solid\u00e1ria que acolhe calouros - VerdadeOn<\/title>\n<meta name=\"robots\" content=\"index, follow, max-snippet:-1, max-image-preview:large, max-video-preview:-1\" \/>\n<link rel=\"canonical\" href=\"https:\/\/verdadeon.com.br\/portal\/2021\/03\/11\/ha-30-anos-uni-facef-realiza-gincana-solidaria-que-acolhe-calouros\/\" \/>\n<meta property=\"og:locale\" content=\"pt_BR\" \/>\n<meta property=\"og:type\" content=\"article\" \/>\n<meta property=\"og:title\" content=\"H\u00e1 30 anos Uni-FACEF realiza Gincana Solid\u00e1ria que acolhe calouros - VerdadeOn\" \/>\n<meta property=\"og:description\" content=\"Objetivo \u00e9 formar estudantes pelo vi\u00e9s da solidariedade, \u00e9tica e justi\u00e7a H\u00e1 cerca de 30 anos, o TROTE SOLID\u00c1RIO Uni-FACEF, contribui para a promo\u00e7\u00e3o dos valores [\u2026]\" \/>\n<meta property=\"og:url\" content=\"https:\/\/verdadeon.com.br\/portal\/2021\/03\/11\/ha-30-anos-uni-facef-realiza-gincana-solidaria-que-acolhe-calouros\/\" \/>\n<meta property=\"og:site_name\" content=\"VerdadeOn\" \/>\n<meta property=\"article:published_time\" content=\"2021-03-11T19:03:14+00:00\" \/>\n<meta property=\"og:image\" content=\"https:\/\/verdadeon.com.br\/portal\/wp-content\/uploads\/2021\/03\/WhatsApp-Image-2021-03-11-at-14.41.18.jpeg\" \/>\n\t<meta property=\"og:image:width\" content=\"1000\" \/>\n\t<meta property=\"og:image:height\" content=\"670\" \/>\n\t<meta property=\"og:image:type\" content=\"image\/jpeg\" \/>\n<meta name=\"author\" content=\"Fernando Calixto\" \/>\n<meta name=\"twitter:card\" content=\"summary_large_image\" \/>\n<meta name=\"twitter:label1\" content=\"Escrito por\" \/>\n\t<meta name=\"twitter:data1\" content=\"Fernando Calixto\" \/>\n\t<meta name=\"twitter:label2\" content=\"Est. tempo de leitura\" \/>\n\t<meta name=\"twitter:data2\" content=\"2 minutos\" \/>\n<script type=\"application\/ld+json\" class=\"yoast-schema-graph\">{\"@context\":\"https:\/\/schema.org\",\"@graph\":[{\"@type\":\"WebPage\",\"@id\":\"https:\/\/verdadeon.com.br\/portal\/2021\/03\/11\/ha-30-anos-uni-facef-realiza-gincana-solidaria-que-acolhe-calouros\/\",\"url\":\"https:\/\/verdadeon.com.br\/portal\/2021\/03\/11\/ha-30-anos-uni-facef-realiza-gincana-solidaria-que-acolhe-calouros\/\",\"name\":\"H\u00e1 30 anos Uni-FACEF realiza Gincana Solid\u00e1ria que acolhe calouros - VerdadeOn\",\"isPartOf\":{\"@id\":\"https:\/\/verdadeon.com.br\/portal\/#website\"},\"primaryImageOfPage\":{\"@id\":\"https:\/\/verdadeon.com.br\/portal\/2021\/03\/11\/ha-30-anos-uni-facef-realiza-gincana-solidaria-que-acolhe-calouros\/#primaryimage\"},\"image\":{\"@id\":\"https:\/\/verdadeon.com.br\/portal\/2021\/03\/11\/ha-30-anos-uni-facef-realiza-gincana-solidaria-que-acolhe-calouros\/#primaryimage\"},\"thumbnailUrl\":\"https:\/\/i0.wp.com\/verdadeon.com.br\/portal\/wp-content\/uploads\/2021\/03\/WhatsApp-Image-2021-03-11-at-14.41.18.jpeg?fit=1000%2C670&ssl=1\",\"datePublished\":\"2021-03-11T19:03:14+00:00\",\"author\":{\"@id\":\"https:\/\/verdadeon.com.br\/portal\/#\/schema\/person\/8994718f49ee62ba5610471e29ca1f62\"},\"breadcrumb\":{\"@id\":\"https:\/\/verdadeon.com.br\/portal\/2021\/03\/11\/ha-30-anos-uni-facef-realiza-gincana-solidaria-que-acolhe-calouros\/#breadcrumb\"},\"inLanguage\":\"pt-BR\",\"potentialAction\":[{\"@type\":\"ReadAction\",\"target\":[\"https:\/\/verdadeon.com.br\/portal\/2021\/03\/11\/ha-30-anos-uni-facef-realiza-gincana-solidaria-que-acolhe-calouros\/\"]}]},{\"@type\":\"ImageObject\",\"inLanguage\":\"pt-BR\",\"@id\":\"https:\/\/verdadeon.com.br\/portal\/2021\/03\/11\/ha-30-anos-uni-facef-realiza-gincana-solidaria-que-acolhe-calouros\/#primaryimage\",\"url\":\"https:\/\/i0.wp.com\/verdadeon.com.br\/portal\/wp-content\/uploads\/2021\/03\/WhatsApp-Image-2021-03-11-at-14.41.18.jpeg?fit=1000%2C670&ssl=1\",\"contentUrl\":\"https:\/\/i0.wp.com\/verdadeon.com.br\/portal\/wp-content\/uploads\/2021\/03\/WhatsApp-Image-2021-03-11-at-14.41.18.jpeg?fit=1000%2C670&ssl=1\",\"width\":1000,\"height\":670,\"caption\":\"A iniciativa trabalha dentro e fora da sala de aula valores como: solidariedade, \u00e9tica, justi\u00e7a, responsabilidade social, entre outros | Foto: Divulga\u00e7\u00e3o\"},{\"@type\":\"BreadcrumbList\",\"@id\":\"https:\/\/verdadeon.com.br\/portal\/2021\/03\/11\/ha-30-anos-uni-facef-realiza-gincana-solidaria-que-acolhe-calouros\/#breadcrumb\",\"itemListElement\":[{\"@type\":\"ListItem\",\"position\":1,\"name\":\"In\u00edcio\",\"item\":\"https:\/\/verdadeon.com.br\/portal\/\"},{\"@type\":\"ListItem\",\"position\":2,\"name\":\"H\u00e1 30 anos Uni-FACEF realiza Gincana Solid\u00e1ria que acolhe calouros\"}]},{\"@type\":\"WebSite\",\"@id\":\"https:\/\/verdadeon.com.br\/portal\/#website\",\"url\":\"https:\/\/verdadeon.com.br\/portal\/\",\"name\":\"VerdadeOn\",\"description\":\"Not\u00edcias di\u00e1rias sobre Franca, Regi\u00e3o, Esporte, Cultura, Cotidiano, Colunas. Cobertura nos principais eventos da cidade \u00e9 aqui - Verdadeon Franca\",\"potentialAction\":[{\"@type\":\"SearchAction\",\"target\":{\"@type\":\"EntryPoint\",\"urlTemplate\":\"https:\/\/verdadeon.com.br\/portal\/?s={search_term_string}\"},\"query-input\":{\"@type\":\"PropertyValueSpecification\",\"valueRequired\":true,\"valueName\":\"search_term_string\"}}],\"inLanguage\":\"pt-BR\"},{\"@type\":\"Person\",\"@id\":\"https:\/\/verdadeon.com.br\/portal\/#\/schema\/person\/8994718f49ee62ba5610471e29ca1f62\",\"name\":\"Fernando Calixto\",\"image\":{\"@type\":\"ImageObject\",\"inLanguage\":\"pt-BR\",\"@id\":\"https:\/\/verdadeon.com.br\/portal\/#\/schema\/person\/image\/\",\"url\":\"https:\/\/secure.gravatar.com\/avatar\/7578910c24966c0316c340f9dbd601e93ee9f9212e1033968b367af9306bd9fb?s=96&d=mm&r=g\",\"contentUrl\":\"https:\/\/secure.gravatar.com\/avatar\/7578910c24966c0316c340f9dbd601e93ee9f9212e1033968b367af9306bd9fb?s=96&d=mm&r=g\",\"caption\":\"Fernando Calixto\"},\"url\":\"https:\/\/verdadeon.com.br\/portal\/author\/fernando-calixto\/\"}]}<\/script>\n<!-- \/ Yoast SEO plugin. -->","yoast_head_json":{"title":"H\u00e1 30 anos Uni-FACEF realiza Gincana Solid\u00e1ria que acolhe calouros - VerdadeOn","robots":{"index":"index","follow":"follow","max-snippet":"max-snippet:-1","max-image-preview":"max-image-preview:large","max-video-preview":"max-video-preview:-1"},"canonical":"https:\/\/verdadeon.com.br\/portal\/2021\/03\/11\/ha-30-anos-uni-facef-realiza-gincana-solidaria-que-acolhe-calouros\/","og_locale":"pt_BR","og_type":"article","og_title":"H\u00e1 30 anos Uni-FACEF realiza Gincana Solid\u00e1ria que acolhe calouros - VerdadeOn","og_description":"Objetivo \u00e9 formar estudantes pelo vi\u00e9s da solidariedade, \u00e9tica e justi\u00e7a H\u00e1 cerca de 30 anos, o TROTE SOLID\u00c1RIO Uni-FACEF, contribui para a promo\u00e7\u00e3o dos valores [\u2026]","og_url":"https:\/\/verdadeon.com.br\/portal\/2021\/03\/11\/ha-30-anos-uni-facef-realiza-gincana-solidaria-que-acolhe-calouros\/","og_site_name":"VerdadeOn","article_published_time":"2021-03-11T19:03:14+00:00","og_image":[{"width":1000,"height":670,"url":"https:\/\/verdadeon.com.br\/portal\/wp-content\/uploads\/2021\/03\/WhatsApp-Image-2021-03-11-at-14.41.18.jpeg","type":"image\/jpeg"}],"author":"Fernando Calixto","twitter_card":"summary_large_image","twitter_misc":{"Escrito por":"Fernando Calixto","Est. tempo de leitura":"2 minutos"},"schema":{"@context":"https:\/\/schema.org","@graph":[{"@type":"WebPage","@id":"https:\/\/verdadeon.com.br\/portal\/2021\/03\/11\/ha-30-anos-uni-facef-realiza-gincana-solidaria-que-acolhe-calouros\/","url":"https:\/\/verdadeon.com.br\/portal\/2021\/03\/11\/ha-30-anos-uni-facef-realiza-gincana-solidaria-que-acolhe-calouros\/","name":"H\u00e1 30 anos Uni-FACEF realiza Gincana Solid\u00e1ria que acolhe calouros - VerdadeOn","isPartOf":{"@id":"https:\/\/verdadeon.com.br\/portal\/#website"},"primaryImageOfPage":{"@id":"https:\/\/verdadeon.com.br\/portal\/2021\/03\/11\/ha-30-anos-uni-facef-realiza-gincana-solidaria-que-acolhe-calouros\/#primaryimage"},"image":{"@id":"https:\/\/verdadeon.com.br\/portal\/2021\/03\/11\/ha-30-anos-uni-facef-realiza-gincana-solidaria-que-acolhe-calouros\/#primaryimage"},"thumbnailUrl":"https:\/\/i0.wp.com\/verdadeon.com.br\/portal\/wp-content\/uploads\/2021\/03\/WhatsApp-Image-2021-03-11-at-14.41.18.jpeg?fit=1000%2C670&ssl=1","datePublished":"2021-03-11T19:03:14+00:00","author":{"@id":"https:\/\/verdadeon.com.br\/portal\/#\/schema\/person\/8994718f49ee62ba5610471e29ca1f62"},"breadcrumb":{"@id":"https:\/\/verdadeon.com.br\/portal\/2021\/03\/11\/ha-30-anos-uni-facef-realiza-gincana-solidaria-que-acolhe-calouros\/#breadcrumb"},"inLanguage":"pt-BR","potentialAction":[{"@type":"ReadAction","target":["https:\/\/verdadeon.com.br\/portal\/2021\/03\/11\/ha-30-anos-uni-facef-realiza-gincana-solidaria-que-acolhe-calouros\/"]}]},{"@type":"ImageObject","inLanguage":"pt-BR","@id":"https:\/\/verdadeon.com.br\/portal\/2021\/03\/11\/ha-30-anos-uni-facef-realiza-gincana-solidaria-que-acolhe-calouros\/#primaryimage","url":"https:\/\/i0.wp.com\/verdadeon.com.br\/portal\/wp-content\/uploads\/2021\/03\/WhatsApp-Image-2021-03-11-at-14.41.18.jpeg?fit=1000%2C670&ssl=1","contentUrl":"https:\/\/i0.wp.com\/verdadeon.com.br\/portal\/wp-content\/uploads\/2021\/03\/WhatsApp-Image-2021-03-11-at-14.41.18.jpeg?fit=1000%2C670&ssl=1","width":1000,"height":670,"caption":"A iniciativa trabalha dentro e fora da sala de aula valores como: solidariedade, \u00e9tica, justi\u00e7a, responsabilidade social, entre outros | Foto: Divulga\u00e7\u00e3o"},{"@type":"BreadcrumbList","@id":"https:\/\/verdadeon.com.br\/portal\/2021\/03\/11\/ha-30-anos-uni-facef-realiza-gincana-solidaria-que-acolhe-calouros\/#breadcrumb","itemListElement":[{"@type":"ListItem","position":1,"name":"In\u00edcio","item":"https:\/\/verdadeon.com.br\/portal\/"},{"@type":"ListItem","position":2,"name":"H\u00e1 30 anos Uni-FACEF realiza Gincana Solid\u00e1ria que acolhe calouros"}]},{"@type":"WebSite","@id":"https:\/\/verdadeon.com.br\/portal\/#website","url":"https:\/\/verdadeon.com.br\/portal\/","name":"VerdadeOn","description":"Not\u00edcias di\u00e1rias sobre Franca, Regi\u00e3o, Esporte, Cultura, Cotidiano, Colunas. Cobertura nos principais eventos da cidade \u00e9 aqui - Verdadeon Franca","potentialAction":[{"@type":"SearchAction","target":{"@type":"EntryPoint","urlTemplate":"https:\/\/verdadeon.com.br\/portal\/?s={search_term_string}"},"query-input":{"@type":"PropertyValueSpecification","valueRequired":true,"valueName":"search_term_string"}}],"inLanguage":"pt-BR"},{"@type":"Person","@id":"https:\/\/verdadeon.com.br\/portal\/#\/schema\/person\/8994718f49ee62ba5610471e29ca1f62","name":"Fernando Calixto","image":{"@type":"ImageObject","inLanguage":"pt-BR","@id":"https:\/\/verdadeon.com.br\/portal\/#\/schema\/person\/image\/","url":"https:\/\/secure.gravatar.com\/avatar\/7578910c24966c0316c340f9dbd601e93ee9f9212e1033968b367af9306bd9fb?s=96&d=mm&r=g","contentUrl":"https:\/\/secure.gravatar.com\/avatar\/7578910c24966c0316c340f9dbd601e93ee9f9212e1033968b367af9306bd9fb?s=96&d=mm&r=g","caption":"Fernando Calixto"},"url":"https:\/\/verdadeon.com.br\/portal\/author\/fernando-calixto\/"}]}},"jetpack_publicize_connections":[],"jetpack_featured_media_url":"https:\/\/i0.wp.com\/verdadeon.com.br\/portal\/wp-content\/uploads\/2021\/03\/WhatsApp-Image-2021-03-11-at-14.41.18.jpeg?fit=1000%2C670&ssl=1","jetpack_sharing_enabled":true,"_links":{"self":[{"href":"https:\/\/verdadeon.com.br\/portal\/wp-json\/wp\/v2\/posts\/15089","targetHints":{"allow":["GET"]}}],"collection":[{"href":"https:\/\/verdadeon.com.br\/portal\/wp-json\/wp\/v2\/posts"}],"about":[{"href":"https:\/\/verdadeon.com.br\/portal\/wp-json\/wp\/v2\/types\/post"}],"author":[{"embeddable":true,"href":"https:\/\/verdadeon.com.br\/portal\/wp-json\/wp\/v2\/users\/4"}],"replies":[{"embeddable":true,"href":"https:\/\/verdadeon.com.br\/portal\/wp-json\/wp\/v2\/comments?post=15089"}],"version-history":[{"count":0,"href":"https:\/\/verdadeon.com.br\/portal\/wp-json\/wp\/v2\/posts\/15089\/revisions"}],"wp:featuredmedia":[{"embeddable":true,"href":"https:\/\/verdadeon.com.br\/portal\/wp-json\/wp\/v2\/media\/15094"}],"wp:attachment":[{"href":"https:\/\/verdadeon.com.br\/portal\/wp-json\/wp\/v2\/media?parent=15089"}],"wp:term":[{"taxonomy":"category","embeddable":true,"href":"https:\/\/verdadeon.com.br\/portal\/wp-json\/wp\/v2\/categories?post=15089"},{"taxonomy":"post_tag","embeddable":true,"href":"https:\/\/verdadeon.com.br\/portal\/wp-json\/wp\/v2\/tags?post=15089"}],"curies":[{"name":"wp","href":"https:\/\/api.w.org\/{rel}","templated":true}]}}