{"id":15051,"date":"2021-03-10T16:05:17","date_gmt":"2021-03-10T19:05:17","guid":{"rendered":"https:\/\/verdadeon.com.br\/portal\/?p=15051"},"modified":"2021-03-10T16:05:17","modified_gmt":"2021-03-10T19:05:17","slug":"vacinacao-contra-a-covid-19-em-idosos-de-72-a-74-anos-e-marcada","status":"publish","type":"post","link":"https:\/\/verdadeon.com.br\/portal\/2021\/03\/10\/vacinacao-contra-a-covid-19-em-idosos-de-72-a-74-anos-e-marcada\/","title":{"rendered":"Vacina\u00e7\u00e3o contra a Covid-19 em idosos de 72 a 74 anos \u00e9 marcada"},"content":{"rendered":"<h2>An\u00fancio foi feito pelo governo Estadual, in\u00edcio ser\u00e1 no dia 22 de mar\u00e7o<\/h2>\n<p>O governo do Estado anunciou nesta quarta-feira (10), a amplia\u00e7\u00e3o da vacina\u00e7\u00e3o contra COVID-19 para idosos com idade entre 72 e 74 anos a partir de 22 de mar\u00e7o, num total de 730 mil pessoas que poder\u00e3o receber a primeira dose ainda neste m\u00eas. A inclus\u00e3o desta faixa et\u00e1ria ser\u00e1 poss\u00edvel gra\u00e7as \u00e0 chegada de mais vacinas do Butantan, nos pr\u00f3ximos dias.<br \/>\n\u201cLembro que come\u00e7aremos, em 15 de mar\u00e7o, a vacinar as pessoas de 75 e 76 anos de idade. Uma semana depois, j\u00e1 iniciaremos a vacina\u00e7\u00e3o de pessoas com 72, 73 e 74 anos. Uma d\u00e1diva pra quem ainda tem seus pais, seus av\u00f3s em vida \u00e9 terem a oportunidade de prolongarem suas vidas com vacina\u201d, disse Doria.<br \/>\nCom o avan\u00e7o da campanha para o grupo a partir de 72 anos, ser\u00e3o 1,140 milh\u00e3o de pessoas que poder\u00e3o ser imunizadas ainda no m\u00eas de mar\u00e7o. Em 3 de mar\u00e7o, o Estado iniciou a vacina\u00e7\u00e3o dos idosos entre 77 a 79 anos, contemplando outros 720 mil idosos.<br \/>\nToda a campanha ocorre com uma grande opera\u00e7\u00e3o log\u00edstica montada para a distribui\u00e7\u00e3o das vacinas do Butantan e da Fiocruz. Semanalmente, caminh\u00f5es saem para todas as regi\u00f5es de SP, para que os munic\u00edpios retirem suas grades nos GVE (Grupo de Vigil\u00e2ncia Epidemiol\u00f3gica) de refer\u00eancia.<br \/>\n3,5 milh\u00f5es de doses aplicadas<br \/>\nO Estado de S\u00e3o Paulo ultrapassou a marca de 3,5 milh\u00f5es de doses aplicadas, a maior do Brasil. Desse total, mais de 2,5 milh\u00f5es foram primeira dose e 933 mil j\u00e1 receberam as duas doses, ou seja, esquema vacinal completo. O total de aplica\u00e7\u00f5es em SP \u00e9 superior \u00e0 soma de todos os Est<\/p>\n","protected":false},"excerpt":{"rendered":"<p>An\u00fancio foi feito pelo governo Estadual, in\u00edcio ser\u00e1 no dia 22 de mar\u00e7o O governo do Estado anunciou nesta quarta-feira (10), a amplia\u00e7\u00e3o da vacina\u00e7\u00e3o contra<span class=\"excerpt-hellip\"> [\u2026]<\/span><\/p>\n","protected":false},"author":4,"featured_media":15052,"comment_status":"open","ping_status":"open","sticky":false,"template":"","format":"standard","meta":{"_jetpack_memberships_contains_paid_content":false,"footnotes":"","jetpack_publicize_message":"","jetpack_publicize_feature_enabled":true,"jetpack_social_post_already_shared":false,"jetpack_social_options":{"image_generator_settings":{"template":"highway","default_image_id":0,"enabled":false},"version":2}},"categories":[28,44],"tags":[],"class_list":["post-15051","post","type-post","status-publish","format-standard","has-post-thumbnail","hentry","category-cotidiano","category-noticias"],"yoast_head":"<!-- This site is optimized with the Yoast SEO plugin v25.6 - https:\/\/yoast.com\/wordpress\/plugins\/seo\/ -->\n<title>Vacina\u00e7\u00e3o contra a Covid-19 em idosos de 72 a 74 anos \u00e9 marcada - VerdadeOn<\/title>\n<meta name=\"robots\" content=\"index, follow, max-snippet:-1, max-image-preview:large, max-video-preview:-1\" \/>\n<link rel=\"canonical\" href=\"https:\/\/verdadeon.com.br\/portal\/2021\/03\/10\/vacinacao-contra-a-covid-19-em-idosos-de-72-a-74-anos-e-marcada\/\" \/>\n<meta property=\"og:locale\" content=\"pt_BR\" \/>\n<meta property=\"og:type\" content=\"article\" \/>\n<meta property=\"og:title\" content=\"Vacina\u00e7\u00e3o contra a Covid-19 em idosos de 72 a 74 anos \u00e9 marcada - VerdadeOn\" \/>\n<meta property=\"og:description\" content=\"An\u00fancio foi feito pelo governo Estadual, in\u00edcio ser\u00e1 no dia 22 de mar\u00e7o O governo do Estado anunciou nesta quarta-feira (10), a amplia\u00e7\u00e3o da vacina\u00e7\u00e3o contra [\u2026]\" \/>\n<meta property=\"og:url\" content=\"https:\/\/verdadeon.com.br\/portal\/2021\/03\/10\/vacinacao-contra-a-covid-19-em-idosos-de-72-a-74-anos-e-marcada\/\" \/>\n<meta property=\"og:site_name\" content=\"VerdadeOn\" \/>\n<meta property=\"article:published_time\" content=\"2021-03-10T19:05:17+00:00\" \/>\n<meta property=\"og:image\" content=\"https:\/\/verdadeon.com.br\/portal\/wp-content\/uploads\/2021\/03\/WhatsApp-Image-2021-03-10-at-15.57.17.jpeg\" \/>\n\t<meta property=\"og:image:width\" content=\"1280\" \/>\n\t<meta property=\"og:image:height\" content=\"853\" \/>\n\t<meta property=\"og:image:type\" content=\"image\/jpeg\" \/>\n<meta name=\"author\" content=\"Fernando Calixto\" \/>\n<meta name=\"twitter:card\" content=\"summary_large_image\" \/>\n<meta name=\"twitter:label1\" content=\"Escrito por\" \/>\n\t<meta name=\"twitter:data1\" content=\"Fernando Calixto\" \/>\n\t<meta name=\"twitter:label2\" content=\"Est. tempo de leitura\" \/>\n\t<meta name=\"twitter:data2\" content=\"2 minutos\" \/>\n<script type=\"application\/ld+json\" class=\"yoast-schema-graph\">{\"@context\":\"https:\/\/schema.org\",\"@graph\":[{\"@type\":\"WebPage\",\"@id\":\"https:\/\/verdadeon.com.br\/portal\/2021\/03\/10\/vacinacao-contra-a-covid-19-em-idosos-de-72-a-74-anos-e-marcada\/\",\"url\":\"https:\/\/verdadeon.com.br\/portal\/2021\/03\/10\/vacinacao-contra-a-covid-19-em-idosos-de-72-a-74-anos-e-marcada\/\",\"name\":\"Vacina\u00e7\u00e3o contra a Covid-19 em idosos de 72 a 74 anos \u00e9 marcada - VerdadeOn\",\"isPartOf\":{\"@id\":\"https:\/\/verdadeon.com.br\/portal\/#website\"},\"primaryImageOfPage\":{\"@id\":\"https:\/\/verdadeon.com.br\/portal\/2021\/03\/10\/vacinacao-contra-a-covid-19-em-idosos-de-72-a-74-anos-e-marcada\/#primaryimage\"},\"image\":{\"@id\":\"https:\/\/verdadeon.com.br\/portal\/2021\/03\/10\/vacinacao-contra-a-covid-19-em-idosos-de-72-a-74-anos-e-marcada\/#primaryimage\"},\"thumbnailUrl\":\"https:\/\/i0.wp.com\/verdadeon.com.br\/portal\/wp-content\/uploads\/2021\/03\/WhatsApp-Image-2021-03-10-at-15.57.17.jpeg?fit=1280%2C853&ssl=1\",\"datePublished\":\"2021-03-10T19:05:17+00:00\",\"author\":{\"@id\":\"https:\/\/verdadeon.com.br\/portal\/#\/schema\/person\/8994718f49ee62ba5610471e29ca1f62\"},\"breadcrumb\":{\"@id\":\"https:\/\/verdadeon.com.br\/portal\/2021\/03\/10\/vacinacao-contra-a-covid-19-em-idosos-de-72-a-74-anos-e-marcada\/#breadcrumb\"},\"inLanguage\":\"pt-BR\",\"potentialAction\":[{\"@type\":\"ReadAction\",\"target\":[\"https:\/\/verdadeon.com.br\/portal\/2021\/03\/10\/vacinacao-contra-a-covid-19-em-idosos-de-72-a-74-anos-e-marcada\/\"]}]},{\"@type\":\"ImageObject\",\"inLanguage\":\"pt-BR\",\"@id\":\"https:\/\/verdadeon.com.br\/portal\/2021\/03\/10\/vacinacao-contra-a-covid-19-em-idosos-de-72-a-74-anos-e-marcada\/#primaryimage\",\"url\":\"https:\/\/i0.wp.com\/verdadeon.com.br\/portal\/wp-content\/uploads\/2021\/03\/WhatsApp-Image-2021-03-10-at-15.57.17.jpeg?fit=1280%2C853&ssl=1\",\"contentUrl\":\"https:\/\/i0.wp.com\/verdadeon.com.br\/portal\/wp-content\/uploads\/2021\/03\/WhatsApp-Image-2021-03-10-at-15.57.17.jpeg?fit=1280%2C853&ssl=1\",\"width\":1280,\"height\":853,\"caption\":\"De acordo com governo, em todo o Estado s\u00e3o 730 mil pessoas nessa faixa et\u00e1ria | Foto: Divulga\u00e7\u00e3o\"},{\"@type\":\"BreadcrumbList\",\"@id\":\"https:\/\/verdadeon.com.br\/portal\/2021\/03\/10\/vacinacao-contra-a-covid-19-em-idosos-de-72-a-74-anos-e-marcada\/#breadcrumb\",\"itemListElement\":[{\"@type\":\"ListItem\",\"position\":1,\"name\":\"In\u00edcio\",\"item\":\"https:\/\/verdadeon.com.br\/portal\/\"},{\"@type\":\"ListItem\",\"position\":2,\"name\":\"Vacina\u00e7\u00e3o contra a Covid-19 em idosos de 72 a 74 anos \u00e9 marcada\"}]},{\"@type\":\"WebSite\",\"@id\":\"https:\/\/verdadeon.com.br\/portal\/#website\",\"url\":\"https:\/\/verdadeon.com.br\/portal\/\",\"name\":\"VerdadeOn\",\"description\":\"Not\u00edcias di\u00e1rias sobre Franca, Regi\u00e3o, Esporte, Cultura, Cotidiano, Colunas. Cobertura nos principais eventos da cidade \u00e9 aqui - Verdadeon Franca\",\"potentialAction\":[{\"@type\":\"SearchAction\",\"target\":{\"@type\":\"EntryPoint\",\"urlTemplate\":\"https:\/\/verdadeon.com.br\/portal\/?s={search_term_string}\"},\"query-input\":{\"@type\":\"PropertyValueSpecification\",\"valueRequired\":true,\"valueName\":\"search_term_string\"}}],\"inLanguage\":\"pt-BR\"},{\"@type\":\"Person\",\"@id\":\"https:\/\/verdadeon.com.br\/portal\/#\/schema\/person\/8994718f49ee62ba5610471e29ca1f62\",\"name\":\"Fernando Calixto\",\"image\":{\"@type\":\"ImageObject\",\"inLanguage\":\"pt-BR\",\"@id\":\"https:\/\/verdadeon.com.br\/portal\/#\/schema\/person\/image\/\",\"url\":\"https:\/\/secure.gravatar.com\/avatar\/7578910c24966c0316c340f9dbd601e93ee9f9212e1033968b367af9306bd9fb?s=96&d=mm&r=g\",\"contentUrl\":\"https:\/\/secure.gravatar.com\/avatar\/7578910c24966c0316c340f9dbd601e93ee9f9212e1033968b367af9306bd9fb?s=96&d=mm&r=g\",\"caption\":\"Fernando Calixto\"},\"url\":\"https:\/\/verdadeon.com.br\/portal\/author\/fernando-calixto\/\"}]}<\/script>\n<!-- \/ Yoast SEO plugin. -->","yoast_head_json":{"title":"Vacina\u00e7\u00e3o contra a Covid-19 em idosos de 72 a 74 anos \u00e9 marcada - VerdadeOn","robots":{"index":"index","follow":"follow","max-snippet":"max-snippet:-1","max-image-preview":"max-image-preview:large","max-video-preview":"max-video-preview:-1"},"canonical":"https:\/\/verdadeon.com.br\/portal\/2021\/03\/10\/vacinacao-contra-a-covid-19-em-idosos-de-72-a-74-anos-e-marcada\/","og_locale":"pt_BR","og_type":"article","og_title":"Vacina\u00e7\u00e3o contra a Covid-19 em idosos de 72 a 74 anos \u00e9 marcada - VerdadeOn","og_description":"An\u00fancio foi feito pelo governo Estadual, in\u00edcio ser\u00e1 no dia 22 de mar\u00e7o O governo do Estado anunciou nesta quarta-feira (10), a amplia\u00e7\u00e3o da vacina\u00e7\u00e3o contra [\u2026]","og_url":"https:\/\/verdadeon.com.br\/portal\/2021\/03\/10\/vacinacao-contra-a-covid-19-em-idosos-de-72-a-74-anos-e-marcada\/","og_site_name":"VerdadeOn","article_published_time":"2021-03-10T19:05:17+00:00","og_image":[{"width":1280,"height":853,"url":"https:\/\/verdadeon.com.br\/portal\/wp-content\/uploads\/2021\/03\/WhatsApp-Image-2021-03-10-at-15.57.17.jpeg","type":"image\/jpeg"}],"author":"Fernando Calixto","twitter_card":"summary_large_image","twitter_misc":{"Escrito por":"Fernando Calixto","Est. tempo de leitura":"2 minutos"},"schema":{"@context":"https:\/\/schema.org","@graph":[{"@type":"WebPage","@id":"https:\/\/verdadeon.com.br\/portal\/2021\/03\/10\/vacinacao-contra-a-covid-19-em-idosos-de-72-a-74-anos-e-marcada\/","url":"https:\/\/verdadeon.com.br\/portal\/2021\/03\/10\/vacinacao-contra-a-covid-19-em-idosos-de-72-a-74-anos-e-marcada\/","name":"Vacina\u00e7\u00e3o contra a Covid-19 em idosos de 72 a 74 anos \u00e9 marcada - VerdadeOn","isPartOf":{"@id":"https:\/\/verdadeon.com.br\/portal\/#website"},"primaryImageOfPage":{"@id":"https:\/\/verdadeon.com.br\/portal\/2021\/03\/10\/vacinacao-contra-a-covid-19-em-idosos-de-72-a-74-anos-e-marcada\/#primaryimage"},"image":{"@id":"https:\/\/verdadeon.com.br\/portal\/2021\/03\/10\/vacinacao-contra-a-covid-19-em-idosos-de-72-a-74-anos-e-marcada\/#primaryimage"},"thumbnailUrl":"https:\/\/i0.wp.com\/verdadeon.com.br\/portal\/wp-content\/uploads\/2021\/03\/WhatsApp-Image-2021-03-10-at-15.57.17.jpeg?fit=1280%2C853&ssl=1","datePublished":"2021-03-10T19:05:17+00:00","author":{"@id":"https:\/\/verdadeon.com.br\/portal\/#\/schema\/person\/8994718f49ee62ba5610471e29ca1f62"},"breadcrumb":{"@id":"https:\/\/verdadeon.com.br\/portal\/2021\/03\/10\/vacinacao-contra-a-covid-19-em-idosos-de-72-a-74-anos-e-marcada\/#breadcrumb"},"inLanguage":"pt-BR","potentialAction":[{"@type":"ReadAction","target":["https:\/\/verdadeon.com.br\/portal\/2021\/03\/10\/vacinacao-contra-a-covid-19-em-idosos-de-72-a-74-anos-e-marcada\/"]}]},{"@type":"ImageObject","inLanguage":"pt-BR","@id":"https:\/\/verdadeon.com.br\/portal\/2021\/03\/10\/vacinacao-contra-a-covid-19-em-idosos-de-72-a-74-anos-e-marcada\/#primaryimage","url":"https:\/\/i0.wp.com\/verdadeon.com.br\/portal\/wp-content\/uploads\/2021\/03\/WhatsApp-Image-2021-03-10-at-15.57.17.jpeg?fit=1280%2C853&ssl=1","contentUrl":"https:\/\/i0.wp.com\/verdadeon.com.br\/portal\/wp-content\/uploads\/2021\/03\/WhatsApp-Image-2021-03-10-at-15.57.17.jpeg?fit=1280%2C853&ssl=1","width":1280,"height":853,"caption":"De acordo com governo, em todo o Estado s\u00e3o 730 mil pessoas nessa faixa et\u00e1ria | Foto: Divulga\u00e7\u00e3o"},{"@type":"BreadcrumbList","@id":"https:\/\/verdadeon.com.br\/portal\/2021\/03\/10\/vacinacao-contra-a-covid-19-em-idosos-de-72-a-74-anos-e-marcada\/#breadcrumb","itemListElement":[{"@type":"ListItem","position":1,"name":"In\u00edcio","item":"https:\/\/verdadeon.com.br\/portal\/"},{"@type":"ListItem","position":2,"name":"Vacina\u00e7\u00e3o contra a Covid-19 em idosos de 72 a 74 anos \u00e9 marcada"}]},{"@type":"WebSite","@id":"https:\/\/verdadeon.com.br\/portal\/#website","url":"https:\/\/verdadeon.com.br\/portal\/","name":"VerdadeOn","description":"Not\u00edcias di\u00e1rias sobre Franca, Regi\u00e3o, Esporte, Cultura, Cotidiano, Colunas. Cobertura nos principais eventos da cidade \u00e9 aqui - Verdadeon Franca","potentialAction":[{"@type":"SearchAction","target":{"@type":"EntryPoint","urlTemplate":"https:\/\/verdadeon.com.br\/portal\/?s={search_term_string}"},"query-input":{"@type":"PropertyValueSpecification","valueRequired":true,"valueName":"search_term_string"}}],"inLanguage":"pt-BR"},{"@type":"Person","@id":"https:\/\/verdadeon.com.br\/portal\/#\/schema\/person\/8994718f49ee62ba5610471e29ca1f62","name":"Fernando Calixto","image":{"@type":"ImageObject","inLanguage":"pt-BR","@id":"https:\/\/verdadeon.com.br\/portal\/#\/schema\/person\/image\/","url":"https:\/\/secure.gravatar.com\/avatar\/7578910c24966c0316c340f9dbd601e93ee9f9212e1033968b367af9306bd9fb?s=96&d=mm&r=g","contentUrl":"https:\/\/secure.gravatar.com\/avatar\/7578910c24966c0316c340f9dbd601e93ee9f9212e1033968b367af9306bd9fb?s=96&d=mm&r=g","caption":"Fernando Calixto"},"url":"https:\/\/verdadeon.com.br\/portal\/author\/fernando-calixto\/"}]}},"jetpack_publicize_connections":[],"jetpack_featured_media_url":"https:\/\/i0.wp.com\/verdadeon.com.br\/portal\/wp-content\/uploads\/2021\/03\/WhatsApp-Image-2021-03-10-at-15.57.17.jpeg?fit=1280%2C853&ssl=1","jetpack_sharing_enabled":true,"_links":{"self":[{"href":"https:\/\/verdadeon.com.br\/portal\/wp-json\/wp\/v2\/posts\/15051","targetHints":{"allow":["GET"]}}],"collection":[{"href":"https:\/\/verdadeon.com.br\/portal\/wp-json\/wp\/v2\/posts"}],"about":[{"href":"https:\/\/verdadeon.com.br\/portal\/wp-json\/wp\/v2\/types\/post"}],"author":[{"embeddable":true,"href":"https:\/\/verdadeon.com.br\/portal\/wp-json\/wp\/v2\/users\/4"}],"replies":[{"embeddable":true,"href":"https:\/\/verdadeon.com.br\/portal\/wp-json\/wp\/v2\/comments?post=15051"}],"version-history":[{"count":0,"href":"https:\/\/verdadeon.com.br\/portal\/wp-json\/wp\/v2\/posts\/15051\/revisions"}],"wp:featuredmedia":[{"embeddable":true,"href":"https:\/\/verdadeon.com.br\/portal\/wp-json\/wp\/v2\/media\/15052"}],"wp:attachment":[{"href":"https:\/\/verdadeon.com.br\/portal\/wp-json\/wp\/v2\/media?parent=15051"}],"wp:term":[{"taxonomy":"category","embeddable":true,"href":"https:\/\/verdadeon.com.br\/portal\/wp-json\/wp\/v2\/categories?post=15051"},{"taxonomy":"post_tag","embeddable":true,"href":"https:\/\/verdadeon.com.br\/portal\/wp-json\/wp\/v2\/tags?post=15051"}],"curies":[{"name":"wp","href":"https:\/\/api.w.org\/{rel}","templated":true}]}}