{"id":15044,"date":"2021-03-10T14:42:17","date_gmt":"2021-03-10T17:42:17","guid":{"rendered":"https:\/\/verdadeon.com.br\/portal\/?p=15044"},"modified":"2021-03-10T14:42:17","modified_gmt":"2021-03-10T17:42:17","slug":"regras-para-abertura-do-comercio-sao-publicadas-bares-e-restaurantes-tambem-estao-autorizados","status":"publish","type":"post","link":"https:\/\/verdadeon.com.br\/portal\/2021\/03\/10\/regras-para-abertura-do-comercio-sao-publicadas-bares-e-restaurantes-tambem-estao-autorizados\/","title":{"rendered":"Regras para abertura do com\u00e9rcio s\u00e3o publicadas, bares e restaurantes tamb\u00e9m est\u00e3o autorizados"},"content":{"rendered":"<h2>Ap\u00f3s decis\u00e3o da Justi\u00e7a que negou a liminar da Prefeitura, Executivo publicou regras no Di\u00e1rio Oficial<\/h2>\n<p>A Prefeitura de Franca publicou na manh\u00e3 desta quarta-feira (10), as regras que autorizam o com\u00e9rcio em geral e v\u00e1rias outras atividades a abrirem as portas. No centro da cidade, com a abertura as lojas apresentaram o movimento comum do dia a dia.<br \/>\nPelas regras as pessoas poder\u00e3o acessar o interior dos estabelecimentos, que dever\u00e3o limitar a capacidade de at\u00e9 20%. Ao mesmo tempo o drive trhu e o take away continuam. \u201c\u00c9 uma forma que a gente encontrou de tentar ajudar o comerciante prejudicado. Um restaurante por exemplo, pode abrir e receber os clientes com at\u00e9 20%, ao mesmo tempo ele continua com os servi\u00e7os de drive, take away e o delivery que est\u00e1 autorizado at\u00e9 \u00e0s 22h\u201d, explicou o prefeito Alexandre Ferreira em entrevista coletiva no gabinete.<br \/>\nNa mesma entrevista o chefe do Executivo Francano destacou ainda que continua o di\u00e1logo com o Estado para que Franca e a DRS volte para a fase laranja do plano, na qual estava classificada antes da determina\u00e7\u00e3o do governo que regrediu todo o estado para a fase mais restritiva. \u201cVamos continuar porque pelos n\u00fameros, poder\u00edamos at\u00e9 mesmo estarmos na amarela, os n\u00fameros mostram isso. H\u00e1 algumas semanas o estado inteiro praticamente estava na fase laranja e amarela e a gente na vermelha. Fizemos nossa parte e agora que os n\u00fameros melhoraram vamos regredir tamb\u00e9m? Isso \u00e9 uma injusti\u00e7a\u201d, completou Ferreira.<br \/>\nEntenda como fica:<br \/>\nPodem abrir com ocupa\u00e7\u00e3o m\u00e1xima de 20%<br \/>\n* Com\u00e9rcio;<br \/>\n* Bares;<br \/>\n* Restaurantes;<br \/>\n* Shoppings;<br \/>\n* Academias (15%);<br \/>\n* Escrit\u00f3rios de advocacia, contabilidade, seguros e de tecnologia;<br \/>\n* Sal\u00f5es de beleza;<br \/>\n* Cabelereiros, barbearias;<br \/>\n* Manicures, esteticistas, pedicures, depiladores e maquiadores (agendamento individual);<br \/>\n* Igrejas (30%)<\/p>\n","protected":false},"excerpt":{"rendered":"<p>Ap\u00f3s decis\u00e3o da Justi\u00e7a que negou a liminar da Prefeitura, Executivo publicou regras no Di\u00e1rio Oficial A Prefeitura de Franca publicou na manh\u00e3 desta quarta-feira (10),<span class=\"excerpt-hellip\"> [\u2026]<\/span><\/p>\n","protected":false},"author":4,"featured_media":15046,"comment_status":"open","ping_status":"open","sticky":false,"template":"","format":"standard","meta":{"_jetpack_memberships_contains_paid_content":false,"footnotes":"","jetpack_publicize_message":"","jetpack_publicize_feature_enabled":true,"jetpack_social_post_already_shared":false,"jetpack_social_options":{"image_generator_settings":{"template":"highway","default_image_id":0,"enabled":false},"version":2}},"categories":[28,81],"tags":[],"class_list":["post-15044","post","type-post","status-publish","format-standard","has-post-thumbnail","hentry","category-cotidiano","category-manchete"],"yoast_head":"<!-- This site is optimized with the Yoast SEO plugin v25.6 - https:\/\/yoast.com\/wordpress\/plugins\/seo\/ -->\n<title>Regras para abertura do com\u00e9rcio s\u00e3o publicadas, bares e restaurantes tamb\u00e9m est\u00e3o autorizados - VerdadeOn<\/title>\n<meta name=\"robots\" content=\"index, follow, max-snippet:-1, max-image-preview:large, max-video-preview:-1\" \/>\n<link rel=\"canonical\" href=\"https:\/\/verdadeon.com.br\/portal\/2021\/03\/10\/regras-para-abertura-do-comercio-sao-publicadas-bares-e-restaurantes-tambem-estao-autorizados\/\" \/>\n<meta property=\"og:locale\" content=\"pt_BR\" \/>\n<meta property=\"og:type\" content=\"article\" \/>\n<meta property=\"og:title\" content=\"Regras para abertura do com\u00e9rcio s\u00e3o publicadas, bares e restaurantes tamb\u00e9m est\u00e3o autorizados - VerdadeOn\" \/>\n<meta property=\"og:description\" content=\"Ap\u00f3s decis\u00e3o da Justi\u00e7a que negou a liminar da Prefeitura, Executivo publicou regras no Di\u00e1rio Oficial A Prefeitura de Franca publicou na manh\u00e3 desta quarta-feira (10), [\u2026]\" \/>\n<meta property=\"og:url\" content=\"https:\/\/verdadeon.com.br\/portal\/2021\/03\/10\/regras-para-abertura-do-comercio-sao-publicadas-bares-e-restaurantes-tambem-estao-autorizados\/\" \/>\n<meta property=\"og:site_name\" content=\"VerdadeOn\" \/>\n<meta property=\"article:published_time\" content=\"2021-03-10T17:42:17+00:00\" \/>\n<meta property=\"og:image\" content=\"https:\/\/verdadeon.com.br\/portal\/wp-content\/uploads\/2021\/03\/WhatsApp-Image-2021-03-10-at-14.41.13.jpeg\" \/>\n\t<meta property=\"og:image:width\" content=\"1000\" \/>\n\t<meta property=\"og:image:height\" content=\"670\" \/>\n\t<meta property=\"og:image:type\" content=\"image\/jpeg\" \/>\n<meta name=\"author\" content=\"Fernando Calixto\" \/>\n<meta name=\"twitter:card\" content=\"summary_large_image\" \/>\n<meta name=\"twitter:label1\" content=\"Escrito por\" \/>\n\t<meta name=\"twitter:data1\" content=\"Fernando Calixto\" \/>\n\t<meta name=\"twitter:label2\" content=\"Est. tempo de leitura\" \/>\n\t<meta name=\"twitter:data2\" content=\"2 minutos\" \/>\n<script type=\"application\/ld+json\" class=\"yoast-schema-graph\">{\"@context\":\"https:\/\/schema.org\",\"@graph\":[{\"@type\":\"WebPage\",\"@id\":\"https:\/\/verdadeon.com.br\/portal\/2021\/03\/10\/regras-para-abertura-do-comercio-sao-publicadas-bares-e-restaurantes-tambem-estao-autorizados\/\",\"url\":\"https:\/\/verdadeon.com.br\/portal\/2021\/03\/10\/regras-para-abertura-do-comercio-sao-publicadas-bares-e-restaurantes-tambem-estao-autorizados\/\",\"name\":\"Regras para abertura do com\u00e9rcio s\u00e3o publicadas, bares e restaurantes tamb\u00e9m est\u00e3o autorizados - VerdadeOn\",\"isPartOf\":{\"@id\":\"https:\/\/verdadeon.com.br\/portal\/#website\"},\"primaryImageOfPage\":{\"@id\":\"https:\/\/verdadeon.com.br\/portal\/2021\/03\/10\/regras-para-abertura-do-comercio-sao-publicadas-bares-e-restaurantes-tambem-estao-autorizados\/#primaryimage\"},\"image\":{\"@id\":\"https:\/\/verdadeon.com.br\/portal\/2021\/03\/10\/regras-para-abertura-do-comercio-sao-publicadas-bares-e-restaurantes-tambem-estao-autorizados\/#primaryimage\"},\"thumbnailUrl\":\"https:\/\/i0.wp.com\/verdadeon.com.br\/portal\/wp-content\/uploads\/2021\/03\/WhatsApp-Image-2021-03-10-at-14.41.13.jpeg?fit=1000%2C670&ssl=1\",\"datePublished\":\"2021-03-10T17:42:17+00:00\",\"author\":{\"@id\":\"https:\/\/verdadeon.com.br\/portal\/#\/schema\/person\/8994718f49ee62ba5610471e29ca1f62\"},\"breadcrumb\":{\"@id\":\"https:\/\/verdadeon.com.br\/portal\/2021\/03\/10\/regras-para-abertura-do-comercio-sao-publicadas-bares-e-restaurantes-tambem-estao-autorizados\/#breadcrumb\"},\"inLanguage\":\"pt-BR\",\"potentialAction\":[{\"@type\":\"ReadAction\",\"target\":[\"https:\/\/verdadeon.com.br\/portal\/2021\/03\/10\/regras-para-abertura-do-comercio-sao-publicadas-bares-e-restaurantes-tambem-estao-autorizados\/\"]}]},{\"@type\":\"ImageObject\",\"inLanguage\":\"pt-BR\",\"@id\":\"https:\/\/verdadeon.com.br\/portal\/2021\/03\/10\/regras-para-abertura-do-comercio-sao-publicadas-bares-e-restaurantes-tambem-estao-autorizados\/#primaryimage\",\"url\":\"https:\/\/i0.wp.com\/verdadeon.com.br\/portal\/wp-content\/uploads\/2021\/03\/WhatsApp-Image-2021-03-10-at-14.41.13.jpeg?fit=1000%2C670&ssl=1\",\"contentUrl\":\"https:\/\/i0.wp.com\/verdadeon.com.br\/portal\/wp-content\/uploads\/2021\/03\/WhatsApp-Image-2021-03-10-at-14.41.13.jpeg?fit=1000%2C670&ssl=1\",\"width\":1000,\"height\":670,\"caption\":\"Restri\u00e7\u00f5es j\u00e1 est\u00e3o em vigor em Franca. Decreto Municipal vigora at\u00e9 o dia 6 de junto | Foto: Jornal Verdade\"},{\"@type\":\"BreadcrumbList\",\"@id\":\"https:\/\/verdadeon.com.br\/portal\/2021\/03\/10\/regras-para-abertura-do-comercio-sao-publicadas-bares-e-restaurantes-tambem-estao-autorizados\/#breadcrumb\",\"itemListElement\":[{\"@type\":\"ListItem\",\"position\":1,\"name\":\"In\u00edcio\",\"item\":\"https:\/\/verdadeon.com.br\/portal\/\"},{\"@type\":\"ListItem\",\"position\":2,\"name\":\"Regras para abertura do com\u00e9rcio s\u00e3o publicadas, bares e restaurantes tamb\u00e9m est\u00e3o autorizados\"}]},{\"@type\":\"WebSite\",\"@id\":\"https:\/\/verdadeon.com.br\/portal\/#website\",\"url\":\"https:\/\/verdadeon.com.br\/portal\/\",\"name\":\"VerdadeOn\",\"description\":\"Not\u00edcias di\u00e1rias sobre Franca, Regi\u00e3o, Esporte, Cultura, Cotidiano, Colunas. Cobertura nos principais eventos da cidade \u00e9 aqui - Verdadeon Franca\",\"potentialAction\":[{\"@type\":\"SearchAction\",\"target\":{\"@type\":\"EntryPoint\",\"urlTemplate\":\"https:\/\/verdadeon.com.br\/portal\/?s={search_term_string}\"},\"query-input\":{\"@type\":\"PropertyValueSpecification\",\"valueRequired\":true,\"valueName\":\"search_term_string\"}}],\"inLanguage\":\"pt-BR\"},{\"@type\":\"Person\",\"@id\":\"https:\/\/verdadeon.com.br\/portal\/#\/schema\/person\/8994718f49ee62ba5610471e29ca1f62\",\"name\":\"Fernando Calixto\",\"image\":{\"@type\":\"ImageObject\",\"inLanguage\":\"pt-BR\",\"@id\":\"https:\/\/verdadeon.com.br\/portal\/#\/schema\/person\/image\/\",\"url\":\"https:\/\/secure.gravatar.com\/avatar\/7578910c24966c0316c340f9dbd601e93ee9f9212e1033968b367af9306bd9fb?s=96&d=mm&r=g\",\"contentUrl\":\"https:\/\/secure.gravatar.com\/avatar\/7578910c24966c0316c340f9dbd601e93ee9f9212e1033968b367af9306bd9fb?s=96&d=mm&r=g\",\"caption\":\"Fernando Calixto\"},\"url\":\"https:\/\/verdadeon.com.br\/portal\/author\/fernando-calixto\/\"}]}<\/script>\n<!-- \/ Yoast SEO plugin. -->","yoast_head_json":{"title":"Regras para abertura do com\u00e9rcio s\u00e3o publicadas, bares e restaurantes tamb\u00e9m est\u00e3o autorizados - VerdadeOn","robots":{"index":"index","follow":"follow","max-snippet":"max-snippet:-1","max-image-preview":"max-image-preview:large","max-video-preview":"max-video-preview:-1"},"canonical":"https:\/\/verdadeon.com.br\/portal\/2021\/03\/10\/regras-para-abertura-do-comercio-sao-publicadas-bares-e-restaurantes-tambem-estao-autorizados\/","og_locale":"pt_BR","og_type":"article","og_title":"Regras para abertura do com\u00e9rcio s\u00e3o publicadas, bares e restaurantes tamb\u00e9m est\u00e3o autorizados - VerdadeOn","og_description":"Ap\u00f3s decis\u00e3o da Justi\u00e7a que negou a liminar da Prefeitura, Executivo publicou regras no Di\u00e1rio Oficial A Prefeitura de Franca publicou na manh\u00e3 desta quarta-feira (10), [\u2026]","og_url":"https:\/\/verdadeon.com.br\/portal\/2021\/03\/10\/regras-para-abertura-do-comercio-sao-publicadas-bares-e-restaurantes-tambem-estao-autorizados\/","og_site_name":"VerdadeOn","article_published_time":"2021-03-10T17:42:17+00:00","og_image":[{"width":1000,"height":670,"url":"https:\/\/verdadeon.com.br\/portal\/wp-content\/uploads\/2021\/03\/WhatsApp-Image-2021-03-10-at-14.41.13.jpeg","type":"image\/jpeg"}],"author":"Fernando Calixto","twitter_card":"summary_large_image","twitter_misc":{"Escrito por":"Fernando Calixto","Est. tempo de leitura":"2 minutos"},"schema":{"@context":"https:\/\/schema.org","@graph":[{"@type":"WebPage","@id":"https:\/\/verdadeon.com.br\/portal\/2021\/03\/10\/regras-para-abertura-do-comercio-sao-publicadas-bares-e-restaurantes-tambem-estao-autorizados\/","url":"https:\/\/verdadeon.com.br\/portal\/2021\/03\/10\/regras-para-abertura-do-comercio-sao-publicadas-bares-e-restaurantes-tambem-estao-autorizados\/","name":"Regras para abertura do com\u00e9rcio s\u00e3o publicadas, bares e restaurantes tamb\u00e9m est\u00e3o autorizados - VerdadeOn","isPartOf":{"@id":"https:\/\/verdadeon.com.br\/portal\/#website"},"primaryImageOfPage":{"@id":"https:\/\/verdadeon.com.br\/portal\/2021\/03\/10\/regras-para-abertura-do-comercio-sao-publicadas-bares-e-restaurantes-tambem-estao-autorizados\/#primaryimage"},"image":{"@id":"https:\/\/verdadeon.com.br\/portal\/2021\/03\/10\/regras-para-abertura-do-comercio-sao-publicadas-bares-e-restaurantes-tambem-estao-autorizados\/#primaryimage"},"thumbnailUrl":"https:\/\/i0.wp.com\/verdadeon.com.br\/portal\/wp-content\/uploads\/2021\/03\/WhatsApp-Image-2021-03-10-at-14.41.13.jpeg?fit=1000%2C670&ssl=1","datePublished":"2021-03-10T17:42:17+00:00","author":{"@id":"https:\/\/verdadeon.com.br\/portal\/#\/schema\/person\/8994718f49ee62ba5610471e29ca1f62"},"breadcrumb":{"@id":"https:\/\/verdadeon.com.br\/portal\/2021\/03\/10\/regras-para-abertura-do-comercio-sao-publicadas-bares-e-restaurantes-tambem-estao-autorizados\/#breadcrumb"},"inLanguage":"pt-BR","potentialAction":[{"@type":"ReadAction","target":["https:\/\/verdadeon.com.br\/portal\/2021\/03\/10\/regras-para-abertura-do-comercio-sao-publicadas-bares-e-restaurantes-tambem-estao-autorizados\/"]}]},{"@type":"ImageObject","inLanguage":"pt-BR","@id":"https:\/\/verdadeon.com.br\/portal\/2021\/03\/10\/regras-para-abertura-do-comercio-sao-publicadas-bares-e-restaurantes-tambem-estao-autorizados\/#primaryimage","url":"https:\/\/i0.wp.com\/verdadeon.com.br\/portal\/wp-content\/uploads\/2021\/03\/WhatsApp-Image-2021-03-10-at-14.41.13.jpeg?fit=1000%2C670&ssl=1","contentUrl":"https:\/\/i0.wp.com\/verdadeon.com.br\/portal\/wp-content\/uploads\/2021\/03\/WhatsApp-Image-2021-03-10-at-14.41.13.jpeg?fit=1000%2C670&ssl=1","width":1000,"height":670,"caption":"Restri\u00e7\u00f5es j\u00e1 est\u00e3o em vigor em Franca. Decreto Municipal vigora at\u00e9 o dia 6 de junto | Foto: Jornal Verdade"},{"@type":"BreadcrumbList","@id":"https:\/\/verdadeon.com.br\/portal\/2021\/03\/10\/regras-para-abertura-do-comercio-sao-publicadas-bares-e-restaurantes-tambem-estao-autorizados\/#breadcrumb","itemListElement":[{"@type":"ListItem","position":1,"name":"In\u00edcio","item":"https:\/\/verdadeon.com.br\/portal\/"},{"@type":"ListItem","position":2,"name":"Regras para abertura do com\u00e9rcio s\u00e3o publicadas, bares e restaurantes tamb\u00e9m est\u00e3o autorizados"}]},{"@type":"WebSite","@id":"https:\/\/verdadeon.com.br\/portal\/#website","url":"https:\/\/verdadeon.com.br\/portal\/","name":"VerdadeOn","description":"Not\u00edcias di\u00e1rias sobre Franca, Regi\u00e3o, Esporte, Cultura, Cotidiano, Colunas. Cobertura nos principais eventos da cidade \u00e9 aqui - Verdadeon Franca","potentialAction":[{"@type":"SearchAction","target":{"@type":"EntryPoint","urlTemplate":"https:\/\/verdadeon.com.br\/portal\/?s={search_term_string}"},"query-input":{"@type":"PropertyValueSpecification","valueRequired":true,"valueName":"search_term_string"}}],"inLanguage":"pt-BR"},{"@type":"Person","@id":"https:\/\/verdadeon.com.br\/portal\/#\/schema\/person\/8994718f49ee62ba5610471e29ca1f62","name":"Fernando Calixto","image":{"@type":"ImageObject","inLanguage":"pt-BR","@id":"https:\/\/verdadeon.com.br\/portal\/#\/schema\/person\/image\/","url":"https:\/\/secure.gravatar.com\/avatar\/7578910c24966c0316c340f9dbd601e93ee9f9212e1033968b367af9306bd9fb?s=96&d=mm&r=g","contentUrl":"https:\/\/secure.gravatar.com\/avatar\/7578910c24966c0316c340f9dbd601e93ee9f9212e1033968b367af9306bd9fb?s=96&d=mm&r=g","caption":"Fernando Calixto"},"url":"https:\/\/verdadeon.com.br\/portal\/author\/fernando-calixto\/"}]}},"jetpack_publicize_connections":[],"jetpack_featured_media_url":"https:\/\/i0.wp.com\/verdadeon.com.br\/portal\/wp-content\/uploads\/2021\/03\/WhatsApp-Image-2021-03-10-at-14.41.13.jpeg?fit=1000%2C670&ssl=1","jetpack_sharing_enabled":true,"_links":{"self":[{"href":"https:\/\/verdadeon.com.br\/portal\/wp-json\/wp\/v2\/posts\/15044","targetHints":{"allow":["GET"]}}],"collection":[{"href":"https:\/\/verdadeon.com.br\/portal\/wp-json\/wp\/v2\/posts"}],"about":[{"href":"https:\/\/verdadeon.com.br\/portal\/wp-json\/wp\/v2\/types\/post"}],"author":[{"embeddable":true,"href":"https:\/\/verdadeon.com.br\/portal\/wp-json\/wp\/v2\/users\/4"}],"replies":[{"embeddable":true,"href":"https:\/\/verdadeon.com.br\/portal\/wp-json\/wp\/v2\/comments?post=15044"}],"version-history":[{"count":0,"href":"https:\/\/verdadeon.com.br\/portal\/wp-json\/wp\/v2\/posts\/15044\/revisions"}],"wp:featuredmedia":[{"embeddable":true,"href":"https:\/\/verdadeon.com.br\/portal\/wp-json\/wp\/v2\/media\/15046"}],"wp:attachment":[{"href":"https:\/\/verdadeon.com.br\/portal\/wp-json\/wp\/v2\/media?parent=15044"}],"wp:term":[{"taxonomy":"category","embeddable":true,"href":"https:\/\/verdadeon.com.br\/portal\/wp-json\/wp\/v2\/categories?post=15044"},{"taxonomy":"post_tag","embeddable":true,"href":"https:\/\/verdadeon.com.br\/portal\/wp-json\/wp\/v2\/tags?post=15044"}],"curies":[{"name":"wp","href":"https:\/\/api.w.org\/{rel}","templated":true}]}}