{"id":14997,"date":"2021-03-09T16:44:26","date_gmt":"2021-03-09T19:44:26","guid":{"rendered":"https:\/\/verdadeon.com.br\/portal\/?p=14997"},"modified":"2021-03-09T16:44:26","modified_gmt":"2021-03-09T19:44:26","slug":"lira-e-pacheco-dao-24h-para-pauzello-explicar-agenda-de-vacinacao","status":"publish","type":"post","link":"https:\/\/verdadeon.com.br\/portal\/2021\/03\/09\/lira-e-pacheco-dao-24h-para-pauzello-explicar-agenda-de-vacinacao\/","title":{"rendered":"Lira e Pacheco d\u00e3o 24h para Pauzello explicar agenda de vacina\u00e7\u00e3o"},"content":{"rendered":"<h2>Data e quantidade de recebimento de vacinas foram alteradas pelo Minist\u00e9rio da Sa\u00fade<\/h2>\n<p>Um dia depois de o F\u00f3rum Nacional de Governadores pedir explica\u00e7\u00f5es ao Minist\u00e9rio da Sa\u00fade sobre a redu\u00e7\u00e3o do n\u00famero de doses de vacinas para combater o novo coronav\u00edrus (covid-19) previstas para mar\u00e7o, os presidentes da C\u00e2mara dos Deputados, Arthur Lira (PP-AL), e do Senado, Rodrigo Pacheco (DEM-MG), cobraram do ministro Eduardo Pazuello, que em 24 horas informe sobre o cronograma de vacina\u00e7\u00e3o apresentado aos senadores em sess\u00e3o tem\u00e1tica na Casa no dia 4.<br \/>\nA previs\u00e3o era de que o minist\u00e9rio distribu\u00edsse em mar\u00e7o &#8211; s\u00f3 da vacina Oxford-AstraZeneca, produzida na Fiocruz &#8211; 16,9 milh\u00f5es de doses. Mas a quantidade caiu para 3,8 milh\u00f5es. Ontem (8), depois de uma reuni\u00e3o na sede da Funda\u00e7\u00e3o Oswaldo Cruz (Fiocruz), no Rio de Janeiro, com governadores, o ministro da Sa\u00fade atribuiu o atraso a uma uma falha t\u00e9cnica em uma m\u00e1quina de lacre da embalagem da vacina.<br \/>\nEm of\u00edcio enviado a Pazuello, Lira e Pacheco fizeram quatro perguntas ao ministro. Eles querem saber se o cronograma foi alterado e, em caso afirmativo, quais foram as raz\u00f5es para isso e quais os principais obst\u00e1culos enfrentados no momento para que o cronograma vigente seja cumprido.<br \/>\nOs parlamentares tamb\u00e9m querem saber se o minist\u00e9rio tem informa\u00e7\u00f5es a respeito do cronograma de produ\u00e7\u00e3o nacional de vacinas pela Fiocruz e pelo Instituto Butantan. Em caso afirmativo, quais seriam as datas para o envio de vacinas, pelas referidas institui\u00e7\u00f5es, ao governo federal.<br \/>\nSobre a aquisi\u00e7\u00e3o de Insumo Farmac\u00eautico Ativo (IFA), os parlamentares querem saber h\u00e1 calend\u00e1rio para sua aquisi\u00e7\u00e3o, por parte do governo federal, de outros pa\u00edses, e se h\u00e1 o risco de falta dessa mat\u00e9ria-prima, al\u00e9m dos maiores entraves para que a pasta fa\u00e7a a aquisi\u00e7\u00e3o e importa\u00e7\u00e3o do produto.<br \/>\n\u201cConsiderando a urg\u00eancia que nos imp\u00f5e a pandemia ocasionada pela dissemina\u00e7\u00e3o do v\u00edrus SARS-CoV-2 e a crescente taxa de \u00f3bitos por dia em decorr\u00eancia da Covid-19, solicitamos a presteza de V. Exa. no sentido de encaminhar as informa\u00e7\u00f5es acima requeridas no prazo de 24 horas, a fim de que as Casas do Congresso Nacional possam adotar as provid\u00eancias cab\u00edveis no combate \u00e0 pandemia\u201d, diz o of\u00edcio.<br \/>\nFonte: Ag\u00eancia Brasil<\/p>\n","protected":false},"excerpt":{"rendered":"<p>Data e quantidade de recebimento de vacinas foram alteradas pelo Minist\u00e9rio da Sa\u00fade Um dia depois de o F\u00f3rum Nacional de Governadores pedir explica\u00e7\u00f5es ao Minist\u00e9rio<span class=\"excerpt-hellip\"> [\u2026]<\/span><\/p>\n","protected":false},"author":4,"featured_media":14999,"comment_status":"open","ping_status":"open","sticky":false,"template":"","format":"standard","meta":{"_jetpack_memberships_contains_paid_content":false,"footnotes":"","jetpack_publicize_message":"","jetpack_publicize_feature_enabled":true,"jetpack_social_post_already_shared":false,"jetpack_social_options":{"image_generator_settings":{"template":"highway","default_image_id":0,"enabled":false},"version":2}},"categories":[28,44],"tags":[],"class_list":["post-14997","post","type-post","status-publish","format-standard","has-post-thumbnail","hentry","category-cotidiano","category-noticias"],"yoast_head":"<!-- This site is optimized with the Yoast SEO plugin v25.6 - https:\/\/yoast.com\/wordpress\/plugins\/seo\/ -->\n<title>Lira e Pacheco d\u00e3o 24h para Pauzello explicar agenda de vacina\u00e7\u00e3o - VerdadeOn<\/title>\n<meta name=\"robots\" content=\"index, follow, max-snippet:-1, max-image-preview:large, max-video-preview:-1\" \/>\n<link rel=\"canonical\" href=\"https:\/\/verdadeon.com.br\/portal\/2021\/03\/09\/lira-e-pacheco-dao-24h-para-pauzello-explicar-agenda-de-vacinacao\/\" \/>\n<meta property=\"og:locale\" content=\"pt_BR\" \/>\n<meta property=\"og:type\" content=\"article\" \/>\n<meta property=\"og:title\" content=\"Lira e Pacheco d\u00e3o 24h para Pauzello explicar agenda de vacina\u00e7\u00e3o - VerdadeOn\" \/>\n<meta property=\"og:description\" content=\"Data e quantidade de recebimento de vacinas foram alteradas pelo Minist\u00e9rio da Sa\u00fade Um dia depois de o F\u00f3rum Nacional de Governadores pedir explica\u00e7\u00f5es ao Minist\u00e9rio [\u2026]\" \/>\n<meta property=\"og:url\" content=\"https:\/\/verdadeon.com.br\/portal\/2021\/03\/09\/lira-e-pacheco-dao-24h-para-pauzello-explicar-agenda-de-vacinacao\/\" \/>\n<meta property=\"og:site_name\" content=\"VerdadeOn\" \/>\n<meta property=\"article:published_time\" content=\"2021-03-09T19:44:26+00:00\" \/>\n<meta property=\"og:image\" content=\"https:\/\/verdadeon.com.br\/portal\/wp-content\/uploads\/2021\/03\/WhatsApp-Image-2021-03-09-at-14.55.53.jpeg\" \/>\n\t<meta property=\"og:image:width\" content=\"1000\" \/>\n\t<meta property=\"og:image:height\" content=\"670\" \/>\n\t<meta property=\"og:image:type\" content=\"image\/jpeg\" \/>\n<meta name=\"author\" content=\"Fernando Calixto\" \/>\n<meta name=\"twitter:card\" content=\"summary_large_image\" \/>\n<meta name=\"twitter:label1\" content=\"Escrito por\" \/>\n\t<meta name=\"twitter:data1\" content=\"Fernando Calixto\" \/>\n\t<meta name=\"twitter:label2\" content=\"Est. tempo de leitura\" \/>\n\t<meta name=\"twitter:data2\" content=\"2 minutos\" \/>\n<script type=\"application\/ld+json\" class=\"yoast-schema-graph\">{\"@context\":\"https:\/\/schema.org\",\"@graph\":[{\"@type\":\"WebPage\",\"@id\":\"https:\/\/verdadeon.com.br\/portal\/2021\/03\/09\/lira-e-pacheco-dao-24h-para-pauzello-explicar-agenda-de-vacinacao\/\",\"url\":\"https:\/\/verdadeon.com.br\/portal\/2021\/03\/09\/lira-e-pacheco-dao-24h-para-pauzello-explicar-agenda-de-vacinacao\/\",\"name\":\"Lira e Pacheco d\u00e3o 24h para Pauzello explicar agenda de vacina\u00e7\u00e3o - VerdadeOn\",\"isPartOf\":{\"@id\":\"https:\/\/verdadeon.com.br\/portal\/#website\"},\"primaryImageOfPage\":{\"@id\":\"https:\/\/verdadeon.com.br\/portal\/2021\/03\/09\/lira-e-pacheco-dao-24h-para-pauzello-explicar-agenda-de-vacinacao\/#primaryimage\"},\"image\":{\"@id\":\"https:\/\/verdadeon.com.br\/portal\/2021\/03\/09\/lira-e-pacheco-dao-24h-para-pauzello-explicar-agenda-de-vacinacao\/#primaryimage\"},\"thumbnailUrl\":\"https:\/\/i0.wp.com\/verdadeon.com.br\/portal\/wp-content\/uploads\/2021\/03\/WhatsApp-Image-2021-03-09-at-14.55.53.jpeg?fit=1000%2C670&ssl=1\",\"datePublished\":\"2021-03-09T19:44:26+00:00\",\"author\":{\"@id\":\"https:\/\/verdadeon.com.br\/portal\/#\/schema\/person\/8994718f49ee62ba5610471e29ca1f62\"},\"breadcrumb\":{\"@id\":\"https:\/\/verdadeon.com.br\/portal\/2021\/03\/09\/lira-e-pacheco-dao-24h-para-pauzello-explicar-agenda-de-vacinacao\/#breadcrumb\"},\"inLanguage\":\"pt-BR\",\"potentialAction\":[{\"@type\":\"ReadAction\",\"target\":[\"https:\/\/verdadeon.com.br\/portal\/2021\/03\/09\/lira-e-pacheco-dao-24h-para-pauzello-explicar-agenda-de-vacinacao\/\"]}]},{\"@type\":\"ImageObject\",\"inLanguage\":\"pt-BR\",\"@id\":\"https:\/\/verdadeon.com.br\/portal\/2021\/03\/09\/lira-e-pacheco-dao-24h-para-pauzello-explicar-agenda-de-vacinacao\/#primaryimage\",\"url\":\"https:\/\/i0.wp.com\/verdadeon.com.br\/portal\/wp-content\/uploads\/2021\/03\/WhatsApp-Image-2021-03-09-at-14.55.53.jpeg?fit=1000%2C670&ssl=1\",\"contentUrl\":\"https:\/\/i0.wp.com\/verdadeon.com.br\/portal\/wp-content\/uploads\/2021\/03\/WhatsApp-Image-2021-03-09-at-14.55.53.jpeg?fit=1000%2C670&ssl=1\",\"width\":1000,\"height\":670},{\"@type\":\"BreadcrumbList\",\"@id\":\"https:\/\/verdadeon.com.br\/portal\/2021\/03\/09\/lira-e-pacheco-dao-24h-para-pauzello-explicar-agenda-de-vacinacao\/#breadcrumb\",\"itemListElement\":[{\"@type\":\"ListItem\",\"position\":1,\"name\":\"In\u00edcio\",\"item\":\"https:\/\/verdadeon.com.br\/portal\/\"},{\"@type\":\"ListItem\",\"position\":2,\"name\":\"Lira e Pacheco d\u00e3o 24h para Pauzello explicar agenda de vacina\u00e7\u00e3o\"}]},{\"@type\":\"WebSite\",\"@id\":\"https:\/\/verdadeon.com.br\/portal\/#website\",\"url\":\"https:\/\/verdadeon.com.br\/portal\/\",\"name\":\"VerdadeOn\",\"description\":\"Not\u00edcias di\u00e1rias sobre Franca, Regi\u00e3o, Esporte, Cultura, Cotidiano, Colunas. Cobertura nos principais eventos da cidade \u00e9 aqui - Verdadeon Franca\",\"potentialAction\":[{\"@type\":\"SearchAction\",\"target\":{\"@type\":\"EntryPoint\",\"urlTemplate\":\"https:\/\/verdadeon.com.br\/portal\/?s={search_term_string}\"},\"query-input\":{\"@type\":\"PropertyValueSpecification\",\"valueRequired\":true,\"valueName\":\"search_term_string\"}}],\"inLanguage\":\"pt-BR\"},{\"@type\":\"Person\",\"@id\":\"https:\/\/verdadeon.com.br\/portal\/#\/schema\/person\/8994718f49ee62ba5610471e29ca1f62\",\"name\":\"Fernando Calixto\",\"image\":{\"@type\":\"ImageObject\",\"inLanguage\":\"pt-BR\",\"@id\":\"https:\/\/verdadeon.com.br\/portal\/#\/schema\/person\/image\/\",\"url\":\"https:\/\/secure.gravatar.com\/avatar\/7578910c24966c0316c340f9dbd601e93ee9f9212e1033968b367af9306bd9fb?s=96&d=mm&r=g\",\"contentUrl\":\"https:\/\/secure.gravatar.com\/avatar\/7578910c24966c0316c340f9dbd601e93ee9f9212e1033968b367af9306bd9fb?s=96&d=mm&r=g\",\"caption\":\"Fernando Calixto\"},\"url\":\"https:\/\/verdadeon.com.br\/portal\/author\/fernando-calixto\/\"}]}<\/script>\n<!-- \/ Yoast SEO plugin. -->","yoast_head_json":{"title":"Lira e Pacheco d\u00e3o 24h para Pauzello explicar agenda de vacina\u00e7\u00e3o - VerdadeOn","robots":{"index":"index","follow":"follow","max-snippet":"max-snippet:-1","max-image-preview":"max-image-preview:large","max-video-preview":"max-video-preview:-1"},"canonical":"https:\/\/verdadeon.com.br\/portal\/2021\/03\/09\/lira-e-pacheco-dao-24h-para-pauzello-explicar-agenda-de-vacinacao\/","og_locale":"pt_BR","og_type":"article","og_title":"Lira e Pacheco d\u00e3o 24h para Pauzello explicar agenda de vacina\u00e7\u00e3o - VerdadeOn","og_description":"Data e quantidade de recebimento de vacinas foram alteradas pelo Minist\u00e9rio da Sa\u00fade Um dia depois de o F\u00f3rum Nacional de Governadores pedir explica\u00e7\u00f5es ao Minist\u00e9rio [\u2026]","og_url":"https:\/\/verdadeon.com.br\/portal\/2021\/03\/09\/lira-e-pacheco-dao-24h-para-pauzello-explicar-agenda-de-vacinacao\/","og_site_name":"VerdadeOn","article_published_time":"2021-03-09T19:44:26+00:00","og_image":[{"width":1000,"height":670,"url":"https:\/\/verdadeon.com.br\/portal\/wp-content\/uploads\/2021\/03\/WhatsApp-Image-2021-03-09-at-14.55.53.jpeg","type":"image\/jpeg"}],"author":"Fernando Calixto","twitter_card":"summary_large_image","twitter_misc":{"Escrito por":"Fernando Calixto","Est. tempo de leitura":"2 minutos"},"schema":{"@context":"https:\/\/schema.org","@graph":[{"@type":"WebPage","@id":"https:\/\/verdadeon.com.br\/portal\/2021\/03\/09\/lira-e-pacheco-dao-24h-para-pauzello-explicar-agenda-de-vacinacao\/","url":"https:\/\/verdadeon.com.br\/portal\/2021\/03\/09\/lira-e-pacheco-dao-24h-para-pauzello-explicar-agenda-de-vacinacao\/","name":"Lira e Pacheco d\u00e3o 24h para Pauzello explicar agenda de vacina\u00e7\u00e3o - VerdadeOn","isPartOf":{"@id":"https:\/\/verdadeon.com.br\/portal\/#website"},"primaryImageOfPage":{"@id":"https:\/\/verdadeon.com.br\/portal\/2021\/03\/09\/lira-e-pacheco-dao-24h-para-pauzello-explicar-agenda-de-vacinacao\/#primaryimage"},"image":{"@id":"https:\/\/verdadeon.com.br\/portal\/2021\/03\/09\/lira-e-pacheco-dao-24h-para-pauzello-explicar-agenda-de-vacinacao\/#primaryimage"},"thumbnailUrl":"https:\/\/i0.wp.com\/verdadeon.com.br\/portal\/wp-content\/uploads\/2021\/03\/WhatsApp-Image-2021-03-09-at-14.55.53.jpeg?fit=1000%2C670&ssl=1","datePublished":"2021-03-09T19:44:26+00:00","author":{"@id":"https:\/\/verdadeon.com.br\/portal\/#\/schema\/person\/8994718f49ee62ba5610471e29ca1f62"},"breadcrumb":{"@id":"https:\/\/verdadeon.com.br\/portal\/2021\/03\/09\/lira-e-pacheco-dao-24h-para-pauzello-explicar-agenda-de-vacinacao\/#breadcrumb"},"inLanguage":"pt-BR","potentialAction":[{"@type":"ReadAction","target":["https:\/\/verdadeon.com.br\/portal\/2021\/03\/09\/lira-e-pacheco-dao-24h-para-pauzello-explicar-agenda-de-vacinacao\/"]}]},{"@type":"ImageObject","inLanguage":"pt-BR","@id":"https:\/\/verdadeon.com.br\/portal\/2021\/03\/09\/lira-e-pacheco-dao-24h-para-pauzello-explicar-agenda-de-vacinacao\/#primaryimage","url":"https:\/\/i0.wp.com\/verdadeon.com.br\/portal\/wp-content\/uploads\/2021\/03\/WhatsApp-Image-2021-03-09-at-14.55.53.jpeg?fit=1000%2C670&ssl=1","contentUrl":"https:\/\/i0.wp.com\/verdadeon.com.br\/portal\/wp-content\/uploads\/2021\/03\/WhatsApp-Image-2021-03-09-at-14.55.53.jpeg?fit=1000%2C670&ssl=1","width":1000,"height":670},{"@type":"BreadcrumbList","@id":"https:\/\/verdadeon.com.br\/portal\/2021\/03\/09\/lira-e-pacheco-dao-24h-para-pauzello-explicar-agenda-de-vacinacao\/#breadcrumb","itemListElement":[{"@type":"ListItem","position":1,"name":"In\u00edcio","item":"https:\/\/verdadeon.com.br\/portal\/"},{"@type":"ListItem","position":2,"name":"Lira e Pacheco d\u00e3o 24h para Pauzello explicar agenda de vacina\u00e7\u00e3o"}]},{"@type":"WebSite","@id":"https:\/\/verdadeon.com.br\/portal\/#website","url":"https:\/\/verdadeon.com.br\/portal\/","name":"VerdadeOn","description":"Not\u00edcias di\u00e1rias sobre Franca, Regi\u00e3o, Esporte, Cultura, Cotidiano, Colunas. Cobertura nos principais eventos da cidade \u00e9 aqui - Verdadeon Franca","potentialAction":[{"@type":"SearchAction","target":{"@type":"EntryPoint","urlTemplate":"https:\/\/verdadeon.com.br\/portal\/?s={search_term_string}"},"query-input":{"@type":"PropertyValueSpecification","valueRequired":true,"valueName":"search_term_string"}}],"inLanguage":"pt-BR"},{"@type":"Person","@id":"https:\/\/verdadeon.com.br\/portal\/#\/schema\/person\/8994718f49ee62ba5610471e29ca1f62","name":"Fernando Calixto","image":{"@type":"ImageObject","inLanguage":"pt-BR","@id":"https:\/\/verdadeon.com.br\/portal\/#\/schema\/person\/image\/","url":"https:\/\/secure.gravatar.com\/avatar\/7578910c24966c0316c340f9dbd601e93ee9f9212e1033968b367af9306bd9fb?s=96&d=mm&r=g","contentUrl":"https:\/\/secure.gravatar.com\/avatar\/7578910c24966c0316c340f9dbd601e93ee9f9212e1033968b367af9306bd9fb?s=96&d=mm&r=g","caption":"Fernando Calixto"},"url":"https:\/\/verdadeon.com.br\/portal\/author\/fernando-calixto\/"}]}},"jetpack_publicize_connections":[],"jetpack_featured_media_url":"https:\/\/i0.wp.com\/verdadeon.com.br\/portal\/wp-content\/uploads\/2021\/03\/WhatsApp-Image-2021-03-09-at-14.55.53.jpeg?fit=1000%2C670&ssl=1","jetpack_sharing_enabled":true,"_links":{"self":[{"href":"https:\/\/verdadeon.com.br\/portal\/wp-json\/wp\/v2\/posts\/14997","targetHints":{"allow":["GET"]}}],"collection":[{"href":"https:\/\/verdadeon.com.br\/portal\/wp-json\/wp\/v2\/posts"}],"about":[{"href":"https:\/\/verdadeon.com.br\/portal\/wp-json\/wp\/v2\/types\/post"}],"author":[{"embeddable":true,"href":"https:\/\/verdadeon.com.br\/portal\/wp-json\/wp\/v2\/users\/4"}],"replies":[{"embeddable":true,"href":"https:\/\/verdadeon.com.br\/portal\/wp-json\/wp\/v2\/comments?post=14997"}],"version-history":[{"count":0,"href":"https:\/\/verdadeon.com.br\/portal\/wp-json\/wp\/v2\/posts\/14997\/revisions"}],"wp:featuredmedia":[{"embeddable":true,"href":"https:\/\/verdadeon.com.br\/portal\/wp-json\/wp\/v2\/media\/14999"}],"wp:attachment":[{"href":"https:\/\/verdadeon.com.br\/portal\/wp-json\/wp\/v2\/media?parent=14997"}],"wp:term":[{"taxonomy":"category","embeddable":true,"href":"https:\/\/verdadeon.com.br\/portal\/wp-json\/wp\/v2\/categories?post=14997"},{"taxonomy":"post_tag","embeddable":true,"href":"https:\/\/verdadeon.com.br\/portal\/wp-json\/wp\/v2\/tags?post=14997"}],"curies":[{"name":"wp","href":"https:\/\/api.w.org\/{rel}","templated":true}]}}