{"id":14940,"date":"2021-03-08T17:32:03","date_gmt":"2021-03-08T20:32:03","guid":{"rendered":"https:\/\/verdadeon.com.br\/portal\/?p=14940"},"modified":"2021-03-08T17:32:03","modified_gmt":"2021-03-08T20:32:03","slug":"vacinacao-em-idosos-com-77-anos-ou-mais-e-retomada-em-franca","status":"publish","type":"post","link":"https:\/\/verdadeon.com.br\/portal\/2021\/03\/08\/vacinacao-em-idosos-com-77-anos-ou-mais-e-retomada-em-franca\/","title":{"rendered":"Vacina\u00e7\u00e3o em idosos com 77 anos ou mais \u00e9 retomada em Franca"},"content":{"rendered":"<h2>Imuniza\u00e7\u00e3o contra a Covid-19 acontece em dois pontos de drive thru e nas UBS\u2019s dos bairros<\/h2>\n<p>A aplica\u00e7\u00e3o da primeira dose da vacina contra a Covid-19 em idosos com 77 anos ou mais, ser\u00e1 retomara nesta ter\u00e7a-feira (9), em Franca. A informa\u00e7\u00e3o foi confirmada pela Secretaria Municipal de Sa\u00fade. Tamb\u00e9m continuar\u00e1 sendo aplicada a segunda dose para os idosos com 90 anos ou mais e profissionais de sa\u00fade da linha de frente.<br \/>\nPara receber a dose, \u00e9 necess\u00e1rio levar um documento pessoal com foto, CPF e o cart\u00e3o de vacina\u00e7\u00e3o, contendo o registro da primeira dose. O atendimento ser\u00e1 prestado mediante a distribui\u00e7\u00e3o de senhas, devido a quantidade de doses recebidas pelo Governo do Estado.<\/p>\n<p>Instituto Butantan<br \/>\nO Governador Jo\u00e3o Doria anunciou nesta segunda-feira (8) que o Governo de S\u00e3o Paulo liberou mais 1,7 milh\u00e3o de doses da vacina do Instituto Butantan contra o coronav\u00edrus ao Programa Nacional de Imuniza\u00e7\u00f5es (PNI) do Minist\u00e9rio da Sa\u00fade. Com o novo carregamento, o total de vacinas disponibilizadas pelo Butantan ao PNI chega a 16,1 milh\u00f5es de doses desde o in\u00edcio das entregas, em 17 de janeiro.<br \/>\n&#8220;Gra\u00e7as a esse esfor\u00e7o do Instituto Butantan, trabalhando 24 horas por dia, hoje estamos entregando mais 1 milh\u00e3o e 700 mil doses da vacina do Butantan para o Brasil para que o Minist\u00e9rio da Sa\u00fade distribua a todos os estados brasileiros e possa prosseguir a vacina\u00e7\u00e3o dos brasileiros de outros estados, assim como dos brasileiros que vivem aqui em S\u00e3o Paulo&#8221;, disse Doria.<br \/>\nNo dia 3 de mar\u00e7o, o Butantan j\u00e1 havia distribu\u00eddo 900 mil doses ao PNI. Em fevereiro foram entregues cerca de 4,85 milh\u00f5es de doses.<br \/>\nAt\u00e9 o final de mar\u00e7o ser\u00e3o entregues 21 milh\u00f5es de doses da vacina \u2013 17% a mais do que o previsto inicialmente &#8211; e, at\u00e9 30 de abril, o n\u00famero de vacinas disponibilizadas ao PNI somar\u00e1 46 milh\u00f5es. O Butantan ainda trabalha para entregar outras 54 milh\u00f5es de doses para vacina\u00e7\u00e3o dos brasileiros at\u00e9 30 de agosto.<\/p>\n","protected":false},"excerpt":{"rendered":"<p>Imuniza\u00e7\u00e3o contra a Covid-19 acontece em dois pontos de drive thru e nas UBS\u2019s dos bairros A aplica\u00e7\u00e3o da primeira dose da vacina contra a Covid-19<span class=\"excerpt-hellip\"> [\u2026]<\/span><\/p>\n","protected":false},"author":4,"featured_media":14947,"comment_status":"open","ping_status":"open","sticky":false,"template":"","format":"standard","meta":{"_jetpack_memberships_contains_paid_content":false,"footnotes":"","jetpack_publicize_message":"","jetpack_publicize_feature_enabled":true,"jetpack_social_post_already_shared":false,"jetpack_social_options":{"image_generator_settings":{"template":"highway","default_image_id":0,"enabled":false},"version":2}},"categories":[28,81],"tags":[],"class_list":["post-14940","post","type-post","status-publish","format-standard","has-post-thumbnail","hentry","category-cotidiano","category-manchete"],"yoast_head":"<!-- This site is optimized with the Yoast SEO plugin v25.6 - https:\/\/yoast.com\/wordpress\/plugins\/seo\/ -->\n<title>Vacina\u00e7\u00e3o em idosos com 77 anos ou mais \u00e9 retomada em Franca - VerdadeOn<\/title>\n<meta name=\"robots\" content=\"index, follow, max-snippet:-1, max-image-preview:large, max-video-preview:-1\" \/>\n<link rel=\"canonical\" href=\"https:\/\/verdadeon.com.br\/portal\/2021\/03\/08\/vacinacao-em-idosos-com-77-anos-ou-mais-e-retomada-em-franca\/\" \/>\n<meta property=\"og:locale\" content=\"pt_BR\" \/>\n<meta property=\"og:type\" content=\"article\" \/>\n<meta property=\"og:title\" content=\"Vacina\u00e7\u00e3o em idosos com 77 anos ou mais \u00e9 retomada em Franca - VerdadeOn\" \/>\n<meta property=\"og:description\" content=\"Imuniza\u00e7\u00e3o contra a Covid-19 acontece em dois pontos de drive thru e nas UBS\u2019s dos bairros A aplica\u00e7\u00e3o da primeira dose da vacina contra a Covid-19 [\u2026]\" \/>\n<meta property=\"og:url\" content=\"https:\/\/verdadeon.com.br\/portal\/2021\/03\/08\/vacinacao-em-idosos-com-77-anos-ou-mais-e-retomada-em-franca\/\" \/>\n<meta property=\"og:site_name\" content=\"VerdadeOn\" \/>\n<meta property=\"article:published_time\" content=\"2021-03-08T20:32:03+00:00\" \/>\n<meta property=\"og:image\" content=\"https:\/\/verdadeon.com.br\/portal\/wp-content\/uploads\/2021\/03\/WhatsApp-Image-2021-03-08-at-17.13.22.jpeg\" \/>\n\t<meta property=\"og:image:width\" content=\"1000\" \/>\n\t<meta property=\"og:image:height\" content=\"670\" \/>\n\t<meta property=\"og:image:type\" content=\"image\/jpeg\" \/>\n<meta name=\"author\" content=\"Fernando Calixto\" \/>\n<meta name=\"twitter:card\" content=\"summary_large_image\" \/>\n<meta name=\"twitter:label1\" content=\"Escrito por\" \/>\n\t<meta name=\"twitter:data1\" content=\"Fernando Calixto\" \/>\n\t<meta name=\"twitter:label2\" content=\"Est. tempo de leitura\" \/>\n\t<meta name=\"twitter:data2\" content=\"2 minutos\" \/>\n<script type=\"application\/ld+json\" class=\"yoast-schema-graph\">{\"@context\":\"https:\/\/schema.org\",\"@graph\":[{\"@type\":\"WebPage\",\"@id\":\"https:\/\/verdadeon.com.br\/portal\/2021\/03\/08\/vacinacao-em-idosos-com-77-anos-ou-mais-e-retomada-em-franca\/\",\"url\":\"https:\/\/verdadeon.com.br\/portal\/2021\/03\/08\/vacinacao-em-idosos-com-77-anos-ou-mais-e-retomada-em-franca\/\",\"name\":\"Vacina\u00e7\u00e3o em idosos com 77 anos ou mais \u00e9 retomada em Franca - VerdadeOn\",\"isPartOf\":{\"@id\":\"https:\/\/verdadeon.com.br\/portal\/#website\"},\"primaryImageOfPage\":{\"@id\":\"https:\/\/verdadeon.com.br\/portal\/2021\/03\/08\/vacinacao-em-idosos-com-77-anos-ou-mais-e-retomada-em-franca\/#primaryimage\"},\"image\":{\"@id\":\"https:\/\/verdadeon.com.br\/portal\/2021\/03\/08\/vacinacao-em-idosos-com-77-anos-ou-mais-e-retomada-em-franca\/#primaryimage\"},\"thumbnailUrl\":\"https:\/\/i0.wp.com\/verdadeon.com.br\/portal\/wp-content\/uploads\/2021\/03\/WhatsApp-Image-2021-03-08-at-17.13.22.jpeg?fit=1000%2C670&ssl=1\",\"datePublished\":\"2021-03-08T20:32:03+00:00\",\"author\":{\"@id\":\"https:\/\/verdadeon.com.br\/portal\/#\/schema\/person\/8994718f49ee62ba5610471e29ca1f62\"},\"breadcrumb\":{\"@id\":\"https:\/\/verdadeon.com.br\/portal\/2021\/03\/08\/vacinacao-em-idosos-com-77-anos-ou-mais-e-retomada-em-franca\/#breadcrumb\"},\"inLanguage\":\"pt-BR\",\"potentialAction\":[{\"@type\":\"ReadAction\",\"target\":[\"https:\/\/verdadeon.com.br\/portal\/2021\/03\/08\/vacinacao-em-idosos-com-77-anos-ou-mais-e-retomada-em-franca\/\"]}]},{\"@type\":\"ImageObject\",\"inLanguage\":\"pt-BR\",\"@id\":\"https:\/\/verdadeon.com.br\/portal\/2021\/03\/08\/vacinacao-em-idosos-com-77-anos-ou-mais-e-retomada-em-franca\/#primaryimage\",\"url\":\"https:\/\/i0.wp.com\/verdadeon.com.br\/portal\/wp-content\/uploads\/2021\/03\/WhatsApp-Image-2021-03-08-at-17.13.22.jpeg?fit=1000%2C670&ssl=1\",\"contentUrl\":\"https:\/\/i0.wp.com\/verdadeon.com.br\/portal\/wp-content\/uploads\/2021\/03\/WhatsApp-Image-2021-03-08-at-17.13.22.jpeg?fit=1000%2C670&ssl=1\",\"width\":1000,\"height\":670,\"caption\":\"Para receber a dose \u00e9 necess\u00e1rio levar CPF, RG | Foto: Fernando Lima\"},{\"@type\":\"BreadcrumbList\",\"@id\":\"https:\/\/verdadeon.com.br\/portal\/2021\/03\/08\/vacinacao-em-idosos-com-77-anos-ou-mais-e-retomada-em-franca\/#breadcrumb\",\"itemListElement\":[{\"@type\":\"ListItem\",\"position\":1,\"name\":\"In\u00edcio\",\"item\":\"https:\/\/verdadeon.com.br\/portal\/\"},{\"@type\":\"ListItem\",\"position\":2,\"name\":\"Vacina\u00e7\u00e3o em idosos com 77 anos ou mais \u00e9 retomada em Franca\"}]},{\"@type\":\"WebSite\",\"@id\":\"https:\/\/verdadeon.com.br\/portal\/#website\",\"url\":\"https:\/\/verdadeon.com.br\/portal\/\",\"name\":\"VerdadeOn\",\"description\":\"Not\u00edcias di\u00e1rias sobre Franca, Regi\u00e3o, Esporte, Cultura, Cotidiano, Colunas. Cobertura nos principais eventos da cidade \u00e9 aqui - Verdadeon Franca\",\"potentialAction\":[{\"@type\":\"SearchAction\",\"target\":{\"@type\":\"EntryPoint\",\"urlTemplate\":\"https:\/\/verdadeon.com.br\/portal\/?s={search_term_string}\"},\"query-input\":{\"@type\":\"PropertyValueSpecification\",\"valueRequired\":true,\"valueName\":\"search_term_string\"}}],\"inLanguage\":\"pt-BR\"},{\"@type\":\"Person\",\"@id\":\"https:\/\/verdadeon.com.br\/portal\/#\/schema\/person\/8994718f49ee62ba5610471e29ca1f62\",\"name\":\"Fernando Calixto\",\"image\":{\"@type\":\"ImageObject\",\"inLanguage\":\"pt-BR\",\"@id\":\"https:\/\/verdadeon.com.br\/portal\/#\/schema\/person\/image\/\",\"url\":\"https:\/\/secure.gravatar.com\/avatar\/7578910c24966c0316c340f9dbd601e93ee9f9212e1033968b367af9306bd9fb?s=96&d=mm&r=g\",\"contentUrl\":\"https:\/\/secure.gravatar.com\/avatar\/7578910c24966c0316c340f9dbd601e93ee9f9212e1033968b367af9306bd9fb?s=96&d=mm&r=g\",\"caption\":\"Fernando Calixto\"},\"url\":\"https:\/\/verdadeon.com.br\/portal\/author\/fernando-calixto\/\"}]}<\/script>\n<!-- \/ Yoast SEO plugin. -->","yoast_head_json":{"title":"Vacina\u00e7\u00e3o em idosos com 77 anos ou mais \u00e9 retomada em Franca - VerdadeOn","robots":{"index":"index","follow":"follow","max-snippet":"max-snippet:-1","max-image-preview":"max-image-preview:large","max-video-preview":"max-video-preview:-1"},"canonical":"https:\/\/verdadeon.com.br\/portal\/2021\/03\/08\/vacinacao-em-idosos-com-77-anos-ou-mais-e-retomada-em-franca\/","og_locale":"pt_BR","og_type":"article","og_title":"Vacina\u00e7\u00e3o em idosos com 77 anos ou mais \u00e9 retomada em Franca - VerdadeOn","og_description":"Imuniza\u00e7\u00e3o contra a Covid-19 acontece em dois pontos de drive thru e nas UBS\u2019s dos bairros A aplica\u00e7\u00e3o da primeira dose da vacina contra a Covid-19 [\u2026]","og_url":"https:\/\/verdadeon.com.br\/portal\/2021\/03\/08\/vacinacao-em-idosos-com-77-anos-ou-mais-e-retomada-em-franca\/","og_site_name":"VerdadeOn","article_published_time":"2021-03-08T20:32:03+00:00","og_image":[{"width":1000,"height":670,"url":"https:\/\/verdadeon.com.br\/portal\/wp-content\/uploads\/2021\/03\/WhatsApp-Image-2021-03-08-at-17.13.22.jpeg","type":"image\/jpeg"}],"author":"Fernando Calixto","twitter_card":"summary_large_image","twitter_misc":{"Escrito por":"Fernando Calixto","Est. tempo de leitura":"2 minutos"},"schema":{"@context":"https:\/\/schema.org","@graph":[{"@type":"WebPage","@id":"https:\/\/verdadeon.com.br\/portal\/2021\/03\/08\/vacinacao-em-idosos-com-77-anos-ou-mais-e-retomada-em-franca\/","url":"https:\/\/verdadeon.com.br\/portal\/2021\/03\/08\/vacinacao-em-idosos-com-77-anos-ou-mais-e-retomada-em-franca\/","name":"Vacina\u00e7\u00e3o em idosos com 77 anos ou mais \u00e9 retomada em Franca - VerdadeOn","isPartOf":{"@id":"https:\/\/verdadeon.com.br\/portal\/#website"},"primaryImageOfPage":{"@id":"https:\/\/verdadeon.com.br\/portal\/2021\/03\/08\/vacinacao-em-idosos-com-77-anos-ou-mais-e-retomada-em-franca\/#primaryimage"},"image":{"@id":"https:\/\/verdadeon.com.br\/portal\/2021\/03\/08\/vacinacao-em-idosos-com-77-anos-ou-mais-e-retomada-em-franca\/#primaryimage"},"thumbnailUrl":"https:\/\/i0.wp.com\/verdadeon.com.br\/portal\/wp-content\/uploads\/2021\/03\/WhatsApp-Image-2021-03-08-at-17.13.22.jpeg?fit=1000%2C670&ssl=1","datePublished":"2021-03-08T20:32:03+00:00","author":{"@id":"https:\/\/verdadeon.com.br\/portal\/#\/schema\/person\/8994718f49ee62ba5610471e29ca1f62"},"breadcrumb":{"@id":"https:\/\/verdadeon.com.br\/portal\/2021\/03\/08\/vacinacao-em-idosos-com-77-anos-ou-mais-e-retomada-em-franca\/#breadcrumb"},"inLanguage":"pt-BR","potentialAction":[{"@type":"ReadAction","target":["https:\/\/verdadeon.com.br\/portal\/2021\/03\/08\/vacinacao-em-idosos-com-77-anos-ou-mais-e-retomada-em-franca\/"]}]},{"@type":"ImageObject","inLanguage":"pt-BR","@id":"https:\/\/verdadeon.com.br\/portal\/2021\/03\/08\/vacinacao-em-idosos-com-77-anos-ou-mais-e-retomada-em-franca\/#primaryimage","url":"https:\/\/i0.wp.com\/verdadeon.com.br\/portal\/wp-content\/uploads\/2021\/03\/WhatsApp-Image-2021-03-08-at-17.13.22.jpeg?fit=1000%2C670&ssl=1","contentUrl":"https:\/\/i0.wp.com\/verdadeon.com.br\/portal\/wp-content\/uploads\/2021\/03\/WhatsApp-Image-2021-03-08-at-17.13.22.jpeg?fit=1000%2C670&ssl=1","width":1000,"height":670,"caption":"Para receber a dose \u00e9 necess\u00e1rio levar CPF, RG | Foto: Fernando Lima"},{"@type":"BreadcrumbList","@id":"https:\/\/verdadeon.com.br\/portal\/2021\/03\/08\/vacinacao-em-idosos-com-77-anos-ou-mais-e-retomada-em-franca\/#breadcrumb","itemListElement":[{"@type":"ListItem","position":1,"name":"In\u00edcio","item":"https:\/\/verdadeon.com.br\/portal\/"},{"@type":"ListItem","position":2,"name":"Vacina\u00e7\u00e3o em idosos com 77 anos ou mais \u00e9 retomada em Franca"}]},{"@type":"WebSite","@id":"https:\/\/verdadeon.com.br\/portal\/#website","url":"https:\/\/verdadeon.com.br\/portal\/","name":"VerdadeOn","description":"Not\u00edcias di\u00e1rias sobre Franca, Regi\u00e3o, Esporte, Cultura, Cotidiano, Colunas. Cobertura nos principais eventos da cidade \u00e9 aqui - Verdadeon Franca","potentialAction":[{"@type":"SearchAction","target":{"@type":"EntryPoint","urlTemplate":"https:\/\/verdadeon.com.br\/portal\/?s={search_term_string}"},"query-input":{"@type":"PropertyValueSpecification","valueRequired":true,"valueName":"search_term_string"}}],"inLanguage":"pt-BR"},{"@type":"Person","@id":"https:\/\/verdadeon.com.br\/portal\/#\/schema\/person\/8994718f49ee62ba5610471e29ca1f62","name":"Fernando Calixto","image":{"@type":"ImageObject","inLanguage":"pt-BR","@id":"https:\/\/verdadeon.com.br\/portal\/#\/schema\/person\/image\/","url":"https:\/\/secure.gravatar.com\/avatar\/7578910c24966c0316c340f9dbd601e93ee9f9212e1033968b367af9306bd9fb?s=96&d=mm&r=g","contentUrl":"https:\/\/secure.gravatar.com\/avatar\/7578910c24966c0316c340f9dbd601e93ee9f9212e1033968b367af9306bd9fb?s=96&d=mm&r=g","caption":"Fernando Calixto"},"url":"https:\/\/verdadeon.com.br\/portal\/author\/fernando-calixto\/"}]}},"jetpack_publicize_connections":[],"jetpack_featured_media_url":"https:\/\/i0.wp.com\/verdadeon.com.br\/portal\/wp-content\/uploads\/2021\/03\/WhatsApp-Image-2021-03-08-at-17.13.22.jpeg?fit=1000%2C670&ssl=1","jetpack_sharing_enabled":true,"_links":{"self":[{"href":"https:\/\/verdadeon.com.br\/portal\/wp-json\/wp\/v2\/posts\/14940","targetHints":{"allow":["GET"]}}],"collection":[{"href":"https:\/\/verdadeon.com.br\/portal\/wp-json\/wp\/v2\/posts"}],"about":[{"href":"https:\/\/verdadeon.com.br\/portal\/wp-json\/wp\/v2\/types\/post"}],"author":[{"embeddable":true,"href":"https:\/\/verdadeon.com.br\/portal\/wp-json\/wp\/v2\/users\/4"}],"replies":[{"embeddable":true,"href":"https:\/\/verdadeon.com.br\/portal\/wp-json\/wp\/v2\/comments?post=14940"}],"version-history":[{"count":0,"href":"https:\/\/verdadeon.com.br\/portal\/wp-json\/wp\/v2\/posts\/14940\/revisions"}],"wp:featuredmedia":[{"embeddable":true,"href":"https:\/\/verdadeon.com.br\/portal\/wp-json\/wp\/v2\/media\/14947"}],"wp:attachment":[{"href":"https:\/\/verdadeon.com.br\/portal\/wp-json\/wp\/v2\/media?parent=14940"}],"wp:term":[{"taxonomy":"category","embeddable":true,"href":"https:\/\/verdadeon.com.br\/portal\/wp-json\/wp\/v2\/categories?post=14940"},{"taxonomy":"post_tag","embeddable":true,"href":"https:\/\/verdadeon.com.br\/portal\/wp-json\/wp\/v2\/tags?post=14940"}],"curies":[{"name":"wp","href":"https:\/\/api.w.org\/{rel}","templated":true}]}}