{"id":14939,"date":"2021-03-08T17:00:37","date_gmt":"2021-03-08T20:00:37","guid":{"rendered":"https:\/\/verdadeon.com.br\/portal\/?p=14939"},"modified":"2021-03-08T17:00:37","modified_gmt":"2021-03-08T20:00:37","slug":"escola-de-inovadores-ajuda-empreendedores-de-franca-e-regiao-a-criarem-empresas","status":"publish","type":"post","link":"https:\/\/verdadeon.com.br\/portal\/2021\/03\/08\/escola-de-inovadores-ajuda-empreendedores-de-franca-e-regiao-a-criarem-empresas\/","title":{"rendered":"\u2018Escola de Inovadores\u2019 ajuda empreendedores de Franca e regi\u00e3o a criarem empresas"},"content":{"rendered":"<h2>Inscri\u00e7\u00f5es acontecem de 8 a 26 de mar\u00e7o; 25 ideias ser\u00e3o selecionadas para participar do programa on-line e gratuito<\/h2>\n<p>Est\u00e3o abertas as inscri\u00e7\u00f5es para o programa \u201cEscola de Inovadores\u201d, do Centro Paula Souza, que ensina empreendedores a transformar ideias inovadores em empresas e startups. A inscri\u00e7\u00e3o pode ser feita at\u00e9 o dia 26 de mar\u00e7o pelo site https:\/\/inova.cps.sp.gov.br. Em Franca e regi\u00e3o, 25 projetos com at\u00e9 tr\u00eas participantes cada, ser\u00e3o selecionados para participar do curso totalmente on-line e gratuito.<\/p>\n<p>Para participar da \u201cEscola de Inovadores\u201d \u00e9 muito simples. Basta ter uma ideia de empreendedorismo, como produto, servi\u00e7o, processo ou tecnologia, que ser\u00e1 avaliada com base em crit\u00e9rios como inova\u00e7\u00e3o, viabilidade t\u00e9cnica e potencial mercadol\u00f3gico. As inscri\u00e7\u00f5es come\u00e7aram nesta segunda-feira (08\/03) e seguem at\u00e9 dia 26, pelo site da Inova CPS https:\/\/inova.cps.sp.gov.br.<\/p>\n<p>Os 25 projetos selecionados ser\u00e3o divulgados no dia 29 de mar\u00e7o, no site ou por e-mail. O programa come\u00e7a no dia 10 de abril, com encerramento em 26 de junho. Nesta edi\u00e7\u00e3o, o curso \u00e9 totalmente on-line e dividido em 10 m\u00f3dulos, todo s\u00e1bado, das 9 \u00e0s 12h, no formato de webinar, totalizando 40 horas.<\/p>\n<p>As oficinas virtuais s\u00e3o ministradas por professores, mentores e profissionais do mercado convidados, com muitas atividades pr\u00e1ticas e foco total em desenvolver as ideias. A cada semana ser\u00e1 abordado um tema: Saber empreender com atitudes empreendedoras; Legaliza\u00e7\u00e3o Empresarial; Comunica\u00e7\u00e3o e Marketing; Tecnologia Aplicada aos Neg\u00f3cios; Inspira\u00e7\u00e3o; Idea\u00e7\u00e3o; Prototipagem (Produtos e Servi\u00e7os); Business Model Canvas; Pitch + Cl\u00ednica de Neg\u00f3cios e Balc\u00e3o de Mentorias.<\/p>\n<p>\u201cA metodologia do programa est\u00e1 fundamentada no \u2018aprender fazendo\u2019, ou seja, na modelagem do neg\u00f3cio onde o participante recebe orienta\u00e7\u00f5es pr\u00e1ticas de empreendedorismo e inova\u00e7\u00e3o, em um ambiente criativo, digital, prop\u00edcio para a capacita\u00e7\u00e3o e desenvolvimento de seus neg\u00f3cios de forma sustent\u00e1vel\u201d, explica Simoni Maria Gheno, gestora do Inova CPS.<\/p>\n<p>Segundo Marcelo Squilante, agente de Inova\u00e7\u00e3o do Inova CPS na regi\u00e3o de Franca, a economia atual demanda cada vez mais solu\u00e7\u00f5es inovadoras, por isso \u00e9 necess\u00e1rio unir, de maneira multidisciplinar, diferentes temas e servi\u00e7os para apoiar o desenvolvimento de projetos de neg\u00f3cios sustent\u00e1veis e significativos para o bem-estar da comunidade em geral.<\/p>\n<p>\u201cA \u2018Escola de Inovadores\u2019 \u00e9 uma oportunidade para as pessoas transformarem as suas ideias em CNPJ, abrirem suas pr\u00f3prias empresas como solu\u00e7\u00f5es para os diversos segmentos como ind\u00fastria, com\u00e9rcio, educa\u00e7\u00e3o, agroneg\u00f3cio, sa\u00fade, alimenta\u00e7\u00e3o, entre outros. Principalmente neste cen\u00e1rio de pandemia, o programa oferece todos os caminhos para uma mudan\u00e7a de vida\u201d, diz Marcelo Squilante.<\/p>\n<p>Durante os encontros, os participantes v\u00e3o ter no\u00e7\u00f5es gerais sobre gest\u00e3o empresarial, cria\u00e7\u00e3o e manuten\u00e7\u00e3o de uma empresa, ferramentas de comunica\u00e7\u00e3o e marketing, plataformas de demonstra\u00e7\u00e3o de produto\/servi\u00e7o. Eles tamb\u00e9m ser\u00e3o desafiados a pensar no dimensionamento do projeto, a utilizar ferramentas como o brainstorming &#8211; para gerar ideias inovadoras -, e de imers\u00e3o e idea\u00e7\u00e3o para trabalhar o conceito prototipagem seguido do MVP (Produto M\u00ednimo Vi\u00e1vel).<\/p>\n<p>Ao final das 10 semanas, cada participante vai realizar uma apresenta\u00e7\u00e3o (pitch) da sua ideia para uma banca examinadora &#8211; composta por mentores externos, representantes de ambientes de incubadoras, parques tecnol\u00f3gicos, espa\u00e7os de coworking &#8211; que avaliar\u00e1 a proposta de valor sob v\u00e1rios aspectos, e indicar\u00e1 sugest\u00f5es de melhorias, com o intuito de gerar parcerias e oportunidades de neg\u00f3cios. Dessa forma, os projetos poder\u00e3o ser direcionados para a pr\u00e9-incuba\u00e7\u00e3o em uma incubadora, aceleradora, ou um parque tecnol\u00f3gico.<\/p>\n<p>Em Franca, o programa \u00e9 disponibilizado pela unidade da ETEC Dr. J\u00falio Cardoso, que atende tamb\u00e9m a regi\u00e3o, com apoio da IMPERA (Incubadora de Empresas de Base Tecnol\u00f3gica de Franca). Por isso, o melhor projeto das regi\u00f5es de Franca, Ibitinga e Jaboticabal ter\u00e1 a oportunidade de ser incubado, com contrato durante um ano.<\/p>\n<p>\u201cA IMPERA compartilha do mesmo objetivo do Centro Paula Souza, que \u00e9 incentivar ideias, startups e fomentar o ecossistema empreendedor. Estamos de portas abertas para novos projetos, com base tecnol\u00f3gica e sustent\u00e1veis, a fim de contribuir com a estrutura\u00e7\u00e3o do modelo de neg\u00f3cios e oferecer todo o suporte, orienta\u00e7\u00e3o e mentoria aos empreendedores\u201d, avalia Jean Dunkl, gestor da Incubadora.<\/p>\n<p>Al\u00e9m disso, os melhores projetos da \u201cEscola de Inovadores\u201d podem dar continuidade ao Programa \u201cTrilha de Empreendedorismo e Inova\u00e7\u00e3o\u201d, passando para a segunda etapa \u201cVitrine Inova CPS\u201d (https:\/\/inova.cps.sp.gov.br\/) e finalizando com o \u201cAcelera Inova CPS\u201d.<\/p>\n","protected":false},"excerpt":{"rendered":"<p>Inscri\u00e7\u00f5es acontecem de 8 a 26 de mar\u00e7o; 25 ideias ser\u00e3o selecionadas para participar do programa on-line e gratuito Est\u00e3o abertas as inscri\u00e7\u00f5es para o programa<span class=\"excerpt-hellip\"> [\u2026]<\/span><\/p>\n","protected":false},"author":4,"featured_media":14945,"comment_status":"open","ping_status":"open","sticky":false,"template":"","format":"standard","meta":{"_jetpack_memberships_contains_paid_content":false,"footnotes":"","jetpack_publicize_message":"","jetpack_publicize_feature_enabled":true,"jetpack_social_post_already_shared":false,"jetpack_social_options":{"image_generator_settings":{"template":"highway","default_image_id":0,"enabled":false},"version":2}},"categories":[28,44],"tags":[],"class_list":["post-14939","post","type-post","status-publish","format-standard","has-post-thumbnail","hentry","category-cotidiano","category-noticias"],"yoast_head":"<!-- This site is optimized with the Yoast SEO plugin v25.6 - https:\/\/yoast.com\/wordpress\/plugins\/seo\/ -->\n<title>\u2018Escola de Inovadores\u2019 ajuda empreendedores de Franca e regi\u00e3o a criarem empresas - VerdadeOn<\/title>\n<meta name=\"robots\" content=\"index, follow, max-snippet:-1, max-image-preview:large, max-video-preview:-1\" \/>\n<link rel=\"canonical\" href=\"https:\/\/verdadeon.com.br\/portal\/2021\/03\/08\/escola-de-inovadores-ajuda-empreendedores-de-franca-e-regiao-a-criarem-empresas\/\" \/>\n<meta property=\"og:locale\" content=\"pt_BR\" \/>\n<meta property=\"og:type\" content=\"article\" \/>\n<meta property=\"og:title\" content=\"\u2018Escola de Inovadores\u2019 ajuda empreendedores de Franca e regi\u00e3o a criarem empresas - VerdadeOn\" \/>\n<meta property=\"og:description\" content=\"Inscri\u00e7\u00f5es acontecem de 8 a 26 de mar\u00e7o; 25 ideias ser\u00e3o selecionadas para participar do programa on-line e gratuito Est\u00e3o abertas as inscri\u00e7\u00f5es para o programa [\u2026]\" \/>\n<meta property=\"og:url\" content=\"https:\/\/verdadeon.com.br\/portal\/2021\/03\/08\/escola-de-inovadores-ajuda-empreendedores-de-franca-e-regiao-a-criarem-empresas\/\" \/>\n<meta property=\"og:site_name\" content=\"VerdadeOn\" \/>\n<meta property=\"article:published_time\" content=\"2021-03-08T20:00:37+00:00\" \/>\n<meta property=\"og:image\" content=\"https:\/\/verdadeon.com.br\/portal\/wp-content\/uploads\/2021\/03\/WhatsApp-Image-2021-03-08-at-16.45.25.jpeg\" \/>\n\t<meta property=\"og:image:width\" content=\"1000\" \/>\n\t<meta property=\"og:image:height\" content=\"670\" \/>\n\t<meta property=\"og:image:type\" content=\"image\/jpeg\" \/>\n<meta name=\"author\" content=\"Fernando Calixto\" \/>\n<meta name=\"twitter:card\" content=\"summary_large_image\" \/>\n<meta name=\"twitter:label1\" content=\"Escrito por\" \/>\n\t<meta name=\"twitter:data1\" content=\"Fernando Calixto\" \/>\n\t<meta name=\"twitter:label2\" content=\"Est. tempo de leitura\" \/>\n\t<meta name=\"twitter:data2\" content=\"4 minutos\" \/>\n<script type=\"application\/ld+json\" class=\"yoast-schema-graph\">{\"@context\":\"https:\/\/schema.org\",\"@graph\":[{\"@type\":\"WebPage\",\"@id\":\"https:\/\/verdadeon.com.br\/portal\/2021\/03\/08\/escola-de-inovadores-ajuda-empreendedores-de-franca-e-regiao-a-criarem-empresas\/\",\"url\":\"https:\/\/verdadeon.com.br\/portal\/2021\/03\/08\/escola-de-inovadores-ajuda-empreendedores-de-franca-e-regiao-a-criarem-empresas\/\",\"name\":\"\u2018Escola de Inovadores\u2019 ajuda empreendedores de Franca e regi\u00e3o a criarem empresas - VerdadeOn\",\"isPartOf\":{\"@id\":\"https:\/\/verdadeon.com.br\/portal\/#website\"},\"primaryImageOfPage\":{\"@id\":\"https:\/\/verdadeon.com.br\/portal\/2021\/03\/08\/escola-de-inovadores-ajuda-empreendedores-de-franca-e-regiao-a-criarem-empresas\/#primaryimage\"},\"image\":{\"@id\":\"https:\/\/verdadeon.com.br\/portal\/2021\/03\/08\/escola-de-inovadores-ajuda-empreendedores-de-franca-e-regiao-a-criarem-empresas\/#primaryimage\"},\"thumbnailUrl\":\"https:\/\/i0.wp.com\/verdadeon.com.br\/portal\/wp-content\/uploads\/2021\/03\/WhatsApp-Image-2021-03-08-at-16.45.25.jpeg?fit=1000%2C670&ssl=1\",\"datePublished\":\"2021-03-08T20:00:37+00:00\",\"author\":{\"@id\":\"https:\/\/verdadeon.com.br\/portal\/#\/schema\/person\/8994718f49ee62ba5610471e29ca1f62\"},\"breadcrumb\":{\"@id\":\"https:\/\/verdadeon.com.br\/portal\/2021\/03\/08\/escola-de-inovadores-ajuda-empreendedores-de-franca-e-regiao-a-criarem-empresas\/#breadcrumb\"},\"inLanguage\":\"pt-BR\",\"potentialAction\":[{\"@type\":\"ReadAction\",\"target\":[\"https:\/\/verdadeon.com.br\/portal\/2021\/03\/08\/escola-de-inovadores-ajuda-empreendedores-de-franca-e-regiao-a-criarem-empresas\/\"]}]},{\"@type\":\"ImageObject\",\"inLanguage\":\"pt-BR\",\"@id\":\"https:\/\/verdadeon.com.br\/portal\/2021\/03\/08\/escola-de-inovadores-ajuda-empreendedores-de-franca-e-regiao-a-criarem-empresas\/#primaryimage\",\"url\":\"https:\/\/i0.wp.com\/verdadeon.com.br\/portal\/wp-content\/uploads\/2021\/03\/WhatsApp-Image-2021-03-08-at-16.45.25.jpeg?fit=1000%2C670&ssl=1\",\"contentUrl\":\"https:\/\/i0.wp.com\/verdadeon.com.br\/portal\/wp-content\/uploads\/2021\/03\/WhatsApp-Image-2021-03-08-at-16.45.25.jpeg?fit=1000%2C670&ssl=1\",\"width\":1000,\"height\":670,\"caption\":\"Marcelo Squilante, agente de Inova\u00e7\u00e3o do Inova CPS na regi\u00e3o de Franca, atende na ETEC Dr. J\u00falio Cardoso | Foto: Jorge Secco\"},{\"@type\":\"BreadcrumbList\",\"@id\":\"https:\/\/verdadeon.com.br\/portal\/2021\/03\/08\/escola-de-inovadores-ajuda-empreendedores-de-franca-e-regiao-a-criarem-empresas\/#breadcrumb\",\"itemListElement\":[{\"@type\":\"ListItem\",\"position\":1,\"name\":\"In\u00edcio\",\"item\":\"https:\/\/verdadeon.com.br\/portal\/\"},{\"@type\":\"ListItem\",\"position\":2,\"name\":\"\u2018Escola de Inovadores\u2019 ajuda empreendedores de Franca e regi\u00e3o a criarem empresas\"}]},{\"@type\":\"WebSite\",\"@id\":\"https:\/\/verdadeon.com.br\/portal\/#website\",\"url\":\"https:\/\/verdadeon.com.br\/portal\/\",\"name\":\"VerdadeOn\",\"description\":\"Not\u00edcias di\u00e1rias sobre Franca, Regi\u00e3o, Esporte, Cultura, Cotidiano, Colunas. Cobertura nos principais eventos da cidade \u00e9 aqui - Verdadeon Franca\",\"potentialAction\":[{\"@type\":\"SearchAction\",\"target\":{\"@type\":\"EntryPoint\",\"urlTemplate\":\"https:\/\/verdadeon.com.br\/portal\/?s={search_term_string}\"},\"query-input\":{\"@type\":\"PropertyValueSpecification\",\"valueRequired\":true,\"valueName\":\"search_term_string\"}}],\"inLanguage\":\"pt-BR\"},{\"@type\":\"Person\",\"@id\":\"https:\/\/verdadeon.com.br\/portal\/#\/schema\/person\/8994718f49ee62ba5610471e29ca1f62\",\"name\":\"Fernando Calixto\",\"image\":{\"@type\":\"ImageObject\",\"inLanguage\":\"pt-BR\",\"@id\":\"https:\/\/verdadeon.com.br\/portal\/#\/schema\/person\/image\/\",\"url\":\"https:\/\/secure.gravatar.com\/avatar\/7578910c24966c0316c340f9dbd601e93ee9f9212e1033968b367af9306bd9fb?s=96&d=mm&r=g\",\"contentUrl\":\"https:\/\/secure.gravatar.com\/avatar\/7578910c24966c0316c340f9dbd601e93ee9f9212e1033968b367af9306bd9fb?s=96&d=mm&r=g\",\"caption\":\"Fernando Calixto\"},\"url\":\"https:\/\/verdadeon.com.br\/portal\/author\/fernando-calixto\/\"}]}<\/script>\n<!-- \/ Yoast SEO plugin. -->","yoast_head_json":{"title":"\u2018Escola de Inovadores\u2019 ajuda empreendedores de Franca e regi\u00e3o a criarem empresas - VerdadeOn","robots":{"index":"index","follow":"follow","max-snippet":"max-snippet:-1","max-image-preview":"max-image-preview:large","max-video-preview":"max-video-preview:-1"},"canonical":"https:\/\/verdadeon.com.br\/portal\/2021\/03\/08\/escola-de-inovadores-ajuda-empreendedores-de-franca-e-regiao-a-criarem-empresas\/","og_locale":"pt_BR","og_type":"article","og_title":"\u2018Escola de Inovadores\u2019 ajuda empreendedores de Franca e regi\u00e3o a criarem empresas - VerdadeOn","og_description":"Inscri\u00e7\u00f5es acontecem de 8 a 26 de mar\u00e7o; 25 ideias ser\u00e3o selecionadas para participar do programa on-line e gratuito Est\u00e3o abertas as inscri\u00e7\u00f5es para o programa [\u2026]","og_url":"https:\/\/verdadeon.com.br\/portal\/2021\/03\/08\/escola-de-inovadores-ajuda-empreendedores-de-franca-e-regiao-a-criarem-empresas\/","og_site_name":"VerdadeOn","article_published_time":"2021-03-08T20:00:37+00:00","og_image":[{"width":1000,"height":670,"url":"https:\/\/verdadeon.com.br\/portal\/wp-content\/uploads\/2021\/03\/WhatsApp-Image-2021-03-08-at-16.45.25.jpeg","type":"image\/jpeg"}],"author":"Fernando Calixto","twitter_card":"summary_large_image","twitter_misc":{"Escrito por":"Fernando Calixto","Est. tempo de leitura":"4 minutos"},"schema":{"@context":"https:\/\/schema.org","@graph":[{"@type":"WebPage","@id":"https:\/\/verdadeon.com.br\/portal\/2021\/03\/08\/escola-de-inovadores-ajuda-empreendedores-de-franca-e-regiao-a-criarem-empresas\/","url":"https:\/\/verdadeon.com.br\/portal\/2021\/03\/08\/escola-de-inovadores-ajuda-empreendedores-de-franca-e-regiao-a-criarem-empresas\/","name":"\u2018Escola de Inovadores\u2019 ajuda empreendedores de Franca e regi\u00e3o a criarem empresas - VerdadeOn","isPartOf":{"@id":"https:\/\/verdadeon.com.br\/portal\/#website"},"primaryImageOfPage":{"@id":"https:\/\/verdadeon.com.br\/portal\/2021\/03\/08\/escola-de-inovadores-ajuda-empreendedores-de-franca-e-regiao-a-criarem-empresas\/#primaryimage"},"image":{"@id":"https:\/\/verdadeon.com.br\/portal\/2021\/03\/08\/escola-de-inovadores-ajuda-empreendedores-de-franca-e-regiao-a-criarem-empresas\/#primaryimage"},"thumbnailUrl":"https:\/\/i0.wp.com\/verdadeon.com.br\/portal\/wp-content\/uploads\/2021\/03\/WhatsApp-Image-2021-03-08-at-16.45.25.jpeg?fit=1000%2C670&ssl=1","datePublished":"2021-03-08T20:00:37+00:00","author":{"@id":"https:\/\/verdadeon.com.br\/portal\/#\/schema\/person\/8994718f49ee62ba5610471e29ca1f62"},"breadcrumb":{"@id":"https:\/\/verdadeon.com.br\/portal\/2021\/03\/08\/escola-de-inovadores-ajuda-empreendedores-de-franca-e-regiao-a-criarem-empresas\/#breadcrumb"},"inLanguage":"pt-BR","potentialAction":[{"@type":"ReadAction","target":["https:\/\/verdadeon.com.br\/portal\/2021\/03\/08\/escola-de-inovadores-ajuda-empreendedores-de-franca-e-regiao-a-criarem-empresas\/"]}]},{"@type":"ImageObject","inLanguage":"pt-BR","@id":"https:\/\/verdadeon.com.br\/portal\/2021\/03\/08\/escola-de-inovadores-ajuda-empreendedores-de-franca-e-regiao-a-criarem-empresas\/#primaryimage","url":"https:\/\/i0.wp.com\/verdadeon.com.br\/portal\/wp-content\/uploads\/2021\/03\/WhatsApp-Image-2021-03-08-at-16.45.25.jpeg?fit=1000%2C670&ssl=1","contentUrl":"https:\/\/i0.wp.com\/verdadeon.com.br\/portal\/wp-content\/uploads\/2021\/03\/WhatsApp-Image-2021-03-08-at-16.45.25.jpeg?fit=1000%2C670&ssl=1","width":1000,"height":670,"caption":"Marcelo Squilante, agente de Inova\u00e7\u00e3o do Inova CPS na regi\u00e3o de Franca, atende na ETEC Dr. J\u00falio Cardoso | Foto: Jorge Secco"},{"@type":"BreadcrumbList","@id":"https:\/\/verdadeon.com.br\/portal\/2021\/03\/08\/escola-de-inovadores-ajuda-empreendedores-de-franca-e-regiao-a-criarem-empresas\/#breadcrumb","itemListElement":[{"@type":"ListItem","position":1,"name":"In\u00edcio","item":"https:\/\/verdadeon.com.br\/portal\/"},{"@type":"ListItem","position":2,"name":"\u2018Escola de Inovadores\u2019 ajuda empreendedores de Franca e regi\u00e3o a criarem empresas"}]},{"@type":"WebSite","@id":"https:\/\/verdadeon.com.br\/portal\/#website","url":"https:\/\/verdadeon.com.br\/portal\/","name":"VerdadeOn","description":"Not\u00edcias di\u00e1rias sobre Franca, Regi\u00e3o, Esporte, Cultura, Cotidiano, Colunas. Cobertura nos principais eventos da cidade \u00e9 aqui - Verdadeon Franca","potentialAction":[{"@type":"SearchAction","target":{"@type":"EntryPoint","urlTemplate":"https:\/\/verdadeon.com.br\/portal\/?s={search_term_string}"},"query-input":{"@type":"PropertyValueSpecification","valueRequired":true,"valueName":"search_term_string"}}],"inLanguage":"pt-BR"},{"@type":"Person","@id":"https:\/\/verdadeon.com.br\/portal\/#\/schema\/person\/8994718f49ee62ba5610471e29ca1f62","name":"Fernando Calixto","image":{"@type":"ImageObject","inLanguage":"pt-BR","@id":"https:\/\/verdadeon.com.br\/portal\/#\/schema\/person\/image\/","url":"https:\/\/secure.gravatar.com\/avatar\/7578910c24966c0316c340f9dbd601e93ee9f9212e1033968b367af9306bd9fb?s=96&d=mm&r=g","contentUrl":"https:\/\/secure.gravatar.com\/avatar\/7578910c24966c0316c340f9dbd601e93ee9f9212e1033968b367af9306bd9fb?s=96&d=mm&r=g","caption":"Fernando Calixto"},"url":"https:\/\/verdadeon.com.br\/portal\/author\/fernando-calixto\/"}]}},"jetpack_publicize_connections":[],"jetpack_featured_media_url":"https:\/\/i0.wp.com\/verdadeon.com.br\/portal\/wp-content\/uploads\/2021\/03\/WhatsApp-Image-2021-03-08-at-16.45.25.jpeg?fit=1000%2C670&ssl=1","jetpack_sharing_enabled":true,"_links":{"self":[{"href":"https:\/\/verdadeon.com.br\/portal\/wp-json\/wp\/v2\/posts\/14939","targetHints":{"allow":["GET"]}}],"collection":[{"href":"https:\/\/verdadeon.com.br\/portal\/wp-json\/wp\/v2\/posts"}],"about":[{"href":"https:\/\/verdadeon.com.br\/portal\/wp-json\/wp\/v2\/types\/post"}],"author":[{"embeddable":true,"href":"https:\/\/verdadeon.com.br\/portal\/wp-json\/wp\/v2\/users\/4"}],"replies":[{"embeddable":true,"href":"https:\/\/verdadeon.com.br\/portal\/wp-json\/wp\/v2\/comments?post=14939"}],"version-history":[{"count":0,"href":"https:\/\/verdadeon.com.br\/portal\/wp-json\/wp\/v2\/posts\/14939\/revisions"}],"wp:featuredmedia":[{"embeddable":true,"href":"https:\/\/verdadeon.com.br\/portal\/wp-json\/wp\/v2\/media\/14945"}],"wp:attachment":[{"href":"https:\/\/verdadeon.com.br\/portal\/wp-json\/wp\/v2\/media?parent=14939"}],"wp:term":[{"taxonomy":"category","embeddable":true,"href":"https:\/\/verdadeon.com.br\/portal\/wp-json\/wp\/v2\/categories?post=14939"},{"taxonomy":"post_tag","embeddable":true,"href":"https:\/\/verdadeon.com.br\/portal\/wp-json\/wp\/v2\/tags?post=14939"}],"curies":[{"name":"wp","href":"https:\/\/api.w.org\/{rel}","templated":true}]}}