{"id":14864,"date":"2021-03-05T20:56:50","date_gmt":"2021-03-05T23:56:50","guid":{"rendered":"https:\/\/verdadeon.com.br\/portal\/?p=14864"},"modified":"2021-03-05T20:56:50","modified_gmt":"2021-03-05T23:56:50","slug":"prefeitura-autoriza-funcionamento-de-comercio-bares-e-restaurantes-por-drive-trhu-e-take-away","status":"publish","type":"post","link":"https:\/\/verdadeon.com.br\/portal\/2021\/03\/05\/prefeitura-autoriza-funcionamento-de-comercio-bares-e-restaurantes-por-drive-trhu-e-take-away\/","title":{"rendered":"Prefeitura autoriza funcionamento de com\u00e9rcio, bares e restaurantes por \u2018drive trhu\u2019 e \u2018take away\u2019"},"content":{"rendered":"<h2>Academias tamb\u00e9m poder\u00e3o abrir as portas com capacidade m\u00e1xima de 15%. Normas ser\u00e3o publicadas no Di\u00e1rio Oficial<\/h2>\n<p>A Prefeitura de Franca confirmou que vai adotar as regras da fase vermelha do \u201cPlano S\u00e3o Paulo\u201d, por\u00e9m com medidas menos restritivas do que as impostas pelo estado. As normas ser\u00e3o publicadas no Di\u00e1rio Oficial do Munic\u00edpio neste s\u00e1bado (6).<br \/>\nDe acordo com o comunicado, a atual taxa de ocupa\u00e7\u00e3o dos leitos de UTI para a Covid est\u00e1 em 62%, abaixo da m\u00e9dia estadual, que \u00e9 de 78,5%.<br \/>\n\u201cCom base neste quadro e diante do ato do Governo do Estado de S\u00e3o Paulo em rebaixar a regi\u00e3o de Franca para a Fase Vermelha do Plano S\u00e3o Paulo, a Prefeitura de Franca confirma que protocolou, nesta tarde, a\u00e7\u00e3o no Tribunal de Justi\u00e7a do Estado de S\u00e3o Paulo, para que se mantenha a regi\u00e3o do DRS VIII \u2013 Franca\/SP na Fase Laranja do Plano S\u00e3o Paulo\u201d, informou.<\/p>\n<p>Como fica<br \/>\nCom\u00e9rcio, bares e restaurantes poder\u00e3o funcionar dentro do sistema de \u201cdrive-thru\u201d e \u201ctake away\u201d, no per\u00edodo compreendido das 05h \u00e0s 20h, mas o estabelecimento dever\u00e1 impor barreira f\u00edsica e r\u00edgida para impedir o acesso de quaisquer consumidores\/clientes no interior da empresa\/loja evitando aglomera\u00e7\u00f5es na porta.<br \/>\nA degusta\u00e7\u00e3o dos alimentos no local e experimenta\u00e7\u00e3o de pe\u00e7as de roupas est\u00e3o proibidas, al\u00e9m disso o local dever\u00e1 providenciar agendamento pr\u00e9vio para as situa\u00e7\u00f5es em que a veri\ufb01ca\u00e7\u00e3o in loco da mercadoria seja indispens\u00e1vel.<br \/>\nJ\u00e1 os shoppings e galerias poder\u00e3o realizar as suas atividades adotando o \u201ctake away\u201d apenas de forma excepcional, de modo que a circula\u00e7\u00e3o interna fique restrita \u00e0 retirada de produtos e n\u00e3o supere 10% (dez por cento) de sua capacidade total;<\/p>\n<p>Academias<br \/>\nAs academias, com base na Lei Municipal n\u00ba. 8.980 de 08 de janeiro de 2021, essenciais, desenvolver\u00e3o suas atividades com ocupa\u00e7\u00e3o m\u00e1xima de 15%, recomendando-se conduzir suas aulas ao ar livre, respeitando o distanciamento social de dois metros entre as pessoas no per\u00edodo compreendido das 05h \u00e0s 20h.<br \/>\nIgrejas<br \/>\nA ocupa\u00e7\u00e3o m\u00e1xima dos templos religiosos \ufb01ca \ufb01xada em 30% e autorizadas no per\u00edodo compreendido das 05h \u00e0s 22h;<br \/>\n\u201cA Prefeitura de Franca tem se pautado pela prote\u00e7\u00e3o \u00e0 sa\u00fade na pandemia e, na medida do poss\u00edvel, empenhado todos os esfor\u00e7os que est\u00e3o ao seu alcance para manter a economia da cidade, em condi\u00e7\u00f5es de funcionamento. Com essas medidas, a Prefeitura busca evitar os colapsos da sa\u00fade e social\u201d, informou o Executivo.<\/p>\n","protected":false},"excerpt":{"rendered":"<p>Academias tamb\u00e9m poder\u00e3o abrir as portas com capacidade m\u00e1xima de 15%. Normas ser\u00e3o publicadas no Di\u00e1rio Oficial A Prefeitura de Franca confirmou que vai adotar as<span class=\"excerpt-hellip\"> [\u2026]<\/span><\/p>\n","protected":false},"author":4,"featured_media":14865,"comment_status":"open","ping_status":"open","sticky":false,"template":"","format":"standard","meta":{"_jetpack_memberships_contains_paid_content":false,"footnotes":"","jetpack_publicize_message":"","jetpack_publicize_feature_enabled":true,"jetpack_social_post_already_shared":false,"jetpack_social_options":{"image_generator_settings":{"template":"highway","default_image_id":0,"enabled":false},"version":2}},"categories":[28,81],"tags":[],"class_list":["post-14864","post","type-post","status-publish","format-standard","has-post-thumbnail","hentry","category-cotidiano","category-manchete"],"yoast_head":"<!-- This site is optimized with the Yoast SEO plugin v25.6 - https:\/\/yoast.com\/wordpress\/plugins\/seo\/ -->\n<title>Prefeitura autoriza funcionamento de com\u00e9rcio, bares e restaurantes por \u2018drive trhu\u2019 e \u2018take away\u2019 - VerdadeOn<\/title>\n<meta name=\"robots\" content=\"index, follow, max-snippet:-1, max-image-preview:large, max-video-preview:-1\" \/>\n<link rel=\"canonical\" href=\"https:\/\/verdadeon.com.br\/portal\/2021\/03\/05\/prefeitura-autoriza-funcionamento-de-comercio-bares-e-restaurantes-por-drive-trhu-e-take-away\/\" \/>\n<meta property=\"og:locale\" content=\"pt_BR\" \/>\n<meta property=\"og:type\" content=\"article\" \/>\n<meta property=\"og:title\" content=\"Prefeitura autoriza funcionamento de com\u00e9rcio, bares e restaurantes por \u2018drive trhu\u2019 e \u2018take away\u2019 - VerdadeOn\" \/>\n<meta property=\"og:description\" content=\"Academias tamb\u00e9m poder\u00e3o abrir as portas com capacidade m\u00e1xima de 15%. Normas ser\u00e3o publicadas no Di\u00e1rio Oficial A Prefeitura de Franca confirmou que vai adotar as [\u2026]\" \/>\n<meta property=\"og:url\" content=\"https:\/\/verdadeon.com.br\/portal\/2021\/03\/05\/prefeitura-autoriza-funcionamento-de-comercio-bares-e-restaurantes-por-drive-trhu-e-take-away\/\" \/>\n<meta property=\"og:site_name\" content=\"VerdadeOn\" \/>\n<meta property=\"article:published_time\" content=\"2021-03-05T23:56:50+00:00\" \/>\n<meta property=\"og:image\" content=\"https:\/\/verdadeon.com.br\/portal\/wp-content\/uploads\/2021\/03\/WhatsApp-Image-2021-03-05-at-19.20.58.jpeg\" \/>\n\t<meta property=\"og:image:width\" content=\"1000\" \/>\n\t<meta property=\"og:image:height\" content=\"670\" \/>\n\t<meta property=\"og:image:type\" content=\"image\/jpeg\" \/>\n<meta name=\"author\" content=\"Fernando Calixto\" \/>\n<meta name=\"twitter:card\" content=\"summary_large_image\" \/>\n<meta name=\"twitter:label1\" content=\"Escrito por\" \/>\n\t<meta name=\"twitter:data1\" content=\"Fernando Calixto\" \/>\n\t<meta name=\"twitter:label2\" content=\"Est. tempo de leitura\" \/>\n\t<meta name=\"twitter:data2\" content=\"2 minutos\" \/>\n<script type=\"application\/ld+json\" class=\"yoast-schema-graph\">{\"@context\":\"https:\/\/schema.org\",\"@graph\":[{\"@type\":\"WebPage\",\"@id\":\"https:\/\/verdadeon.com.br\/portal\/2021\/03\/05\/prefeitura-autoriza-funcionamento-de-comercio-bares-e-restaurantes-por-drive-trhu-e-take-away\/\",\"url\":\"https:\/\/verdadeon.com.br\/portal\/2021\/03\/05\/prefeitura-autoriza-funcionamento-de-comercio-bares-e-restaurantes-por-drive-trhu-e-take-away\/\",\"name\":\"Prefeitura autoriza funcionamento de com\u00e9rcio, bares e restaurantes por \u2018drive trhu\u2019 e \u2018take away\u2019 - VerdadeOn\",\"isPartOf\":{\"@id\":\"https:\/\/verdadeon.com.br\/portal\/#website\"},\"primaryImageOfPage\":{\"@id\":\"https:\/\/verdadeon.com.br\/portal\/2021\/03\/05\/prefeitura-autoriza-funcionamento-de-comercio-bares-e-restaurantes-por-drive-trhu-e-take-away\/#primaryimage\"},\"image\":{\"@id\":\"https:\/\/verdadeon.com.br\/portal\/2021\/03\/05\/prefeitura-autoriza-funcionamento-de-comercio-bares-e-restaurantes-por-drive-trhu-e-take-away\/#primaryimage\"},\"thumbnailUrl\":\"https:\/\/i0.wp.com\/verdadeon.com.br\/portal\/wp-content\/uploads\/2021\/03\/WhatsApp-Image-2021-03-05-at-19.20.58.jpeg?fit=1000%2C670&ssl=1\",\"datePublished\":\"2021-03-05T23:56:50+00:00\",\"author\":{\"@id\":\"https:\/\/verdadeon.com.br\/portal\/#\/schema\/person\/8994718f49ee62ba5610471e29ca1f62\"},\"breadcrumb\":{\"@id\":\"https:\/\/verdadeon.com.br\/portal\/2021\/03\/05\/prefeitura-autoriza-funcionamento-de-comercio-bares-e-restaurantes-por-drive-trhu-e-take-away\/#breadcrumb\"},\"inLanguage\":\"pt-BR\",\"potentialAction\":[{\"@type\":\"ReadAction\",\"target\":[\"https:\/\/verdadeon.com.br\/portal\/2021\/03\/05\/prefeitura-autoriza-funcionamento-de-comercio-bares-e-restaurantes-por-drive-trhu-e-take-away\/\"]}]},{\"@type\":\"ImageObject\",\"inLanguage\":\"pt-BR\",\"@id\":\"https:\/\/verdadeon.com.br\/portal\/2021\/03\/05\/prefeitura-autoriza-funcionamento-de-comercio-bares-e-restaurantes-por-drive-trhu-e-take-away\/#primaryimage\",\"url\":\"https:\/\/i0.wp.com\/verdadeon.com.br\/portal\/wp-content\/uploads\/2021\/03\/WhatsApp-Image-2021-03-05-at-19.20.58.jpeg?fit=1000%2C670&ssl=1\",\"contentUrl\":\"https:\/\/i0.wp.com\/verdadeon.com.br\/portal\/wp-content\/uploads\/2021\/03\/WhatsApp-Image-2021-03-05-at-19.20.58.jpeg?fit=1000%2C670&ssl=1\",\"width\":1000,\"height\":670,\"caption\":\"Prefeitura recorreu da decis\u00e3o de Jo\u00e3o Doria de colocar Franca na fase vermelha | Foto: Prefeitura de Franca\"},{\"@type\":\"BreadcrumbList\",\"@id\":\"https:\/\/verdadeon.com.br\/portal\/2021\/03\/05\/prefeitura-autoriza-funcionamento-de-comercio-bares-e-restaurantes-por-drive-trhu-e-take-away\/#breadcrumb\",\"itemListElement\":[{\"@type\":\"ListItem\",\"position\":1,\"name\":\"In\u00edcio\",\"item\":\"https:\/\/verdadeon.com.br\/portal\/\"},{\"@type\":\"ListItem\",\"position\":2,\"name\":\"Prefeitura autoriza funcionamento de com\u00e9rcio, bares e restaurantes por \u2018drive trhu\u2019 e \u2018take away\u2019\"}]},{\"@type\":\"WebSite\",\"@id\":\"https:\/\/verdadeon.com.br\/portal\/#website\",\"url\":\"https:\/\/verdadeon.com.br\/portal\/\",\"name\":\"VerdadeOn\",\"description\":\"Not\u00edcias di\u00e1rias sobre Franca, Regi\u00e3o, Esporte, Cultura, Cotidiano, Colunas. Cobertura nos principais eventos da cidade \u00e9 aqui - Verdadeon Franca\",\"potentialAction\":[{\"@type\":\"SearchAction\",\"target\":{\"@type\":\"EntryPoint\",\"urlTemplate\":\"https:\/\/verdadeon.com.br\/portal\/?s={search_term_string}\"},\"query-input\":{\"@type\":\"PropertyValueSpecification\",\"valueRequired\":true,\"valueName\":\"search_term_string\"}}],\"inLanguage\":\"pt-BR\"},{\"@type\":\"Person\",\"@id\":\"https:\/\/verdadeon.com.br\/portal\/#\/schema\/person\/8994718f49ee62ba5610471e29ca1f62\",\"name\":\"Fernando Calixto\",\"image\":{\"@type\":\"ImageObject\",\"inLanguage\":\"pt-BR\",\"@id\":\"https:\/\/verdadeon.com.br\/portal\/#\/schema\/person\/image\/\",\"url\":\"https:\/\/secure.gravatar.com\/avatar\/7578910c24966c0316c340f9dbd601e93ee9f9212e1033968b367af9306bd9fb?s=96&d=mm&r=g\",\"contentUrl\":\"https:\/\/secure.gravatar.com\/avatar\/7578910c24966c0316c340f9dbd601e93ee9f9212e1033968b367af9306bd9fb?s=96&d=mm&r=g\",\"caption\":\"Fernando Calixto\"},\"url\":\"https:\/\/verdadeon.com.br\/portal\/author\/fernando-calixto\/\"}]}<\/script>\n<!-- \/ Yoast SEO plugin. -->","yoast_head_json":{"title":"Prefeitura autoriza funcionamento de com\u00e9rcio, bares e restaurantes por \u2018drive trhu\u2019 e \u2018take away\u2019 - VerdadeOn","robots":{"index":"index","follow":"follow","max-snippet":"max-snippet:-1","max-image-preview":"max-image-preview:large","max-video-preview":"max-video-preview:-1"},"canonical":"https:\/\/verdadeon.com.br\/portal\/2021\/03\/05\/prefeitura-autoriza-funcionamento-de-comercio-bares-e-restaurantes-por-drive-trhu-e-take-away\/","og_locale":"pt_BR","og_type":"article","og_title":"Prefeitura autoriza funcionamento de com\u00e9rcio, bares e restaurantes por \u2018drive trhu\u2019 e \u2018take away\u2019 - VerdadeOn","og_description":"Academias tamb\u00e9m poder\u00e3o abrir as portas com capacidade m\u00e1xima de 15%. Normas ser\u00e3o publicadas no Di\u00e1rio Oficial A Prefeitura de Franca confirmou que vai adotar as [\u2026]","og_url":"https:\/\/verdadeon.com.br\/portal\/2021\/03\/05\/prefeitura-autoriza-funcionamento-de-comercio-bares-e-restaurantes-por-drive-trhu-e-take-away\/","og_site_name":"VerdadeOn","article_published_time":"2021-03-05T23:56:50+00:00","og_image":[{"width":1000,"height":670,"url":"https:\/\/verdadeon.com.br\/portal\/wp-content\/uploads\/2021\/03\/WhatsApp-Image-2021-03-05-at-19.20.58.jpeg","type":"image\/jpeg"}],"author":"Fernando Calixto","twitter_card":"summary_large_image","twitter_misc":{"Escrito por":"Fernando Calixto","Est. tempo de leitura":"2 minutos"},"schema":{"@context":"https:\/\/schema.org","@graph":[{"@type":"WebPage","@id":"https:\/\/verdadeon.com.br\/portal\/2021\/03\/05\/prefeitura-autoriza-funcionamento-de-comercio-bares-e-restaurantes-por-drive-trhu-e-take-away\/","url":"https:\/\/verdadeon.com.br\/portal\/2021\/03\/05\/prefeitura-autoriza-funcionamento-de-comercio-bares-e-restaurantes-por-drive-trhu-e-take-away\/","name":"Prefeitura autoriza funcionamento de com\u00e9rcio, bares e restaurantes por \u2018drive trhu\u2019 e \u2018take away\u2019 - VerdadeOn","isPartOf":{"@id":"https:\/\/verdadeon.com.br\/portal\/#website"},"primaryImageOfPage":{"@id":"https:\/\/verdadeon.com.br\/portal\/2021\/03\/05\/prefeitura-autoriza-funcionamento-de-comercio-bares-e-restaurantes-por-drive-trhu-e-take-away\/#primaryimage"},"image":{"@id":"https:\/\/verdadeon.com.br\/portal\/2021\/03\/05\/prefeitura-autoriza-funcionamento-de-comercio-bares-e-restaurantes-por-drive-trhu-e-take-away\/#primaryimage"},"thumbnailUrl":"https:\/\/i0.wp.com\/verdadeon.com.br\/portal\/wp-content\/uploads\/2021\/03\/WhatsApp-Image-2021-03-05-at-19.20.58.jpeg?fit=1000%2C670&ssl=1","datePublished":"2021-03-05T23:56:50+00:00","author":{"@id":"https:\/\/verdadeon.com.br\/portal\/#\/schema\/person\/8994718f49ee62ba5610471e29ca1f62"},"breadcrumb":{"@id":"https:\/\/verdadeon.com.br\/portal\/2021\/03\/05\/prefeitura-autoriza-funcionamento-de-comercio-bares-e-restaurantes-por-drive-trhu-e-take-away\/#breadcrumb"},"inLanguage":"pt-BR","potentialAction":[{"@type":"ReadAction","target":["https:\/\/verdadeon.com.br\/portal\/2021\/03\/05\/prefeitura-autoriza-funcionamento-de-comercio-bares-e-restaurantes-por-drive-trhu-e-take-away\/"]}]},{"@type":"ImageObject","inLanguage":"pt-BR","@id":"https:\/\/verdadeon.com.br\/portal\/2021\/03\/05\/prefeitura-autoriza-funcionamento-de-comercio-bares-e-restaurantes-por-drive-trhu-e-take-away\/#primaryimage","url":"https:\/\/i0.wp.com\/verdadeon.com.br\/portal\/wp-content\/uploads\/2021\/03\/WhatsApp-Image-2021-03-05-at-19.20.58.jpeg?fit=1000%2C670&ssl=1","contentUrl":"https:\/\/i0.wp.com\/verdadeon.com.br\/portal\/wp-content\/uploads\/2021\/03\/WhatsApp-Image-2021-03-05-at-19.20.58.jpeg?fit=1000%2C670&ssl=1","width":1000,"height":670,"caption":"Prefeitura recorreu da decis\u00e3o de Jo\u00e3o Doria de colocar Franca na fase vermelha | Foto: Prefeitura de Franca"},{"@type":"BreadcrumbList","@id":"https:\/\/verdadeon.com.br\/portal\/2021\/03\/05\/prefeitura-autoriza-funcionamento-de-comercio-bares-e-restaurantes-por-drive-trhu-e-take-away\/#breadcrumb","itemListElement":[{"@type":"ListItem","position":1,"name":"In\u00edcio","item":"https:\/\/verdadeon.com.br\/portal\/"},{"@type":"ListItem","position":2,"name":"Prefeitura autoriza funcionamento de com\u00e9rcio, bares e restaurantes por \u2018drive trhu\u2019 e \u2018take away\u2019"}]},{"@type":"WebSite","@id":"https:\/\/verdadeon.com.br\/portal\/#website","url":"https:\/\/verdadeon.com.br\/portal\/","name":"VerdadeOn","description":"Not\u00edcias di\u00e1rias sobre Franca, Regi\u00e3o, Esporte, Cultura, Cotidiano, Colunas. Cobertura nos principais eventos da cidade \u00e9 aqui - Verdadeon Franca","potentialAction":[{"@type":"SearchAction","target":{"@type":"EntryPoint","urlTemplate":"https:\/\/verdadeon.com.br\/portal\/?s={search_term_string}"},"query-input":{"@type":"PropertyValueSpecification","valueRequired":true,"valueName":"search_term_string"}}],"inLanguage":"pt-BR"},{"@type":"Person","@id":"https:\/\/verdadeon.com.br\/portal\/#\/schema\/person\/8994718f49ee62ba5610471e29ca1f62","name":"Fernando Calixto","image":{"@type":"ImageObject","inLanguage":"pt-BR","@id":"https:\/\/verdadeon.com.br\/portal\/#\/schema\/person\/image\/","url":"https:\/\/secure.gravatar.com\/avatar\/7578910c24966c0316c340f9dbd601e93ee9f9212e1033968b367af9306bd9fb?s=96&d=mm&r=g","contentUrl":"https:\/\/secure.gravatar.com\/avatar\/7578910c24966c0316c340f9dbd601e93ee9f9212e1033968b367af9306bd9fb?s=96&d=mm&r=g","caption":"Fernando Calixto"},"url":"https:\/\/verdadeon.com.br\/portal\/author\/fernando-calixto\/"}]}},"jetpack_publicize_connections":[],"jetpack_featured_media_url":"https:\/\/i0.wp.com\/verdadeon.com.br\/portal\/wp-content\/uploads\/2021\/03\/WhatsApp-Image-2021-03-05-at-19.20.58.jpeg?fit=1000%2C670&ssl=1","jetpack_sharing_enabled":true,"_links":{"self":[{"href":"https:\/\/verdadeon.com.br\/portal\/wp-json\/wp\/v2\/posts\/14864","targetHints":{"allow":["GET"]}}],"collection":[{"href":"https:\/\/verdadeon.com.br\/portal\/wp-json\/wp\/v2\/posts"}],"about":[{"href":"https:\/\/verdadeon.com.br\/portal\/wp-json\/wp\/v2\/types\/post"}],"author":[{"embeddable":true,"href":"https:\/\/verdadeon.com.br\/portal\/wp-json\/wp\/v2\/users\/4"}],"replies":[{"embeddable":true,"href":"https:\/\/verdadeon.com.br\/portal\/wp-json\/wp\/v2\/comments?post=14864"}],"version-history":[{"count":0,"href":"https:\/\/verdadeon.com.br\/portal\/wp-json\/wp\/v2\/posts\/14864\/revisions"}],"wp:featuredmedia":[{"embeddable":true,"href":"https:\/\/verdadeon.com.br\/portal\/wp-json\/wp\/v2\/media\/14865"}],"wp:attachment":[{"href":"https:\/\/verdadeon.com.br\/portal\/wp-json\/wp\/v2\/media?parent=14864"}],"wp:term":[{"taxonomy":"category","embeddable":true,"href":"https:\/\/verdadeon.com.br\/portal\/wp-json\/wp\/v2\/categories?post=14864"},{"taxonomy":"post_tag","embeddable":true,"href":"https:\/\/verdadeon.com.br\/portal\/wp-json\/wp\/v2\/tags?post=14864"}],"curies":[{"name":"wp","href":"https:\/\/api.w.org\/{rel}","templated":true}]}}