{"id":14808,"date":"2021-03-04T18:39:38","date_gmt":"2021-03-04T21:39:38","guid":{"rendered":"https:\/\/verdadeon.com.br\/portal\/?p=14808"},"modified":"2021-03-04T21:46:25","modified_gmt":"2021-03-05T00:46:25","slug":"homem-fica-em-estado-grave-apos-receber-descarga-eletrica-em-franca","status":"publish","type":"post","link":"https:\/\/verdadeon.com.br\/portal\/2021\/03\/04\/homem-fica-em-estado-grave-apos-receber-descarga-eletrica-em-franca\/","title":{"rendered":"Trabalhador morre ap\u00f3s receber descarga el\u00e9trica em Franca"},"content":{"rendered":"<h2>V\u00edtima fazia manuten\u00e7\u00e3o em um sem\u00e1foro quando recebeu a descarga, ele foi reanimado por populares<\/h2>\n<p>Morreu o trabalhador de uma empresa terceirizada pela Prefeitura de Franca, que recebeu uma descarga el\u00e9trica enquanto realizava a manuten\u00e7\u00e3o em um sem\u00e1foro, da avenida Champagnat no cruzamento com a rua Volunt\u00e1rio Jaime de Aguilar Barbosa, na tarde desta quinta-feira (4).<br \/>\nMiguel Ferreira, de 63 anos, chegou a ser socorrido pelos bombeiros at\u00e9 a Santa Casa de Franca, mas n\u00e3o resistiu.<br \/>\nSegundo o comerciante Guilherme Alcantaca Murari, era por volta das 16h30, quando o trabalhador fazia os reparos no local. \u201cDe repente deu um pico de energia aqui, mas j\u00e1 voltou rapidamente. Eu vi a v\u00edtima pendurada e os funcion\u00e1rios que trabalham com ele usaram o guindaste para retir\u00e1-lo. Fizeram massagem cadiorrespirat\u00f3ria at\u00e9 a chegada dos bombeiros\u201d, contou Guilherme.<br \/>\nO comerciante afirmou ainda que o celular da v\u00edtima come\u00e7ou a tocar, e que os amigos atenderam e informaram ao filho dele o que tinha acontecido.<br \/>\nO corpo de Miguel foi levado para o IML de Franca e ap\u00f3s ser\u00e1 liberado para os familiares.<\/p>\n","protected":false},"excerpt":{"rendered":"<p>V\u00edtima fazia manuten\u00e7\u00e3o em um sem\u00e1foro quando recebeu a descarga, ele foi reanimado por populares Morreu o trabalhador de uma empresa terceirizada pela Prefeitura de Franca,<span class=\"excerpt-hellip\"> [\u2026]<\/span><\/p>\n","protected":false},"author":4,"featured_media":14816,"comment_status":"open","ping_status":"open","sticky":false,"template":"","format":"standard","meta":{"_jetpack_memberships_contains_paid_content":false,"footnotes":"","jetpack_publicize_message":"","jetpack_publicize_feature_enabled":true,"jetpack_social_post_already_shared":false,"jetpack_social_options":{"image_generator_settings":{"template":"highway","default_image_id":0,"enabled":false},"version":2}},"categories":[28,81],"tags":[],"class_list":["post-14808","post","type-post","status-publish","format-standard","has-post-thumbnail","hentry","category-cotidiano","category-manchete"],"yoast_head":"<!-- This site is optimized with the Yoast SEO plugin v25.6 - https:\/\/yoast.com\/wordpress\/plugins\/seo\/ -->\n<title>Trabalhador morre ap\u00f3s receber descarga el\u00e9trica em Franca - VerdadeOn<\/title>\n<meta name=\"robots\" content=\"index, follow, max-snippet:-1, max-image-preview:large, max-video-preview:-1\" \/>\n<link rel=\"canonical\" href=\"https:\/\/verdadeon.com.br\/portal\/2021\/03\/04\/homem-fica-em-estado-grave-apos-receber-descarga-eletrica-em-franca\/\" \/>\n<meta property=\"og:locale\" content=\"pt_BR\" \/>\n<meta property=\"og:type\" content=\"article\" \/>\n<meta property=\"og:title\" content=\"Trabalhador morre ap\u00f3s receber descarga el\u00e9trica em Franca - VerdadeOn\" \/>\n<meta property=\"og:description\" content=\"V\u00edtima fazia manuten\u00e7\u00e3o em um sem\u00e1foro quando recebeu a descarga, ele foi reanimado por populares Morreu o trabalhador de uma empresa terceirizada pela Prefeitura de Franca, [\u2026]\" \/>\n<meta property=\"og:url\" content=\"https:\/\/verdadeon.com.br\/portal\/2021\/03\/04\/homem-fica-em-estado-grave-apos-receber-descarga-eletrica-em-franca\/\" \/>\n<meta property=\"og:site_name\" content=\"VerdadeOn\" \/>\n<meta property=\"article:published_time\" content=\"2021-03-04T21:39:38+00:00\" \/>\n<meta property=\"article:modified_time\" content=\"2021-03-05T00:46:25+00:00\" \/>\n<meta property=\"og:image\" content=\"https:\/\/verdadeon.com.br\/portal\/wp-content\/uploads\/2021\/03\/choque.jpg\" \/>\n\t<meta property=\"og:image:width\" content=\"1000\" \/>\n\t<meta property=\"og:image:height\" content=\"670\" \/>\n\t<meta property=\"og:image:type\" content=\"image\/jpeg\" \/>\n<meta name=\"author\" content=\"Fernando Calixto\" \/>\n<meta name=\"twitter:card\" content=\"summary_large_image\" \/>\n<meta name=\"twitter:label1\" content=\"Escrito por\" \/>\n\t<meta name=\"twitter:data1\" content=\"Fernando Calixto\" \/>\n\t<meta name=\"twitter:label2\" content=\"Est. tempo de leitura\" \/>\n\t<meta name=\"twitter:data2\" content=\"1 minuto\" \/>\n<script type=\"application\/ld+json\" class=\"yoast-schema-graph\">{\"@context\":\"https:\/\/schema.org\",\"@graph\":[{\"@type\":\"WebPage\",\"@id\":\"https:\/\/verdadeon.com.br\/portal\/2021\/03\/04\/homem-fica-em-estado-grave-apos-receber-descarga-eletrica-em-franca\/\",\"url\":\"https:\/\/verdadeon.com.br\/portal\/2021\/03\/04\/homem-fica-em-estado-grave-apos-receber-descarga-eletrica-em-franca\/\",\"name\":\"Trabalhador morre ap\u00f3s receber descarga el\u00e9trica em Franca - VerdadeOn\",\"isPartOf\":{\"@id\":\"https:\/\/verdadeon.com.br\/portal\/#website\"},\"primaryImageOfPage\":{\"@id\":\"https:\/\/verdadeon.com.br\/portal\/2021\/03\/04\/homem-fica-em-estado-grave-apos-receber-descarga-eletrica-em-franca\/#primaryimage\"},\"image\":{\"@id\":\"https:\/\/verdadeon.com.br\/portal\/2021\/03\/04\/homem-fica-em-estado-grave-apos-receber-descarga-eletrica-em-franca\/#primaryimage\"},\"thumbnailUrl\":\"https:\/\/i0.wp.com\/verdadeon.com.br\/portal\/wp-content\/uploads\/2021\/03\/choque.jpg?fit=1000%2C670&ssl=1\",\"datePublished\":\"2021-03-04T21:39:38+00:00\",\"dateModified\":\"2021-03-05T00:46:25+00:00\",\"author\":{\"@id\":\"https:\/\/verdadeon.com.br\/portal\/#\/schema\/person\/8994718f49ee62ba5610471e29ca1f62\"},\"breadcrumb\":{\"@id\":\"https:\/\/verdadeon.com.br\/portal\/2021\/03\/04\/homem-fica-em-estado-grave-apos-receber-descarga-eletrica-em-franca\/#breadcrumb\"},\"inLanguage\":\"pt-BR\",\"potentialAction\":[{\"@type\":\"ReadAction\",\"target\":[\"https:\/\/verdadeon.com.br\/portal\/2021\/03\/04\/homem-fica-em-estado-grave-apos-receber-descarga-eletrica-em-franca\/\"]}]},{\"@type\":\"ImageObject\",\"inLanguage\":\"pt-BR\",\"@id\":\"https:\/\/verdadeon.com.br\/portal\/2021\/03\/04\/homem-fica-em-estado-grave-apos-receber-descarga-eletrica-em-franca\/#primaryimage\",\"url\":\"https:\/\/i0.wp.com\/verdadeon.com.br\/portal\/wp-content\/uploads\/2021\/03\/choque.jpg?fit=1000%2C670&ssl=1\",\"contentUrl\":\"https:\/\/i0.wp.com\/verdadeon.com.br\/portal\/wp-content\/uploads\/2021\/03\/choque.jpg?fit=1000%2C670&ssl=1\",\"width\":1000,\"height\":670,\"caption\":\"Homem ficou desacordado e foi socorrido em estado grave para Santa Casa de Franca, mas n\u00e3o resistiu | Foto: Jornal Verdade\"},{\"@type\":\"BreadcrumbList\",\"@id\":\"https:\/\/verdadeon.com.br\/portal\/2021\/03\/04\/homem-fica-em-estado-grave-apos-receber-descarga-eletrica-em-franca\/#breadcrumb\",\"itemListElement\":[{\"@type\":\"ListItem\",\"position\":1,\"name\":\"In\u00edcio\",\"item\":\"https:\/\/verdadeon.com.br\/portal\/\"},{\"@type\":\"ListItem\",\"position\":2,\"name\":\"Trabalhador morre ap\u00f3s receber descarga el\u00e9trica em Franca\"}]},{\"@type\":\"WebSite\",\"@id\":\"https:\/\/verdadeon.com.br\/portal\/#website\",\"url\":\"https:\/\/verdadeon.com.br\/portal\/\",\"name\":\"VerdadeOn\",\"description\":\"Not\u00edcias di\u00e1rias sobre Franca, Regi\u00e3o, Esporte, Cultura, Cotidiano, Colunas. Cobertura nos principais eventos da cidade \u00e9 aqui - Verdadeon Franca\",\"potentialAction\":[{\"@type\":\"SearchAction\",\"target\":{\"@type\":\"EntryPoint\",\"urlTemplate\":\"https:\/\/verdadeon.com.br\/portal\/?s={search_term_string}\"},\"query-input\":{\"@type\":\"PropertyValueSpecification\",\"valueRequired\":true,\"valueName\":\"search_term_string\"}}],\"inLanguage\":\"pt-BR\"},{\"@type\":\"Person\",\"@id\":\"https:\/\/verdadeon.com.br\/portal\/#\/schema\/person\/8994718f49ee62ba5610471e29ca1f62\",\"name\":\"Fernando Calixto\",\"image\":{\"@type\":\"ImageObject\",\"inLanguage\":\"pt-BR\",\"@id\":\"https:\/\/verdadeon.com.br\/portal\/#\/schema\/person\/image\/\",\"url\":\"https:\/\/secure.gravatar.com\/avatar\/7578910c24966c0316c340f9dbd601e93ee9f9212e1033968b367af9306bd9fb?s=96&d=mm&r=g\",\"contentUrl\":\"https:\/\/secure.gravatar.com\/avatar\/7578910c24966c0316c340f9dbd601e93ee9f9212e1033968b367af9306bd9fb?s=96&d=mm&r=g\",\"caption\":\"Fernando Calixto\"},\"url\":\"https:\/\/verdadeon.com.br\/portal\/author\/fernando-calixto\/\"}]}<\/script>\n<!-- \/ Yoast SEO plugin. -->","yoast_head_json":{"title":"Trabalhador morre ap\u00f3s receber descarga el\u00e9trica em Franca - VerdadeOn","robots":{"index":"index","follow":"follow","max-snippet":"max-snippet:-1","max-image-preview":"max-image-preview:large","max-video-preview":"max-video-preview:-1"},"canonical":"https:\/\/verdadeon.com.br\/portal\/2021\/03\/04\/homem-fica-em-estado-grave-apos-receber-descarga-eletrica-em-franca\/","og_locale":"pt_BR","og_type":"article","og_title":"Trabalhador morre ap\u00f3s receber descarga el\u00e9trica em Franca - VerdadeOn","og_description":"V\u00edtima fazia manuten\u00e7\u00e3o em um sem\u00e1foro quando recebeu a descarga, ele foi reanimado por populares Morreu o trabalhador de uma empresa terceirizada pela Prefeitura de Franca, [\u2026]","og_url":"https:\/\/verdadeon.com.br\/portal\/2021\/03\/04\/homem-fica-em-estado-grave-apos-receber-descarga-eletrica-em-franca\/","og_site_name":"VerdadeOn","article_published_time":"2021-03-04T21:39:38+00:00","article_modified_time":"2021-03-05T00:46:25+00:00","og_image":[{"width":1000,"height":670,"url":"https:\/\/verdadeon.com.br\/portal\/wp-content\/uploads\/2021\/03\/choque.jpg","type":"image\/jpeg"}],"author":"Fernando Calixto","twitter_card":"summary_large_image","twitter_misc":{"Escrito por":"Fernando Calixto","Est. tempo de leitura":"1 minuto"},"schema":{"@context":"https:\/\/schema.org","@graph":[{"@type":"WebPage","@id":"https:\/\/verdadeon.com.br\/portal\/2021\/03\/04\/homem-fica-em-estado-grave-apos-receber-descarga-eletrica-em-franca\/","url":"https:\/\/verdadeon.com.br\/portal\/2021\/03\/04\/homem-fica-em-estado-grave-apos-receber-descarga-eletrica-em-franca\/","name":"Trabalhador morre ap\u00f3s receber descarga el\u00e9trica em Franca - VerdadeOn","isPartOf":{"@id":"https:\/\/verdadeon.com.br\/portal\/#website"},"primaryImageOfPage":{"@id":"https:\/\/verdadeon.com.br\/portal\/2021\/03\/04\/homem-fica-em-estado-grave-apos-receber-descarga-eletrica-em-franca\/#primaryimage"},"image":{"@id":"https:\/\/verdadeon.com.br\/portal\/2021\/03\/04\/homem-fica-em-estado-grave-apos-receber-descarga-eletrica-em-franca\/#primaryimage"},"thumbnailUrl":"https:\/\/i0.wp.com\/verdadeon.com.br\/portal\/wp-content\/uploads\/2021\/03\/choque.jpg?fit=1000%2C670&ssl=1","datePublished":"2021-03-04T21:39:38+00:00","dateModified":"2021-03-05T00:46:25+00:00","author":{"@id":"https:\/\/verdadeon.com.br\/portal\/#\/schema\/person\/8994718f49ee62ba5610471e29ca1f62"},"breadcrumb":{"@id":"https:\/\/verdadeon.com.br\/portal\/2021\/03\/04\/homem-fica-em-estado-grave-apos-receber-descarga-eletrica-em-franca\/#breadcrumb"},"inLanguage":"pt-BR","potentialAction":[{"@type":"ReadAction","target":["https:\/\/verdadeon.com.br\/portal\/2021\/03\/04\/homem-fica-em-estado-grave-apos-receber-descarga-eletrica-em-franca\/"]}]},{"@type":"ImageObject","inLanguage":"pt-BR","@id":"https:\/\/verdadeon.com.br\/portal\/2021\/03\/04\/homem-fica-em-estado-grave-apos-receber-descarga-eletrica-em-franca\/#primaryimage","url":"https:\/\/i0.wp.com\/verdadeon.com.br\/portal\/wp-content\/uploads\/2021\/03\/choque.jpg?fit=1000%2C670&ssl=1","contentUrl":"https:\/\/i0.wp.com\/verdadeon.com.br\/portal\/wp-content\/uploads\/2021\/03\/choque.jpg?fit=1000%2C670&ssl=1","width":1000,"height":670,"caption":"Homem ficou desacordado e foi socorrido em estado grave para Santa Casa de Franca, mas n\u00e3o resistiu | Foto: Jornal Verdade"},{"@type":"BreadcrumbList","@id":"https:\/\/verdadeon.com.br\/portal\/2021\/03\/04\/homem-fica-em-estado-grave-apos-receber-descarga-eletrica-em-franca\/#breadcrumb","itemListElement":[{"@type":"ListItem","position":1,"name":"In\u00edcio","item":"https:\/\/verdadeon.com.br\/portal\/"},{"@type":"ListItem","position":2,"name":"Trabalhador morre ap\u00f3s receber descarga el\u00e9trica em Franca"}]},{"@type":"WebSite","@id":"https:\/\/verdadeon.com.br\/portal\/#website","url":"https:\/\/verdadeon.com.br\/portal\/","name":"VerdadeOn","description":"Not\u00edcias di\u00e1rias sobre Franca, Regi\u00e3o, Esporte, Cultura, Cotidiano, Colunas. Cobertura nos principais eventos da cidade \u00e9 aqui - Verdadeon Franca","potentialAction":[{"@type":"SearchAction","target":{"@type":"EntryPoint","urlTemplate":"https:\/\/verdadeon.com.br\/portal\/?s={search_term_string}"},"query-input":{"@type":"PropertyValueSpecification","valueRequired":true,"valueName":"search_term_string"}}],"inLanguage":"pt-BR"},{"@type":"Person","@id":"https:\/\/verdadeon.com.br\/portal\/#\/schema\/person\/8994718f49ee62ba5610471e29ca1f62","name":"Fernando Calixto","image":{"@type":"ImageObject","inLanguage":"pt-BR","@id":"https:\/\/verdadeon.com.br\/portal\/#\/schema\/person\/image\/","url":"https:\/\/secure.gravatar.com\/avatar\/7578910c24966c0316c340f9dbd601e93ee9f9212e1033968b367af9306bd9fb?s=96&d=mm&r=g","contentUrl":"https:\/\/secure.gravatar.com\/avatar\/7578910c24966c0316c340f9dbd601e93ee9f9212e1033968b367af9306bd9fb?s=96&d=mm&r=g","caption":"Fernando Calixto"},"url":"https:\/\/verdadeon.com.br\/portal\/author\/fernando-calixto\/"}]}},"jetpack_publicize_connections":[],"jetpack_featured_media_url":"https:\/\/i0.wp.com\/verdadeon.com.br\/portal\/wp-content\/uploads\/2021\/03\/choque.jpg?fit=1000%2C670&ssl=1","jetpack_sharing_enabled":true,"_links":{"self":[{"href":"https:\/\/verdadeon.com.br\/portal\/wp-json\/wp\/v2\/posts\/14808","targetHints":{"allow":["GET"]}}],"collection":[{"href":"https:\/\/verdadeon.com.br\/portal\/wp-json\/wp\/v2\/posts"}],"about":[{"href":"https:\/\/verdadeon.com.br\/portal\/wp-json\/wp\/v2\/types\/post"}],"author":[{"embeddable":true,"href":"https:\/\/verdadeon.com.br\/portal\/wp-json\/wp\/v2\/users\/4"}],"replies":[{"embeddable":true,"href":"https:\/\/verdadeon.com.br\/portal\/wp-json\/wp\/v2\/comments?post=14808"}],"version-history":[{"count":0,"href":"https:\/\/verdadeon.com.br\/portal\/wp-json\/wp\/v2\/posts\/14808\/revisions"}],"wp:featuredmedia":[{"embeddable":true,"href":"https:\/\/verdadeon.com.br\/portal\/wp-json\/wp\/v2\/media\/14816"}],"wp:attachment":[{"href":"https:\/\/verdadeon.com.br\/portal\/wp-json\/wp\/v2\/media?parent=14808"}],"wp:term":[{"taxonomy":"category","embeddable":true,"href":"https:\/\/verdadeon.com.br\/portal\/wp-json\/wp\/v2\/categories?post=14808"},{"taxonomy":"post_tag","embeddable":true,"href":"https:\/\/verdadeon.com.br\/portal\/wp-json\/wp\/v2\/tags?post=14808"}],"curies":[{"name":"wp","href":"https:\/\/api.w.org\/{rel}","templated":true}]}}