{"id":14806,"date":"2021-03-04T17:40:09","date_gmt":"2021-03-04T20:40:09","guid":{"rendered":"https:\/\/verdadeon.com.br\/portal\/?p=14806"},"modified":"2021-03-04T17:40:09","modified_gmt":"2021-03-04T20:40:09","slug":"franca-assina-protocolo-de-intencoes-para-compras-de-vacinas-contra-covid-19","status":"publish","type":"post","link":"https:\/\/verdadeon.com.br\/portal\/2021\/03\/04\/franca-assina-protocolo-de-intencoes-para-compras-de-vacinas-contra-covid-19\/","title":{"rendered":"Franca assina protocolo de inten\u00e7\u00f5es para compras de vacinas contra Covid-19"},"content":{"rendered":"<h2>\u00a0Informa\u00e7\u00e3o de que cidade ir\u00e1 aderir cons\u00f3rcio, foi confirmada pela assessoria da Prefeitura | Foto: Jornal Verdade<\/h2>\n<p>A assessoria da Prefeitura de Franca confirmou que Alexandre Ferreira assinou o protocolo de inten\u00e7\u00f5es para que Franca esteja presente no Cons\u00f3rcio para compras de vacinas, organizado pela Frente Nacional de Prefeitos.<br \/>\nAssim que estiver formatado, a Prefeitura encaminhar\u00e1 projeto de lei para a C\u00e2mara Municipal, pedindo a autoriza\u00e7\u00e3o para que o munic\u00edpio fa\u00e7a ades\u00e3o ao Cons\u00f3rcio que comprar\u00e1 as vacinas, o prazo para a ades\u00e3o termina nesta sexta-feira (5).<br \/>\nJ\u00e1 a C\u00e2mara Municipal de Franca informou que solicitou ao prefeito a ades\u00e3o do munic\u00edpio ao cons\u00f3rcio, o pedido foi elaborado via of\u00edcio p\u00fablico pelo vereador Gilson Pelizaro (PT) e assinado por todos os parlamentares. O documento, protocolado no \u00faltimo dia 02, solicita a participa\u00e7\u00e3o de Franca no grupo devido \u00e0 dissemina\u00e7\u00e3o do novo coronav\u00edrus. Al\u00e9m da aquisi\u00e7\u00e3o de vacinas, o cons\u00f3rcio pretende adquirir tamb\u00e9m equipamentos, medicamentos e insumos para o combate da pandemia.<br \/>\n\u201cO Congresso Nacional aprovou a possibilidade de os estados e munic\u00edpios comprarem as vacinas diretamente das empresas fornecedoras. Sabemos que hoje falta uma coordena\u00e7\u00e3o nacional com rela\u00e7\u00e3o \u00e0 imuniza\u00e7\u00e3o e, com a possibilidade de Franca comprar vacinas atrav\u00e9s do cons\u00f3rcio, solicitamos ao prefeito que integre essa associa\u00e7\u00e3o para facilitar a vida do francano\u201d, explicou Gilson. \u201cNesse momento em que a pandemia est\u00e1 no pico, est\u00e1 na hora de resolver a quest\u00e3o da imuniza\u00e7\u00e3o. A vacina vai salvar vidas e retomar nossa economia\u201d.<br \/>\nA esperan\u00e7a \u00e9 a de que o cons\u00f3rcio supra a falta de vacinas que todos os munic\u00edpios, inclusive Franca, est\u00e3o enfrentando.<\/p>\n","protected":false},"excerpt":{"rendered":"<p>\u00a0Informa\u00e7\u00e3o de que cidade ir\u00e1 aderir cons\u00f3rcio, foi confirmada pela assessoria da Prefeitura | Foto: Jornal Verdade A assessoria da Prefeitura de Franca confirmou que Alexandre<span class=\"excerpt-hellip\"> [\u2026]<\/span><\/p>\n","protected":false},"author":4,"featured_media":14810,"comment_status":"open","ping_status":"open","sticky":false,"template":"","format":"standard","meta":{"_jetpack_memberships_contains_paid_content":false,"footnotes":"","jetpack_publicize_message":"","jetpack_publicize_feature_enabled":true,"jetpack_social_post_already_shared":false,"jetpack_social_options":{"image_generator_settings":{"template":"highway","default_image_id":0,"enabled":false},"version":2}},"categories":[28,81],"tags":[],"class_list":["post-14806","post","type-post","status-publish","format-standard","has-post-thumbnail","hentry","category-cotidiano","category-manchete"],"yoast_head":"<!-- This site is optimized with the Yoast SEO plugin v25.6 - https:\/\/yoast.com\/wordpress\/plugins\/seo\/ -->\n<title>Franca assina protocolo de inten\u00e7\u00f5es para compras de vacinas contra Covid-19 - VerdadeOn<\/title>\n<meta name=\"robots\" content=\"index, follow, max-snippet:-1, max-image-preview:large, max-video-preview:-1\" \/>\n<link rel=\"canonical\" href=\"https:\/\/verdadeon.com.br\/portal\/2021\/03\/04\/franca-assina-protocolo-de-intencoes-para-compras-de-vacinas-contra-covid-19\/\" \/>\n<meta property=\"og:locale\" content=\"pt_BR\" \/>\n<meta property=\"og:type\" content=\"article\" \/>\n<meta property=\"og:title\" content=\"Franca assina protocolo de inten\u00e7\u00f5es para compras de vacinas contra Covid-19 - VerdadeOn\" \/>\n<meta property=\"og:description\" content=\"\u00a0Informa\u00e7\u00e3o de que cidade ir\u00e1 aderir cons\u00f3rcio, foi confirmada pela assessoria da Prefeitura | Foto: Jornal Verdade A assessoria da Prefeitura de Franca confirmou que Alexandre [\u2026]\" \/>\n<meta property=\"og:url\" content=\"https:\/\/verdadeon.com.br\/portal\/2021\/03\/04\/franca-assina-protocolo-de-intencoes-para-compras-de-vacinas-contra-covid-19\/\" \/>\n<meta property=\"og:site_name\" content=\"VerdadeOn\" \/>\n<meta property=\"article:published_time\" content=\"2021-03-04T20:40:09+00:00\" \/>\n<meta property=\"og:image\" content=\"https:\/\/verdadeon.com.br\/portal\/wp-content\/uploads\/2021\/03\/WhatsApp-Image-2021-03-04-at-17.13.28-1.jpeg\" \/>\n\t<meta property=\"og:image:width\" content=\"1000\" \/>\n\t<meta property=\"og:image:height\" content=\"670\" \/>\n\t<meta property=\"og:image:type\" content=\"image\/jpeg\" \/>\n<meta name=\"author\" content=\"Fernando Calixto\" \/>\n<meta name=\"twitter:card\" content=\"summary_large_image\" \/>\n<meta name=\"twitter:label1\" content=\"Escrito por\" \/>\n\t<meta name=\"twitter:data1\" content=\"Fernando Calixto\" \/>\n\t<meta name=\"twitter:label2\" content=\"Est. tempo de leitura\" \/>\n\t<meta name=\"twitter:data2\" content=\"2 minutos\" \/>\n<script type=\"application\/ld+json\" class=\"yoast-schema-graph\">{\"@context\":\"https:\/\/schema.org\",\"@graph\":[{\"@type\":\"WebPage\",\"@id\":\"https:\/\/verdadeon.com.br\/portal\/2021\/03\/04\/franca-assina-protocolo-de-intencoes-para-compras-de-vacinas-contra-covid-19\/\",\"url\":\"https:\/\/verdadeon.com.br\/portal\/2021\/03\/04\/franca-assina-protocolo-de-intencoes-para-compras-de-vacinas-contra-covid-19\/\",\"name\":\"Franca assina protocolo de inten\u00e7\u00f5es para compras de vacinas contra Covid-19 - VerdadeOn\",\"isPartOf\":{\"@id\":\"https:\/\/verdadeon.com.br\/portal\/#website\"},\"primaryImageOfPage\":{\"@id\":\"https:\/\/verdadeon.com.br\/portal\/2021\/03\/04\/franca-assina-protocolo-de-intencoes-para-compras-de-vacinas-contra-covid-19\/#primaryimage\"},\"image\":{\"@id\":\"https:\/\/verdadeon.com.br\/portal\/2021\/03\/04\/franca-assina-protocolo-de-intencoes-para-compras-de-vacinas-contra-covid-19\/#primaryimage\"},\"thumbnailUrl\":\"https:\/\/i0.wp.com\/verdadeon.com.br\/portal\/wp-content\/uploads\/2021\/03\/WhatsApp-Image-2021-03-04-at-17.13.28-1.jpeg?fit=1000%2C670&ssl=1\",\"datePublished\":\"2021-03-04T20:40:09+00:00\",\"author\":{\"@id\":\"https:\/\/verdadeon.com.br\/portal\/#\/schema\/person\/8994718f49ee62ba5610471e29ca1f62\"},\"breadcrumb\":{\"@id\":\"https:\/\/verdadeon.com.br\/portal\/2021\/03\/04\/franca-assina-protocolo-de-intencoes-para-compras-de-vacinas-contra-covid-19\/#breadcrumb\"},\"inLanguage\":\"pt-BR\",\"potentialAction\":[{\"@type\":\"ReadAction\",\"target\":[\"https:\/\/verdadeon.com.br\/portal\/2021\/03\/04\/franca-assina-protocolo-de-intencoes-para-compras-de-vacinas-contra-covid-19\/\"]}]},{\"@type\":\"ImageObject\",\"inLanguage\":\"pt-BR\",\"@id\":\"https:\/\/verdadeon.com.br\/portal\/2021\/03\/04\/franca-assina-protocolo-de-intencoes-para-compras-de-vacinas-contra-covid-19\/#primaryimage\",\"url\":\"https:\/\/i0.wp.com\/verdadeon.com.br\/portal\/wp-content\/uploads\/2021\/03\/WhatsApp-Image-2021-03-04-at-17.13.28-1.jpeg?fit=1000%2C670&ssl=1\",\"contentUrl\":\"https:\/\/i0.wp.com\/verdadeon.com.br\/portal\/wp-content\/uploads\/2021\/03\/WhatsApp-Image-2021-03-04-at-17.13.28-1.jpeg?fit=1000%2C670&ssl=1\",\"width\":1000,\"height\":670,\"caption\":\"Nome dos contemplados foi divulgado no site da Prefeitura de Franca na \u00faltima semana | Foto: Divulga\u00e7\u00e3o\"},{\"@type\":\"BreadcrumbList\",\"@id\":\"https:\/\/verdadeon.com.br\/portal\/2021\/03\/04\/franca-assina-protocolo-de-intencoes-para-compras-de-vacinas-contra-covid-19\/#breadcrumb\",\"itemListElement\":[{\"@type\":\"ListItem\",\"position\":1,\"name\":\"In\u00edcio\",\"item\":\"https:\/\/verdadeon.com.br\/portal\/\"},{\"@type\":\"ListItem\",\"position\":2,\"name\":\"Franca assina protocolo de inten\u00e7\u00f5es para compras de vacinas contra Covid-19\"}]},{\"@type\":\"WebSite\",\"@id\":\"https:\/\/verdadeon.com.br\/portal\/#website\",\"url\":\"https:\/\/verdadeon.com.br\/portal\/\",\"name\":\"VerdadeOn\",\"description\":\"Not\u00edcias di\u00e1rias sobre Franca, Regi\u00e3o, Esporte, Cultura, Cotidiano, Colunas. Cobertura nos principais eventos da cidade \u00e9 aqui - Verdadeon Franca\",\"potentialAction\":[{\"@type\":\"SearchAction\",\"target\":{\"@type\":\"EntryPoint\",\"urlTemplate\":\"https:\/\/verdadeon.com.br\/portal\/?s={search_term_string}\"},\"query-input\":{\"@type\":\"PropertyValueSpecification\",\"valueRequired\":true,\"valueName\":\"search_term_string\"}}],\"inLanguage\":\"pt-BR\"},{\"@type\":\"Person\",\"@id\":\"https:\/\/verdadeon.com.br\/portal\/#\/schema\/person\/8994718f49ee62ba5610471e29ca1f62\",\"name\":\"Fernando Calixto\",\"image\":{\"@type\":\"ImageObject\",\"inLanguage\":\"pt-BR\",\"@id\":\"https:\/\/verdadeon.com.br\/portal\/#\/schema\/person\/image\/\",\"url\":\"https:\/\/secure.gravatar.com\/avatar\/7578910c24966c0316c340f9dbd601e93ee9f9212e1033968b367af9306bd9fb?s=96&d=mm&r=g\",\"contentUrl\":\"https:\/\/secure.gravatar.com\/avatar\/7578910c24966c0316c340f9dbd601e93ee9f9212e1033968b367af9306bd9fb?s=96&d=mm&r=g\",\"caption\":\"Fernando Calixto\"},\"url\":\"https:\/\/verdadeon.com.br\/portal\/author\/fernando-calixto\/\"}]}<\/script>\n<!-- \/ Yoast SEO plugin. -->","yoast_head_json":{"title":"Franca assina protocolo de inten\u00e7\u00f5es para compras de vacinas contra Covid-19 - VerdadeOn","robots":{"index":"index","follow":"follow","max-snippet":"max-snippet:-1","max-image-preview":"max-image-preview:large","max-video-preview":"max-video-preview:-1"},"canonical":"https:\/\/verdadeon.com.br\/portal\/2021\/03\/04\/franca-assina-protocolo-de-intencoes-para-compras-de-vacinas-contra-covid-19\/","og_locale":"pt_BR","og_type":"article","og_title":"Franca assina protocolo de inten\u00e7\u00f5es para compras de vacinas contra Covid-19 - VerdadeOn","og_description":"\u00a0Informa\u00e7\u00e3o de que cidade ir\u00e1 aderir cons\u00f3rcio, foi confirmada pela assessoria da Prefeitura | Foto: Jornal Verdade A assessoria da Prefeitura de Franca confirmou que Alexandre [\u2026]","og_url":"https:\/\/verdadeon.com.br\/portal\/2021\/03\/04\/franca-assina-protocolo-de-intencoes-para-compras-de-vacinas-contra-covid-19\/","og_site_name":"VerdadeOn","article_published_time":"2021-03-04T20:40:09+00:00","og_image":[{"width":1000,"height":670,"url":"https:\/\/verdadeon.com.br\/portal\/wp-content\/uploads\/2021\/03\/WhatsApp-Image-2021-03-04-at-17.13.28-1.jpeg","type":"image\/jpeg"}],"author":"Fernando Calixto","twitter_card":"summary_large_image","twitter_misc":{"Escrito por":"Fernando Calixto","Est. tempo de leitura":"2 minutos"},"schema":{"@context":"https:\/\/schema.org","@graph":[{"@type":"WebPage","@id":"https:\/\/verdadeon.com.br\/portal\/2021\/03\/04\/franca-assina-protocolo-de-intencoes-para-compras-de-vacinas-contra-covid-19\/","url":"https:\/\/verdadeon.com.br\/portal\/2021\/03\/04\/franca-assina-protocolo-de-intencoes-para-compras-de-vacinas-contra-covid-19\/","name":"Franca assina protocolo de inten\u00e7\u00f5es para compras de vacinas contra Covid-19 - VerdadeOn","isPartOf":{"@id":"https:\/\/verdadeon.com.br\/portal\/#website"},"primaryImageOfPage":{"@id":"https:\/\/verdadeon.com.br\/portal\/2021\/03\/04\/franca-assina-protocolo-de-intencoes-para-compras-de-vacinas-contra-covid-19\/#primaryimage"},"image":{"@id":"https:\/\/verdadeon.com.br\/portal\/2021\/03\/04\/franca-assina-protocolo-de-intencoes-para-compras-de-vacinas-contra-covid-19\/#primaryimage"},"thumbnailUrl":"https:\/\/i0.wp.com\/verdadeon.com.br\/portal\/wp-content\/uploads\/2021\/03\/WhatsApp-Image-2021-03-04-at-17.13.28-1.jpeg?fit=1000%2C670&ssl=1","datePublished":"2021-03-04T20:40:09+00:00","author":{"@id":"https:\/\/verdadeon.com.br\/portal\/#\/schema\/person\/8994718f49ee62ba5610471e29ca1f62"},"breadcrumb":{"@id":"https:\/\/verdadeon.com.br\/portal\/2021\/03\/04\/franca-assina-protocolo-de-intencoes-para-compras-de-vacinas-contra-covid-19\/#breadcrumb"},"inLanguage":"pt-BR","potentialAction":[{"@type":"ReadAction","target":["https:\/\/verdadeon.com.br\/portal\/2021\/03\/04\/franca-assina-protocolo-de-intencoes-para-compras-de-vacinas-contra-covid-19\/"]}]},{"@type":"ImageObject","inLanguage":"pt-BR","@id":"https:\/\/verdadeon.com.br\/portal\/2021\/03\/04\/franca-assina-protocolo-de-intencoes-para-compras-de-vacinas-contra-covid-19\/#primaryimage","url":"https:\/\/i0.wp.com\/verdadeon.com.br\/portal\/wp-content\/uploads\/2021\/03\/WhatsApp-Image-2021-03-04-at-17.13.28-1.jpeg?fit=1000%2C670&ssl=1","contentUrl":"https:\/\/i0.wp.com\/verdadeon.com.br\/portal\/wp-content\/uploads\/2021\/03\/WhatsApp-Image-2021-03-04-at-17.13.28-1.jpeg?fit=1000%2C670&ssl=1","width":1000,"height":670,"caption":"Nome dos contemplados foi divulgado no site da Prefeitura de Franca na \u00faltima semana | Foto: Divulga\u00e7\u00e3o"},{"@type":"BreadcrumbList","@id":"https:\/\/verdadeon.com.br\/portal\/2021\/03\/04\/franca-assina-protocolo-de-intencoes-para-compras-de-vacinas-contra-covid-19\/#breadcrumb","itemListElement":[{"@type":"ListItem","position":1,"name":"In\u00edcio","item":"https:\/\/verdadeon.com.br\/portal\/"},{"@type":"ListItem","position":2,"name":"Franca assina protocolo de inten\u00e7\u00f5es para compras de vacinas contra Covid-19"}]},{"@type":"WebSite","@id":"https:\/\/verdadeon.com.br\/portal\/#website","url":"https:\/\/verdadeon.com.br\/portal\/","name":"VerdadeOn","description":"Not\u00edcias di\u00e1rias sobre Franca, Regi\u00e3o, Esporte, Cultura, Cotidiano, Colunas. Cobertura nos principais eventos da cidade \u00e9 aqui - Verdadeon Franca","potentialAction":[{"@type":"SearchAction","target":{"@type":"EntryPoint","urlTemplate":"https:\/\/verdadeon.com.br\/portal\/?s={search_term_string}"},"query-input":{"@type":"PropertyValueSpecification","valueRequired":true,"valueName":"search_term_string"}}],"inLanguage":"pt-BR"},{"@type":"Person","@id":"https:\/\/verdadeon.com.br\/portal\/#\/schema\/person\/8994718f49ee62ba5610471e29ca1f62","name":"Fernando Calixto","image":{"@type":"ImageObject","inLanguage":"pt-BR","@id":"https:\/\/verdadeon.com.br\/portal\/#\/schema\/person\/image\/","url":"https:\/\/secure.gravatar.com\/avatar\/7578910c24966c0316c340f9dbd601e93ee9f9212e1033968b367af9306bd9fb?s=96&d=mm&r=g","contentUrl":"https:\/\/secure.gravatar.com\/avatar\/7578910c24966c0316c340f9dbd601e93ee9f9212e1033968b367af9306bd9fb?s=96&d=mm&r=g","caption":"Fernando Calixto"},"url":"https:\/\/verdadeon.com.br\/portal\/author\/fernando-calixto\/"}]}},"jetpack_publicize_connections":[],"jetpack_featured_media_url":"https:\/\/i0.wp.com\/verdadeon.com.br\/portal\/wp-content\/uploads\/2021\/03\/WhatsApp-Image-2021-03-04-at-17.13.28-1.jpeg?fit=1000%2C670&ssl=1","jetpack_sharing_enabled":true,"_links":{"self":[{"href":"https:\/\/verdadeon.com.br\/portal\/wp-json\/wp\/v2\/posts\/14806","targetHints":{"allow":["GET"]}}],"collection":[{"href":"https:\/\/verdadeon.com.br\/portal\/wp-json\/wp\/v2\/posts"}],"about":[{"href":"https:\/\/verdadeon.com.br\/portal\/wp-json\/wp\/v2\/types\/post"}],"author":[{"embeddable":true,"href":"https:\/\/verdadeon.com.br\/portal\/wp-json\/wp\/v2\/users\/4"}],"replies":[{"embeddable":true,"href":"https:\/\/verdadeon.com.br\/portal\/wp-json\/wp\/v2\/comments?post=14806"}],"version-history":[{"count":0,"href":"https:\/\/verdadeon.com.br\/portal\/wp-json\/wp\/v2\/posts\/14806\/revisions"}],"wp:featuredmedia":[{"embeddable":true,"href":"https:\/\/verdadeon.com.br\/portal\/wp-json\/wp\/v2\/media\/14810"}],"wp:attachment":[{"href":"https:\/\/verdadeon.com.br\/portal\/wp-json\/wp\/v2\/media?parent=14806"}],"wp:term":[{"taxonomy":"category","embeddable":true,"href":"https:\/\/verdadeon.com.br\/portal\/wp-json\/wp\/v2\/categories?post=14806"},{"taxonomy":"post_tag","embeddable":true,"href":"https:\/\/verdadeon.com.br\/portal\/wp-json\/wp\/v2\/tags?post=14806"}],"curies":[{"name":"wp","href":"https:\/\/api.w.org\/{rel}","templated":true}]}}