{"id":14801,"date":"2021-03-04T12:44:01","date_gmt":"2021-03-04T15:44:01","guid":{"rendered":"https:\/\/verdadeon.com.br\/portal\/?p=14801"},"modified":"2021-03-04T12:44:01","modified_gmt":"2021-03-04T15:44:01","slug":"acif-emite-nota-oficial-em-posicionamento-quanto-a-regressao-de-franca-a-fase-vermelha-do-plano-sp","status":"publish","type":"post","link":"https:\/\/verdadeon.com.br\/portal\/2021\/03\/04\/acif-emite-nota-oficial-em-posicionamento-quanto-a-regressao-de-franca-a-fase-vermelha-do-plano-sp\/","title":{"rendered":"ACIF emite nota oficial em\u00a0posicionamento quanto \u00e0 regress\u00e3o de Franca \u00e0 fase vermelha do Plano SP"},"content":{"rendered":"<p>A \u00a0ACIF (Associa\u00e7\u00e3o do Com\u00e9rcio e Ind\u00fastria de Franca) emitiu uma nota oficial em\u00a0 posicionamento quanto \u00e0 regress\u00e3o de Franca \u00e0 fase vermelha do Plano SP<\/p>\n<p>Veja a nota oficial na Integra.<\/p>\n<p>&nbsp;<\/p>\n<p><strong>Nota Oficial<\/strong><\/p>\n<p>A ACIF (Associa\u00e7\u00e3o do Com\u00e9rcio e Ind\u00fastria de Franca) se manifesta contra a regress\u00e3o da cidade de Franca \u00e0 fase vermelha do Plano S\u00e3o Paulo. Desde o in\u00edcio da pandemia, a entidade tem se colocado a favor das medidas sanit\u00e1rias de conten\u00e7\u00e3o do novo coronav\u00edrus e atuado como agente propagador de boas pr\u00e1ticas com o intuito de preservar vidas, empresas e empregos. Neste sentido, sua posi\u00e7\u00e3o continua a mesma. A manifesta\u00e7\u00e3o desfavor\u00e1vel \u00e0 regress\u00e3o diz respeito \u00e0 situa\u00e7\u00e3o do munic\u00edpio em rela\u00e7\u00e3o aos \u00edndices exigidos pelo pr\u00f3prio Plano S\u00e3o Paulo.<\/p>\n<p>Os \u00faltimos dados apurados pelo IE-ACIF (Instituto de Economia da Associa\u00e7\u00e3o do Com\u00e9rcio e Ind\u00fastria de Franca) na data de hoje, 03 de mar\u00e7o de 2021, apontam o DRS (Departamento Regional de Sa\u00fade) de Franca na fase laranja, com taxa de ocupa\u00e7\u00e3o de leitos estabelecida em 63,4%, ou seja, abaixo da m\u00e9dia de ocupa\u00e7\u00e3o do pr\u00f3prio Estado de S\u00e3o Paulo, correspondente a 76,3%. O indicador de interna\u00e7\u00f5es por 100 mil habitantes no referido DRS est\u00e1 classificado com valor 36, dentro dos par\u00e2metros de fase amarela. Os demais indicadores (Casos e \u00d3bitos) ainda classificam Franca na fase laranja, estando o indicador \u201cCasos por 100 mil habitantes\u201d estabelecido em 387 e \u201c\u00d3bitos por 100 mil habitantes\u201d em 9.<\/p>\n<p>A ACIF n\u00e3o vem a p\u00fablico para atacar as normas sanit\u00e1rias postas, mas contestar mudan\u00e7as abruptas nas regras estabelecidas pelo pr\u00f3prio Governo do Estado, o que gera inseguran\u00e7a e instabilidade. A entidade buscar\u00e1, por meio da Federa\u00e7\u00e3o das Associa\u00e7\u00f5es Comerciais do Estado de S\u00e3o Paulo (Facesp), uma interlocu\u00e7\u00e3o com o Governo do Estado para que n\u00e3o se aplique, de forma injusta, restri\u00e7\u00f5es uniformes para realidades distintas.<\/p>\n","protected":false},"excerpt":{"rendered":"<p>A \u00a0ACIF (Associa\u00e7\u00e3o do Com\u00e9rcio e Ind\u00fastria de Franca) emitiu uma nota oficial em\u00a0 posicionamento quanto \u00e0 regress\u00e3o de Franca \u00e0 fase vermelha do Plano SP<span class=\"excerpt-hellip\"> [\u2026]<\/span><\/p>\n","protected":false},"author":4,"featured_media":11239,"comment_status":"open","ping_status":"open","sticky":false,"template":"","format":"standard","meta":{"_jetpack_memberships_contains_paid_content":false,"footnotes":"","jetpack_publicize_message":"","jetpack_publicize_feature_enabled":true,"jetpack_social_post_already_shared":false,"jetpack_social_options":{"image_generator_settings":{"template":"highway","default_image_id":0,"enabled":false},"version":2}},"categories":[28,81],"tags":[],"class_list":["post-14801","post","type-post","status-publish","format-standard","has-post-thumbnail","hentry","category-cotidiano","category-manchete"],"yoast_head":"<!-- This site is optimized with the Yoast SEO plugin v25.6 - https:\/\/yoast.com\/wordpress\/plugins\/seo\/ -->\n<title>ACIF emite nota oficial em\u00a0posicionamento quanto \u00e0 regress\u00e3o de Franca \u00e0 fase vermelha do Plano SP - VerdadeOn<\/title>\n<meta name=\"robots\" content=\"index, follow, max-snippet:-1, max-image-preview:large, max-video-preview:-1\" \/>\n<link rel=\"canonical\" href=\"https:\/\/verdadeon.com.br\/portal\/2021\/03\/04\/acif-emite-nota-oficial-em-posicionamento-quanto-a-regressao-de-franca-a-fase-vermelha-do-plano-sp\/\" \/>\n<meta property=\"og:locale\" content=\"pt_BR\" \/>\n<meta property=\"og:type\" content=\"article\" \/>\n<meta property=\"og:title\" content=\"ACIF emite nota oficial em\u00a0posicionamento quanto \u00e0 regress\u00e3o de Franca \u00e0 fase vermelha do Plano SP - VerdadeOn\" \/>\n<meta property=\"og:description\" content=\"A \u00a0ACIF (Associa\u00e7\u00e3o do Com\u00e9rcio e Ind\u00fastria de Franca) emitiu uma nota oficial em\u00a0 posicionamento quanto \u00e0 regress\u00e3o de Franca \u00e0 fase vermelha do Plano SP [\u2026]\" \/>\n<meta property=\"og:url\" content=\"https:\/\/verdadeon.com.br\/portal\/2021\/03\/04\/acif-emite-nota-oficial-em-posicionamento-quanto-a-regressao-de-franca-a-fase-vermelha-do-plano-sp\/\" \/>\n<meta property=\"og:site_name\" content=\"VerdadeOn\" \/>\n<meta property=\"article:published_time\" content=\"2021-03-04T15:44:01+00:00\" \/>\n<meta property=\"og:image\" content=\"https:\/\/verdadeon.com.br\/portal\/wp-content\/uploads\/2020\/10\/20-09-2019-wil-ACIF-Retratos-3240.jpg\" \/>\n\t<meta property=\"og:image:width\" content=\"1000\" \/>\n\t<meta property=\"og:image:height\" content=\"670\" \/>\n\t<meta property=\"og:image:type\" content=\"image\/jpeg\" \/>\n<meta name=\"author\" content=\"Fernando Calixto\" \/>\n<meta name=\"twitter:card\" content=\"summary_large_image\" \/>\n<meta name=\"twitter:label1\" content=\"Escrito por\" \/>\n\t<meta name=\"twitter:data1\" content=\"Fernando Calixto\" \/>\n\t<meta name=\"twitter:label2\" content=\"Est. tempo de leitura\" \/>\n\t<meta name=\"twitter:data2\" content=\"2 minutos\" \/>\n<script type=\"application\/ld+json\" class=\"yoast-schema-graph\">{\"@context\":\"https:\/\/schema.org\",\"@graph\":[{\"@type\":\"WebPage\",\"@id\":\"https:\/\/verdadeon.com.br\/portal\/2021\/03\/04\/acif-emite-nota-oficial-em-posicionamento-quanto-a-regressao-de-franca-a-fase-vermelha-do-plano-sp\/\",\"url\":\"https:\/\/verdadeon.com.br\/portal\/2021\/03\/04\/acif-emite-nota-oficial-em-posicionamento-quanto-a-regressao-de-franca-a-fase-vermelha-do-plano-sp\/\",\"name\":\"ACIF emite nota oficial em\u00a0posicionamento quanto \u00e0 regress\u00e3o de Franca \u00e0 fase vermelha do Plano SP - VerdadeOn\",\"isPartOf\":{\"@id\":\"https:\/\/verdadeon.com.br\/portal\/#website\"},\"primaryImageOfPage\":{\"@id\":\"https:\/\/verdadeon.com.br\/portal\/2021\/03\/04\/acif-emite-nota-oficial-em-posicionamento-quanto-a-regressao-de-franca-a-fase-vermelha-do-plano-sp\/#primaryimage\"},\"image\":{\"@id\":\"https:\/\/verdadeon.com.br\/portal\/2021\/03\/04\/acif-emite-nota-oficial-em-posicionamento-quanto-a-regressao-de-franca-a-fase-vermelha-do-plano-sp\/#primaryimage\"},\"thumbnailUrl\":\"https:\/\/i0.wp.com\/verdadeon.com.br\/portal\/wp-content\/uploads\/2020\/10\/20-09-2019-wil-ACIF-Retratos-3240.jpg?fit=1000%2C670&ssl=1\",\"datePublished\":\"2021-03-04T15:44:01+00:00\",\"author\":{\"@id\":\"https:\/\/verdadeon.com.br\/portal\/#\/schema\/person\/8994718f49ee62ba5610471e29ca1f62\"},\"breadcrumb\":{\"@id\":\"https:\/\/verdadeon.com.br\/portal\/2021\/03\/04\/acif-emite-nota-oficial-em-posicionamento-quanto-a-regressao-de-franca-a-fase-vermelha-do-plano-sp\/#breadcrumb\"},\"inLanguage\":\"pt-BR\",\"potentialAction\":[{\"@type\":\"ReadAction\",\"target\":[\"https:\/\/verdadeon.com.br\/portal\/2021\/03\/04\/acif-emite-nota-oficial-em-posicionamento-quanto-a-regressao-de-franca-a-fase-vermelha-do-plano-sp\/\"]}]},{\"@type\":\"ImageObject\",\"inLanguage\":\"pt-BR\",\"@id\":\"https:\/\/verdadeon.com.br\/portal\/2021\/03\/04\/acif-emite-nota-oficial-em-posicionamento-quanto-a-regressao-de-franca-a-fase-vermelha-do-plano-sp\/#primaryimage\",\"url\":\"https:\/\/i0.wp.com\/verdadeon.com.br\/portal\/wp-content\/uploads\/2020\/10\/20-09-2019-wil-ACIF-Retratos-3240.jpg?fit=1000%2C670&ssl=1\",\"contentUrl\":\"https:\/\/i0.wp.com\/verdadeon.com.br\/portal\/wp-content\/uploads\/2020\/10\/20-09-2019-wil-ACIF-Retratos-3240.jpg?fit=1000%2C670&ssl=1\",\"width\":1000,\"height\":670,\"caption\":\"Presidente da Acif, Tarciso B\u00f4tto, destaca a import\u00e2ncia da moderniza\u00e7\u00e3o do estatuto, revisto pela \u00faltima vez em 2004 | Foto: Wilker Maia\/Acif\"},{\"@type\":\"BreadcrumbList\",\"@id\":\"https:\/\/verdadeon.com.br\/portal\/2021\/03\/04\/acif-emite-nota-oficial-em-posicionamento-quanto-a-regressao-de-franca-a-fase-vermelha-do-plano-sp\/#breadcrumb\",\"itemListElement\":[{\"@type\":\"ListItem\",\"position\":1,\"name\":\"In\u00edcio\",\"item\":\"https:\/\/verdadeon.com.br\/portal\/\"},{\"@type\":\"ListItem\",\"position\":2,\"name\":\"ACIF emite nota oficial em\u00a0posicionamento quanto \u00e0 regress\u00e3o de Franca \u00e0 fase vermelha do Plano SP\"}]},{\"@type\":\"WebSite\",\"@id\":\"https:\/\/verdadeon.com.br\/portal\/#website\",\"url\":\"https:\/\/verdadeon.com.br\/portal\/\",\"name\":\"VerdadeOn\",\"description\":\"Not\u00edcias di\u00e1rias sobre Franca, Regi\u00e3o, Esporte, Cultura, Cotidiano, Colunas. Cobertura nos principais eventos da cidade \u00e9 aqui - Verdadeon Franca\",\"potentialAction\":[{\"@type\":\"SearchAction\",\"target\":{\"@type\":\"EntryPoint\",\"urlTemplate\":\"https:\/\/verdadeon.com.br\/portal\/?s={search_term_string}\"},\"query-input\":{\"@type\":\"PropertyValueSpecification\",\"valueRequired\":true,\"valueName\":\"search_term_string\"}}],\"inLanguage\":\"pt-BR\"},{\"@type\":\"Person\",\"@id\":\"https:\/\/verdadeon.com.br\/portal\/#\/schema\/person\/8994718f49ee62ba5610471e29ca1f62\",\"name\":\"Fernando Calixto\",\"image\":{\"@type\":\"ImageObject\",\"inLanguage\":\"pt-BR\",\"@id\":\"https:\/\/verdadeon.com.br\/portal\/#\/schema\/person\/image\/\",\"url\":\"https:\/\/secure.gravatar.com\/avatar\/7578910c24966c0316c340f9dbd601e93ee9f9212e1033968b367af9306bd9fb?s=96&d=mm&r=g\",\"contentUrl\":\"https:\/\/secure.gravatar.com\/avatar\/7578910c24966c0316c340f9dbd601e93ee9f9212e1033968b367af9306bd9fb?s=96&d=mm&r=g\",\"caption\":\"Fernando Calixto\"},\"url\":\"https:\/\/verdadeon.com.br\/portal\/author\/fernando-calixto\/\"}]}<\/script>\n<!-- \/ Yoast SEO plugin. -->","yoast_head_json":{"title":"ACIF emite nota oficial em\u00a0posicionamento quanto \u00e0 regress\u00e3o de Franca \u00e0 fase vermelha do Plano SP - VerdadeOn","robots":{"index":"index","follow":"follow","max-snippet":"max-snippet:-1","max-image-preview":"max-image-preview:large","max-video-preview":"max-video-preview:-1"},"canonical":"https:\/\/verdadeon.com.br\/portal\/2021\/03\/04\/acif-emite-nota-oficial-em-posicionamento-quanto-a-regressao-de-franca-a-fase-vermelha-do-plano-sp\/","og_locale":"pt_BR","og_type":"article","og_title":"ACIF emite nota oficial em\u00a0posicionamento quanto \u00e0 regress\u00e3o de Franca \u00e0 fase vermelha do Plano SP - VerdadeOn","og_description":"A \u00a0ACIF (Associa\u00e7\u00e3o do Com\u00e9rcio e Ind\u00fastria de Franca) emitiu uma nota oficial em\u00a0 posicionamento quanto \u00e0 regress\u00e3o de Franca \u00e0 fase vermelha do Plano SP [\u2026]","og_url":"https:\/\/verdadeon.com.br\/portal\/2021\/03\/04\/acif-emite-nota-oficial-em-posicionamento-quanto-a-regressao-de-franca-a-fase-vermelha-do-plano-sp\/","og_site_name":"VerdadeOn","article_published_time":"2021-03-04T15:44:01+00:00","og_image":[{"width":1000,"height":670,"url":"https:\/\/verdadeon.com.br\/portal\/wp-content\/uploads\/2020\/10\/20-09-2019-wil-ACIF-Retratos-3240.jpg","type":"image\/jpeg"}],"author":"Fernando Calixto","twitter_card":"summary_large_image","twitter_misc":{"Escrito por":"Fernando Calixto","Est. tempo de leitura":"2 minutos"},"schema":{"@context":"https:\/\/schema.org","@graph":[{"@type":"WebPage","@id":"https:\/\/verdadeon.com.br\/portal\/2021\/03\/04\/acif-emite-nota-oficial-em-posicionamento-quanto-a-regressao-de-franca-a-fase-vermelha-do-plano-sp\/","url":"https:\/\/verdadeon.com.br\/portal\/2021\/03\/04\/acif-emite-nota-oficial-em-posicionamento-quanto-a-regressao-de-franca-a-fase-vermelha-do-plano-sp\/","name":"ACIF emite nota oficial em\u00a0posicionamento quanto \u00e0 regress\u00e3o de Franca \u00e0 fase vermelha do Plano SP - VerdadeOn","isPartOf":{"@id":"https:\/\/verdadeon.com.br\/portal\/#website"},"primaryImageOfPage":{"@id":"https:\/\/verdadeon.com.br\/portal\/2021\/03\/04\/acif-emite-nota-oficial-em-posicionamento-quanto-a-regressao-de-franca-a-fase-vermelha-do-plano-sp\/#primaryimage"},"image":{"@id":"https:\/\/verdadeon.com.br\/portal\/2021\/03\/04\/acif-emite-nota-oficial-em-posicionamento-quanto-a-regressao-de-franca-a-fase-vermelha-do-plano-sp\/#primaryimage"},"thumbnailUrl":"https:\/\/i0.wp.com\/verdadeon.com.br\/portal\/wp-content\/uploads\/2020\/10\/20-09-2019-wil-ACIF-Retratos-3240.jpg?fit=1000%2C670&ssl=1","datePublished":"2021-03-04T15:44:01+00:00","author":{"@id":"https:\/\/verdadeon.com.br\/portal\/#\/schema\/person\/8994718f49ee62ba5610471e29ca1f62"},"breadcrumb":{"@id":"https:\/\/verdadeon.com.br\/portal\/2021\/03\/04\/acif-emite-nota-oficial-em-posicionamento-quanto-a-regressao-de-franca-a-fase-vermelha-do-plano-sp\/#breadcrumb"},"inLanguage":"pt-BR","potentialAction":[{"@type":"ReadAction","target":["https:\/\/verdadeon.com.br\/portal\/2021\/03\/04\/acif-emite-nota-oficial-em-posicionamento-quanto-a-regressao-de-franca-a-fase-vermelha-do-plano-sp\/"]}]},{"@type":"ImageObject","inLanguage":"pt-BR","@id":"https:\/\/verdadeon.com.br\/portal\/2021\/03\/04\/acif-emite-nota-oficial-em-posicionamento-quanto-a-regressao-de-franca-a-fase-vermelha-do-plano-sp\/#primaryimage","url":"https:\/\/i0.wp.com\/verdadeon.com.br\/portal\/wp-content\/uploads\/2020\/10\/20-09-2019-wil-ACIF-Retratos-3240.jpg?fit=1000%2C670&ssl=1","contentUrl":"https:\/\/i0.wp.com\/verdadeon.com.br\/portal\/wp-content\/uploads\/2020\/10\/20-09-2019-wil-ACIF-Retratos-3240.jpg?fit=1000%2C670&ssl=1","width":1000,"height":670,"caption":"Presidente da Acif, Tarciso B\u00f4tto, destaca a import\u00e2ncia da moderniza\u00e7\u00e3o do estatuto, revisto pela \u00faltima vez em 2004 | Foto: Wilker Maia\/Acif"},{"@type":"BreadcrumbList","@id":"https:\/\/verdadeon.com.br\/portal\/2021\/03\/04\/acif-emite-nota-oficial-em-posicionamento-quanto-a-regressao-de-franca-a-fase-vermelha-do-plano-sp\/#breadcrumb","itemListElement":[{"@type":"ListItem","position":1,"name":"In\u00edcio","item":"https:\/\/verdadeon.com.br\/portal\/"},{"@type":"ListItem","position":2,"name":"ACIF emite nota oficial em\u00a0posicionamento quanto \u00e0 regress\u00e3o de Franca \u00e0 fase vermelha do Plano SP"}]},{"@type":"WebSite","@id":"https:\/\/verdadeon.com.br\/portal\/#website","url":"https:\/\/verdadeon.com.br\/portal\/","name":"VerdadeOn","description":"Not\u00edcias di\u00e1rias sobre Franca, Regi\u00e3o, Esporte, Cultura, Cotidiano, Colunas. Cobertura nos principais eventos da cidade \u00e9 aqui - Verdadeon Franca","potentialAction":[{"@type":"SearchAction","target":{"@type":"EntryPoint","urlTemplate":"https:\/\/verdadeon.com.br\/portal\/?s={search_term_string}"},"query-input":{"@type":"PropertyValueSpecification","valueRequired":true,"valueName":"search_term_string"}}],"inLanguage":"pt-BR"},{"@type":"Person","@id":"https:\/\/verdadeon.com.br\/portal\/#\/schema\/person\/8994718f49ee62ba5610471e29ca1f62","name":"Fernando Calixto","image":{"@type":"ImageObject","inLanguage":"pt-BR","@id":"https:\/\/verdadeon.com.br\/portal\/#\/schema\/person\/image\/","url":"https:\/\/secure.gravatar.com\/avatar\/7578910c24966c0316c340f9dbd601e93ee9f9212e1033968b367af9306bd9fb?s=96&d=mm&r=g","contentUrl":"https:\/\/secure.gravatar.com\/avatar\/7578910c24966c0316c340f9dbd601e93ee9f9212e1033968b367af9306bd9fb?s=96&d=mm&r=g","caption":"Fernando Calixto"},"url":"https:\/\/verdadeon.com.br\/portal\/author\/fernando-calixto\/"}]}},"jetpack_publicize_connections":[],"jetpack_featured_media_url":"https:\/\/i0.wp.com\/verdadeon.com.br\/portal\/wp-content\/uploads\/2020\/10\/20-09-2019-wil-ACIF-Retratos-3240.jpg?fit=1000%2C670&ssl=1","jetpack_sharing_enabled":true,"_links":{"self":[{"href":"https:\/\/verdadeon.com.br\/portal\/wp-json\/wp\/v2\/posts\/14801","targetHints":{"allow":["GET"]}}],"collection":[{"href":"https:\/\/verdadeon.com.br\/portal\/wp-json\/wp\/v2\/posts"}],"about":[{"href":"https:\/\/verdadeon.com.br\/portal\/wp-json\/wp\/v2\/types\/post"}],"author":[{"embeddable":true,"href":"https:\/\/verdadeon.com.br\/portal\/wp-json\/wp\/v2\/users\/4"}],"replies":[{"embeddable":true,"href":"https:\/\/verdadeon.com.br\/portal\/wp-json\/wp\/v2\/comments?post=14801"}],"version-history":[{"count":0,"href":"https:\/\/verdadeon.com.br\/portal\/wp-json\/wp\/v2\/posts\/14801\/revisions"}],"wp:featuredmedia":[{"embeddable":true,"href":"https:\/\/verdadeon.com.br\/portal\/wp-json\/wp\/v2\/media\/11239"}],"wp:attachment":[{"href":"https:\/\/verdadeon.com.br\/portal\/wp-json\/wp\/v2\/media?parent=14801"}],"wp:term":[{"taxonomy":"category","embeddable":true,"href":"https:\/\/verdadeon.com.br\/portal\/wp-json\/wp\/v2\/categories?post=14801"},{"taxonomy":"post_tag","embeddable":true,"href":"https:\/\/verdadeon.com.br\/portal\/wp-json\/wp\/v2\/tags?post=14801"}],"curies":[{"name":"wp","href":"https:\/\/api.w.org\/{rel}","templated":true}]}}