{"id":14800,"date":"2021-03-04T12:39:42","date_gmt":"2021-03-04T15:39:42","guid":{"rendered":"https:\/\/verdadeon.com.br\/portal\/?p=14800"},"modified":"2021-03-04T12:39:42","modified_gmt":"2021-03-04T15:39:42","slug":"comite-da-bacia-hidrografica-dos-rios-sapucai-mirim-grande-tem-nova-presidencia","status":"publish","type":"post","link":"https:\/\/verdadeon.com.br\/portal\/2021\/03\/04\/comite-da-bacia-hidrografica-dos-rios-sapucai-mirim-grande-tem-nova-presidencia\/","title":{"rendered":"Comit\u00ea da Bacia Hidrogr\u00e1fica dos rios Sapuca\u00ed Mirim\/Grande tem nova presid\u00eancia"},"content":{"rendered":"<p>O CBH-SMG, Comit\u00ea da Bacia Hidrogr\u00e1fica dos Rios Sapuca\u00ed Mirim\/Grande elegeu a nova diretoria que estar\u00e1 a frente da gest\u00e3o dos recursos h\u00eddricos da regi\u00e3o no bi\u00eanio 2021\/2023.<\/p>\n<p>A comiss\u00e3o diretora ter\u00e1 a frente como presidente a prefeita de Cristais Paulista, Dra. Katiuscia de Paula Leonardo Mendes, a vice-presidente Ros\u00e2ngela Kiyoto Jomori Bonichelli, professora Funda\u00e7\u00e3o Educacional de Ituverava e na secretaria executiva Viviane de Souza Peres Cintra e Jorge Augusto de Carvalho Santos, representantes do Departamento de \u00c1guas e Energia El\u00e9trica do Estado de S\u00e3o Paulo.<\/p>\n<p>Formada por um prefeito da regi\u00e3o e representantes da institui\u00e7\u00e3o civil e \u00f3rg\u00e3os estaduais, a nova diretoria foi eleita no \u00faltimo dia 25 de fevereiro e tomar\u00e1 posse entre os dias 24 ou 25 de mar\u00e7o.<\/p>\n<p>O Comit\u00ea da Bacia Hidrogr\u00e1fica dos Rios Sapuca\u00ed Mirim\/Grande \u00e9 um \u00f3rg\u00e3o colegiado integrado por 23 munic\u00edpios: Altin\u00f3polis, Aramina, Batatais, Buritizal, Cristais Paulista, Franca, Gua\u00edra, Guar\u00e1, Igarapava, Ipu\u00e3, Itirapu\u00e3, Ituverava, Jeriquara, Miguel\u00f3polis, Nuporanga, Patroc\u00ednio Paulista, Pedregulho, Restinga, Ribeir\u00e3o Corrente, Rifaina, Santo Ant\u00f4nio da Alegria, S\u00e3o Joaquim da Barra e S\u00e3o Jos\u00e9 da Bela Vista. Ele tem o objetivo de fazer a gest\u00e3o das \u00e1guas na regi\u00e3o, buscando garantir a qualidade e quantidade para todos os usos. S\u00e3o exemplos de bacias hidrogr\u00e1ficas da regi\u00e3o o Rio Grande, Rio Canoas, Rio do Carmo, Rio Sapuca\u00ed e Ribeir\u00e3o dos Bagres. Os principais reservat\u00f3rios s\u00e3o Peixoto, Jaguar\u00e1, Igarapava, Volta Grande, Buritis, Esmeril, Dourados, S\u00e3o Joaquim e Monjolinho.<\/p>\n<p>\u201cEstou extremamente feliz com esta indica\u00e7\u00e3o e vou me dedicar ao m\u00e1ximo. Precisamos dar continuidade a gest\u00e3o excelente que vinha sendo realiza em nossa bacia, com \u00f3timos \u00edndices de abastecimento de \u00e1gua, esgotamento sanit\u00e1rio e manejo de res\u00edduos s\u00f3lidos. Com a minha indica\u00e7\u00e3o tamb\u00e9m a presid\u00eancia do COMAM, Cons\u00f3rcio de Munic\u00edpios da Alta Mogiana, pretendo estreitar a atua\u00e7\u00e3o destes dois \u00f3rg\u00e3os, fazendo com que novas parcerias possam surgir para beneficiar os munic\u00edpios e automaticamente a popula\u00e7\u00e3o\u201d, disse Dra. Katiuscia Leonardo.<\/p>\n<p>\u201cFelizmente nossa regi\u00e3o possui uma importante disponibilidade h\u00eddrica que \u00e9 suficiente para o atendimento da popula\u00e7\u00e3o e para a realiza\u00e7\u00e3o de todas as atividades econ\u00f4micas\u201d, finalizou Dra. Katiuscia.<\/p>\n<p>Entre as principais a\u00e7\u00f5es do Comit\u00ea da Bacia Hidrogr\u00e1fica dos Rios Sapuca\u00ed Mirim\/Grande est\u00e3o: aprovar o Plano de Recursos H\u00eddricos da Bacia, mediar conflitos pelo uso da \u00e1gua, estabelecer mecanismos de gest\u00e3o do uso da \u00e1gua, trabalhar temas de educa\u00e7\u00e3o ambiental e valoriza\u00e7\u00e3o da \u00e1gua, atuar junto ao FEHIDRO, Fundo Estadual de Recursos H\u00eddricos, combate as perdas dos sistemas de abastecimento entre outras diversas a\u00e7\u00f5es.<\/p>\n","protected":false},"excerpt":{"rendered":"<p>O CBH-SMG, Comit\u00ea da Bacia Hidrogr\u00e1fica dos Rios Sapuca\u00ed Mirim\/Grande elegeu a nova diretoria que estar\u00e1 a frente da gest\u00e3o dos recursos h\u00eddricos da regi\u00e3o no<span class=\"excerpt-hellip\"> [\u2026]<\/span><\/p>\n","protected":false},"author":4,"featured_media":14802,"comment_status":"open","ping_status":"open","sticky":false,"template":"","format":"standard","meta":{"_jetpack_memberships_contains_paid_content":false,"footnotes":"","jetpack_publicize_message":"","jetpack_publicize_feature_enabled":true,"jetpack_social_post_already_shared":false,"jetpack_social_options":{"image_generator_settings":{"template":"highway","default_image_id":0,"enabled":false},"version":2}},"categories":[44,58],"tags":[],"class_list":["post-14800","post","type-post","status-publish","format-standard","has-post-thumbnail","hentry","category-noticias","category-regiao"],"yoast_head":"<!-- This site is optimized with the Yoast SEO plugin v25.6 - https:\/\/yoast.com\/wordpress\/plugins\/seo\/ -->\n<title>Comit\u00ea da Bacia Hidrogr\u00e1fica dos rios Sapuca\u00ed Mirim\/Grande tem nova presid\u00eancia - VerdadeOn<\/title>\n<meta name=\"robots\" content=\"index, follow, max-snippet:-1, max-image-preview:large, max-video-preview:-1\" \/>\n<link rel=\"canonical\" href=\"https:\/\/verdadeon.com.br\/portal\/2021\/03\/04\/comite-da-bacia-hidrografica-dos-rios-sapucai-mirim-grande-tem-nova-presidencia\/\" \/>\n<meta property=\"og:locale\" content=\"pt_BR\" \/>\n<meta property=\"og:type\" content=\"article\" \/>\n<meta property=\"og:title\" content=\"Comit\u00ea da Bacia Hidrogr\u00e1fica dos rios Sapuca\u00ed Mirim\/Grande tem nova presid\u00eancia - VerdadeOn\" \/>\n<meta property=\"og:description\" content=\"O CBH-SMG, Comit\u00ea da Bacia Hidrogr\u00e1fica dos Rios Sapuca\u00ed Mirim\/Grande elegeu a nova diretoria que estar\u00e1 a frente da gest\u00e3o dos recursos h\u00eddricos da regi\u00e3o no [\u2026]\" \/>\n<meta property=\"og:url\" content=\"https:\/\/verdadeon.com.br\/portal\/2021\/03\/04\/comite-da-bacia-hidrografica-dos-rios-sapucai-mirim-grande-tem-nova-presidencia\/\" \/>\n<meta property=\"og:site_name\" content=\"VerdadeOn\" \/>\n<meta property=\"article:published_time\" content=\"2021-03-04T15:39:42+00:00\" \/>\n<meta property=\"og:image\" content=\"https:\/\/verdadeon.com.br\/portal\/wp-content\/uploads\/2021\/03\/katiuscia_prefeita.jpg\" \/>\n\t<meta property=\"og:image:width\" content=\"1000\" \/>\n\t<meta property=\"og:image:height\" content=\"670\" \/>\n\t<meta property=\"og:image:type\" content=\"image\/jpeg\" \/>\n<meta name=\"author\" content=\"Fernando Calixto\" \/>\n<meta name=\"twitter:card\" content=\"summary_large_image\" \/>\n<meta name=\"twitter:label1\" content=\"Escrito por\" \/>\n\t<meta name=\"twitter:data1\" content=\"Fernando Calixto\" \/>\n\t<meta name=\"twitter:label2\" content=\"Est. tempo de leitura\" \/>\n\t<meta name=\"twitter:data2\" content=\"2 minutos\" \/>\n<script type=\"application\/ld+json\" class=\"yoast-schema-graph\">{\"@context\":\"https:\/\/schema.org\",\"@graph\":[{\"@type\":\"WebPage\",\"@id\":\"https:\/\/verdadeon.com.br\/portal\/2021\/03\/04\/comite-da-bacia-hidrografica-dos-rios-sapucai-mirim-grande-tem-nova-presidencia\/\",\"url\":\"https:\/\/verdadeon.com.br\/portal\/2021\/03\/04\/comite-da-bacia-hidrografica-dos-rios-sapucai-mirim-grande-tem-nova-presidencia\/\",\"name\":\"Comit\u00ea da Bacia Hidrogr\u00e1fica dos rios Sapuca\u00ed Mirim\/Grande tem nova presid\u00eancia - VerdadeOn\",\"isPartOf\":{\"@id\":\"https:\/\/verdadeon.com.br\/portal\/#website\"},\"primaryImageOfPage\":{\"@id\":\"https:\/\/verdadeon.com.br\/portal\/2021\/03\/04\/comite-da-bacia-hidrografica-dos-rios-sapucai-mirim-grande-tem-nova-presidencia\/#primaryimage\"},\"image\":{\"@id\":\"https:\/\/verdadeon.com.br\/portal\/2021\/03\/04\/comite-da-bacia-hidrografica-dos-rios-sapucai-mirim-grande-tem-nova-presidencia\/#primaryimage\"},\"thumbnailUrl\":\"https:\/\/i0.wp.com\/verdadeon.com.br\/portal\/wp-content\/uploads\/2021\/03\/katiuscia_prefeita.jpg?fit=1000%2C670&ssl=1\",\"datePublished\":\"2021-03-04T15:39:42+00:00\",\"author\":{\"@id\":\"https:\/\/verdadeon.com.br\/portal\/#\/schema\/person\/8994718f49ee62ba5610471e29ca1f62\"},\"breadcrumb\":{\"@id\":\"https:\/\/verdadeon.com.br\/portal\/2021\/03\/04\/comite-da-bacia-hidrografica-dos-rios-sapucai-mirim-grande-tem-nova-presidencia\/#breadcrumb\"},\"inLanguage\":\"pt-BR\",\"potentialAction\":[{\"@type\":\"ReadAction\",\"target\":[\"https:\/\/verdadeon.com.br\/portal\/2021\/03\/04\/comite-da-bacia-hidrografica-dos-rios-sapucai-mirim-grande-tem-nova-presidencia\/\"]}]},{\"@type\":\"ImageObject\",\"inLanguage\":\"pt-BR\",\"@id\":\"https:\/\/verdadeon.com.br\/portal\/2021\/03\/04\/comite-da-bacia-hidrografica-dos-rios-sapucai-mirim-grande-tem-nova-presidencia\/#primaryimage\",\"url\":\"https:\/\/i0.wp.com\/verdadeon.com.br\/portal\/wp-content\/uploads\/2021\/03\/katiuscia_prefeita.jpg?fit=1000%2C670&ssl=1\",\"contentUrl\":\"https:\/\/i0.wp.com\/verdadeon.com.br\/portal\/wp-content\/uploads\/2021\/03\/katiuscia_prefeita.jpg?fit=1000%2C670&ssl=1\",\"width\":1000,\"height\":670,\"caption\":\"Presidente e prefeita de Cristais Paulista, Dra. Katiuscia de Paula Leonardo Mendes\"},{\"@type\":\"BreadcrumbList\",\"@id\":\"https:\/\/verdadeon.com.br\/portal\/2021\/03\/04\/comite-da-bacia-hidrografica-dos-rios-sapucai-mirim-grande-tem-nova-presidencia\/#breadcrumb\",\"itemListElement\":[{\"@type\":\"ListItem\",\"position\":1,\"name\":\"In\u00edcio\",\"item\":\"https:\/\/verdadeon.com.br\/portal\/\"},{\"@type\":\"ListItem\",\"position\":2,\"name\":\"Comit\u00ea da Bacia Hidrogr\u00e1fica dos rios Sapuca\u00ed Mirim\/Grande tem nova presid\u00eancia\"}]},{\"@type\":\"WebSite\",\"@id\":\"https:\/\/verdadeon.com.br\/portal\/#website\",\"url\":\"https:\/\/verdadeon.com.br\/portal\/\",\"name\":\"VerdadeOn\",\"description\":\"Not\u00edcias di\u00e1rias sobre Franca, Regi\u00e3o, Esporte, Cultura, Cotidiano, Colunas. Cobertura nos principais eventos da cidade \u00e9 aqui - Verdadeon Franca\",\"potentialAction\":[{\"@type\":\"SearchAction\",\"target\":{\"@type\":\"EntryPoint\",\"urlTemplate\":\"https:\/\/verdadeon.com.br\/portal\/?s={search_term_string}\"},\"query-input\":{\"@type\":\"PropertyValueSpecification\",\"valueRequired\":true,\"valueName\":\"search_term_string\"}}],\"inLanguage\":\"pt-BR\"},{\"@type\":\"Person\",\"@id\":\"https:\/\/verdadeon.com.br\/portal\/#\/schema\/person\/8994718f49ee62ba5610471e29ca1f62\",\"name\":\"Fernando Calixto\",\"image\":{\"@type\":\"ImageObject\",\"inLanguage\":\"pt-BR\",\"@id\":\"https:\/\/verdadeon.com.br\/portal\/#\/schema\/person\/image\/\",\"url\":\"https:\/\/secure.gravatar.com\/avatar\/7578910c24966c0316c340f9dbd601e93ee9f9212e1033968b367af9306bd9fb?s=96&d=mm&r=g\",\"contentUrl\":\"https:\/\/secure.gravatar.com\/avatar\/7578910c24966c0316c340f9dbd601e93ee9f9212e1033968b367af9306bd9fb?s=96&d=mm&r=g\",\"caption\":\"Fernando Calixto\"},\"url\":\"https:\/\/verdadeon.com.br\/portal\/author\/fernando-calixto\/\"}]}<\/script>\n<!-- \/ Yoast SEO plugin. -->","yoast_head_json":{"title":"Comit\u00ea da Bacia Hidrogr\u00e1fica dos rios Sapuca\u00ed Mirim\/Grande tem nova presid\u00eancia - VerdadeOn","robots":{"index":"index","follow":"follow","max-snippet":"max-snippet:-1","max-image-preview":"max-image-preview:large","max-video-preview":"max-video-preview:-1"},"canonical":"https:\/\/verdadeon.com.br\/portal\/2021\/03\/04\/comite-da-bacia-hidrografica-dos-rios-sapucai-mirim-grande-tem-nova-presidencia\/","og_locale":"pt_BR","og_type":"article","og_title":"Comit\u00ea da Bacia Hidrogr\u00e1fica dos rios Sapuca\u00ed Mirim\/Grande tem nova presid\u00eancia - VerdadeOn","og_description":"O CBH-SMG, Comit\u00ea da Bacia Hidrogr\u00e1fica dos Rios Sapuca\u00ed Mirim\/Grande elegeu a nova diretoria que estar\u00e1 a frente da gest\u00e3o dos recursos h\u00eddricos da regi\u00e3o no [\u2026]","og_url":"https:\/\/verdadeon.com.br\/portal\/2021\/03\/04\/comite-da-bacia-hidrografica-dos-rios-sapucai-mirim-grande-tem-nova-presidencia\/","og_site_name":"VerdadeOn","article_published_time":"2021-03-04T15:39:42+00:00","og_image":[{"width":1000,"height":670,"url":"https:\/\/verdadeon.com.br\/portal\/wp-content\/uploads\/2021\/03\/katiuscia_prefeita.jpg","type":"image\/jpeg"}],"author":"Fernando Calixto","twitter_card":"summary_large_image","twitter_misc":{"Escrito por":"Fernando Calixto","Est. tempo de leitura":"2 minutos"},"schema":{"@context":"https:\/\/schema.org","@graph":[{"@type":"WebPage","@id":"https:\/\/verdadeon.com.br\/portal\/2021\/03\/04\/comite-da-bacia-hidrografica-dos-rios-sapucai-mirim-grande-tem-nova-presidencia\/","url":"https:\/\/verdadeon.com.br\/portal\/2021\/03\/04\/comite-da-bacia-hidrografica-dos-rios-sapucai-mirim-grande-tem-nova-presidencia\/","name":"Comit\u00ea da Bacia Hidrogr\u00e1fica dos rios Sapuca\u00ed Mirim\/Grande tem nova presid\u00eancia - VerdadeOn","isPartOf":{"@id":"https:\/\/verdadeon.com.br\/portal\/#website"},"primaryImageOfPage":{"@id":"https:\/\/verdadeon.com.br\/portal\/2021\/03\/04\/comite-da-bacia-hidrografica-dos-rios-sapucai-mirim-grande-tem-nova-presidencia\/#primaryimage"},"image":{"@id":"https:\/\/verdadeon.com.br\/portal\/2021\/03\/04\/comite-da-bacia-hidrografica-dos-rios-sapucai-mirim-grande-tem-nova-presidencia\/#primaryimage"},"thumbnailUrl":"https:\/\/i0.wp.com\/verdadeon.com.br\/portal\/wp-content\/uploads\/2021\/03\/katiuscia_prefeita.jpg?fit=1000%2C670&ssl=1","datePublished":"2021-03-04T15:39:42+00:00","author":{"@id":"https:\/\/verdadeon.com.br\/portal\/#\/schema\/person\/8994718f49ee62ba5610471e29ca1f62"},"breadcrumb":{"@id":"https:\/\/verdadeon.com.br\/portal\/2021\/03\/04\/comite-da-bacia-hidrografica-dos-rios-sapucai-mirim-grande-tem-nova-presidencia\/#breadcrumb"},"inLanguage":"pt-BR","potentialAction":[{"@type":"ReadAction","target":["https:\/\/verdadeon.com.br\/portal\/2021\/03\/04\/comite-da-bacia-hidrografica-dos-rios-sapucai-mirim-grande-tem-nova-presidencia\/"]}]},{"@type":"ImageObject","inLanguage":"pt-BR","@id":"https:\/\/verdadeon.com.br\/portal\/2021\/03\/04\/comite-da-bacia-hidrografica-dos-rios-sapucai-mirim-grande-tem-nova-presidencia\/#primaryimage","url":"https:\/\/i0.wp.com\/verdadeon.com.br\/portal\/wp-content\/uploads\/2021\/03\/katiuscia_prefeita.jpg?fit=1000%2C670&ssl=1","contentUrl":"https:\/\/i0.wp.com\/verdadeon.com.br\/portal\/wp-content\/uploads\/2021\/03\/katiuscia_prefeita.jpg?fit=1000%2C670&ssl=1","width":1000,"height":670,"caption":"Presidente e prefeita de Cristais Paulista, Dra. Katiuscia de Paula Leonardo Mendes"},{"@type":"BreadcrumbList","@id":"https:\/\/verdadeon.com.br\/portal\/2021\/03\/04\/comite-da-bacia-hidrografica-dos-rios-sapucai-mirim-grande-tem-nova-presidencia\/#breadcrumb","itemListElement":[{"@type":"ListItem","position":1,"name":"In\u00edcio","item":"https:\/\/verdadeon.com.br\/portal\/"},{"@type":"ListItem","position":2,"name":"Comit\u00ea da Bacia Hidrogr\u00e1fica dos rios Sapuca\u00ed Mirim\/Grande tem nova presid\u00eancia"}]},{"@type":"WebSite","@id":"https:\/\/verdadeon.com.br\/portal\/#website","url":"https:\/\/verdadeon.com.br\/portal\/","name":"VerdadeOn","description":"Not\u00edcias di\u00e1rias sobre Franca, Regi\u00e3o, Esporte, Cultura, Cotidiano, Colunas. Cobertura nos principais eventos da cidade \u00e9 aqui - Verdadeon Franca","potentialAction":[{"@type":"SearchAction","target":{"@type":"EntryPoint","urlTemplate":"https:\/\/verdadeon.com.br\/portal\/?s={search_term_string}"},"query-input":{"@type":"PropertyValueSpecification","valueRequired":true,"valueName":"search_term_string"}}],"inLanguage":"pt-BR"},{"@type":"Person","@id":"https:\/\/verdadeon.com.br\/portal\/#\/schema\/person\/8994718f49ee62ba5610471e29ca1f62","name":"Fernando Calixto","image":{"@type":"ImageObject","inLanguage":"pt-BR","@id":"https:\/\/verdadeon.com.br\/portal\/#\/schema\/person\/image\/","url":"https:\/\/secure.gravatar.com\/avatar\/7578910c24966c0316c340f9dbd601e93ee9f9212e1033968b367af9306bd9fb?s=96&d=mm&r=g","contentUrl":"https:\/\/secure.gravatar.com\/avatar\/7578910c24966c0316c340f9dbd601e93ee9f9212e1033968b367af9306bd9fb?s=96&d=mm&r=g","caption":"Fernando Calixto"},"url":"https:\/\/verdadeon.com.br\/portal\/author\/fernando-calixto\/"}]}},"jetpack_publicize_connections":[],"jetpack_featured_media_url":"https:\/\/i0.wp.com\/verdadeon.com.br\/portal\/wp-content\/uploads\/2021\/03\/katiuscia_prefeita.jpg?fit=1000%2C670&ssl=1","jetpack_sharing_enabled":true,"_links":{"self":[{"href":"https:\/\/verdadeon.com.br\/portal\/wp-json\/wp\/v2\/posts\/14800","targetHints":{"allow":["GET"]}}],"collection":[{"href":"https:\/\/verdadeon.com.br\/portal\/wp-json\/wp\/v2\/posts"}],"about":[{"href":"https:\/\/verdadeon.com.br\/portal\/wp-json\/wp\/v2\/types\/post"}],"author":[{"embeddable":true,"href":"https:\/\/verdadeon.com.br\/portal\/wp-json\/wp\/v2\/users\/4"}],"replies":[{"embeddable":true,"href":"https:\/\/verdadeon.com.br\/portal\/wp-json\/wp\/v2\/comments?post=14800"}],"version-history":[{"count":0,"href":"https:\/\/verdadeon.com.br\/portal\/wp-json\/wp\/v2\/posts\/14800\/revisions"}],"wp:featuredmedia":[{"embeddable":true,"href":"https:\/\/verdadeon.com.br\/portal\/wp-json\/wp\/v2\/media\/14802"}],"wp:attachment":[{"href":"https:\/\/verdadeon.com.br\/portal\/wp-json\/wp\/v2\/media?parent=14800"}],"wp:term":[{"taxonomy":"category","embeddable":true,"href":"https:\/\/verdadeon.com.br\/portal\/wp-json\/wp\/v2\/categories?post=14800"},{"taxonomy":"post_tag","embeddable":true,"href":"https:\/\/verdadeon.com.br\/portal\/wp-json\/wp\/v2\/tags?post=14800"}],"curies":[{"name":"wp","href":"https:\/\/api.w.org\/{rel}","templated":true}]}}