{"id":14651,"date":"2021-03-01T16:57:00","date_gmt":"2021-03-01T19:57:00","guid":{"rendered":"https:\/\/verdadeon.com.br\/portal\/?p=14651"},"modified":"2021-03-01T16:57:00","modified_gmt":"2021-03-01T19:57:00","slug":"sp-deve-receber-r-245-milhoes-mensais-para-o-custeio-de-leitos","status":"publish","type":"post","link":"https:\/\/verdadeon.com.br\/portal\/2021\/03\/01\/sp-deve-receber-r-245-milhoes-mensais-para-o-custeio-de-leitos\/","title":{"rendered":"SP deve receber R$ 245 milh\u00f5es mensais para o custeio de leitos"},"content":{"rendered":"<h2>Valores ser\u00e3o enviados pelo Minist\u00e9rio da Sa\u00fade, recursos ajudar\u00e3o a custear mais de 5 mil leitos<\/h2>\n<p>O governo Estadual informou nesta segunda-feira (1) que o S\u00e3o Paulo dever\u00e1 receber R$ 245 milh\u00f5es por m\u00eas do Minist\u00e9rio da Sa\u00fade para o custeio de leitos de UTI destinados aos pacientes com COVID-19. Os repasses dever\u00e3o ser realizados pelo Governo Federal em cumprimento \u00e0 decis\u00e3o do STF (Supremo Tribunal Federal), que no \u00faltimo s\u00e1bado (27) deferiu liminar da Procuradoria Geral do Estado para retomada do custeio. Os repasses vinham sendo drasticamente reduzidos pelo Governo Federal e foram totalmente suspensos a partir de hoje.<br \/>\n\u201cA Ministra Rosa Weber determinou que o Minist\u00e9rio da Sa\u00fade volte a habilitar, conforme o Sistema \u00danico de Sa\u00fade, os leitos de UTI no estado de S\u00e3o Paulo, e tamb\u00e9m no Maranh\u00e3o e na Bahia. E esta medida vai certamente se estender a todos os estados que ingressarem com o mesmo recurso. Que tristeza termos que recorrer \u00e0 Justi\u00e7a para termos leitos de UTI para salvar vidas\u201d, pontuou o Governador Jo\u00e3o Doria.<br \/>\nO Minist\u00e9rio da Sa\u00fade nunca chegou a custear o total de leitos de UTI em S\u00e3o Paulo durante toda a pandemia, al\u00e9m disso foi reduzindo este financiamento sucessivamente. Neste momento, n\u00e3o h\u00e1 leitos habilitados pelo Governo Federal no Estado de S\u00e3o Paulo. Com a decis\u00e3o do STF, S\u00e3o Paulo dever\u00e1 receber R$ 245 milh\u00f5es por m\u00eas, que ajudam a subsidiar o custeio de 5.112 leitos de UTI-COVID, atualmente custeados apenas por Estado e munic\u00edpios.<br \/>\n\u201cQuero cumprimentar a Ministra Rosa Weber pela atitude, pela coer\u00eancia, pelo bom senso e pela obedi\u00eancia \u00e0 lei que expressou para determinar que o Minist\u00e9rio da Sa\u00fade pague imediatamente os leitos de UTI\u201d, ressaltou Doria.<\/p>\n","protected":false},"excerpt":{"rendered":"<p>Valores ser\u00e3o enviados pelo Minist\u00e9rio da Sa\u00fade, recursos ajudar\u00e3o a custear mais de 5 mil leitos O governo Estadual informou nesta segunda-feira (1) que o S\u00e3o<span class=\"excerpt-hellip\"> [\u2026]<\/span><\/p>\n","protected":false},"author":4,"featured_media":14660,"comment_status":"open","ping_status":"open","sticky":false,"template":"","format":"standard","meta":{"_jetpack_memberships_contains_paid_content":false,"footnotes":"","jetpack_publicize_message":"","jetpack_publicize_feature_enabled":true,"jetpack_social_post_already_shared":false,"jetpack_social_options":{"image_generator_settings":{"template":"highway","default_image_id":0,"enabled":false},"version":2}},"categories":[28,44],"tags":[],"class_list":["post-14651","post","type-post","status-publish","format-standard","has-post-thumbnail","hentry","category-cotidiano","category-noticias"],"yoast_head":"<!-- This site is optimized with the Yoast SEO plugin v25.6 - https:\/\/yoast.com\/wordpress\/plugins\/seo\/ -->\n<title>SP deve receber R$ 245 milh\u00f5es mensais para o custeio de leitos - VerdadeOn<\/title>\n<meta name=\"robots\" content=\"index, follow, max-snippet:-1, max-image-preview:large, max-video-preview:-1\" \/>\n<link rel=\"canonical\" href=\"https:\/\/verdadeon.com.br\/portal\/2021\/03\/01\/sp-deve-receber-r-245-milhoes-mensais-para-o-custeio-de-leitos\/\" \/>\n<meta property=\"og:locale\" content=\"pt_BR\" \/>\n<meta property=\"og:type\" content=\"article\" \/>\n<meta property=\"og:title\" content=\"SP deve receber R$ 245 milh\u00f5es mensais para o custeio de leitos - VerdadeOn\" \/>\n<meta property=\"og:description\" content=\"Valores ser\u00e3o enviados pelo Minist\u00e9rio da Sa\u00fade, recursos ajudar\u00e3o a custear mais de 5 mil leitos O governo Estadual informou nesta segunda-feira (1) que o S\u00e3o [\u2026]\" \/>\n<meta property=\"og:url\" content=\"https:\/\/verdadeon.com.br\/portal\/2021\/03\/01\/sp-deve-receber-r-245-milhoes-mensais-para-o-custeio-de-leitos\/\" \/>\n<meta property=\"og:site_name\" content=\"VerdadeOn\" \/>\n<meta property=\"article:published_time\" content=\"2021-03-01T19:57:00+00:00\" \/>\n<meta property=\"og:image\" content=\"https:\/\/verdadeon.com.br\/portal\/wp-content\/uploads\/2021\/03\/WhatsApp-Image-2021-03-01-at-16.55.42.jpeg\" \/>\n\t<meta property=\"og:image:width\" content=\"1000\" \/>\n\t<meta property=\"og:image:height\" content=\"670\" \/>\n\t<meta property=\"og:image:type\" content=\"image\/jpeg\" \/>\n<meta name=\"author\" content=\"Fernando Calixto\" \/>\n<meta name=\"twitter:card\" content=\"summary_large_image\" \/>\n<meta name=\"twitter:label1\" content=\"Escrito por\" \/>\n\t<meta name=\"twitter:data1\" content=\"Fernando Calixto\" \/>\n\t<meta name=\"twitter:label2\" content=\"Est. tempo de leitura\" \/>\n\t<meta name=\"twitter:data2\" content=\"2 minutos\" \/>\n<script type=\"application\/ld+json\" class=\"yoast-schema-graph\">{\"@context\":\"https:\/\/schema.org\",\"@graph\":[{\"@type\":\"WebPage\",\"@id\":\"https:\/\/verdadeon.com.br\/portal\/2021\/03\/01\/sp-deve-receber-r-245-milhoes-mensais-para-o-custeio-de-leitos\/\",\"url\":\"https:\/\/verdadeon.com.br\/portal\/2021\/03\/01\/sp-deve-receber-r-245-milhoes-mensais-para-o-custeio-de-leitos\/\",\"name\":\"SP deve receber R$ 245 milh\u00f5es mensais para o custeio de leitos - VerdadeOn\",\"isPartOf\":{\"@id\":\"https:\/\/verdadeon.com.br\/portal\/#website\"},\"primaryImageOfPage\":{\"@id\":\"https:\/\/verdadeon.com.br\/portal\/2021\/03\/01\/sp-deve-receber-r-245-milhoes-mensais-para-o-custeio-de-leitos\/#primaryimage\"},\"image\":{\"@id\":\"https:\/\/verdadeon.com.br\/portal\/2021\/03\/01\/sp-deve-receber-r-245-milhoes-mensais-para-o-custeio-de-leitos\/#primaryimage\"},\"thumbnailUrl\":\"https:\/\/i0.wp.com\/verdadeon.com.br\/portal\/wp-content\/uploads\/2021\/03\/WhatsApp-Image-2021-03-01-at-16.55.42.jpeg?fit=1000%2C670&ssl=1\",\"datePublished\":\"2021-03-01T19:57:00+00:00\",\"author\":{\"@id\":\"https:\/\/verdadeon.com.br\/portal\/#\/schema\/person\/8994718f49ee62ba5610471e29ca1f62\"},\"breadcrumb\":{\"@id\":\"https:\/\/verdadeon.com.br\/portal\/2021\/03\/01\/sp-deve-receber-r-245-milhoes-mensais-para-o-custeio-de-leitos\/#breadcrumb\"},\"inLanguage\":\"pt-BR\",\"potentialAction\":[{\"@type\":\"ReadAction\",\"target\":[\"https:\/\/verdadeon.com.br\/portal\/2021\/03\/01\/sp-deve-receber-r-245-milhoes-mensais-para-o-custeio-de-leitos\/\"]}]},{\"@type\":\"ImageObject\",\"inLanguage\":\"pt-BR\",\"@id\":\"https:\/\/verdadeon.com.br\/portal\/2021\/03\/01\/sp-deve-receber-r-245-milhoes-mensais-para-o-custeio-de-leitos\/#primaryimage\",\"url\":\"https:\/\/i0.wp.com\/verdadeon.com.br\/portal\/wp-content\/uploads\/2021\/03\/WhatsApp-Image-2021-03-01-at-16.55.42.jpeg?fit=1000%2C670&ssl=1\",\"contentUrl\":\"https:\/\/i0.wp.com\/verdadeon.com.br\/portal\/wp-content\/uploads\/2021\/03\/WhatsApp-Image-2021-03-01-at-16.55.42.jpeg?fit=1000%2C670&ssl=1\",\"width\":1000,\"height\":670,\"caption\":\"Anuncio foi feito durante coletiva de imprensa na capital do Estado | Divulga\u00e7\u00e3o\"},{\"@type\":\"BreadcrumbList\",\"@id\":\"https:\/\/verdadeon.com.br\/portal\/2021\/03\/01\/sp-deve-receber-r-245-milhoes-mensais-para-o-custeio-de-leitos\/#breadcrumb\",\"itemListElement\":[{\"@type\":\"ListItem\",\"position\":1,\"name\":\"In\u00edcio\",\"item\":\"https:\/\/verdadeon.com.br\/portal\/\"},{\"@type\":\"ListItem\",\"position\":2,\"name\":\"SP deve receber R$ 245 milh\u00f5es mensais para o custeio de leitos\"}]},{\"@type\":\"WebSite\",\"@id\":\"https:\/\/verdadeon.com.br\/portal\/#website\",\"url\":\"https:\/\/verdadeon.com.br\/portal\/\",\"name\":\"VerdadeOn\",\"description\":\"Not\u00edcias di\u00e1rias sobre Franca, Regi\u00e3o, Esporte, Cultura, Cotidiano, Colunas. Cobertura nos principais eventos da cidade \u00e9 aqui - Verdadeon Franca\",\"potentialAction\":[{\"@type\":\"SearchAction\",\"target\":{\"@type\":\"EntryPoint\",\"urlTemplate\":\"https:\/\/verdadeon.com.br\/portal\/?s={search_term_string}\"},\"query-input\":{\"@type\":\"PropertyValueSpecification\",\"valueRequired\":true,\"valueName\":\"search_term_string\"}}],\"inLanguage\":\"pt-BR\"},{\"@type\":\"Person\",\"@id\":\"https:\/\/verdadeon.com.br\/portal\/#\/schema\/person\/8994718f49ee62ba5610471e29ca1f62\",\"name\":\"Fernando Calixto\",\"image\":{\"@type\":\"ImageObject\",\"inLanguage\":\"pt-BR\",\"@id\":\"https:\/\/verdadeon.com.br\/portal\/#\/schema\/person\/image\/\",\"url\":\"https:\/\/secure.gravatar.com\/avatar\/7578910c24966c0316c340f9dbd601e93ee9f9212e1033968b367af9306bd9fb?s=96&d=mm&r=g\",\"contentUrl\":\"https:\/\/secure.gravatar.com\/avatar\/7578910c24966c0316c340f9dbd601e93ee9f9212e1033968b367af9306bd9fb?s=96&d=mm&r=g\",\"caption\":\"Fernando Calixto\"},\"url\":\"https:\/\/verdadeon.com.br\/portal\/author\/fernando-calixto\/\"}]}<\/script>\n<!-- \/ Yoast SEO plugin. -->","yoast_head_json":{"title":"SP deve receber R$ 245 milh\u00f5es mensais para o custeio de leitos - VerdadeOn","robots":{"index":"index","follow":"follow","max-snippet":"max-snippet:-1","max-image-preview":"max-image-preview:large","max-video-preview":"max-video-preview:-1"},"canonical":"https:\/\/verdadeon.com.br\/portal\/2021\/03\/01\/sp-deve-receber-r-245-milhoes-mensais-para-o-custeio-de-leitos\/","og_locale":"pt_BR","og_type":"article","og_title":"SP deve receber R$ 245 milh\u00f5es mensais para o custeio de leitos - VerdadeOn","og_description":"Valores ser\u00e3o enviados pelo Minist\u00e9rio da Sa\u00fade, recursos ajudar\u00e3o a custear mais de 5 mil leitos O governo Estadual informou nesta segunda-feira (1) que o S\u00e3o [\u2026]","og_url":"https:\/\/verdadeon.com.br\/portal\/2021\/03\/01\/sp-deve-receber-r-245-milhoes-mensais-para-o-custeio-de-leitos\/","og_site_name":"VerdadeOn","article_published_time":"2021-03-01T19:57:00+00:00","og_image":[{"width":1000,"height":670,"url":"https:\/\/verdadeon.com.br\/portal\/wp-content\/uploads\/2021\/03\/WhatsApp-Image-2021-03-01-at-16.55.42.jpeg","type":"image\/jpeg"}],"author":"Fernando Calixto","twitter_card":"summary_large_image","twitter_misc":{"Escrito por":"Fernando Calixto","Est. tempo de leitura":"2 minutos"},"schema":{"@context":"https:\/\/schema.org","@graph":[{"@type":"WebPage","@id":"https:\/\/verdadeon.com.br\/portal\/2021\/03\/01\/sp-deve-receber-r-245-milhoes-mensais-para-o-custeio-de-leitos\/","url":"https:\/\/verdadeon.com.br\/portal\/2021\/03\/01\/sp-deve-receber-r-245-milhoes-mensais-para-o-custeio-de-leitos\/","name":"SP deve receber R$ 245 milh\u00f5es mensais para o custeio de leitos - VerdadeOn","isPartOf":{"@id":"https:\/\/verdadeon.com.br\/portal\/#website"},"primaryImageOfPage":{"@id":"https:\/\/verdadeon.com.br\/portal\/2021\/03\/01\/sp-deve-receber-r-245-milhoes-mensais-para-o-custeio-de-leitos\/#primaryimage"},"image":{"@id":"https:\/\/verdadeon.com.br\/portal\/2021\/03\/01\/sp-deve-receber-r-245-milhoes-mensais-para-o-custeio-de-leitos\/#primaryimage"},"thumbnailUrl":"https:\/\/i0.wp.com\/verdadeon.com.br\/portal\/wp-content\/uploads\/2021\/03\/WhatsApp-Image-2021-03-01-at-16.55.42.jpeg?fit=1000%2C670&ssl=1","datePublished":"2021-03-01T19:57:00+00:00","author":{"@id":"https:\/\/verdadeon.com.br\/portal\/#\/schema\/person\/8994718f49ee62ba5610471e29ca1f62"},"breadcrumb":{"@id":"https:\/\/verdadeon.com.br\/portal\/2021\/03\/01\/sp-deve-receber-r-245-milhoes-mensais-para-o-custeio-de-leitos\/#breadcrumb"},"inLanguage":"pt-BR","potentialAction":[{"@type":"ReadAction","target":["https:\/\/verdadeon.com.br\/portal\/2021\/03\/01\/sp-deve-receber-r-245-milhoes-mensais-para-o-custeio-de-leitos\/"]}]},{"@type":"ImageObject","inLanguage":"pt-BR","@id":"https:\/\/verdadeon.com.br\/portal\/2021\/03\/01\/sp-deve-receber-r-245-milhoes-mensais-para-o-custeio-de-leitos\/#primaryimage","url":"https:\/\/i0.wp.com\/verdadeon.com.br\/portal\/wp-content\/uploads\/2021\/03\/WhatsApp-Image-2021-03-01-at-16.55.42.jpeg?fit=1000%2C670&ssl=1","contentUrl":"https:\/\/i0.wp.com\/verdadeon.com.br\/portal\/wp-content\/uploads\/2021\/03\/WhatsApp-Image-2021-03-01-at-16.55.42.jpeg?fit=1000%2C670&ssl=1","width":1000,"height":670,"caption":"Anuncio foi feito durante coletiva de imprensa na capital do Estado | Divulga\u00e7\u00e3o"},{"@type":"BreadcrumbList","@id":"https:\/\/verdadeon.com.br\/portal\/2021\/03\/01\/sp-deve-receber-r-245-milhoes-mensais-para-o-custeio-de-leitos\/#breadcrumb","itemListElement":[{"@type":"ListItem","position":1,"name":"In\u00edcio","item":"https:\/\/verdadeon.com.br\/portal\/"},{"@type":"ListItem","position":2,"name":"SP deve receber R$ 245 milh\u00f5es mensais para o custeio de leitos"}]},{"@type":"WebSite","@id":"https:\/\/verdadeon.com.br\/portal\/#website","url":"https:\/\/verdadeon.com.br\/portal\/","name":"VerdadeOn","description":"Not\u00edcias di\u00e1rias sobre Franca, Regi\u00e3o, Esporte, Cultura, Cotidiano, Colunas. Cobertura nos principais eventos da cidade \u00e9 aqui - Verdadeon Franca","potentialAction":[{"@type":"SearchAction","target":{"@type":"EntryPoint","urlTemplate":"https:\/\/verdadeon.com.br\/portal\/?s={search_term_string}"},"query-input":{"@type":"PropertyValueSpecification","valueRequired":true,"valueName":"search_term_string"}}],"inLanguage":"pt-BR"},{"@type":"Person","@id":"https:\/\/verdadeon.com.br\/portal\/#\/schema\/person\/8994718f49ee62ba5610471e29ca1f62","name":"Fernando Calixto","image":{"@type":"ImageObject","inLanguage":"pt-BR","@id":"https:\/\/verdadeon.com.br\/portal\/#\/schema\/person\/image\/","url":"https:\/\/secure.gravatar.com\/avatar\/7578910c24966c0316c340f9dbd601e93ee9f9212e1033968b367af9306bd9fb?s=96&d=mm&r=g","contentUrl":"https:\/\/secure.gravatar.com\/avatar\/7578910c24966c0316c340f9dbd601e93ee9f9212e1033968b367af9306bd9fb?s=96&d=mm&r=g","caption":"Fernando Calixto"},"url":"https:\/\/verdadeon.com.br\/portal\/author\/fernando-calixto\/"}]}},"jetpack_publicize_connections":[],"jetpack_featured_media_url":"https:\/\/i0.wp.com\/verdadeon.com.br\/portal\/wp-content\/uploads\/2021\/03\/WhatsApp-Image-2021-03-01-at-16.55.42.jpeg?fit=1000%2C670&ssl=1","jetpack_sharing_enabled":true,"_links":{"self":[{"href":"https:\/\/verdadeon.com.br\/portal\/wp-json\/wp\/v2\/posts\/14651","targetHints":{"allow":["GET"]}}],"collection":[{"href":"https:\/\/verdadeon.com.br\/portal\/wp-json\/wp\/v2\/posts"}],"about":[{"href":"https:\/\/verdadeon.com.br\/portal\/wp-json\/wp\/v2\/types\/post"}],"author":[{"embeddable":true,"href":"https:\/\/verdadeon.com.br\/portal\/wp-json\/wp\/v2\/users\/4"}],"replies":[{"embeddable":true,"href":"https:\/\/verdadeon.com.br\/portal\/wp-json\/wp\/v2\/comments?post=14651"}],"version-history":[{"count":0,"href":"https:\/\/verdadeon.com.br\/portal\/wp-json\/wp\/v2\/posts\/14651\/revisions"}],"wp:featuredmedia":[{"embeddable":true,"href":"https:\/\/verdadeon.com.br\/portal\/wp-json\/wp\/v2\/media\/14660"}],"wp:attachment":[{"href":"https:\/\/verdadeon.com.br\/portal\/wp-json\/wp\/v2\/media?parent=14651"}],"wp:term":[{"taxonomy":"category","embeddable":true,"href":"https:\/\/verdadeon.com.br\/portal\/wp-json\/wp\/v2\/categories?post=14651"},{"taxonomy":"post_tag","embeddable":true,"href":"https:\/\/verdadeon.com.br\/portal\/wp-json\/wp\/v2\/tags?post=14651"}],"curies":[{"name":"wp","href":"https:\/\/api.w.org\/{rel}","templated":true}]}}