{"id":14648,"date":"2021-03-01T15:41:07","date_gmt":"2021-03-01T18:41:07","guid":{"rendered":"https:\/\/verdadeon.com.br\/portal\/?p=14648"},"modified":"2021-03-01T15:41:07","modified_gmt":"2021-03-01T18:41:07","slug":"franca-precisa-de-mais-de-1-300-doses-para-vacinar-idosos-acima-de-80-anos","status":"publish","type":"post","link":"https:\/\/verdadeon.com.br\/portal\/2021\/03\/01\/franca-precisa-de-mais-de-1-300-doses-para-vacinar-idosos-acima-de-80-anos\/","title":{"rendered":"Franca precisa de mais de 1.300 doses para vacinar idosos acima de 80 anos"},"content":{"rendered":"<h2>No \u00faltimo s\u00e1bado procura foi grande durante todo o dia, mais de 3 mil doses foram aplicadas em quest\u00e3o de horas<\/h2>\n<p>Mais 1.369 doses da vacina contra o coronav\u00edrus, essa \u00e9 a quantidade que Franca precisa para contemplar a totalidade os idosos acima de 80 anos. Segundo o secret\u00e1rio de Sa\u00fade, Lucas Souza, o munic\u00edpio possui 8.028 idosos com mais de 80, destes 6.659 j\u00e1 receberam a primeira dose contra a Covid-19.<br \/>\n\u201c\u00c9 preocupante sim, n\u00f3s j\u00e1 oficiamos o Estado a respeito disso, agora estamos no aguardo da chegada de mais vacinas. Somente ap\u00f3s essa chegada \u00e9 que teremos ideia dos pr\u00f3ximos passos que vamos dar em rela\u00e7\u00e3o a imuniza\u00e7\u00e3o\u201d, explicou Lucas.<br \/>\nAinda de acordo com ele, na semana passada Franca recebeu 3.310 doses da vacina de Oxford\/Astrazeneca, produzidas pela Fio Cruz. No cronograma inicial, os idosos acima de 80 seriam imunizados a partir desta segunda-feira (1), por\u00e9m a Prefeitura decidiu adiantar a vacina\u00e7\u00e3o para o s\u00e1bado (27).<br \/>\n\u201cFoi muito grande a procura, tanto nas Unidades B\u00e1sicas de Sa\u00fade, quanto no drive trhu no poliesportivo. Sobraram 200, mas que ficar\u00e3o para os idosos acamados\u201d, explicou.<br \/>\nO secret\u00e1rio disse ainda que faz um balan\u00e7o positivo da procura dos idosos pela vacina, isso mostra que existe a confian\u00e7a no imunizante. \u201c\u00c9 muito positivo sim, as pessoas est\u00e3o confiando na vacina, tanto que elas s\u00e3o aplicadas rapidamente. Essa falta de cronograma atrapalha. N\u00f3s estamos com nossa estrutura montada para vacinar, profissionais preparados, mas n\u00e3o temos a seguran\u00e7a de quantas vacinas vir\u00e3o e nem quando vir\u00e3o\u201d, explicou Souza.<\/p>\n","protected":false},"excerpt":{"rendered":"<p>No \u00faltimo s\u00e1bado procura foi grande durante todo o dia, mais de 3 mil doses foram aplicadas em quest\u00e3o de horas Mais 1.369 doses da vacina<span class=\"excerpt-hellip\"> [\u2026]<\/span><\/p>\n","protected":false},"author":4,"featured_media":14654,"comment_status":"open","ping_status":"open","sticky":false,"template":"","format":"standard","meta":{"_jetpack_memberships_contains_paid_content":false,"footnotes":"","jetpack_publicize_message":"","jetpack_publicize_feature_enabled":true,"jetpack_social_post_already_shared":false,"jetpack_social_options":{"image_generator_settings":{"template":"highway","default_image_id":0,"enabled":false},"version":2}},"categories":[28,81],"tags":[],"class_list":["post-14648","post","type-post","status-publish","format-standard","has-post-thumbnail","hentry","category-cotidiano","category-manchete"],"yoast_head":"<!-- This site is optimized with the Yoast SEO plugin v25.6 - https:\/\/yoast.com\/wordpress\/plugins\/seo\/ -->\n<title>Franca precisa de mais de 1.300 doses para vacinar idosos acima de 80 anos - VerdadeOn<\/title>\n<meta name=\"robots\" content=\"index, follow, max-snippet:-1, max-image-preview:large, max-video-preview:-1\" \/>\n<link rel=\"canonical\" href=\"https:\/\/verdadeon.com.br\/portal\/2021\/03\/01\/franca-precisa-de-mais-de-1-300-doses-para-vacinar-idosos-acima-de-80-anos\/\" \/>\n<meta property=\"og:locale\" content=\"pt_BR\" \/>\n<meta property=\"og:type\" content=\"article\" \/>\n<meta property=\"og:title\" content=\"Franca precisa de mais de 1.300 doses para vacinar idosos acima de 80 anos - VerdadeOn\" \/>\n<meta property=\"og:description\" content=\"No \u00faltimo s\u00e1bado procura foi grande durante todo o dia, mais de 3 mil doses foram aplicadas em quest\u00e3o de horas Mais 1.369 doses da vacina [\u2026]\" \/>\n<meta property=\"og:url\" content=\"https:\/\/verdadeon.com.br\/portal\/2021\/03\/01\/franca-precisa-de-mais-de-1-300-doses-para-vacinar-idosos-acima-de-80-anos\/\" \/>\n<meta property=\"og:site_name\" content=\"VerdadeOn\" \/>\n<meta property=\"article:published_time\" content=\"2021-03-01T18:41:07+00:00\" \/>\n<meta property=\"og:image\" content=\"https:\/\/verdadeon.com.br\/portal\/wp-content\/uploads\/2021\/03\/WhatsApp-Image-2021-03-01-at-14.57.00.jpeg\" \/>\n\t<meta property=\"og:image:width\" content=\"1000\" \/>\n\t<meta property=\"og:image:height\" content=\"670\" \/>\n\t<meta property=\"og:image:type\" content=\"image\/jpeg\" \/>\n<meta name=\"author\" content=\"Fernando Calixto\" \/>\n<meta name=\"twitter:card\" content=\"summary_large_image\" \/>\n<meta name=\"twitter:label1\" content=\"Escrito por\" \/>\n\t<meta name=\"twitter:data1\" content=\"Fernando Calixto\" \/>\n\t<meta name=\"twitter:label2\" content=\"Est. tempo de leitura\" \/>\n\t<meta name=\"twitter:data2\" content=\"2 minutos\" \/>\n<script type=\"application\/ld+json\" class=\"yoast-schema-graph\">{\"@context\":\"https:\/\/schema.org\",\"@graph\":[{\"@type\":\"WebPage\",\"@id\":\"https:\/\/verdadeon.com.br\/portal\/2021\/03\/01\/franca-precisa-de-mais-de-1-300-doses-para-vacinar-idosos-acima-de-80-anos\/\",\"url\":\"https:\/\/verdadeon.com.br\/portal\/2021\/03\/01\/franca-precisa-de-mais-de-1-300-doses-para-vacinar-idosos-acima-de-80-anos\/\",\"name\":\"Franca precisa de mais de 1.300 doses para vacinar idosos acima de 80 anos - VerdadeOn\",\"isPartOf\":{\"@id\":\"https:\/\/verdadeon.com.br\/portal\/#website\"},\"primaryImageOfPage\":{\"@id\":\"https:\/\/verdadeon.com.br\/portal\/2021\/03\/01\/franca-precisa-de-mais-de-1-300-doses-para-vacinar-idosos-acima-de-80-anos\/#primaryimage\"},\"image\":{\"@id\":\"https:\/\/verdadeon.com.br\/portal\/2021\/03\/01\/franca-precisa-de-mais-de-1-300-doses-para-vacinar-idosos-acima-de-80-anos\/#primaryimage\"},\"thumbnailUrl\":\"https:\/\/i0.wp.com\/verdadeon.com.br\/portal\/wp-content\/uploads\/2021\/03\/WhatsApp-Image-2021-03-01-at-14.57.00.jpeg?fit=1000%2C670&ssl=1\",\"datePublished\":\"2021-03-01T18:41:07+00:00\",\"author\":{\"@id\":\"https:\/\/verdadeon.com.br\/portal\/#\/schema\/person\/8994718f49ee62ba5610471e29ca1f62\"},\"breadcrumb\":{\"@id\":\"https:\/\/verdadeon.com.br\/portal\/2021\/03\/01\/franca-precisa-de-mais-de-1-300-doses-para-vacinar-idosos-acima-de-80-anos\/#breadcrumb\"},\"inLanguage\":\"pt-BR\",\"potentialAction\":[{\"@type\":\"ReadAction\",\"target\":[\"https:\/\/verdadeon.com.br\/portal\/2021\/03\/01\/franca-precisa-de-mais-de-1-300-doses-para-vacinar-idosos-acima-de-80-anos\/\"]}]},{\"@type\":\"ImageObject\",\"inLanguage\":\"pt-BR\",\"@id\":\"https:\/\/verdadeon.com.br\/portal\/2021\/03\/01\/franca-precisa-de-mais-de-1-300-doses-para-vacinar-idosos-acima-de-80-anos\/#primaryimage\",\"url\":\"https:\/\/i0.wp.com\/verdadeon.com.br\/portal\/wp-content\/uploads\/2021\/03\/WhatsApp-Image-2021-03-01-at-14.57.00.jpeg?fit=1000%2C670&ssl=1\",\"contentUrl\":\"https:\/\/i0.wp.com\/verdadeon.com.br\/portal\/wp-content\/uploads\/2021\/03\/WhatsApp-Image-2021-03-01-at-14.57.00.jpeg?fit=1000%2C670&ssl=1\",\"width\":1000,\"height\":670,\"caption\":\"Ainda n\u00e3o existe previs\u00e3o para que vacina\u00e7\u00e3o seja retomada em Franca | Foto: Divulga\u00e7\u00e3o\"},{\"@type\":\"BreadcrumbList\",\"@id\":\"https:\/\/verdadeon.com.br\/portal\/2021\/03\/01\/franca-precisa-de-mais-de-1-300-doses-para-vacinar-idosos-acima-de-80-anos\/#breadcrumb\",\"itemListElement\":[{\"@type\":\"ListItem\",\"position\":1,\"name\":\"In\u00edcio\",\"item\":\"https:\/\/verdadeon.com.br\/portal\/\"},{\"@type\":\"ListItem\",\"position\":2,\"name\":\"Franca precisa de mais de 1.300 doses para vacinar idosos acima de 80 anos\"}]},{\"@type\":\"WebSite\",\"@id\":\"https:\/\/verdadeon.com.br\/portal\/#website\",\"url\":\"https:\/\/verdadeon.com.br\/portal\/\",\"name\":\"VerdadeOn\",\"description\":\"Not\u00edcias di\u00e1rias sobre Franca, Regi\u00e3o, Esporte, Cultura, Cotidiano, Colunas. Cobertura nos principais eventos da cidade \u00e9 aqui - Verdadeon Franca\",\"potentialAction\":[{\"@type\":\"SearchAction\",\"target\":{\"@type\":\"EntryPoint\",\"urlTemplate\":\"https:\/\/verdadeon.com.br\/portal\/?s={search_term_string}\"},\"query-input\":{\"@type\":\"PropertyValueSpecification\",\"valueRequired\":true,\"valueName\":\"search_term_string\"}}],\"inLanguage\":\"pt-BR\"},{\"@type\":\"Person\",\"@id\":\"https:\/\/verdadeon.com.br\/portal\/#\/schema\/person\/8994718f49ee62ba5610471e29ca1f62\",\"name\":\"Fernando Calixto\",\"image\":{\"@type\":\"ImageObject\",\"inLanguage\":\"pt-BR\",\"@id\":\"https:\/\/verdadeon.com.br\/portal\/#\/schema\/person\/image\/\",\"url\":\"https:\/\/secure.gravatar.com\/avatar\/7578910c24966c0316c340f9dbd601e93ee9f9212e1033968b367af9306bd9fb?s=96&d=mm&r=g\",\"contentUrl\":\"https:\/\/secure.gravatar.com\/avatar\/7578910c24966c0316c340f9dbd601e93ee9f9212e1033968b367af9306bd9fb?s=96&d=mm&r=g\",\"caption\":\"Fernando Calixto\"},\"url\":\"https:\/\/verdadeon.com.br\/portal\/author\/fernando-calixto\/\"}]}<\/script>\n<!-- \/ Yoast SEO plugin. -->","yoast_head_json":{"title":"Franca precisa de mais de 1.300 doses para vacinar idosos acima de 80 anos - VerdadeOn","robots":{"index":"index","follow":"follow","max-snippet":"max-snippet:-1","max-image-preview":"max-image-preview:large","max-video-preview":"max-video-preview:-1"},"canonical":"https:\/\/verdadeon.com.br\/portal\/2021\/03\/01\/franca-precisa-de-mais-de-1-300-doses-para-vacinar-idosos-acima-de-80-anos\/","og_locale":"pt_BR","og_type":"article","og_title":"Franca precisa de mais de 1.300 doses para vacinar idosos acima de 80 anos - VerdadeOn","og_description":"No \u00faltimo s\u00e1bado procura foi grande durante todo o dia, mais de 3 mil doses foram aplicadas em quest\u00e3o de horas Mais 1.369 doses da vacina [\u2026]","og_url":"https:\/\/verdadeon.com.br\/portal\/2021\/03\/01\/franca-precisa-de-mais-de-1-300-doses-para-vacinar-idosos-acima-de-80-anos\/","og_site_name":"VerdadeOn","article_published_time":"2021-03-01T18:41:07+00:00","og_image":[{"width":1000,"height":670,"url":"https:\/\/verdadeon.com.br\/portal\/wp-content\/uploads\/2021\/03\/WhatsApp-Image-2021-03-01-at-14.57.00.jpeg","type":"image\/jpeg"}],"author":"Fernando Calixto","twitter_card":"summary_large_image","twitter_misc":{"Escrito por":"Fernando Calixto","Est. tempo de leitura":"2 minutos"},"schema":{"@context":"https:\/\/schema.org","@graph":[{"@type":"WebPage","@id":"https:\/\/verdadeon.com.br\/portal\/2021\/03\/01\/franca-precisa-de-mais-de-1-300-doses-para-vacinar-idosos-acima-de-80-anos\/","url":"https:\/\/verdadeon.com.br\/portal\/2021\/03\/01\/franca-precisa-de-mais-de-1-300-doses-para-vacinar-idosos-acima-de-80-anos\/","name":"Franca precisa de mais de 1.300 doses para vacinar idosos acima de 80 anos - VerdadeOn","isPartOf":{"@id":"https:\/\/verdadeon.com.br\/portal\/#website"},"primaryImageOfPage":{"@id":"https:\/\/verdadeon.com.br\/portal\/2021\/03\/01\/franca-precisa-de-mais-de-1-300-doses-para-vacinar-idosos-acima-de-80-anos\/#primaryimage"},"image":{"@id":"https:\/\/verdadeon.com.br\/portal\/2021\/03\/01\/franca-precisa-de-mais-de-1-300-doses-para-vacinar-idosos-acima-de-80-anos\/#primaryimage"},"thumbnailUrl":"https:\/\/i0.wp.com\/verdadeon.com.br\/portal\/wp-content\/uploads\/2021\/03\/WhatsApp-Image-2021-03-01-at-14.57.00.jpeg?fit=1000%2C670&ssl=1","datePublished":"2021-03-01T18:41:07+00:00","author":{"@id":"https:\/\/verdadeon.com.br\/portal\/#\/schema\/person\/8994718f49ee62ba5610471e29ca1f62"},"breadcrumb":{"@id":"https:\/\/verdadeon.com.br\/portal\/2021\/03\/01\/franca-precisa-de-mais-de-1-300-doses-para-vacinar-idosos-acima-de-80-anos\/#breadcrumb"},"inLanguage":"pt-BR","potentialAction":[{"@type":"ReadAction","target":["https:\/\/verdadeon.com.br\/portal\/2021\/03\/01\/franca-precisa-de-mais-de-1-300-doses-para-vacinar-idosos-acima-de-80-anos\/"]}]},{"@type":"ImageObject","inLanguage":"pt-BR","@id":"https:\/\/verdadeon.com.br\/portal\/2021\/03\/01\/franca-precisa-de-mais-de-1-300-doses-para-vacinar-idosos-acima-de-80-anos\/#primaryimage","url":"https:\/\/i0.wp.com\/verdadeon.com.br\/portal\/wp-content\/uploads\/2021\/03\/WhatsApp-Image-2021-03-01-at-14.57.00.jpeg?fit=1000%2C670&ssl=1","contentUrl":"https:\/\/i0.wp.com\/verdadeon.com.br\/portal\/wp-content\/uploads\/2021\/03\/WhatsApp-Image-2021-03-01-at-14.57.00.jpeg?fit=1000%2C670&ssl=1","width":1000,"height":670,"caption":"Ainda n\u00e3o existe previs\u00e3o para que vacina\u00e7\u00e3o seja retomada em Franca | Foto: Divulga\u00e7\u00e3o"},{"@type":"BreadcrumbList","@id":"https:\/\/verdadeon.com.br\/portal\/2021\/03\/01\/franca-precisa-de-mais-de-1-300-doses-para-vacinar-idosos-acima-de-80-anos\/#breadcrumb","itemListElement":[{"@type":"ListItem","position":1,"name":"In\u00edcio","item":"https:\/\/verdadeon.com.br\/portal\/"},{"@type":"ListItem","position":2,"name":"Franca precisa de mais de 1.300 doses para vacinar idosos acima de 80 anos"}]},{"@type":"WebSite","@id":"https:\/\/verdadeon.com.br\/portal\/#website","url":"https:\/\/verdadeon.com.br\/portal\/","name":"VerdadeOn","description":"Not\u00edcias di\u00e1rias sobre Franca, Regi\u00e3o, Esporte, Cultura, Cotidiano, Colunas. Cobertura nos principais eventos da cidade \u00e9 aqui - Verdadeon Franca","potentialAction":[{"@type":"SearchAction","target":{"@type":"EntryPoint","urlTemplate":"https:\/\/verdadeon.com.br\/portal\/?s={search_term_string}"},"query-input":{"@type":"PropertyValueSpecification","valueRequired":true,"valueName":"search_term_string"}}],"inLanguage":"pt-BR"},{"@type":"Person","@id":"https:\/\/verdadeon.com.br\/portal\/#\/schema\/person\/8994718f49ee62ba5610471e29ca1f62","name":"Fernando Calixto","image":{"@type":"ImageObject","inLanguage":"pt-BR","@id":"https:\/\/verdadeon.com.br\/portal\/#\/schema\/person\/image\/","url":"https:\/\/secure.gravatar.com\/avatar\/7578910c24966c0316c340f9dbd601e93ee9f9212e1033968b367af9306bd9fb?s=96&d=mm&r=g","contentUrl":"https:\/\/secure.gravatar.com\/avatar\/7578910c24966c0316c340f9dbd601e93ee9f9212e1033968b367af9306bd9fb?s=96&d=mm&r=g","caption":"Fernando Calixto"},"url":"https:\/\/verdadeon.com.br\/portal\/author\/fernando-calixto\/"}]}},"jetpack_publicize_connections":[],"jetpack_featured_media_url":"https:\/\/i0.wp.com\/verdadeon.com.br\/portal\/wp-content\/uploads\/2021\/03\/WhatsApp-Image-2021-03-01-at-14.57.00.jpeg?fit=1000%2C670&ssl=1","jetpack_sharing_enabled":true,"_links":{"self":[{"href":"https:\/\/verdadeon.com.br\/portal\/wp-json\/wp\/v2\/posts\/14648","targetHints":{"allow":["GET"]}}],"collection":[{"href":"https:\/\/verdadeon.com.br\/portal\/wp-json\/wp\/v2\/posts"}],"about":[{"href":"https:\/\/verdadeon.com.br\/portal\/wp-json\/wp\/v2\/types\/post"}],"author":[{"embeddable":true,"href":"https:\/\/verdadeon.com.br\/portal\/wp-json\/wp\/v2\/users\/4"}],"replies":[{"embeddable":true,"href":"https:\/\/verdadeon.com.br\/portal\/wp-json\/wp\/v2\/comments?post=14648"}],"version-history":[{"count":0,"href":"https:\/\/verdadeon.com.br\/portal\/wp-json\/wp\/v2\/posts\/14648\/revisions"}],"wp:featuredmedia":[{"embeddable":true,"href":"https:\/\/verdadeon.com.br\/portal\/wp-json\/wp\/v2\/media\/14654"}],"wp:attachment":[{"href":"https:\/\/verdadeon.com.br\/portal\/wp-json\/wp\/v2\/media?parent=14648"}],"wp:term":[{"taxonomy":"category","embeddable":true,"href":"https:\/\/verdadeon.com.br\/portal\/wp-json\/wp\/v2\/categories?post=14648"},{"taxonomy":"post_tag","embeddable":true,"href":"https:\/\/verdadeon.com.br\/portal\/wp-json\/wp\/v2\/tags?post=14648"}],"curies":[{"name":"wp","href":"https:\/\/api.w.org\/{rel}","templated":true}]}}