{"id":14552,"date":"2021-02-27T13:06:23","date_gmt":"2021-02-27T16:06:23","guid":{"rendered":"https:\/\/verdadeon.com.br\/portal\/?p=14552"},"modified":"2021-02-27T13:06:23","modified_gmt":"2021-02-27T16:06:23","slug":"renda-franca-sera-votado-na-proxima-sessao-da-camara-municipal","status":"publish","type":"post","link":"https:\/\/verdadeon.com.br\/portal\/2021\/02\/27\/renda-franca-sera-votado-na-proxima-sessao-da-camara-municipal\/","title":{"rendered":"Renda Franca\u2019 ser\u00e1 votado na pr\u00f3xima sess\u00e3o da C\u00e2mara Municipal"},"content":{"rendered":"<h2>Projeto foi anunciado pela Prefeitura de Franca e vai custar R$ 900 mil<\/h2>\n<p>A C\u00e2mara Municipal de Franca vota na pr\u00f3xima ter\u00e7a-feira (2), a cria\u00e7\u00e3o do programa Renda Franca, que vai atender mil fam\u00edlias carentes do munic\u00edpio com um aux\u00edlio de R$ 300 durante tr\u00eas meses. A lei \u00e9 de autoria da Prefeitura de Franca.<br \/>\nO preenchimento das vagas do programa ter\u00e1 como base crit\u00e9rios como: estar inserido em atendimento, acompanhamento ou em servi\u00e7os socioassistenciais no Munic\u00edpio; residir em Franca h\u00e1 mais de tr\u00eas anos; estar em situa\u00e7\u00e3o de desemprego h\u00e1 pelo menos seis meses; possuir renda per capita de at\u00e9 meio sal\u00e1rio m\u00ednimo; ser membro de fam\u00edlia monoparental (constitu\u00edda por um dos pais e seus filhos); ser membro de fam\u00edlia com crian\u00e7as ou adolescentes que estejam sob medida de prote\u00e7\u00e3o ou cumprindo medidas socioeducativas; ser membro de fam\u00edlia que tenham pessoas com defici\u00eancia em sua composi\u00e7\u00e3o; e n\u00e3o possuir outro membro da fam\u00edlia contemplado pelo Programa. Ser\u00e3o priorizadas inscri\u00e7\u00f5es de indiv\u00edduos que se enquadrarem no maior n\u00famero destes crit\u00e9rios.<br \/>\nO Projeto de Lei j\u00e1 recebeu parecer favor\u00e1vel das comiss\u00f5es permanentes da C\u00e2mara. O presidente da Comiss\u00e3o de Legisla\u00e7\u00e3o, Justi\u00e7a e Reda\u00e7\u00e3o da Casa, o vereador Carlinho Petr\u00f3polis Farm\u00e1cia (PL), presidiu o encontro e comentou a propositura do Executivo:<br \/>\n\u201cO projeto vai contemplar mil fam\u00edlias, ao custo de R$ 900 mil. Para participar dessa sele\u00e7\u00e3o, as pessoas dever\u00e3o frequentar cursos de qualifica\u00e7\u00e3o, mas a mat\u00e9ria n\u00e3o os detalhou. O prefeito disse que a inten\u00e7\u00e3o \u00e9 ministr\u00e1-los nos bairros para as fam\u00edlias n\u00e3o terem que se deslocar da sua regi\u00e3o. Mas isso vamos debater com o Alexandre para ver a melhor maneira de implementar o programa. Mesmo assim, o projeto tem parecer favor\u00e1vel das comiss\u00f5es, porque sabemos que existem mais de mil fam\u00edlias que necessitam de aux\u00edlio e vamos trabalhar para que elas o recebam o mais brevemente poss\u00edvel\u201d.<br \/>\nO prefeito ainda possui outros tr\u00eas projetos de sua autoria na pauta. Um deles autoriza a abertura de cr\u00e9ditos adicionais no Or\u00e7amento Fiscal, no valor total de R$ 2.459.956,19. O dinheiro ser\u00e1 utilizado para recapeamento, remendo asf\u00e1ltico, aquisi\u00e7\u00e3o de material de consumo e servi\u00e7os de pessoa jur\u00eddica destinados \u00e0 Guarda Municipal e obras de reforma e moderniza\u00e7\u00e3o da piscina do complexo poliesportivo \u201cDr. H\u00e9lio Palermo\u201d.<br \/>\nJ\u00e1 o PL n\u00ba 28\/2021 disp\u00f5e sobre a cria\u00e7\u00e3o do Programa \u201cEmpresa Amiga da Economia Solid\u00e1ria\u201d. A iniciativa prev\u00ea a retomada do crescimento econ\u00f4mico em Franca por interm\u00e9dio de parcerias solid\u00e1rias com empresas privadas. O objetivo \u00e9 fornecer insumos e m\u00e3o de obra para promover cursos de qualifica\u00e7\u00e3o profissional aos mais necessitados.<br \/>\nJ\u00e1 o Projeto de Lei Complementar n\u00ba 21\/2021 outorga uma \u00e1rea institucional do munic\u00edpio \u00e0 Associa\u00e7\u00e3o dos Propriet\u00e1rios e Moradores do Recanto Campestre Ouro Verde.<br \/>\nTamb\u00e9m ser\u00e1 apreciado pelo Plen\u00e1rio o PL n\u00ba 14\/2021, da vereadora Lurdinha Granzotte (PSL), que determina a publica\u00e7\u00e3o dos decretos expedidos pelo Poder Executivo no site da Prefeitura. De acordo com o projeto, os documentos dever\u00e3o ser disponibilizados em mecanismo de f\u00e1cil busca pelo cidad\u00e3o, de modo a permitir pesquisa de conte\u00fado e descomplicar a an\u00e1lise das informa\u00e7\u00f5es.<br \/>\nA C\u00e2mara ainda ir\u00e1 avaliar tr\u00eas Requerimentos. Por conta da pandemia da covid-19, no m\u00e1ximo 30 pessoas poder\u00e3o acompanhar a 9\u00aa Sess\u00e3o Ordin\u00e1ria presencialmente, mas a reuni\u00e3o \u00e9 transmitida pelas redes sociais da Casa de Leis.<\/p>\n","protected":false},"excerpt":{"rendered":"<p>Projeto foi anunciado pela Prefeitura de Franca e vai custar R$ 900 mil A C\u00e2mara Municipal de Franca vota na pr\u00f3xima ter\u00e7a-feira (2), a cria\u00e7\u00e3o do<span class=\"excerpt-hellip\"> [\u2026]<\/span><\/p>\n","protected":false},"author":4,"featured_media":14560,"comment_status":"open","ping_status":"open","sticky":false,"template":"","format":"standard","meta":{"_jetpack_memberships_contains_paid_content":false,"footnotes":"","jetpack_publicize_message":"","jetpack_publicize_feature_enabled":true,"jetpack_social_post_already_shared":false,"jetpack_social_options":{"image_generator_settings":{"template":"highway","default_image_id":0,"enabled":false},"version":2}},"categories":[28,81],"tags":[],"class_list":["post-14552","post","type-post","status-publish","format-standard","has-post-thumbnail","hentry","category-cotidiano","category-manchete"],"yoast_head":"<!-- This site is optimized with the Yoast SEO plugin v25.6 - https:\/\/yoast.com\/wordpress\/plugins\/seo\/ -->\n<title>Renda Franca\u2019 ser\u00e1 votado na pr\u00f3xima sess\u00e3o da C\u00e2mara Municipal - VerdadeOn<\/title>\n<meta name=\"robots\" content=\"index, follow, max-snippet:-1, max-image-preview:large, max-video-preview:-1\" \/>\n<link rel=\"canonical\" href=\"https:\/\/verdadeon.com.br\/portal\/2021\/02\/27\/renda-franca-sera-votado-na-proxima-sessao-da-camara-municipal\/\" \/>\n<meta property=\"og:locale\" content=\"pt_BR\" \/>\n<meta property=\"og:type\" content=\"article\" \/>\n<meta property=\"og:title\" content=\"Renda Franca\u2019 ser\u00e1 votado na pr\u00f3xima sess\u00e3o da C\u00e2mara Municipal - VerdadeOn\" \/>\n<meta property=\"og:description\" content=\"Projeto foi anunciado pela Prefeitura de Franca e vai custar R$ 900 mil A C\u00e2mara Municipal de Franca vota na pr\u00f3xima ter\u00e7a-feira (2), a cria\u00e7\u00e3o do [\u2026]\" \/>\n<meta property=\"og:url\" content=\"https:\/\/verdadeon.com.br\/portal\/2021\/02\/27\/renda-franca-sera-votado-na-proxima-sessao-da-camara-municipal\/\" \/>\n<meta property=\"og:site_name\" content=\"VerdadeOn\" \/>\n<meta property=\"article:published_time\" content=\"2021-02-27T16:06:23+00:00\" \/>\n<meta property=\"og:image\" content=\"https:\/\/verdadeon.com.br\/portal\/wp-content\/uploads\/2021\/02\/WhatsApp-Image-2021-02-27-at-10.19.20.jpeg\" \/>\n\t<meta property=\"og:image:width\" content=\"1000\" \/>\n\t<meta property=\"og:image:height\" content=\"670\" \/>\n\t<meta property=\"og:image:type\" content=\"image\/jpeg\" \/>\n<meta name=\"author\" content=\"Fernando Calixto\" \/>\n<meta name=\"twitter:card\" content=\"summary_large_image\" \/>\n<meta name=\"twitter:label1\" content=\"Escrito por\" \/>\n\t<meta name=\"twitter:data1\" content=\"Fernando Calixto\" \/>\n\t<meta name=\"twitter:label2\" content=\"Est. tempo de leitura\" \/>\n\t<meta name=\"twitter:data2\" content=\"3 minutos\" \/>\n<script type=\"application\/ld+json\" class=\"yoast-schema-graph\">{\"@context\":\"https:\/\/schema.org\",\"@graph\":[{\"@type\":\"WebPage\",\"@id\":\"https:\/\/verdadeon.com.br\/portal\/2021\/02\/27\/renda-franca-sera-votado-na-proxima-sessao-da-camara-municipal\/\",\"url\":\"https:\/\/verdadeon.com.br\/portal\/2021\/02\/27\/renda-franca-sera-votado-na-proxima-sessao-da-camara-municipal\/\",\"name\":\"Renda Franca\u2019 ser\u00e1 votado na pr\u00f3xima sess\u00e3o da C\u00e2mara Municipal - VerdadeOn\",\"isPartOf\":{\"@id\":\"https:\/\/verdadeon.com.br\/portal\/#website\"},\"primaryImageOfPage\":{\"@id\":\"https:\/\/verdadeon.com.br\/portal\/2021\/02\/27\/renda-franca-sera-votado-na-proxima-sessao-da-camara-municipal\/#primaryimage\"},\"image\":{\"@id\":\"https:\/\/verdadeon.com.br\/portal\/2021\/02\/27\/renda-franca-sera-votado-na-proxima-sessao-da-camara-municipal\/#primaryimage\"},\"thumbnailUrl\":\"https:\/\/i0.wp.com\/verdadeon.com.br\/portal\/wp-content\/uploads\/2021\/02\/WhatsApp-Image-2021-02-27-at-10.19.20.jpeg?fit=1000%2C670&ssl=1\",\"datePublished\":\"2021-02-27T16:06:23+00:00\",\"author\":{\"@id\":\"https:\/\/verdadeon.com.br\/portal\/#\/schema\/person\/8994718f49ee62ba5610471e29ca1f62\"},\"breadcrumb\":{\"@id\":\"https:\/\/verdadeon.com.br\/portal\/2021\/02\/27\/renda-franca-sera-votado-na-proxima-sessao-da-camara-municipal\/#breadcrumb\"},\"inLanguage\":\"pt-BR\",\"potentialAction\":[{\"@type\":\"ReadAction\",\"target\":[\"https:\/\/verdadeon.com.br\/portal\/2021\/02\/27\/renda-franca-sera-votado-na-proxima-sessao-da-camara-municipal\/\"]}]},{\"@type\":\"ImageObject\",\"inLanguage\":\"pt-BR\",\"@id\":\"https:\/\/verdadeon.com.br\/portal\/2021\/02\/27\/renda-franca-sera-votado-na-proxima-sessao-da-camara-municipal\/#primaryimage\",\"url\":\"https:\/\/i0.wp.com\/verdadeon.com.br\/portal\/wp-content\/uploads\/2021\/02\/WhatsApp-Image-2021-02-27-at-10.19.20.jpeg?fit=1000%2C670&ssl=1\",\"contentUrl\":\"https:\/\/i0.wp.com\/verdadeon.com.br\/portal\/wp-content\/uploads\/2021\/02\/WhatsApp-Image-2021-02-27-at-10.19.20.jpeg?fit=1000%2C670&ssl=1\",\"width\":1000,\"height\":670,\"caption\":\"Projeto teve parecer favor\u00e1vel das Comiss\u00f5es Permanentes da C\u00e2mara | Foto: C\u00e2mara Municipal\"},{\"@type\":\"BreadcrumbList\",\"@id\":\"https:\/\/verdadeon.com.br\/portal\/2021\/02\/27\/renda-franca-sera-votado-na-proxima-sessao-da-camara-municipal\/#breadcrumb\",\"itemListElement\":[{\"@type\":\"ListItem\",\"position\":1,\"name\":\"In\u00edcio\",\"item\":\"https:\/\/verdadeon.com.br\/portal\/\"},{\"@type\":\"ListItem\",\"position\":2,\"name\":\"Renda Franca\u2019 ser\u00e1 votado na pr\u00f3xima sess\u00e3o da C\u00e2mara Municipal\"}]},{\"@type\":\"WebSite\",\"@id\":\"https:\/\/verdadeon.com.br\/portal\/#website\",\"url\":\"https:\/\/verdadeon.com.br\/portal\/\",\"name\":\"VerdadeOn\",\"description\":\"Not\u00edcias di\u00e1rias sobre Franca, Regi\u00e3o, Esporte, Cultura, Cotidiano, Colunas. Cobertura nos principais eventos da cidade \u00e9 aqui - Verdadeon Franca\",\"potentialAction\":[{\"@type\":\"SearchAction\",\"target\":{\"@type\":\"EntryPoint\",\"urlTemplate\":\"https:\/\/verdadeon.com.br\/portal\/?s={search_term_string}\"},\"query-input\":{\"@type\":\"PropertyValueSpecification\",\"valueRequired\":true,\"valueName\":\"search_term_string\"}}],\"inLanguage\":\"pt-BR\"},{\"@type\":\"Person\",\"@id\":\"https:\/\/verdadeon.com.br\/portal\/#\/schema\/person\/8994718f49ee62ba5610471e29ca1f62\",\"name\":\"Fernando Calixto\",\"image\":{\"@type\":\"ImageObject\",\"inLanguage\":\"pt-BR\",\"@id\":\"https:\/\/verdadeon.com.br\/portal\/#\/schema\/person\/image\/\",\"url\":\"https:\/\/secure.gravatar.com\/avatar\/7578910c24966c0316c340f9dbd601e93ee9f9212e1033968b367af9306bd9fb?s=96&d=mm&r=g\",\"contentUrl\":\"https:\/\/secure.gravatar.com\/avatar\/7578910c24966c0316c340f9dbd601e93ee9f9212e1033968b367af9306bd9fb?s=96&d=mm&r=g\",\"caption\":\"Fernando Calixto\"},\"url\":\"https:\/\/verdadeon.com.br\/portal\/author\/fernando-calixto\/\"}]}<\/script>\n<!-- \/ Yoast SEO plugin. -->","yoast_head_json":{"title":"Renda Franca\u2019 ser\u00e1 votado na pr\u00f3xima sess\u00e3o da C\u00e2mara Municipal - VerdadeOn","robots":{"index":"index","follow":"follow","max-snippet":"max-snippet:-1","max-image-preview":"max-image-preview:large","max-video-preview":"max-video-preview:-1"},"canonical":"https:\/\/verdadeon.com.br\/portal\/2021\/02\/27\/renda-franca-sera-votado-na-proxima-sessao-da-camara-municipal\/","og_locale":"pt_BR","og_type":"article","og_title":"Renda Franca\u2019 ser\u00e1 votado na pr\u00f3xima sess\u00e3o da C\u00e2mara Municipal - VerdadeOn","og_description":"Projeto foi anunciado pela Prefeitura de Franca e vai custar R$ 900 mil A C\u00e2mara Municipal de Franca vota na pr\u00f3xima ter\u00e7a-feira (2), a cria\u00e7\u00e3o do [\u2026]","og_url":"https:\/\/verdadeon.com.br\/portal\/2021\/02\/27\/renda-franca-sera-votado-na-proxima-sessao-da-camara-municipal\/","og_site_name":"VerdadeOn","article_published_time":"2021-02-27T16:06:23+00:00","og_image":[{"width":1000,"height":670,"url":"https:\/\/verdadeon.com.br\/portal\/wp-content\/uploads\/2021\/02\/WhatsApp-Image-2021-02-27-at-10.19.20.jpeg","type":"image\/jpeg"}],"author":"Fernando Calixto","twitter_card":"summary_large_image","twitter_misc":{"Escrito por":"Fernando Calixto","Est. tempo de leitura":"3 minutos"},"schema":{"@context":"https:\/\/schema.org","@graph":[{"@type":"WebPage","@id":"https:\/\/verdadeon.com.br\/portal\/2021\/02\/27\/renda-franca-sera-votado-na-proxima-sessao-da-camara-municipal\/","url":"https:\/\/verdadeon.com.br\/portal\/2021\/02\/27\/renda-franca-sera-votado-na-proxima-sessao-da-camara-municipal\/","name":"Renda Franca\u2019 ser\u00e1 votado na pr\u00f3xima sess\u00e3o da C\u00e2mara Municipal - VerdadeOn","isPartOf":{"@id":"https:\/\/verdadeon.com.br\/portal\/#website"},"primaryImageOfPage":{"@id":"https:\/\/verdadeon.com.br\/portal\/2021\/02\/27\/renda-franca-sera-votado-na-proxima-sessao-da-camara-municipal\/#primaryimage"},"image":{"@id":"https:\/\/verdadeon.com.br\/portal\/2021\/02\/27\/renda-franca-sera-votado-na-proxima-sessao-da-camara-municipal\/#primaryimage"},"thumbnailUrl":"https:\/\/i0.wp.com\/verdadeon.com.br\/portal\/wp-content\/uploads\/2021\/02\/WhatsApp-Image-2021-02-27-at-10.19.20.jpeg?fit=1000%2C670&ssl=1","datePublished":"2021-02-27T16:06:23+00:00","author":{"@id":"https:\/\/verdadeon.com.br\/portal\/#\/schema\/person\/8994718f49ee62ba5610471e29ca1f62"},"breadcrumb":{"@id":"https:\/\/verdadeon.com.br\/portal\/2021\/02\/27\/renda-franca-sera-votado-na-proxima-sessao-da-camara-municipal\/#breadcrumb"},"inLanguage":"pt-BR","potentialAction":[{"@type":"ReadAction","target":["https:\/\/verdadeon.com.br\/portal\/2021\/02\/27\/renda-franca-sera-votado-na-proxima-sessao-da-camara-municipal\/"]}]},{"@type":"ImageObject","inLanguage":"pt-BR","@id":"https:\/\/verdadeon.com.br\/portal\/2021\/02\/27\/renda-franca-sera-votado-na-proxima-sessao-da-camara-municipal\/#primaryimage","url":"https:\/\/i0.wp.com\/verdadeon.com.br\/portal\/wp-content\/uploads\/2021\/02\/WhatsApp-Image-2021-02-27-at-10.19.20.jpeg?fit=1000%2C670&ssl=1","contentUrl":"https:\/\/i0.wp.com\/verdadeon.com.br\/portal\/wp-content\/uploads\/2021\/02\/WhatsApp-Image-2021-02-27-at-10.19.20.jpeg?fit=1000%2C670&ssl=1","width":1000,"height":670,"caption":"Projeto teve parecer favor\u00e1vel das Comiss\u00f5es Permanentes da C\u00e2mara | Foto: C\u00e2mara Municipal"},{"@type":"BreadcrumbList","@id":"https:\/\/verdadeon.com.br\/portal\/2021\/02\/27\/renda-franca-sera-votado-na-proxima-sessao-da-camara-municipal\/#breadcrumb","itemListElement":[{"@type":"ListItem","position":1,"name":"In\u00edcio","item":"https:\/\/verdadeon.com.br\/portal\/"},{"@type":"ListItem","position":2,"name":"Renda Franca\u2019 ser\u00e1 votado na pr\u00f3xima sess\u00e3o da C\u00e2mara Municipal"}]},{"@type":"WebSite","@id":"https:\/\/verdadeon.com.br\/portal\/#website","url":"https:\/\/verdadeon.com.br\/portal\/","name":"VerdadeOn","description":"Not\u00edcias di\u00e1rias sobre Franca, Regi\u00e3o, Esporte, Cultura, Cotidiano, Colunas. Cobertura nos principais eventos da cidade \u00e9 aqui - Verdadeon Franca","potentialAction":[{"@type":"SearchAction","target":{"@type":"EntryPoint","urlTemplate":"https:\/\/verdadeon.com.br\/portal\/?s={search_term_string}"},"query-input":{"@type":"PropertyValueSpecification","valueRequired":true,"valueName":"search_term_string"}}],"inLanguage":"pt-BR"},{"@type":"Person","@id":"https:\/\/verdadeon.com.br\/portal\/#\/schema\/person\/8994718f49ee62ba5610471e29ca1f62","name":"Fernando Calixto","image":{"@type":"ImageObject","inLanguage":"pt-BR","@id":"https:\/\/verdadeon.com.br\/portal\/#\/schema\/person\/image\/","url":"https:\/\/secure.gravatar.com\/avatar\/7578910c24966c0316c340f9dbd601e93ee9f9212e1033968b367af9306bd9fb?s=96&d=mm&r=g","contentUrl":"https:\/\/secure.gravatar.com\/avatar\/7578910c24966c0316c340f9dbd601e93ee9f9212e1033968b367af9306bd9fb?s=96&d=mm&r=g","caption":"Fernando Calixto"},"url":"https:\/\/verdadeon.com.br\/portal\/author\/fernando-calixto\/"}]}},"jetpack_publicize_connections":[],"jetpack_featured_media_url":"https:\/\/i0.wp.com\/verdadeon.com.br\/portal\/wp-content\/uploads\/2021\/02\/WhatsApp-Image-2021-02-27-at-10.19.20.jpeg?fit=1000%2C670&ssl=1","jetpack_sharing_enabled":true,"_links":{"self":[{"href":"https:\/\/verdadeon.com.br\/portal\/wp-json\/wp\/v2\/posts\/14552","targetHints":{"allow":["GET"]}}],"collection":[{"href":"https:\/\/verdadeon.com.br\/portal\/wp-json\/wp\/v2\/posts"}],"about":[{"href":"https:\/\/verdadeon.com.br\/portal\/wp-json\/wp\/v2\/types\/post"}],"author":[{"embeddable":true,"href":"https:\/\/verdadeon.com.br\/portal\/wp-json\/wp\/v2\/users\/4"}],"replies":[{"embeddable":true,"href":"https:\/\/verdadeon.com.br\/portal\/wp-json\/wp\/v2\/comments?post=14552"}],"version-history":[{"count":0,"href":"https:\/\/verdadeon.com.br\/portal\/wp-json\/wp\/v2\/posts\/14552\/revisions"}],"wp:featuredmedia":[{"embeddable":true,"href":"https:\/\/verdadeon.com.br\/portal\/wp-json\/wp\/v2\/media\/14560"}],"wp:attachment":[{"href":"https:\/\/verdadeon.com.br\/portal\/wp-json\/wp\/v2\/media?parent=14552"}],"wp:term":[{"taxonomy":"category","embeddable":true,"href":"https:\/\/verdadeon.com.br\/portal\/wp-json\/wp\/v2\/categories?post=14552"},{"taxonomy":"post_tag","embeddable":true,"href":"https:\/\/verdadeon.com.br\/portal\/wp-json\/wp\/v2\/tags?post=14552"}],"curies":[{"name":"wp","href":"https:\/\/api.w.org\/{rel}","templated":true}]}}