{"id":14533,"date":"2021-02-26T16:57:42","date_gmt":"2021-02-26T19:57:42","guid":{"rendered":"https:\/\/verdadeon.com.br\/portal\/?p=14533"},"modified":"2021-02-26T16:57:42","modified_gmt":"2021-02-26T19:57:42","slug":"veiculo-despenca-de-barranco-de-5-metros-durante-fuga-policial","status":"publish","type":"post","link":"https:\/\/verdadeon.com.br\/portal\/2021\/02\/26\/veiculo-despenca-de-barranco-de-5-metros-durante-fuga-policial\/","title":{"rendered":"Ve\u00edculo despenca de barranco de 5 metros durante fuga policial"},"content":{"rendered":"<h2>Ainda assim suspeitos conseguiram fugir e n\u00e3o foram encontrados, objetos furtados foram apreendidos<\/h2>\n<p>A Pol\u00edcia Militar de Franca apreendeu diversos objetos que s\u00e3o produtos de furto na madrugada desta sexta-feira (26), na zona norte da cidade. De acordo com o boletim de ocorr\u00eancia, durante patrulhamento um ve\u00edculo suspeito se aproximou da viatura. Foi dada ordem de parada, mas o condutor n\u00e3o obedeceu.<br \/>\nEle fugiu e durante a persegui\u00e7\u00e3o o ve\u00edculo caiu em um barranco de mais de 5 metros de altura. Os suspeitos ainda conseguiram sair do carro e fugiram por uma mata. Eles ainda n\u00e3o foram encontrados.<br \/>\nDentro do ve\u00edculo foram encontrados diversos produtos, como baterias de carro, de m\u00e1quinas agr\u00edcolas, ferramentas, um botij\u00e3o de g\u00e1s, um monitor de computador entre outros. Os militares acreditam que eles foram furtados de s\u00edtios e ch\u00e1caras na zona rural de Franca e da regi\u00e3o. Somados eles chegam a mais de R$ 15 mil. At\u00e9 o momento ningu\u00e9m foi preso, o caso foi registrado e ser\u00e1 investigado pela Pol\u00edcia Civil.<br \/>\nOs objetos permanecem sob a cust\u00f3dia da pol\u00edcia, qualquer propriet\u00e1rio que reconhe\u00e7a algum produto furtado pode recuper\u00e1-lo apresentando o boletim de ocorr\u00eancia do crime.<\/p>\n","protected":false},"excerpt":{"rendered":"<p>Ainda assim suspeitos conseguiram fugir e n\u00e3o foram encontrados, objetos furtados foram apreendidos A Pol\u00edcia Militar de Franca apreendeu diversos objetos que s\u00e3o produtos de furto<span class=\"excerpt-hellip\"> [\u2026]<\/span><\/p>\n","protected":false},"author":4,"featured_media":14539,"comment_status":"open","ping_status":"open","sticky":false,"template":"","format":"standard","meta":{"_jetpack_memberships_contains_paid_content":false,"footnotes":"","jetpack_publicize_message":"","jetpack_publicize_feature_enabled":true,"jetpack_social_post_already_shared":false,"jetpack_social_options":{"image_generator_settings":{"template":"highway","default_image_id":0,"enabled":false},"version":2}},"categories":[28,44],"tags":[],"class_list":["post-14533","post","type-post","status-publish","format-standard","has-post-thumbnail","hentry","category-cotidiano","category-noticias"],"yoast_head":"<!-- This site is optimized with the Yoast SEO plugin v25.6 - https:\/\/yoast.com\/wordpress\/plugins\/seo\/ -->\n<title>Ve\u00edculo despenca de barranco de 5 metros durante fuga policial - VerdadeOn<\/title>\n<meta name=\"robots\" content=\"index, follow, max-snippet:-1, max-image-preview:large, max-video-preview:-1\" \/>\n<link rel=\"canonical\" href=\"https:\/\/verdadeon.com.br\/portal\/2021\/02\/26\/veiculo-despenca-de-barranco-de-5-metros-durante-fuga-policial\/\" \/>\n<meta property=\"og:locale\" content=\"pt_BR\" \/>\n<meta property=\"og:type\" content=\"article\" \/>\n<meta property=\"og:title\" content=\"Ve\u00edculo despenca de barranco de 5 metros durante fuga policial - VerdadeOn\" \/>\n<meta property=\"og:description\" content=\"Ainda assim suspeitos conseguiram fugir e n\u00e3o foram encontrados, objetos furtados foram apreendidos A Pol\u00edcia Militar de Franca apreendeu diversos objetos que s\u00e3o produtos de furto [\u2026]\" \/>\n<meta property=\"og:url\" content=\"https:\/\/verdadeon.com.br\/portal\/2021\/02\/26\/veiculo-despenca-de-barranco-de-5-metros-durante-fuga-policial\/\" \/>\n<meta property=\"og:site_name\" content=\"VerdadeOn\" \/>\n<meta property=\"article:published_time\" content=\"2021-02-26T19:57:42+00:00\" \/>\n<meta property=\"og:image\" content=\"https:\/\/verdadeon.com.br\/portal\/wp-content\/uploads\/2021\/02\/WhatsApp-Image-2021-02-26-at-16.56.03.jpeg\" \/>\n\t<meta property=\"og:image:width\" content=\"1000\" \/>\n\t<meta property=\"og:image:height\" content=\"670\" \/>\n\t<meta property=\"og:image:type\" content=\"image\/jpeg\" \/>\n<meta name=\"author\" content=\"Fernando Calixto\" \/>\n<meta name=\"twitter:card\" content=\"summary_large_image\" \/>\n<meta name=\"twitter:label1\" content=\"Escrito por\" \/>\n\t<meta name=\"twitter:data1\" content=\"Fernando Calixto\" \/>\n\t<meta name=\"twitter:label2\" content=\"Est. tempo de leitura\" \/>\n\t<meta name=\"twitter:data2\" content=\"1 minuto\" \/>\n<script type=\"application\/ld+json\" class=\"yoast-schema-graph\">{\"@context\":\"https:\/\/schema.org\",\"@graph\":[{\"@type\":\"WebPage\",\"@id\":\"https:\/\/verdadeon.com.br\/portal\/2021\/02\/26\/veiculo-despenca-de-barranco-de-5-metros-durante-fuga-policial\/\",\"url\":\"https:\/\/verdadeon.com.br\/portal\/2021\/02\/26\/veiculo-despenca-de-barranco-de-5-metros-durante-fuga-policial\/\",\"name\":\"Ve\u00edculo despenca de barranco de 5 metros durante fuga policial - VerdadeOn\",\"isPartOf\":{\"@id\":\"https:\/\/verdadeon.com.br\/portal\/#website\"},\"primaryImageOfPage\":{\"@id\":\"https:\/\/verdadeon.com.br\/portal\/2021\/02\/26\/veiculo-despenca-de-barranco-de-5-metros-durante-fuga-policial\/#primaryimage\"},\"image\":{\"@id\":\"https:\/\/verdadeon.com.br\/portal\/2021\/02\/26\/veiculo-despenca-de-barranco-de-5-metros-durante-fuga-policial\/#primaryimage\"},\"thumbnailUrl\":\"https:\/\/i0.wp.com\/verdadeon.com.br\/portal\/wp-content\/uploads\/2021\/02\/WhatsApp-Image-2021-02-26-at-16.56.03.jpeg?fit=1000%2C670&ssl=1\",\"datePublished\":\"2021-02-26T19:57:42+00:00\",\"author\":{\"@id\":\"https:\/\/verdadeon.com.br\/portal\/#\/schema\/person\/8994718f49ee62ba5610471e29ca1f62\"},\"breadcrumb\":{\"@id\":\"https:\/\/verdadeon.com.br\/portal\/2021\/02\/26\/veiculo-despenca-de-barranco-de-5-metros-durante-fuga-policial\/#breadcrumb\"},\"inLanguage\":\"pt-BR\",\"potentialAction\":[{\"@type\":\"ReadAction\",\"target\":[\"https:\/\/verdadeon.com.br\/portal\/2021\/02\/26\/veiculo-despenca-de-barranco-de-5-metros-durante-fuga-policial\/\"]}]},{\"@type\":\"ImageObject\",\"inLanguage\":\"pt-BR\",\"@id\":\"https:\/\/verdadeon.com.br\/portal\/2021\/02\/26\/veiculo-despenca-de-barranco-de-5-metros-durante-fuga-policial\/#primaryimage\",\"url\":\"https:\/\/i0.wp.com\/verdadeon.com.br\/portal\/wp-content\/uploads\/2021\/02\/WhatsApp-Image-2021-02-26-at-16.56.03.jpeg?fit=1000%2C670&ssl=1\",\"contentUrl\":\"https:\/\/i0.wp.com\/verdadeon.com.br\/portal\/wp-content\/uploads\/2021\/02\/WhatsApp-Image-2021-02-26-at-16.56.03.jpeg?fit=1000%2C670&ssl=1\",\"width\":1000,\"height\":670,\"caption\":\"Objetos apreendidos ficar\u00e3o sob cust\u00f3dia da Pol\u00edcia Civil | Foto: Pol\u00edcia Militar\"},{\"@type\":\"BreadcrumbList\",\"@id\":\"https:\/\/verdadeon.com.br\/portal\/2021\/02\/26\/veiculo-despenca-de-barranco-de-5-metros-durante-fuga-policial\/#breadcrumb\",\"itemListElement\":[{\"@type\":\"ListItem\",\"position\":1,\"name\":\"In\u00edcio\",\"item\":\"https:\/\/verdadeon.com.br\/portal\/\"},{\"@type\":\"ListItem\",\"position\":2,\"name\":\"Ve\u00edculo despenca de barranco de 5 metros durante fuga policial\"}]},{\"@type\":\"WebSite\",\"@id\":\"https:\/\/verdadeon.com.br\/portal\/#website\",\"url\":\"https:\/\/verdadeon.com.br\/portal\/\",\"name\":\"VerdadeOn\",\"description\":\"Not\u00edcias di\u00e1rias sobre Franca, Regi\u00e3o, Esporte, Cultura, Cotidiano, Colunas. Cobertura nos principais eventos da cidade \u00e9 aqui - Verdadeon Franca\",\"potentialAction\":[{\"@type\":\"SearchAction\",\"target\":{\"@type\":\"EntryPoint\",\"urlTemplate\":\"https:\/\/verdadeon.com.br\/portal\/?s={search_term_string}\"},\"query-input\":{\"@type\":\"PropertyValueSpecification\",\"valueRequired\":true,\"valueName\":\"search_term_string\"}}],\"inLanguage\":\"pt-BR\"},{\"@type\":\"Person\",\"@id\":\"https:\/\/verdadeon.com.br\/portal\/#\/schema\/person\/8994718f49ee62ba5610471e29ca1f62\",\"name\":\"Fernando Calixto\",\"image\":{\"@type\":\"ImageObject\",\"inLanguage\":\"pt-BR\",\"@id\":\"https:\/\/verdadeon.com.br\/portal\/#\/schema\/person\/image\/\",\"url\":\"https:\/\/secure.gravatar.com\/avatar\/7578910c24966c0316c340f9dbd601e93ee9f9212e1033968b367af9306bd9fb?s=96&d=mm&r=g\",\"contentUrl\":\"https:\/\/secure.gravatar.com\/avatar\/7578910c24966c0316c340f9dbd601e93ee9f9212e1033968b367af9306bd9fb?s=96&d=mm&r=g\",\"caption\":\"Fernando Calixto\"},\"url\":\"https:\/\/verdadeon.com.br\/portal\/author\/fernando-calixto\/\"}]}<\/script>\n<!-- \/ Yoast SEO plugin. -->","yoast_head_json":{"title":"Ve\u00edculo despenca de barranco de 5 metros durante fuga policial - VerdadeOn","robots":{"index":"index","follow":"follow","max-snippet":"max-snippet:-1","max-image-preview":"max-image-preview:large","max-video-preview":"max-video-preview:-1"},"canonical":"https:\/\/verdadeon.com.br\/portal\/2021\/02\/26\/veiculo-despenca-de-barranco-de-5-metros-durante-fuga-policial\/","og_locale":"pt_BR","og_type":"article","og_title":"Ve\u00edculo despenca de barranco de 5 metros durante fuga policial - VerdadeOn","og_description":"Ainda assim suspeitos conseguiram fugir e n\u00e3o foram encontrados, objetos furtados foram apreendidos A Pol\u00edcia Militar de Franca apreendeu diversos objetos que s\u00e3o produtos de furto [\u2026]","og_url":"https:\/\/verdadeon.com.br\/portal\/2021\/02\/26\/veiculo-despenca-de-barranco-de-5-metros-durante-fuga-policial\/","og_site_name":"VerdadeOn","article_published_time":"2021-02-26T19:57:42+00:00","og_image":[{"width":1000,"height":670,"url":"https:\/\/verdadeon.com.br\/portal\/wp-content\/uploads\/2021\/02\/WhatsApp-Image-2021-02-26-at-16.56.03.jpeg","type":"image\/jpeg"}],"author":"Fernando Calixto","twitter_card":"summary_large_image","twitter_misc":{"Escrito por":"Fernando Calixto","Est. tempo de leitura":"1 minuto"},"schema":{"@context":"https:\/\/schema.org","@graph":[{"@type":"WebPage","@id":"https:\/\/verdadeon.com.br\/portal\/2021\/02\/26\/veiculo-despenca-de-barranco-de-5-metros-durante-fuga-policial\/","url":"https:\/\/verdadeon.com.br\/portal\/2021\/02\/26\/veiculo-despenca-de-barranco-de-5-metros-durante-fuga-policial\/","name":"Ve\u00edculo despenca de barranco de 5 metros durante fuga policial - VerdadeOn","isPartOf":{"@id":"https:\/\/verdadeon.com.br\/portal\/#website"},"primaryImageOfPage":{"@id":"https:\/\/verdadeon.com.br\/portal\/2021\/02\/26\/veiculo-despenca-de-barranco-de-5-metros-durante-fuga-policial\/#primaryimage"},"image":{"@id":"https:\/\/verdadeon.com.br\/portal\/2021\/02\/26\/veiculo-despenca-de-barranco-de-5-metros-durante-fuga-policial\/#primaryimage"},"thumbnailUrl":"https:\/\/i0.wp.com\/verdadeon.com.br\/portal\/wp-content\/uploads\/2021\/02\/WhatsApp-Image-2021-02-26-at-16.56.03.jpeg?fit=1000%2C670&ssl=1","datePublished":"2021-02-26T19:57:42+00:00","author":{"@id":"https:\/\/verdadeon.com.br\/portal\/#\/schema\/person\/8994718f49ee62ba5610471e29ca1f62"},"breadcrumb":{"@id":"https:\/\/verdadeon.com.br\/portal\/2021\/02\/26\/veiculo-despenca-de-barranco-de-5-metros-durante-fuga-policial\/#breadcrumb"},"inLanguage":"pt-BR","potentialAction":[{"@type":"ReadAction","target":["https:\/\/verdadeon.com.br\/portal\/2021\/02\/26\/veiculo-despenca-de-barranco-de-5-metros-durante-fuga-policial\/"]}]},{"@type":"ImageObject","inLanguage":"pt-BR","@id":"https:\/\/verdadeon.com.br\/portal\/2021\/02\/26\/veiculo-despenca-de-barranco-de-5-metros-durante-fuga-policial\/#primaryimage","url":"https:\/\/i0.wp.com\/verdadeon.com.br\/portal\/wp-content\/uploads\/2021\/02\/WhatsApp-Image-2021-02-26-at-16.56.03.jpeg?fit=1000%2C670&ssl=1","contentUrl":"https:\/\/i0.wp.com\/verdadeon.com.br\/portal\/wp-content\/uploads\/2021\/02\/WhatsApp-Image-2021-02-26-at-16.56.03.jpeg?fit=1000%2C670&ssl=1","width":1000,"height":670,"caption":"Objetos apreendidos ficar\u00e3o sob cust\u00f3dia da Pol\u00edcia Civil | Foto: Pol\u00edcia Militar"},{"@type":"BreadcrumbList","@id":"https:\/\/verdadeon.com.br\/portal\/2021\/02\/26\/veiculo-despenca-de-barranco-de-5-metros-durante-fuga-policial\/#breadcrumb","itemListElement":[{"@type":"ListItem","position":1,"name":"In\u00edcio","item":"https:\/\/verdadeon.com.br\/portal\/"},{"@type":"ListItem","position":2,"name":"Ve\u00edculo despenca de barranco de 5 metros durante fuga policial"}]},{"@type":"WebSite","@id":"https:\/\/verdadeon.com.br\/portal\/#website","url":"https:\/\/verdadeon.com.br\/portal\/","name":"VerdadeOn","description":"Not\u00edcias di\u00e1rias sobre Franca, Regi\u00e3o, Esporte, Cultura, Cotidiano, Colunas. Cobertura nos principais eventos da cidade \u00e9 aqui - Verdadeon Franca","potentialAction":[{"@type":"SearchAction","target":{"@type":"EntryPoint","urlTemplate":"https:\/\/verdadeon.com.br\/portal\/?s={search_term_string}"},"query-input":{"@type":"PropertyValueSpecification","valueRequired":true,"valueName":"search_term_string"}}],"inLanguage":"pt-BR"},{"@type":"Person","@id":"https:\/\/verdadeon.com.br\/portal\/#\/schema\/person\/8994718f49ee62ba5610471e29ca1f62","name":"Fernando Calixto","image":{"@type":"ImageObject","inLanguage":"pt-BR","@id":"https:\/\/verdadeon.com.br\/portal\/#\/schema\/person\/image\/","url":"https:\/\/secure.gravatar.com\/avatar\/7578910c24966c0316c340f9dbd601e93ee9f9212e1033968b367af9306bd9fb?s=96&d=mm&r=g","contentUrl":"https:\/\/secure.gravatar.com\/avatar\/7578910c24966c0316c340f9dbd601e93ee9f9212e1033968b367af9306bd9fb?s=96&d=mm&r=g","caption":"Fernando Calixto"},"url":"https:\/\/verdadeon.com.br\/portal\/author\/fernando-calixto\/"}]}},"jetpack_publicize_connections":[],"jetpack_featured_media_url":"https:\/\/i0.wp.com\/verdadeon.com.br\/portal\/wp-content\/uploads\/2021\/02\/WhatsApp-Image-2021-02-26-at-16.56.03.jpeg?fit=1000%2C670&ssl=1","jetpack_sharing_enabled":true,"_links":{"self":[{"href":"https:\/\/verdadeon.com.br\/portal\/wp-json\/wp\/v2\/posts\/14533","targetHints":{"allow":["GET"]}}],"collection":[{"href":"https:\/\/verdadeon.com.br\/portal\/wp-json\/wp\/v2\/posts"}],"about":[{"href":"https:\/\/verdadeon.com.br\/portal\/wp-json\/wp\/v2\/types\/post"}],"author":[{"embeddable":true,"href":"https:\/\/verdadeon.com.br\/portal\/wp-json\/wp\/v2\/users\/4"}],"replies":[{"embeddable":true,"href":"https:\/\/verdadeon.com.br\/portal\/wp-json\/wp\/v2\/comments?post=14533"}],"version-history":[{"count":0,"href":"https:\/\/verdadeon.com.br\/portal\/wp-json\/wp\/v2\/posts\/14533\/revisions"}],"wp:featuredmedia":[{"embeddable":true,"href":"https:\/\/verdadeon.com.br\/portal\/wp-json\/wp\/v2\/media\/14539"}],"wp:attachment":[{"href":"https:\/\/verdadeon.com.br\/portal\/wp-json\/wp\/v2\/media?parent=14533"}],"wp:term":[{"taxonomy":"category","embeddable":true,"href":"https:\/\/verdadeon.com.br\/portal\/wp-json\/wp\/v2\/categories?post=14533"},{"taxonomy":"post_tag","embeddable":true,"href":"https:\/\/verdadeon.com.br\/portal\/wp-json\/wp\/v2\/tags?post=14533"}],"curies":[{"name":"wp","href":"https:\/\/api.w.org\/{rel}","templated":true}]}}