{"id":14532,"date":"2021-02-26T16:43:43","date_gmt":"2021-02-26T19:43:43","guid":{"rendered":"https:\/\/verdadeon.com.br\/portal\/?p=14532"},"modified":"2021-02-26T16:43:43","modified_gmt":"2021-02-26T19:43:43","slug":"franca-permanece-na-fase-laranja-do-plano-sao-paulo","status":"publish","type":"post","link":"https:\/\/verdadeon.com.br\/portal\/2021\/02\/26\/franca-permanece-na-fase-laranja-do-plano-sao-paulo\/","title":{"rendered":"Franca permanece na fase laranja do \u2018Plano S\u00e3o Paulo\u2019"},"content":{"rendered":"<h2>Esta etapa \u00e9 a segunda mais restritiva do plano, classifica\u00e7\u00e3o deve valer por pelo menos mais sete dias<\/h2>\n<p>Franca permaneceu na fase laranja do Plano S\u00e3o Paulo de flexibiliza\u00e7\u00e3o, a segunda mais restritiva, o an\u00fancio foi feito durante coletiva de imprensa do governador Jo\u00e3o Doria na capital do estado. A cidade conseguiu se manter principalmente por conta da diminui\u00e7\u00e3o da taxa de ocupa\u00e7\u00e3o dos leitos de UTI.<br \/>\nNa etapa Laranja, o funcionamento dos servi\u00e7os n\u00e3o essenciais \u00e9 limitado a at\u00e9 oito horas di\u00e1rias, com atendimento presencial m\u00e1ximo de 40% da capacidade e encerramento \u00e0s 20h. O consumo local em bares est\u00e1 totalmente proibido nessa fase, mas \u00e9 permitido o funcionamento presencial se o bar operar como um restaurante, somente servindo refei\u00e7\u00e3o.<br \/>\nAl\u00e9m da Grande S\u00e3o Paulo, outras cinco regi\u00f5es do estado regrediram de fase. As regi\u00f5es de Registro, Sorocaba e Campinas passaram da Fase 3- Amarela para a Fase 2- Laranja. J\u00e1 as regi\u00f5es de Mar\u00edlia e de Ribeir\u00e3o Preto passaram da Fase 2-Laranja para a Fase 1-Vermelha e s\u00f3 poder\u00e3o manter em funcionamento os servi\u00e7os considerados essenciais.A regi\u00e3o de Piracicaba foi a \u00fanica a evoluir, passando da Fase 2-Laranja para a Fase 3-Amarela.<br \/>\nCom isso, apenas tr\u00eas regi\u00f5es do estado est\u00e3o na Fase 3- Amarela: Piracicaba, Baixada Santista e Ara\u00e7atuba. Outras seis regi\u00f5es est\u00e3o na Fase 1- Vermelha: Presidente Prudente, Mar\u00edlia, Bauru, Araraquara, Ribeir\u00e3o Preto e Barretos.<br \/>\nO Plano S\u00e3o Paulo \u00e9 dividido em cinco fases que v\u00e3o do n\u00edvel m\u00e1ximo de restri\u00e7\u00e3o de atividades n\u00e3o essenciais (Vermelho) a etapas identificadas como controle (Laranja), flexibiliza\u00e7\u00e3o (Amarelo), abertura parcial (Verde) e normal controlado (Azul). O plano divide o estado em 17 regi\u00f5es e cada uma delas \u00e9 classificada em uma fase do plano, dependendo de fatores como capacidade do sistema de sa\u00fade e a evolu\u00e7\u00e3o da epidemia.<\/p>\n","protected":false},"excerpt":{"rendered":"<p>Esta etapa \u00e9 a segunda mais restritiva do plano, classifica\u00e7\u00e3o deve valer por pelo menos mais sete dias Franca permaneceu na fase laranja do Plano S\u00e3o<span class=\"excerpt-hellip\"> [\u2026]<\/span><\/p>\n","protected":false},"author":4,"featured_media":14535,"comment_status":"open","ping_status":"open","sticky":false,"template":"","format":"standard","meta":{"_jetpack_memberships_contains_paid_content":false,"footnotes":"","jetpack_publicize_message":"","jetpack_publicize_feature_enabled":true,"jetpack_social_post_already_shared":false,"jetpack_social_options":{"image_generator_settings":{"template":"highway","default_image_id":0,"enabled":false},"version":2}},"categories":[28,81],"tags":[],"class_list":["post-14532","post","type-post","status-publish","format-standard","has-post-thumbnail","hentry","category-cotidiano","category-manchete"],"yoast_head":"<!-- This site is optimized with the Yoast SEO plugin v25.6 - https:\/\/yoast.com\/wordpress\/plugins\/seo\/ -->\n<title>Franca permanece na fase laranja do \u2018Plano S\u00e3o Paulo\u2019 - VerdadeOn<\/title>\n<meta name=\"robots\" content=\"index, follow, max-snippet:-1, max-image-preview:large, max-video-preview:-1\" \/>\n<link rel=\"canonical\" href=\"https:\/\/verdadeon.com.br\/portal\/2021\/02\/26\/franca-permanece-na-fase-laranja-do-plano-sao-paulo\/\" \/>\n<meta property=\"og:locale\" content=\"pt_BR\" \/>\n<meta property=\"og:type\" content=\"article\" \/>\n<meta property=\"og:title\" content=\"Franca permanece na fase laranja do \u2018Plano S\u00e3o Paulo\u2019 - VerdadeOn\" \/>\n<meta property=\"og:description\" content=\"Esta etapa \u00e9 a segunda mais restritiva do plano, classifica\u00e7\u00e3o deve valer por pelo menos mais sete dias Franca permaneceu na fase laranja do Plano S\u00e3o [\u2026]\" \/>\n<meta property=\"og:url\" content=\"https:\/\/verdadeon.com.br\/portal\/2021\/02\/26\/franca-permanece-na-fase-laranja-do-plano-sao-paulo\/\" \/>\n<meta property=\"og:site_name\" content=\"VerdadeOn\" \/>\n<meta property=\"article:published_time\" content=\"2021-02-26T19:43:43+00:00\" \/>\n<meta property=\"og:image\" content=\"https:\/\/verdadeon.com.br\/portal\/wp-content\/uploads\/2021\/02\/23-balanco-plano-sp-20210226-13.jpg\" \/>\n\t<meta property=\"og:image:width\" content=\"1000\" \/>\n\t<meta property=\"og:image:height\" content=\"670\" \/>\n\t<meta property=\"og:image:type\" content=\"image\/jpeg\" \/>\n<meta name=\"author\" content=\"Fernando Calixto\" \/>\n<meta name=\"twitter:card\" content=\"summary_large_image\" \/>\n<meta name=\"twitter:label1\" content=\"Escrito por\" \/>\n\t<meta name=\"twitter:data1\" content=\"Fernando Calixto\" \/>\n\t<meta name=\"twitter:label2\" content=\"Est. tempo de leitura\" \/>\n\t<meta name=\"twitter:data2\" content=\"2 minutos\" \/>\n<script type=\"application\/ld+json\" class=\"yoast-schema-graph\">{\"@context\":\"https:\/\/schema.org\",\"@graph\":[{\"@type\":\"WebPage\",\"@id\":\"https:\/\/verdadeon.com.br\/portal\/2021\/02\/26\/franca-permanece-na-fase-laranja-do-plano-sao-paulo\/\",\"url\":\"https:\/\/verdadeon.com.br\/portal\/2021\/02\/26\/franca-permanece-na-fase-laranja-do-plano-sao-paulo\/\",\"name\":\"Franca permanece na fase laranja do \u2018Plano S\u00e3o Paulo\u2019 - VerdadeOn\",\"isPartOf\":{\"@id\":\"https:\/\/verdadeon.com.br\/portal\/#website\"},\"primaryImageOfPage\":{\"@id\":\"https:\/\/verdadeon.com.br\/portal\/2021\/02\/26\/franca-permanece-na-fase-laranja-do-plano-sao-paulo\/#primaryimage\"},\"image\":{\"@id\":\"https:\/\/verdadeon.com.br\/portal\/2021\/02\/26\/franca-permanece-na-fase-laranja-do-plano-sao-paulo\/#primaryimage\"},\"thumbnailUrl\":\"https:\/\/i0.wp.com\/verdadeon.com.br\/portal\/wp-content\/uploads\/2021\/02\/23-balanco-plano-sp-20210226-13.jpg?fit=1000%2C670&ssl=1\",\"datePublished\":\"2021-02-26T19:43:43+00:00\",\"author\":{\"@id\":\"https:\/\/verdadeon.com.br\/portal\/#\/schema\/person\/8994718f49ee62ba5610471e29ca1f62\"},\"breadcrumb\":{\"@id\":\"https:\/\/verdadeon.com.br\/portal\/2021\/02\/26\/franca-permanece-na-fase-laranja-do-plano-sao-paulo\/#breadcrumb\"},\"inLanguage\":\"pt-BR\",\"potentialAction\":[{\"@type\":\"ReadAction\",\"target\":[\"https:\/\/verdadeon.com.br\/portal\/2021\/02\/26\/franca-permanece-na-fase-laranja-do-plano-sao-paulo\/\"]}]},{\"@type\":\"ImageObject\",\"inLanguage\":\"pt-BR\",\"@id\":\"https:\/\/verdadeon.com.br\/portal\/2021\/02\/26\/franca-permanece-na-fase-laranja-do-plano-sao-paulo\/#primaryimage\",\"url\":\"https:\/\/i0.wp.com\/verdadeon.com.br\/portal\/wp-content\/uploads\/2021\/02\/23-balanco-plano-sp-20210226-13.jpg?fit=1000%2C670&ssl=1\",\"contentUrl\":\"https:\/\/i0.wp.com\/verdadeon.com.br\/portal\/wp-content\/uploads\/2021\/02\/23-balanco-plano-sp-20210226-13.jpg?fit=1000%2C670&ssl=1\",\"width\":1000,\"height\":670,\"caption\":\"Regi\u00e3o de Ribeir\u00e3o Preto, vizinha \u00e0 Franca regrediu para a vermelha | Foto:Divulga\u00e7\u00e3o\"},{\"@type\":\"BreadcrumbList\",\"@id\":\"https:\/\/verdadeon.com.br\/portal\/2021\/02\/26\/franca-permanece-na-fase-laranja-do-plano-sao-paulo\/#breadcrumb\",\"itemListElement\":[{\"@type\":\"ListItem\",\"position\":1,\"name\":\"In\u00edcio\",\"item\":\"https:\/\/verdadeon.com.br\/portal\/\"},{\"@type\":\"ListItem\",\"position\":2,\"name\":\"Franca permanece na fase laranja do \u2018Plano S\u00e3o Paulo\u2019\"}]},{\"@type\":\"WebSite\",\"@id\":\"https:\/\/verdadeon.com.br\/portal\/#website\",\"url\":\"https:\/\/verdadeon.com.br\/portal\/\",\"name\":\"VerdadeOn\",\"description\":\"Not\u00edcias di\u00e1rias sobre Franca, Regi\u00e3o, Esporte, Cultura, Cotidiano, Colunas. Cobertura nos principais eventos da cidade \u00e9 aqui - Verdadeon Franca\",\"potentialAction\":[{\"@type\":\"SearchAction\",\"target\":{\"@type\":\"EntryPoint\",\"urlTemplate\":\"https:\/\/verdadeon.com.br\/portal\/?s={search_term_string}\"},\"query-input\":{\"@type\":\"PropertyValueSpecification\",\"valueRequired\":true,\"valueName\":\"search_term_string\"}}],\"inLanguage\":\"pt-BR\"},{\"@type\":\"Person\",\"@id\":\"https:\/\/verdadeon.com.br\/portal\/#\/schema\/person\/8994718f49ee62ba5610471e29ca1f62\",\"name\":\"Fernando Calixto\",\"image\":{\"@type\":\"ImageObject\",\"inLanguage\":\"pt-BR\",\"@id\":\"https:\/\/verdadeon.com.br\/portal\/#\/schema\/person\/image\/\",\"url\":\"https:\/\/secure.gravatar.com\/avatar\/7578910c24966c0316c340f9dbd601e93ee9f9212e1033968b367af9306bd9fb?s=96&d=mm&r=g\",\"contentUrl\":\"https:\/\/secure.gravatar.com\/avatar\/7578910c24966c0316c340f9dbd601e93ee9f9212e1033968b367af9306bd9fb?s=96&d=mm&r=g\",\"caption\":\"Fernando Calixto\"},\"url\":\"https:\/\/verdadeon.com.br\/portal\/author\/fernando-calixto\/\"}]}<\/script>\n<!-- \/ Yoast SEO plugin. -->","yoast_head_json":{"title":"Franca permanece na fase laranja do \u2018Plano S\u00e3o Paulo\u2019 - VerdadeOn","robots":{"index":"index","follow":"follow","max-snippet":"max-snippet:-1","max-image-preview":"max-image-preview:large","max-video-preview":"max-video-preview:-1"},"canonical":"https:\/\/verdadeon.com.br\/portal\/2021\/02\/26\/franca-permanece-na-fase-laranja-do-plano-sao-paulo\/","og_locale":"pt_BR","og_type":"article","og_title":"Franca permanece na fase laranja do \u2018Plano S\u00e3o Paulo\u2019 - VerdadeOn","og_description":"Esta etapa \u00e9 a segunda mais restritiva do plano, classifica\u00e7\u00e3o deve valer por pelo menos mais sete dias Franca permaneceu na fase laranja do Plano S\u00e3o [\u2026]","og_url":"https:\/\/verdadeon.com.br\/portal\/2021\/02\/26\/franca-permanece-na-fase-laranja-do-plano-sao-paulo\/","og_site_name":"VerdadeOn","article_published_time":"2021-02-26T19:43:43+00:00","og_image":[{"width":1000,"height":670,"url":"https:\/\/verdadeon.com.br\/portal\/wp-content\/uploads\/2021\/02\/23-balanco-plano-sp-20210226-13.jpg","type":"image\/jpeg"}],"author":"Fernando Calixto","twitter_card":"summary_large_image","twitter_misc":{"Escrito por":"Fernando Calixto","Est. tempo de leitura":"2 minutos"},"schema":{"@context":"https:\/\/schema.org","@graph":[{"@type":"WebPage","@id":"https:\/\/verdadeon.com.br\/portal\/2021\/02\/26\/franca-permanece-na-fase-laranja-do-plano-sao-paulo\/","url":"https:\/\/verdadeon.com.br\/portal\/2021\/02\/26\/franca-permanece-na-fase-laranja-do-plano-sao-paulo\/","name":"Franca permanece na fase laranja do \u2018Plano S\u00e3o Paulo\u2019 - VerdadeOn","isPartOf":{"@id":"https:\/\/verdadeon.com.br\/portal\/#website"},"primaryImageOfPage":{"@id":"https:\/\/verdadeon.com.br\/portal\/2021\/02\/26\/franca-permanece-na-fase-laranja-do-plano-sao-paulo\/#primaryimage"},"image":{"@id":"https:\/\/verdadeon.com.br\/portal\/2021\/02\/26\/franca-permanece-na-fase-laranja-do-plano-sao-paulo\/#primaryimage"},"thumbnailUrl":"https:\/\/i0.wp.com\/verdadeon.com.br\/portal\/wp-content\/uploads\/2021\/02\/23-balanco-plano-sp-20210226-13.jpg?fit=1000%2C670&ssl=1","datePublished":"2021-02-26T19:43:43+00:00","author":{"@id":"https:\/\/verdadeon.com.br\/portal\/#\/schema\/person\/8994718f49ee62ba5610471e29ca1f62"},"breadcrumb":{"@id":"https:\/\/verdadeon.com.br\/portal\/2021\/02\/26\/franca-permanece-na-fase-laranja-do-plano-sao-paulo\/#breadcrumb"},"inLanguage":"pt-BR","potentialAction":[{"@type":"ReadAction","target":["https:\/\/verdadeon.com.br\/portal\/2021\/02\/26\/franca-permanece-na-fase-laranja-do-plano-sao-paulo\/"]}]},{"@type":"ImageObject","inLanguage":"pt-BR","@id":"https:\/\/verdadeon.com.br\/portal\/2021\/02\/26\/franca-permanece-na-fase-laranja-do-plano-sao-paulo\/#primaryimage","url":"https:\/\/i0.wp.com\/verdadeon.com.br\/portal\/wp-content\/uploads\/2021\/02\/23-balanco-plano-sp-20210226-13.jpg?fit=1000%2C670&ssl=1","contentUrl":"https:\/\/i0.wp.com\/verdadeon.com.br\/portal\/wp-content\/uploads\/2021\/02\/23-balanco-plano-sp-20210226-13.jpg?fit=1000%2C670&ssl=1","width":1000,"height":670,"caption":"Regi\u00e3o de Ribeir\u00e3o Preto, vizinha \u00e0 Franca regrediu para a vermelha | Foto:Divulga\u00e7\u00e3o"},{"@type":"BreadcrumbList","@id":"https:\/\/verdadeon.com.br\/portal\/2021\/02\/26\/franca-permanece-na-fase-laranja-do-plano-sao-paulo\/#breadcrumb","itemListElement":[{"@type":"ListItem","position":1,"name":"In\u00edcio","item":"https:\/\/verdadeon.com.br\/portal\/"},{"@type":"ListItem","position":2,"name":"Franca permanece na fase laranja do \u2018Plano S\u00e3o Paulo\u2019"}]},{"@type":"WebSite","@id":"https:\/\/verdadeon.com.br\/portal\/#website","url":"https:\/\/verdadeon.com.br\/portal\/","name":"VerdadeOn","description":"Not\u00edcias di\u00e1rias sobre Franca, Regi\u00e3o, Esporte, Cultura, Cotidiano, Colunas. Cobertura nos principais eventos da cidade \u00e9 aqui - Verdadeon Franca","potentialAction":[{"@type":"SearchAction","target":{"@type":"EntryPoint","urlTemplate":"https:\/\/verdadeon.com.br\/portal\/?s={search_term_string}"},"query-input":{"@type":"PropertyValueSpecification","valueRequired":true,"valueName":"search_term_string"}}],"inLanguage":"pt-BR"},{"@type":"Person","@id":"https:\/\/verdadeon.com.br\/portal\/#\/schema\/person\/8994718f49ee62ba5610471e29ca1f62","name":"Fernando Calixto","image":{"@type":"ImageObject","inLanguage":"pt-BR","@id":"https:\/\/verdadeon.com.br\/portal\/#\/schema\/person\/image\/","url":"https:\/\/secure.gravatar.com\/avatar\/7578910c24966c0316c340f9dbd601e93ee9f9212e1033968b367af9306bd9fb?s=96&d=mm&r=g","contentUrl":"https:\/\/secure.gravatar.com\/avatar\/7578910c24966c0316c340f9dbd601e93ee9f9212e1033968b367af9306bd9fb?s=96&d=mm&r=g","caption":"Fernando Calixto"},"url":"https:\/\/verdadeon.com.br\/portal\/author\/fernando-calixto\/"}]}},"jetpack_publicize_connections":[],"jetpack_featured_media_url":"https:\/\/i0.wp.com\/verdadeon.com.br\/portal\/wp-content\/uploads\/2021\/02\/23-balanco-plano-sp-20210226-13.jpg?fit=1000%2C670&ssl=1","jetpack_sharing_enabled":true,"_links":{"self":[{"href":"https:\/\/verdadeon.com.br\/portal\/wp-json\/wp\/v2\/posts\/14532","targetHints":{"allow":["GET"]}}],"collection":[{"href":"https:\/\/verdadeon.com.br\/portal\/wp-json\/wp\/v2\/posts"}],"about":[{"href":"https:\/\/verdadeon.com.br\/portal\/wp-json\/wp\/v2\/types\/post"}],"author":[{"embeddable":true,"href":"https:\/\/verdadeon.com.br\/portal\/wp-json\/wp\/v2\/users\/4"}],"replies":[{"embeddable":true,"href":"https:\/\/verdadeon.com.br\/portal\/wp-json\/wp\/v2\/comments?post=14532"}],"version-history":[{"count":0,"href":"https:\/\/verdadeon.com.br\/portal\/wp-json\/wp\/v2\/posts\/14532\/revisions"}],"wp:featuredmedia":[{"embeddable":true,"href":"https:\/\/verdadeon.com.br\/portal\/wp-json\/wp\/v2\/media\/14535"}],"wp:attachment":[{"href":"https:\/\/verdadeon.com.br\/portal\/wp-json\/wp\/v2\/media?parent=14532"}],"wp:term":[{"taxonomy":"category","embeddable":true,"href":"https:\/\/verdadeon.com.br\/portal\/wp-json\/wp\/v2\/categories?post=14532"},{"taxonomy":"post_tag","embeddable":true,"href":"https:\/\/verdadeon.com.br\/portal\/wp-json\/wp\/v2\/tags?post=14532"}],"curies":[{"name":"wp","href":"https:\/\/api.w.org\/{rel}","templated":true}]}}