{"id":14471,"date":"2021-02-26T12:31:03","date_gmt":"2021-02-26T15:31:03","guid":{"rendered":"https:\/\/verdadeon.com.br\/portal\/?p=14471"},"modified":"2021-02-26T12:31:03","modified_gmt":"2021-02-26T15:31:03","slug":"desemprego-recua-para-139-no-4o-trimestre-segundo-o-ibge","status":"publish","type":"post","link":"https:\/\/verdadeon.com.br\/portal\/2021\/02\/26\/desemprego-recua-para-139-no-4o-trimestre-segundo-o-ibge\/","title":{"rendered":"Desemprego recua para 13,9% no 4\u00ba trimestre, segundo o IBGE"},"content":{"rendered":"<div class=\"col-lg-12 mb-3\">\n<div class=\"row\">\n<h3 class=\"col-10 offset-1 animated fadeInDown dealy-900 display-8 display-md-8 alt-font font-italic my-1 text-center\">Taxa m\u00e9dia de desocupa\u00e7\u00e3o em 2020 \u00e9 a maior, desde 2012<\/h3>\n<\/div>\n<p>Ana Cristina Campos \u2013 Rep\u00f3rter da Ag\u00eancia Brasil &#8211; Rio de Janeiro<\/p><\/div>\n<div class=\"col-xl-7 offset-xl-1 col-lg-8 offset-lg-0 col-md-10 offset-md-1 mb-3\">\n<div class=\"post-item alt-font\">\n<div class=\"post-item-wrap\">\n<p>O desemprego recuou para 13,9% no quarto trimestre de 2020, depois de atingir 14,6% no trimestre anterior. Mas a taxa m\u00e9dia de desocupa\u00e7\u00e3o para o ano passado foi de 13,5%, a maior desde 2012, o que corresponde a cerca de 13,4 milh\u00f5es de pessoas buscando trabalho no pa\u00eds.<img data-recalc-dims=\"1\" decoding=\"async\" src=\"https:\/\/i0.wp.com\/agenciabrasil.ebc.com.br\/ebc.png?w=1220&#038;ssl=1\" \/><img data-recalc-dims=\"1\" decoding=\"async\" src=\"https:\/\/i0.wp.com\/agenciabrasil.ebc.com.br\/ebc.gif?w=1220&#038;ssl=1\" \/><\/p>\n<p>O resultado para o ano interrompe a queda na desocupa\u00e7\u00e3o iniciada em 2018, quando\u00a0ficou em 12,3%. Em 2019, o desemprego foi de 11,9%. Os dados s\u00e3o da Pesquisa Nacional por Amostra de Domic\u00edlios Cont\u00ednua (Pnad\u00a0Cont\u00ednua), divulgada\u00a0hoje\u00a0(26) pelo Instituto de Geografia e Estat\u00edstica (IBGE).<\/p>\n<p>Segundo a analista da pesquisa, Adriana Beringuy, essa rea\u00e7\u00e3o do mercado de trabalho no quarto trimestre j\u00e1 era esperada. \u201cO recuo da taxa no fim do ano \u00e9 um comportamento sazonal por conta do tradicional aumento das contrata\u00e7\u00f5es tempor\u00e1rias e aumento das vendas do com\u00e9rcio. \u00c9 interessante notar que mesmo num ano de pandemia, o mercado de trabalho mostrou essa rea\u00e7\u00e3o\u201d, afirmou, em nota.<\/p>\n<p>O resultado no quarto trimestre foi puxado pelo aumento na ocupa\u00e7\u00e3o em quase todos os grupos de atividades: agricultura (3,4%), ind\u00fastria (3,1%), constru\u00e7\u00e3o (5,2%), com\u00e9rcio (5,2%), alojamento e alimenta\u00e7\u00e3o (6,5%), informa\u00e7\u00e3o e comunica\u00e7\u00e3o (5,8%) outros servi\u00e7os (5,9%), servi\u00e7os\u00a0dom\u00e9sticos (6,7%) e administra\u00e7\u00e3o p\u00fablica (2,9%). Apenas transporte ficou est\u00e1vel.<\/p>\n<h2>Pandemia<\/h2>\n<p>A analista do IBGE destacou que, no ano passado, houve uma piora nas condi\u00e7\u00f5es do mercado de trabalho por causa da pandemia de covid-19.<\/p>\n<p>\u201cA necessidade de medidas de distanciamento social para o controle da propaga\u00e7\u00e3o do v\u00edrus paralisaram temporariamente algumas atividades econ\u00f4micas, o que tamb\u00e9m influenciou na decis\u00e3o das pessoas de procurarem trabalho. Com o relaxamento dessas medidas ao longo do ano, um maior contingente de pessoas voltou a buscar uma ocupa\u00e7\u00e3o, pressionando o mercado de trabalho\u201d, disse.<\/p>\n<p>De acordo com o IBGE, no intervalo de um ano, a popula\u00e7\u00e3o ocupada reduziu 7,3 milh\u00f5es de pessoas, chegando ao menor n\u00famero da s\u00e9rie anual.<\/p>\n<p>\u201cSa\u00edmos da maior popula\u00e7\u00e3o ocupada da s\u00e9rie, em 2019, com 93,4 milh\u00f5es de pessoas, para 86,1 milh\u00f5es em 2020. Ou seja, foi uma queda bastante acentuada e em um per\u00edodo muito curto, o que trouxe impactos significativos nos indicadores da pesquisa. Pela primeira vez na s\u00e9rie anual, menos da metade da popula\u00e7\u00e3o em idade para trabalhar estava ocupada no pa\u00eds. Em 2020, o n\u00edvel de ocupa\u00e7\u00e3o foi de 49,4%\u201d, acrescentou Adriana.<\/p>\n<p>Em um ano, o n\u00famero de empregados com carteira de trabalho assinada no setor privado (excluindo trabalhadores\u00a0dom\u00e9sticos) teve redu\u00e7\u00e3o recorde, menos 2,6 milh\u00f5es, um recuo de 7,8%, ficando em 30,6 milh\u00f5es de pessoas. Os trabalhadores\u00a0dom\u00e9sticos (5,1 milh\u00f5es) diminu\u00edram 19,2%, tamb\u00e9m a maior retra\u00e7\u00e3o j\u00e1 registrada.<\/p>\n<p>Foi registrada redu\u00e7\u00e3o de 1,5 milh\u00e3o de pessoas entre os trabalhadores por conta pr\u00f3pria, que somaram 22,7 milh\u00f5es, retra\u00e7\u00e3o de 6,2% em rela\u00e7\u00e3o a 2019. O n\u00famero de empregados sem carteira assinada no setor privado (9,7 milh\u00f5es) caiu 16,5%, menos 1,9 milh\u00e3o de pessoas. O total de empregadores recuou 8,5%, ficando em 4 milh\u00f5es.<\/p>\n<p>Segundo a pesquisa, a taxa de informalidade passou de 41,1% em 2019 para 38,7% em 2020, o que representa 33,3 milh\u00f5es pessoas sem carteira assinada (empregados do setor privado ou trabalhadores\u00a0dom\u00e9sticos), sem CNPJ (empregadores ou empregados por conta pr\u00f3pria) ou trabalhadores sem remunera\u00e7\u00e3o.<\/p>\n<p>De acordo com o IBGE, outro destaque foi a alta recorde no total de pessoas subutilizadas, que s\u00e3o aquelas desocupadas, subocupadas por insufici\u00eancia de horas trabalhadas ou na for\u00e7a de trabalho potencial. Em 2020, esse contingente chegou a 31,2 milh\u00f5es, o maior da s\u00e9rie, um aumento de 13,1% com mais 3,6 milh\u00f5es de pessoas.<\/p>\n<p>Os desalentados, que\u00a0desistiram de\u00a0procurar\u00a0trabalho\u00a0devido \u00e0s condi\u00e7\u00f5es estruturais do mercado, chegaram a 5,5 milh\u00f5es de pessoas 2020, alta de 16,1% em rela\u00e7\u00e3o ao ano anterior. \u00c9 tamb\u00e9m o maior contingente da s\u00e9rie anual da Pnad\u00a0Cont\u00ednua.<\/p>\n<p>\u201cCom os impactos econ\u00f4micos da pandemia, muitas pessoas pararam de procurar trabalho por n\u00e3o encontrarem na localidade em que vivem ou por medo de se exporem ao v\u00edrus. Durante o ano de 2020, observamos que a popula\u00e7\u00e3o na for\u00e7a de trabalho potencial cresceu devido ao contexto. Esse processo causado pela pandemia, somado \u00e0s dificuldades estruturais de inser\u00e7\u00e3o no mercado de trabalho, podem\u00a0ter\u00a0refor\u00e7ado a sensa\u00e7\u00e3o de desalento\u201d, afirmou a analista da pesquisa.<\/p>\n<p>Impulsionada pelos segmentos de sa\u00fade e educa\u00e7\u00e3o, a administra\u00e7\u00e3o p\u00fablica cresceu 1%, com mais 172 mil trabalhadores, J\u00e1 constru\u00e7\u00e3o fechou 2020 com perda de 12,5% na ocupa\u00e7\u00e3o, seguido de com\u00e9rcio (9,6%) e ind\u00fastria (8,0%). Os servi\u00e7os tamb\u00e9m foram os mais afetados, com destaque para alojamento e alimenta\u00e7\u00e3o (21,3%) e servi\u00e7os\u00a0dom\u00e9sticos (19%).<\/p>\n<p>Em 2020, o rendimento m\u00e9dio real dos trabalhadores foi de R$ 2.543, crescimento de 4,7% em rela\u00e7\u00e3o a 2019. J\u00e1 a massa de rendimento real, que \u00e9 a soma de todos os rendimentos dos trabalhadores, atingiu R$ 213,4 bilh\u00f5es, redu\u00e7\u00e3o de 3,6% frente ao ano anterior.<\/p>\n<\/div>\n<p class=\"alt-font font-italic my-2 small text-info\">Edi\u00e7\u00e3o: Denise Griesinger<\/p>\n<\/div>\n<\/div>\n","protected":false},"excerpt":{"rendered":"<p>Taxa m\u00e9dia de desocupa\u00e7\u00e3o em 2020 \u00e9 a maior, desde 2012 Ana Cristina Campos \u2013 Rep\u00f3rter da Ag\u00eancia Brasil &#8211; Rio de Janeiro O desemprego recuou<span class=\"excerpt-hellip\"> [\u2026]<\/span><\/p>\n","protected":false},"author":4,"featured_media":14469,"comment_status":"open","ping_status":"open","sticky":false,"template":"","format":"standard","meta":{"_jetpack_memberships_contains_paid_content":false,"footnotes":"","jetpack_publicize_message":"","jetpack_publicize_feature_enabled":true,"jetpack_social_post_already_shared":false,"jetpack_social_options":{"image_generator_settings":{"template":"highway","default_image_id":0,"enabled":false},"version":2}},"categories":[28,44],"tags":[],"class_list":["post-14471","post","type-post","status-publish","format-standard","has-post-thumbnail","hentry","category-cotidiano","category-noticias"],"yoast_head":"<!-- This site is optimized with the Yoast SEO plugin v25.6 - https:\/\/yoast.com\/wordpress\/plugins\/seo\/ -->\n<title>Desemprego recua para 13,9% no 4\u00ba trimestre, segundo o IBGE - VerdadeOn<\/title>\n<meta name=\"robots\" content=\"index, follow, max-snippet:-1, max-image-preview:large, max-video-preview:-1\" \/>\n<link rel=\"canonical\" href=\"https:\/\/verdadeon.com.br\/portal\/2021\/02\/26\/desemprego-recua-para-139-no-4o-trimestre-segundo-o-ibge\/\" \/>\n<meta property=\"og:locale\" content=\"pt_BR\" \/>\n<meta property=\"og:type\" content=\"article\" \/>\n<meta property=\"og:title\" content=\"Desemprego recua para 13,9% no 4\u00ba trimestre, segundo o IBGE - VerdadeOn\" \/>\n<meta property=\"og:description\" content=\"Taxa m\u00e9dia de desocupa\u00e7\u00e3o em 2020 \u00e9 a maior, desde 2012 Ana Cristina Campos \u2013 Rep\u00f3rter da Ag\u00eancia Brasil &#8211; Rio de Janeiro O desemprego recuou [\u2026]\" \/>\n<meta property=\"og:url\" content=\"https:\/\/verdadeon.com.br\/portal\/2021\/02\/26\/desemprego-recua-para-139-no-4o-trimestre-segundo-o-ibge\/\" \/>\n<meta property=\"og:site_name\" content=\"VerdadeOn\" \/>\n<meta property=\"article:published_time\" content=\"2021-02-26T15:31:03+00:00\" \/>\n<meta property=\"og:image\" content=\"https:\/\/verdadeon.com.br\/portal\/wp-content\/uploads\/2021\/02\/carteira_de_trabalho_07122000711.jpg\" \/>\n\t<meta property=\"og:image:width\" content=\"1000\" \/>\n\t<meta property=\"og:image:height\" content=\"670\" \/>\n\t<meta property=\"og:image:type\" content=\"image\/jpeg\" \/>\n<meta name=\"author\" content=\"Fernando Calixto\" \/>\n<meta name=\"twitter:card\" content=\"summary_large_image\" \/>\n<meta name=\"twitter:label1\" content=\"Escrito por\" \/>\n\t<meta name=\"twitter:data1\" content=\"Fernando Calixto\" \/>\n\t<meta name=\"twitter:label2\" content=\"Est. tempo de leitura\" \/>\n\t<meta name=\"twitter:data2\" content=\"4 minutos\" \/>\n<script type=\"application\/ld+json\" class=\"yoast-schema-graph\">{\"@context\":\"https:\/\/schema.org\",\"@graph\":[{\"@type\":\"WebPage\",\"@id\":\"https:\/\/verdadeon.com.br\/portal\/2021\/02\/26\/desemprego-recua-para-139-no-4o-trimestre-segundo-o-ibge\/\",\"url\":\"https:\/\/verdadeon.com.br\/portal\/2021\/02\/26\/desemprego-recua-para-139-no-4o-trimestre-segundo-o-ibge\/\",\"name\":\"Desemprego recua para 13,9% no 4\u00ba trimestre, segundo o IBGE - VerdadeOn\",\"isPartOf\":{\"@id\":\"https:\/\/verdadeon.com.br\/portal\/#website\"},\"primaryImageOfPage\":{\"@id\":\"https:\/\/verdadeon.com.br\/portal\/2021\/02\/26\/desemprego-recua-para-139-no-4o-trimestre-segundo-o-ibge\/#primaryimage\"},\"image\":{\"@id\":\"https:\/\/verdadeon.com.br\/portal\/2021\/02\/26\/desemprego-recua-para-139-no-4o-trimestre-segundo-o-ibge\/#primaryimage\"},\"thumbnailUrl\":\"https:\/\/i0.wp.com\/verdadeon.com.br\/portal\/wp-content\/uploads\/2021\/02\/carteira_de_trabalho_07122000711.jpg?fit=1000%2C670&ssl=1\",\"datePublished\":\"2021-02-26T15:31:03+00:00\",\"author\":{\"@id\":\"https:\/\/verdadeon.com.br\/portal\/#\/schema\/person\/8994718f49ee62ba5610471e29ca1f62\"},\"breadcrumb\":{\"@id\":\"https:\/\/verdadeon.com.br\/portal\/2021\/02\/26\/desemprego-recua-para-139-no-4o-trimestre-segundo-o-ibge\/#breadcrumb\"},\"inLanguage\":\"pt-BR\",\"potentialAction\":[{\"@type\":\"ReadAction\",\"target\":[\"https:\/\/verdadeon.com.br\/portal\/2021\/02\/26\/desemprego-recua-para-139-no-4o-trimestre-segundo-o-ibge\/\"]}]},{\"@type\":\"ImageObject\",\"inLanguage\":\"pt-BR\",\"@id\":\"https:\/\/verdadeon.com.br\/portal\/2021\/02\/26\/desemprego-recua-para-139-no-4o-trimestre-segundo-o-ibge\/#primaryimage\",\"url\":\"https:\/\/i0.wp.com\/verdadeon.com.br\/portal\/wp-content\/uploads\/2021\/02\/carteira_de_trabalho_07122000711.jpg?fit=1000%2C670&ssl=1\",\"contentUrl\":\"https:\/\/i0.wp.com\/verdadeon.com.br\/portal\/wp-content\/uploads\/2021\/02\/carteira_de_trabalho_07122000711.jpg?fit=1000%2C670&ssl=1\",\"width\":1000,\"height\":670,\"caption\":\"carteira de trabalho\"},{\"@type\":\"BreadcrumbList\",\"@id\":\"https:\/\/verdadeon.com.br\/portal\/2021\/02\/26\/desemprego-recua-para-139-no-4o-trimestre-segundo-o-ibge\/#breadcrumb\",\"itemListElement\":[{\"@type\":\"ListItem\",\"position\":1,\"name\":\"In\u00edcio\",\"item\":\"https:\/\/verdadeon.com.br\/portal\/\"},{\"@type\":\"ListItem\",\"position\":2,\"name\":\"Desemprego recua para 13,9% no 4\u00ba trimestre, segundo o IBGE\"}]},{\"@type\":\"WebSite\",\"@id\":\"https:\/\/verdadeon.com.br\/portal\/#website\",\"url\":\"https:\/\/verdadeon.com.br\/portal\/\",\"name\":\"VerdadeOn\",\"description\":\"Not\u00edcias di\u00e1rias sobre Franca, Regi\u00e3o, Esporte, Cultura, Cotidiano, Colunas. Cobertura nos principais eventos da cidade \u00e9 aqui - Verdadeon Franca\",\"potentialAction\":[{\"@type\":\"SearchAction\",\"target\":{\"@type\":\"EntryPoint\",\"urlTemplate\":\"https:\/\/verdadeon.com.br\/portal\/?s={search_term_string}\"},\"query-input\":{\"@type\":\"PropertyValueSpecification\",\"valueRequired\":true,\"valueName\":\"search_term_string\"}}],\"inLanguage\":\"pt-BR\"},{\"@type\":\"Person\",\"@id\":\"https:\/\/verdadeon.com.br\/portal\/#\/schema\/person\/8994718f49ee62ba5610471e29ca1f62\",\"name\":\"Fernando Calixto\",\"image\":{\"@type\":\"ImageObject\",\"inLanguage\":\"pt-BR\",\"@id\":\"https:\/\/verdadeon.com.br\/portal\/#\/schema\/person\/image\/\",\"url\":\"https:\/\/secure.gravatar.com\/avatar\/7578910c24966c0316c340f9dbd601e93ee9f9212e1033968b367af9306bd9fb?s=96&d=mm&r=g\",\"contentUrl\":\"https:\/\/secure.gravatar.com\/avatar\/7578910c24966c0316c340f9dbd601e93ee9f9212e1033968b367af9306bd9fb?s=96&d=mm&r=g\",\"caption\":\"Fernando Calixto\"},\"url\":\"https:\/\/verdadeon.com.br\/portal\/author\/fernando-calixto\/\"}]}<\/script>\n<!-- \/ Yoast SEO plugin. -->","yoast_head_json":{"title":"Desemprego recua para 13,9% no 4\u00ba trimestre, segundo o IBGE - VerdadeOn","robots":{"index":"index","follow":"follow","max-snippet":"max-snippet:-1","max-image-preview":"max-image-preview:large","max-video-preview":"max-video-preview:-1"},"canonical":"https:\/\/verdadeon.com.br\/portal\/2021\/02\/26\/desemprego-recua-para-139-no-4o-trimestre-segundo-o-ibge\/","og_locale":"pt_BR","og_type":"article","og_title":"Desemprego recua para 13,9% no 4\u00ba trimestre, segundo o IBGE - VerdadeOn","og_description":"Taxa m\u00e9dia de desocupa\u00e7\u00e3o em 2020 \u00e9 a maior, desde 2012 Ana Cristina Campos \u2013 Rep\u00f3rter da Ag\u00eancia Brasil &#8211; Rio de Janeiro O desemprego recuou [\u2026]","og_url":"https:\/\/verdadeon.com.br\/portal\/2021\/02\/26\/desemprego-recua-para-139-no-4o-trimestre-segundo-o-ibge\/","og_site_name":"VerdadeOn","article_published_time":"2021-02-26T15:31:03+00:00","og_image":[{"width":1000,"height":670,"url":"https:\/\/verdadeon.com.br\/portal\/wp-content\/uploads\/2021\/02\/carteira_de_trabalho_07122000711.jpg","type":"image\/jpeg"}],"author":"Fernando Calixto","twitter_card":"summary_large_image","twitter_misc":{"Escrito por":"Fernando Calixto","Est. tempo de leitura":"4 minutos"},"schema":{"@context":"https:\/\/schema.org","@graph":[{"@type":"WebPage","@id":"https:\/\/verdadeon.com.br\/portal\/2021\/02\/26\/desemprego-recua-para-139-no-4o-trimestre-segundo-o-ibge\/","url":"https:\/\/verdadeon.com.br\/portal\/2021\/02\/26\/desemprego-recua-para-139-no-4o-trimestre-segundo-o-ibge\/","name":"Desemprego recua para 13,9% no 4\u00ba trimestre, segundo o IBGE - VerdadeOn","isPartOf":{"@id":"https:\/\/verdadeon.com.br\/portal\/#website"},"primaryImageOfPage":{"@id":"https:\/\/verdadeon.com.br\/portal\/2021\/02\/26\/desemprego-recua-para-139-no-4o-trimestre-segundo-o-ibge\/#primaryimage"},"image":{"@id":"https:\/\/verdadeon.com.br\/portal\/2021\/02\/26\/desemprego-recua-para-139-no-4o-trimestre-segundo-o-ibge\/#primaryimage"},"thumbnailUrl":"https:\/\/i0.wp.com\/verdadeon.com.br\/portal\/wp-content\/uploads\/2021\/02\/carteira_de_trabalho_07122000711.jpg?fit=1000%2C670&ssl=1","datePublished":"2021-02-26T15:31:03+00:00","author":{"@id":"https:\/\/verdadeon.com.br\/portal\/#\/schema\/person\/8994718f49ee62ba5610471e29ca1f62"},"breadcrumb":{"@id":"https:\/\/verdadeon.com.br\/portal\/2021\/02\/26\/desemprego-recua-para-139-no-4o-trimestre-segundo-o-ibge\/#breadcrumb"},"inLanguage":"pt-BR","potentialAction":[{"@type":"ReadAction","target":["https:\/\/verdadeon.com.br\/portal\/2021\/02\/26\/desemprego-recua-para-139-no-4o-trimestre-segundo-o-ibge\/"]}]},{"@type":"ImageObject","inLanguage":"pt-BR","@id":"https:\/\/verdadeon.com.br\/portal\/2021\/02\/26\/desemprego-recua-para-139-no-4o-trimestre-segundo-o-ibge\/#primaryimage","url":"https:\/\/i0.wp.com\/verdadeon.com.br\/portal\/wp-content\/uploads\/2021\/02\/carteira_de_trabalho_07122000711.jpg?fit=1000%2C670&ssl=1","contentUrl":"https:\/\/i0.wp.com\/verdadeon.com.br\/portal\/wp-content\/uploads\/2021\/02\/carteira_de_trabalho_07122000711.jpg?fit=1000%2C670&ssl=1","width":1000,"height":670,"caption":"carteira de trabalho"},{"@type":"BreadcrumbList","@id":"https:\/\/verdadeon.com.br\/portal\/2021\/02\/26\/desemprego-recua-para-139-no-4o-trimestre-segundo-o-ibge\/#breadcrumb","itemListElement":[{"@type":"ListItem","position":1,"name":"In\u00edcio","item":"https:\/\/verdadeon.com.br\/portal\/"},{"@type":"ListItem","position":2,"name":"Desemprego recua para 13,9% no 4\u00ba trimestre, segundo o IBGE"}]},{"@type":"WebSite","@id":"https:\/\/verdadeon.com.br\/portal\/#website","url":"https:\/\/verdadeon.com.br\/portal\/","name":"VerdadeOn","description":"Not\u00edcias di\u00e1rias sobre Franca, Regi\u00e3o, Esporte, Cultura, Cotidiano, Colunas. Cobertura nos principais eventos da cidade \u00e9 aqui - Verdadeon Franca","potentialAction":[{"@type":"SearchAction","target":{"@type":"EntryPoint","urlTemplate":"https:\/\/verdadeon.com.br\/portal\/?s={search_term_string}"},"query-input":{"@type":"PropertyValueSpecification","valueRequired":true,"valueName":"search_term_string"}}],"inLanguage":"pt-BR"},{"@type":"Person","@id":"https:\/\/verdadeon.com.br\/portal\/#\/schema\/person\/8994718f49ee62ba5610471e29ca1f62","name":"Fernando Calixto","image":{"@type":"ImageObject","inLanguage":"pt-BR","@id":"https:\/\/verdadeon.com.br\/portal\/#\/schema\/person\/image\/","url":"https:\/\/secure.gravatar.com\/avatar\/7578910c24966c0316c340f9dbd601e93ee9f9212e1033968b367af9306bd9fb?s=96&d=mm&r=g","contentUrl":"https:\/\/secure.gravatar.com\/avatar\/7578910c24966c0316c340f9dbd601e93ee9f9212e1033968b367af9306bd9fb?s=96&d=mm&r=g","caption":"Fernando Calixto"},"url":"https:\/\/verdadeon.com.br\/portal\/author\/fernando-calixto\/"}]}},"jetpack_publicize_connections":[],"jetpack_featured_media_url":"https:\/\/i0.wp.com\/verdadeon.com.br\/portal\/wp-content\/uploads\/2021\/02\/carteira_de_trabalho_07122000711.jpg?fit=1000%2C670&ssl=1","jetpack_sharing_enabled":true,"_links":{"self":[{"href":"https:\/\/verdadeon.com.br\/portal\/wp-json\/wp\/v2\/posts\/14471","targetHints":{"allow":["GET"]}}],"collection":[{"href":"https:\/\/verdadeon.com.br\/portal\/wp-json\/wp\/v2\/posts"}],"about":[{"href":"https:\/\/verdadeon.com.br\/portal\/wp-json\/wp\/v2\/types\/post"}],"author":[{"embeddable":true,"href":"https:\/\/verdadeon.com.br\/portal\/wp-json\/wp\/v2\/users\/4"}],"replies":[{"embeddable":true,"href":"https:\/\/verdadeon.com.br\/portal\/wp-json\/wp\/v2\/comments?post=14471"}],"version-history":[{"count":0,"href":"https:\/\/verdadeon.com.br\/portal\/wp-json\/wp\/v2\/posts\/14471\/revisions"}],"wp:featuredmedia":[{"embeddable":true,"href":"https:\/\/verdadeon.com.br\/portal\/wp-json\/wp\/v2\/media\/14469"}],"wp:attachment":[{"href":"https:\/\/verdadeon.com.br\/portal\/wp-json\/wp\/v2\/media?parent=14471"}],"wp:term":[{"taxonomy":"category","embeddable":true,"href":"https:\/\/verdadeon.com.br\/portal\/wp-json\/wp\/v2\/categories?post=14471"},{"taxonomy":"post_tag","embeddable":true,"href":"https:\/\/verdadeon.com.br\/portal\/wp-json\/wp\/v2\/tags?post=14471"}],"curies":[{"name":"wp","href":"https:\/\/api.w.org\/{rel}","templated":true}]}}