{"id":14449,"date":"2021-02-25T16:58:12","date_gmt":"2021-02-25T19:58:12","guid":{"rendered":"https:\/\/verdadeon.com.br\/portal\/?p=14449"},"modified":"2021-02-25T16:58:12","modified_gmt":"2021-02-25T19:58:12","slug":"se-nao-conseguirmos-os-recursos-a-gente-nao-joga-diz-anderson-silva-presidente-da-francana","status":"publish","type":"post","link":"https:\/\/verdadeon.com.br\/portal\/2021\/02\/25\/se-nao-conseguirmos-os-recursos-a-gente-nao-joga-diz-anderson-silva-presidente-da-francana\/","title":{"rendered":"\u201cSe n\u00e3o conseguirmos os recursos, a gente n\u00e3o joga\u201d, diz Anderson Silva, presidente da Francana"},"content":{"rendered":"<h2>Declara\u00e7\u00e3o foi feita durante entrevista ao \u201cPodcast Verdade\u201d<\/h2>\n<p>O presidente da Francana Anderson Silva, participou do \u201cPodcast Verdade\u201d desta quinta-feira (25). Entre v\u00e1rias respostas, Silva afirmou ao rep\u00f3rter Fernando Calixto que a Francana est\u00e1 em busca de patroc\u00ednios, e caso n\u00e3o consiga eles estar\u00e3o fora do campeonato Paulista.<br \/>\n\u201cO campeonato \u00e9 para o segundo semestre, vamos tentar captar o recurso. Se a gente conseguir capta\u00e7\u00e3o de 100% a gente joga. Se os recursos n\u00e3o vierem, se por algum motivo n\u00e3o conseguirmos captar a gente n\u00e3o joga. Esse ano vai ser um pouco diferente e vamos ver\u201d, afirmou em um dos trechos da entrevista.<br \/>\nSegundo Anderson atualmente a Francana possui R$ 10 mil mensais em Patroc\u00ednio. O desafio \u00e9 grande, j\u00e1 que para disputar o campeonato ele estima que sejam necess\u00e1rios R$ 480 mil, s\u00e3o R$ 120 mil mensais durante os quatro meses da competi\u00e7\u00e3o. \u201cMontamos o plano de marketing e estamos em busca desses recursos\u201d, destacou.<br \/>\nSubstitui\u00e7\u00e3o<br \/>\nDurante o \u201cPodcast Verdade\u201d, Anderson Silva confirmou que pretende deixar o cargo de presidente da Francana, mas n\u00e3o existe uma data certa para que isso aconte\u00e7a. \u201cNa verdade, estou muito desgastado fisicamente. Estamos tentando achar outro presidente para assumir a Francana, que tenha um pouco mais de tempo. Para mim neste ano o tempo est\u00e1 muito curto para correr atr\u00e1s de patrocinadores, mas enquanto n\u00e3o pinta n\u00f3s estamos terminando de desenvolver o projeto de marketing do clube\u201d.<br \/>\nAjuda da torcida<br \/>\nAnderson destacou durante a entrevista que o clube foi bastante afetado por conta da pandemia do coronav\u00edrus. Ele afirmou ainda que a ajuda do s\u00f3cio torcedor \u00e9 fundamental e que esse ano a estrat\u00e9gia ser\u00e1 relan\u00e7ada.<br \/>\n\u201cA torcida sempre pode ajudar. A gente sempre faz o apelo pelo s\u00f3cio torcedor, infelizmente n\u00f3s tivemos uma baix\u00edssima ades\u00e3o no ano passado, esse ano vamos vir de novo com o programa. Reitero aqui minha posi\u00e7\u00e3o, se a gente n\u00e3o conseguir o recurso com a anteced\u00eancia devida, n\u00f3s n\u00e3o jogamos o campeonato. \u00c9 important\u00edssimo todos os torcedores estarem ligados e verem como pode ser s\u00f3cio torcedor do clube. Essa \u00e9 a maneira mais moderna de manter o Clube vivo, na ativa\u201d, finalizou.<br \/>\nAnderson falou ainda sobre a montagem do elenco, destacou como a Francana foi afetada pela pandemia. Voc\u00ea pode ouvir o Podcast Verdade completo no nosso site, www.verdadeon.com.br .<\/p>\n","protected":false},"excerpt":{"rendered":"<p>Declara\u00e7\u00e3o foi feita durante entrevista ao \u201cPodcast Verdade\u201d O presidente da Francana Anderson Silva, participou do \u201cPodcast Verdade\u201d desta quinta-feira (25). Entre v\u00e1rias respostas, Silva afirmou<span class=\"excerpt-hellip\"> [\u2026]<\/span><\/p>\n","protected":false},"author":4,"featured_media":14454,"comment_status":"open","ping_status":"open","sticky":false,"template":"","format":"standard","meta":{"_jetpack_memberships_contains_paid_content":false,"footnotes":"","jetpack_publicize_message":"","jetpack_publicize_feature_enabled":true,"jetpack_social_post_already_shared":false,"jetpack_social_options":{"image_generator_settings":{"template":"highway","default_image_id":0,"enabled":false},"version":2}},"categories":[28,81],"tags":[],"class_list":["post-14449","post","type-post","status-publish","format-standard","has-post-thumbnail","hentry","category-cotidiano","category-manchete"],"yoast_head":"<!-- This site is optimized with the Yoast SEO plugin v25.6 - https:\/\/yoast.com\/wordpress\/plugins\/seo\/ -->\n<title>\u201cSe n\u00e3o conseguirmos os recursos, a gente n\u00e3o joga\u201d, diz Anderson Silva, presidente da Francana - VerdadeOn<\/title>\n<meta name=\"robots\" content=\"index, follow, max-snippet:-1, max-image-preview:large, max-video-preview:-1\" \/>\n<link rel=\"canonical\" href=\"https:\/\/verdadeon.com.br\/portal\/2021\/02\/25\/se-nao-conseguirmos-os-recursos-a-gente-nao-joga-diz-anderson-silva-presidente-da-francana\/\" \/>\n<meta property=\"og:locale\" content=\"pt_BR\" \/>\n<meta property=\"og:type\" content=\"article\" \/>\n<meta property=\"og:title\" content=\"\u201cSe n\u00e3o conseguirmos os recursos, a gente n\u00e3o joga\u201d, diz Anderson Silva, presidente da Francana - VerdadeOn\" \/>\n<meta property=\"og:description\" content=\"Declara\u00e7\u00e3o foi feita durante entrevista ao \u201cPodcast Verdade\u201d O presidente da Francana Anderson Silva, participou do \u201cPodcast Verdade\u201d desta quinta-feira (25). Entre v\u00e1rias respostas, Silva afirmou [\u2026]\" \/>\n<meta property=\"og:url\" content=\"https:\/\/verdadeon.com.br\/portal\/2021\/02\/25\/se-nao-conseguirmos-os-recursos-a-gente-nao-joga-diz-anderson-silva-presidente-da-francana\/\" \/>\n<meta property=\"og:site_name\" content=\"VerdadeOn\" \/>\n<meta property=\"article:published_time\" content=\"2021-02-25T19:58:12+00:00\" \/>\n<meta property=\"og:image\" content=\"https:\/\/verdadeon.com.br\/portal\/wp-content\/uploads\/2021\/02\/WhatsApp-Image-2021-02-25-at-15.42.22.jpeg\" \/>\n\t<meta property=\"og:image:width\" content=\"1000\" \/>\n\t<meta property=\"og:image:height\" content=\"670\" \/>\n\t<meta property=\"og:image:type\" content=\"image\/jpeg\" \/>\n<meta name=\"author\" content=\"Fernando Calixto\" \/>\n<meta name=\"twitter:card\" content=\"summary_large_image\" \/>\n<meta name=\"twitter:label1\" content=\"Escrito por\" \/>\n\t<meta name=\"twitter:data1\" content=\"Fernando Calixto\" \/>\n\t<meta name=\"twitter:label2\" content=\"Est. tempo de leitura\" \/>\n\t<meta name=\"twitter:data2\" content=\"2 minutos\" \/>\n<script type=\"application\/ld+json\" class=\"yoast-schema-graph\">{\"@context\":\"https:\/\/schema.org\",\"@graph\":[{\"@type\":\"WebPage\",\"@id\":\"https:\/\/verdadeon.com.br\/portal\/2021\/02\/25\/se-nao-conseguirmos-os-recursos-a-gente-nao-joga-diz-anderson-silva-presidente-da-francana\/\",\"url\":\"https:\/\/verdadeon.com.br\/portal\/2021\/02\/25\/se-nao-conseguirmos-os-recursos-a-gente-nao-joga-diz-anderson-silva-presidente-da-francana\/\",\"name\":\"\u201cSe n\u00e3o conseguirmos os recursos, a gente n\u00e3o joga\u201d, diz Anderson Silva, presidente da Francana - VerdadeOn\",\"isPartOf\":{\"@id\":\"https:\/\/verdadeon.com.br\/portal\/#website\"},\"primaryImageOfPage\":{\"@id\":\"https:\/\/verdadeon.com.br\/portal\/2021\/02\/25\/se-nao-conseguirmos-os-recursos-a-gente-nao-joga-diz-anderson-silva-presidente-da-francana\/#primaryimage\"},\"image\":{\"@id\":\"https:\/\/verdadeon.com.br\/portal\/2021\/02\/25\/se-nao-conseguirmos-os-recursos-a-gente-nao-joga-diz-anderson-silva-presidente-da-francana\/#primaryimage\"},\"thumbnailUrl\":\"https:\/\/i0.wp.com\/verdadeon.com.br\/portal\/wp-content\/uploads\/2021\/02\/WhatsApp-Image-2021-02-25-at-15.42.22.jpeg?fit=1000%2C670&ssl=1\",\"datePublished\":\"2021-02-25T19:58:12+00:00\",\"author\":{\"@id\":\"https:\/\/verdadeon.com.br\/portal\/#\/schema\/person\/8994718f49ee62ba5610471e29ca1f62\"},\"breadcrumb\":{\"@id\":\"https:\/\/verdadeon.com.br\/portal\/2021\/02\/25\/se-nao-conseguirmos-os-recursos-a-gente-nao-joga-diz-anderson-silva-presidente-da-francana\/#breadcrumb\"},\"inLanguage\":\"pt-BR\",\"potentialAction\":[{\"@type\":\"ReadAction\",\"target\":[\"https:\/\/verdadeon.com.br\/portal\/2021\/02\/25\/se-nao-conseguirmos-os-recursos-a-gente-nao-joga-diz-anderson-silva-presidente-da-francana\/\"]}]},{\"@type\":\"ImageObject\",\"inLanguage\":\"pt-BR\",\"@id\":\"https:\/\/verdadeon.com.br\/portal\/2021\/02\/25\/se-nao-conseguirmos-os-recursos-a-gente-nao-joga-diz-anderson-silva-presidente-da-francana\/#primaryimage\",\"url\":\"https:\/\/i0.wp.com\/verdadeon.com.br\/portal\/wp-content\/uploads\/2021\/02\/WhatsApp-Image-2021-02-25-at-15.42.22.jpeg?fit=1000%2C670&ssl=1\",\"contentUrl\":\"https:\/\/i0.wp.com\/verdadeon.com.br\/portal\/wp-content\/uploads\/2021\/02\/WhatsApp-Image-2021-02-25-at-15.42.22.jpeg?fit=1000%2C670&ssl=1\",\"width\":1000,\"height\":670,\"caption\":\"Atual presidente da Francana pretende deixar o cargo assim que substituto for encontrado | Foto: Jornal Verdade\"},{\"@type\":\"BreadcrumbList\",\"@id\":\"https:\/\/verdadeon.com.br\/portal\/2021\/02\/25\/se-nao-conseguirmos-os-recursos-a-gente-nao-joga-diz-anderson-silva-presidente-da-francana\/#breadcrumb\",\"itemListElement\":[{\"@type\":\"ListItem\",\"position\":1,\"name\":\"In\u00edcio\",\"item\":\"https:\/\/verdadeon.com.br\/portal\/\"},{\"@type\":\"ListItem\",\"position\":2,\"name\":\"\u201cSe n\u00e3o conseguirmos os recursos, a gente n\u00e3o joga\u201d, diz Anderson Silva, presidente da Francana\"}]},{\"@type\":\"WebSite\",\"@id\":\"https:\/\/verdadeon.com.br\/portal\/#website\",\"url\":\"https:\/\/verdadeon.com.br\/portal\/\",\"name\":\"VerdadeOn\",\"description\":\"Not\u00edcias di\u00e1rias sobre Franca, Regi\u00e3o, Esporte, Cultura, Cotidiano, Colunas. Cobertura nos principais eventos da cidade \u00e9 aqui - Verdadeon Franca\",\"potentialAction\":[{\"@type\":\"SearchAction\",\"target\":{\"@type\":\"EntryPoint\",\"urlTemplate\":\"https:\/\/verdadeon.com.br\/portal\/?s={search_term_string}\"},\"query-input\":{\"@type\":\"PropertyValueSpecification\",\"valueRequired\":true,\"valueName\":\"search_term_string\"}}],\"inLanguage\":\"pt-BR\"},{\"@type\":\"Person\",\"@id\":\"https:\/\/verdadeon.com.br\/portal\/#\/schema\/person\/8994718f49ee62ba5610471e29ca1f62\",\"name\":\"Fernando Calixto\",\"image\":{\"@type\":\"ImageObject\",\"inLanguage\":\"pt-BR\",\"@id\":\"https:\/\/verdadeon.com.br\/portal\/#\/schema\/person\/image\/\",\"url\":\"https:\/\/secure.gravatar.com\/avatar\/7578910c24966c0316c340f9dbd601e93ee9f9212e1033968b367af9306bd9fb?s=96&d=mm&r=g\",\"contentUrl\":\"https:\/\/secure.gravatar.com\/avatar\/7578910c24966c0316c340f9dbd601e93ee9f9212e1033968b367af9306bd9fb?s=96&d=mm&r=g\",\"caption\":\"Fernando Calixto\"},\"url\":\"https:\/\/verdadeon.com.br\/portal\/author\/fernando-calixto\/\"}]}<\/script>\n<!-- \/ Yoast SEO plugin. -->","yoast_head_json":{"title":"\u201cSe n\u00e3o conseguirmos os recursos, a gente n\u00e3o joga\u201d, diz Anderson Silva, presidente da Francana - VerdadeOn","robots":{"index":"index","follow":"follow","max-snippet":"max-snippet:-1","max-image-preview":"max-image-preview:large","max-video-preview":"max-video-preview:-1"},"canonical":"https:\/\/verdadeon.com.br\/portal\/2021\/02\/25\/se-nao-conseguirmos-os-recursos-a-gente-nao-joga-diz-anderson-silva-presidente-da-francana\/","og_locale":"pt_BR","og_type":"article","og_title":"\u201cSe n\u00e3o conseguirmos os recursos, a gente n\u00e3o joga\u201d, diz Anderson Silva, presidente da Francana - VerdadeOn","og_description":"Declara\u00e7\u00e3o foi feita durante entrevista ao \u201cPodcast Verdade\u201d O presidente da Francana Anderson Silva, participou do \u201cPodcast Verdade\u201d desta quinta-feira (25). Entre v\u00e1rias respostas, Silva afirmou [\u2026]","og_url":"https:\/\/verdadeon.com.br\/portal\/2021\/02\/25\/se-nao-conseguirmos-os-recursos-a-gente-nao-joga-diz-anderson-silva-presidente-da-francana\/","og_site_name":"VerdadeOn","article_published_time":"2021-02-25T19:58:12+00:00","og_image":[{"width":1000,"height":670,"url":"https:\/\/verdadeon.com.br\/portal\/wp-content\/uploads\/2021\/02\/WhatsApp-Image-2021-02-25-at-15.42.22.jpeg","type":"image\/jpeg"}],"author":"Fernando Calixto","twitter_card":"summary_large_image","twitter_misc":{"Escrito por":"Fernando Calixto","Est. tempo de leitura":"2 minutos"},"schema":{"@context":"https:\/\/schema.org","@graph":[{"@type":"WebPage","@id":"https:\/\/verdadeon.com.br\/portal\/2021\/02\/25\/se-nao-conseguirmos-os-recursos-a-gente-nao-joga-diz-anderson-silva-presidente-da-francana\/","url":"https:\/\/verdadeon.com.br\/portal\/2021\/02\/25\/se-nao-conseguirmos-os-recursos-a-gente-nao-joga-diz-anderson-silva-presidente-da-francana\/","name":"\u201cSe n\u00e3o conseguirmos os recursos, a gente n\u00e3o joga\u201d, diz Anderson Silva, presidente da Francana - VerdadeOn","isPartOf":{"@id":"https:\/\/verdadeon.com.br\/portal\/#website"},"primaryImageOfPage":{"@id":"https:\/\/verdadeon.com.br\/portal\/2021\/02\/25\/se-nao-conseguirmos-os-recursos-a-gente-nao-joga-diz-anderson-silva-presidente-da-francana\/#primaryimage"},"image":{"@id":"https:\/\/verdadeon.com.br\/portal\/2021\/02\/25\/se-nao-conseguirmos-os-recursos-a-gente-nao-joga-diz-anderson-silva-presidente-da-francana\/#primaryimage"},"thumbnailUrl":"https:\/\/i0.wp.com\/verdadeon.com.br\/portal\/wp-content\/uploads\/2021\/02\/WhatsApp-Image-2021-02-25-at-15.42.22.jpeg?fit=1000%2C670&ssl=1","datePublished":"2021-02-25T19:58:12+00:00","author":{"@id":"https:\/\/verdadeon.com.br\/portal\/#\/schema\/person\/8994718f49ee62ba5610471e29ca1f62"},"breadcrumb":{"@id":"https:\/\/verdadeon.com.br\/portal\/2021\/02\/25\/se-nao-conseguirmos-os-recursos-a-gente-nao-joga-diz-anderson-silva-presidente-da-francana\/#breadcrumb"},"inLanguage":"pt-BR","potentialAction":[{"@type":"ReadAction","target":["https:\/\/verdadeon.com.br\/portal\/2021\/02\/25\/se-nao-conseguirmos-os-recursos-a-gente-nao-joga-diz-anderson-silva-presidente-da-francana\/"]}]},{"@type":"ImageObject","inLanguage":"pt-BR","@id":"https:\/\/verdadeon.com.br\/portal\/2021\/02\/25\/se-nao-conseguirmos-os-recursos-a-gente-nao-joga-diz-anderson-silva-presidente-da-francana\/#primaryimage","url":"https:\/\/i0.wp.com\/verdadeon.com.br\/portal\/wp-content\/uploads\/2021\/02\/WhatsApp-Image-2021-02-25-at-15.42.22.jpeg?fit=1000%2C670&ssl=1","contentUrl":"https:\/\/i0.wp.com\/verdadeon.com.br\/portal\/wp-content\/uploads\/2021\/02\/WhatsApp-Image-2021-02-25-at-15.42.22.jpeg?fit=1000%2C670&ssl=1","width":1000,"height":670,"caption":"Atual presidente da Francana pretende deixar o cargo assim que substituto for encontrado | Foto: Jornal Verdade"},{"@type":"BreadcrumbList","@id":"https:\/\/verdadeon.com.br\/portal\/2021\/02\/25\/se-nao-conseguirmos-os-recursos-a-gente-nao-joga-diz-anderson-silva-presidente-da-francana\/#breadcrumb","itemListElement":[{"@type":"ListItem","position":1,"name":"In\u00edcio","item":"https:\/\/verdadeon.com.br\/portal\/"},{"@type":"ListItem","position":2,"name":"\u201cSe n\u00e3o conseguirmos os recursos, a gente n\u00e3o joga\u201d, diz Anderson Silva, presidente da Francana"}]},{"@type":"WebSite","@id":"https:\/\/verdadeon.com.br\/portal\/#website","url":"https:\/\/verdadeon.com.br\/portal\/","name":"VerdadeOn","description":"Not\u00edcias di\u00e1rias sobre Franca, Regi\u00e3o, Esporte, Cultura, Cotidiano, Colunas. Cobertura nos principais eventos da cidade \u00e9 aqui - Verdadeon Franca","potentialAction":[{"@type":"SearchAction","target":{"@type":"EntryPoint","urlTemplate":"https:\/\/verdadeon.com.br\/portal\/?s={search_term_string}"},"query-input":{"@type":"PropertyValueSpecification","valueRequired":true,"valueName":"search_term_string"}}],"inLanguage":"pt-BR"},{"@type":"Person","@id":"https:\/\/verdadeon.com.br\/portal\/#\/schema\/person\/8994718f49ee62ba5610471e29ca1f62","name":"Fernando Calixto","image":{"@type":"ImageObject","inLanguage":"pt-BR","@id":"https:\/\/verdadeon.com.br\/portal\/#\/schema\/person\/image\/","url":"https:\/\/secure.gravatar.com\/avatar\/7578910c24966c0316c340f9dbd601e93ee9f9212e1033968b367af9306bd9fb?s=96&d=mm&r=g","contentUrl":"https:\/\/secure.gravatar.com\/avatar\/7578910c24966c0316c340f9dbd601e93ee9f9212e1033968b367af9306bd9fb?s=96&d=mm&r=g","caption":"Fernando Calixto"},"url":"https:\/\/verdadeon.com.br\/portal\/author\/fernando-calixto\/"}]}},"jetpack_publicize_connections":[],"jetpack_featured_media_url":"https:\/\/i0.wp.com\/verdadeon.com.br\/portal\/wp-content\/uploads\/2021\/02\/WhatsApp-Image-2021-02-25-at-15.42.22.jpeg?fit=1000%2C670&ssl=1","jetpack_sharing_enabled":true,"_links":{"self":[{"href":"https:\/\/verdadeon.com.br\/portal\/wp-json\/wp\/v2\/posts\/14449","targetHints":{"allow":["GET"]}}],"collection":[{"href":"https:\/\/verdadeon.com.br\/portal\/wp-json\/wp\/v2\/posts"}],"about":[{"href":"https:\/\/verdadeon.com.br\/portal\/wp-json\/wp\/v2\/types\/post"}],"author":[{"embeddable":true,"href":"https:\/\/verdadeon.com.br\/portal\/wp-json\/wp\/v2\/users\/4"}],"replies":[{"embeddable":true,"href":"https:\/\/verdadeon.com.br\/portal\/wp-json\/wp\/v2\/comments?post=14449"}],"version-history":[{"count":0,"href":"https:\/\/verdadeon.com.br\/portal\/wp-json\/wp\/v2\/posts\/14449\/revisions"}],"wp:featuredmedia":[{"embeddable":true,"href":"https:\/\/verdadeon.com.br\/portal\/wp-json\/wp\/v2\/media\/14454"}],"wp:attachment":[{"href":"https:\/\/verdadeon.com.br\/portal\/wp-json\/wp\/v2\/media?parent=14449"}],"wp:term":[{"taxonomy":"category","embeddable":true,"href":"https:\/\/verdadeon.com.br\/portal\/wp-json\/wp\/v2\/categories?post=14449"},{"taxonomy":"post_tag","embeddable":true,"href":"https:\/\/verdadeon.com.br\/portal\/wp-json\/wp\/v2\/tags?post=14449"}],"curies":[{"name":"wp","href":"https:\/\/api.w.org\/{rel}","templated":true}]}}