{"id":14392,"date":"2021-02-23T16:34:31","date_gmt":"2021-02-23T19:34:31","guid":{"rendered":"https:\/\/verdadeon.com.br\/portal\/?p=14392"},"modified":"2021-02-23T16:34:31","modified_gmt":"2021-02-23T19:34:31","slug":"prefeito-de-guaira-participa-de-reuniao-com-o-setor-da-saude-em-sao-paulo","status":"publish","type":"post","link":"https:\/\/verdadeon.com.br\/portal\/2021\/02\/23\/prefeito-de-guaira-participa-de-reuniao-com-o-setor-da-saude-em-sao-paulo\/","title":{"rendered":"Prefeito de Gua\u00edra participa de reuni\u00e3o com o setor da sa\u00fade em S\u00e3o Paulo"},"content":{"rendered":"<h2>\u00a0Reuni\u00e3o foi para debater quest\u00f5es relativas ao Plano S\u00e3o Paulo de flexibiliza\u00e7\u00e3o<\/h2>\n<p>O prefeito de Gua\u00edra Edvaldo Morais, esteve em S\u00e3o Paulo com Jean Carlo Gorinchteyn, secret\u00e1rio estadual de Sa\u00fade. O encontro aconteceu no Pal\u00e1cio dos Bandeirantes durante a coletiva do Governo de SP com informa\u00e7\u00f5es sobre o combate ao coronav\u00edrus.<br \/>\nDurante o encontro foi discutido o retrocesso da regi\u00e3o de Barretos, a qual Gua\u00edra faz parte, para a fase vermelha no Plano S\u00e3o Paulo. O prefeito argumentou ser uma injusti\u00e7a.<br \/>\n\u201cBarretos est\u00e1 recebendo pacientes de outras regionais de sa\u00fade, como os de Araraquara, o que tem aumentado o \u00edndice de ocupa\u00e7\u00e3o da Unidade de Terapia Intensiva (UTI) em Barretos\u201d, afirmou Morais.<br \/>\nDe acordo com o prefeito, o secret\u00e1rio achou justa a reivindica\u00e7\u00e3o e afirmou que levar\u00e1 a contesta\u00e7\u00e3o junto ao governador Jo\u00e3o D\u00f3ria, que se reunir\u00e1 com a equipe do centro de Conting\u00eancia e vai discutir sobre o assunto,<br \/>\n\u201cDe acordo com o secret\u00e1rio, existe a possibilidade de haver uma mudan\u00e7a no Plano S\u00e3o Paulo na pr\u00f3xima sexta-feira (26) para a regi\u00e3o de Barretos\u201d, explicou o prefeito.<br \/>\nNa segunda-feira (22), foi publicado no Di\u00e1rio Oficial o novo decreto municipal, em que Gua\u00edra passa a para a fase vermelha e o governo guairense aguarda a reclassifica\u00e7\u00e3o, na pr\u00f3xima sexta-feira, no Plano S\u00e3o Paulo.<\/p>\n","protected":false},"excerpt":{"rendered":"<p>\u00a0Reuni\u00e3o foi para debater quest\u00f5es relativas ao Plano S\u00e3o Paulo de flexibiliza\u00e7\u00e3o O prefeito de Gua\u00edra Edvaldo Morais, esteve em S\u00e3o Paulo com Jean Carlo Gorinchteyn,<span class=\"excerpt-hellip\"> [\u2026]<\/span><\/p>\n","protected":false},"author":4,"featured_media":14400,"comment_status":"open","ping_status":"open","sticky":false,"template":"","format":"standard","meta":{"_jetpack_memberships_contains_paid_content":false,"footnotes":"","jetpack_publicize_message":"","jetpack_publicize_feature_enabled":true,"jetpack_social_post_already_shared":false,"jetpack_social_options":{"image_generator_settings":{"template":"highway","default_image_id":0,"enabled":false},"version":2}},"categories":[28,81],"tags":[],"class_list":["post-14392","post","type-post","status-publish","format-standard","has-post-thumbnail","hentry","category-cotidiano","category-manchete"],"yoast_head":"<!-- This site is optimized with the Yoast SEO plugin v25.6 - https:\/\/yoast.com\/wordpress\/plugins\/seo\/ -->\n<title>Prefeito de Gua\u00edra participa de reuni\u00e3o com o setor da sa\u00fade em S\u00e3o Paulo - VerdadeOn<\/title>\n<meta name=\"robots\" content=\"index, follow, max-snippet:-1, max-image-preview:large, max-video-preview:-1\" \/>\n<link rel=\"canonical\" href=\"https:\/\/verdadeon.com.br\/portal\/2021\/02\/23\/prefeito-de-guaira-participa-de-reuniao-com-o-setor-da-saude-em-sao-paulo\/\" \/>\n<meta property=\"og:locale\" content=\"pt_BR\" \/>\n<meta property=\"og:type\" content=\"article\" \/>\n<meta property=\"og:title\" content=\"Prefeito de Gua\u00edra participa de reuni\u00e3o com o setor da sa\u00fade em S\u00e3o Paulo - VerdadeOn\" \/>\n<meta property=\"og:description\" content=\"\u00a0Reuni\u00e3o foi para debater quest\u00f5es relativas ao Plano S\u00e3o Paulo de flexibiliza\u00e7\u00e3o O prefeito de Gua\u00edra Edvaldo Morais, esteve em S\u00e3o Paulo com Jean Carlo Gorinchteyn, [\u2026]\" \/>\n<meta property=\"og:url\" content=\"https:\/\/verdadeon.com.br\/portal\/2021\/02\/23\/prefeito-de-guaira-participa-de-reuniao-com-o-setor-da-saude-em-sao-paulo\/\" \/>\n<meta property=\"og:site_name\" content=\"VerdadeOn\" \/>\n<meta property=\"article:published_time\" content=\"2021-02-23T19:34:31+00:00\" \/>\n<meta property=\"og:image\" content=\"https:\/\/verdadeon.com.br\/portal\/wp-content\/uploads\/2021\/02\/WhatsApp-Image-2021-02-23-at-16.08.17.jpeg\" \/>\n\t<meta property=\"og:image:width\" content=\"1000\" \/>\n\t<meta property=\"og:image:height\" content=\"670\" \/>\n\t<meta property=\"og:image:type\" content=\"image\/jpeg\" \/>\n<meta name=\"author\" content=\"Fernando Calixto\" \/>\n<meta name=\"twitter:card\" content=\"summary_large_image\" \/>\n<meta name=\"twitter:label1\" content=\"Escrito por\" \/>\n\t<meta name=\"twitter:data1\" content=\"Fernando Calixto\" \/>\n\t<meta name=\"twitter:label2\" content=\"Est. tempo de leitura\" \/>\n\t<meta name=\"twitter:data2\" content=\"1 minuto\" \/>\n<script type=\"application\/ld+json\" class=\"yoast-schema-graph\">{\"@context\":\"https:\/\/schema.org\",\"@graph\":[{\"@type\":\"WebPage\",\"@id\":\"https:\/\/verdadeon.com.br\/portal\/2021\/02\/23\/prefeito-de-guaira-participa-de-reuniao-com-o-setor-da-saude-em-sao-paulo\/\",\"url\":\"https:\/\/verdadeon.com.br\/portal\/2021\/02\/23\/prefeito-de-guaira-participa-de-reuniao-com-o-setor-da-saude-em-sao-paulo\/\",\"name\":\"Prefeito de Gua\u00edra participa de reuni\u00e3o com o setor da sa\u00fade em S\u00e3o Paulo - VerdadeOn\",\"isPartOf\":{\"@id\":\"https:\/\/verdadeon.com.br\/portal\/#website\"},\"primaryImageOfPage\":{\"@id\":\"https:\/\/verdadeon.com.br\/portal\/2021\/02\/23\/prefeito-de-guaira-participa-de-reuniao-com-o-setor-da-saude-em-sao-paulo\/#primaryimage\"},\"image\":{\"@id\":\"https:\/\/verdadeon.com.br\/portal\/2021\/02\/23\/prefeito-de-guaira-participa-de-reuniao-com-o-setor-da-saude-em-sao-paulo\/#primaryimage\"},\"thumbnailUrl\":\"https:\/\/i0.wp.com\/verdadeon.com.br\/portal\/wp-content\/uploads\/2021\/02\/WhatsApp-Image-2021-02-23-at-16.08.17.jpeg?fit=1000%2C670&ssl=1\",\"datePublished\":\"2021-02-23T19:34:31+00:00\",\"author\":{\"@id\":\"https:\/\/verdadeon.com.br\/portal\/#\/schema\/person\/8994718f49ee62ba5610471e29ca1f62\"},\"breadcrumb\":{\"@id\":\"https:\/\/verdadeon.com.br\/portal\/2021\/02\/23\/prefeito-de-guaira-participa-de-reuniao-com-o-setor-da-saude-em-sao-paulo\/#breadcrumb\"},\"inLanguage\":\"pt-BR\",\"potentialAction\":[{\"@type\":\"ReadAction\",\"target\":[\"https:\/\/verdadeon.com.br\/portal\/2021\/02\/23\/prefeito-de-guaira-participa-de-reuniao-com-o-setor-da-saude-em-sao-paulo\/\"]}]},{\"@type\":\"ImageObject\",\"inLanguage\":\"pt-BR\",\"@id\":\"https:\/\/verdadeon.com.br\/portal\/2021\/02\/23\/prefeito-de-guaira-participa-de-reuniao-com-o-setor-da-saude-em-sao-paulo\/#primaryimage\",\"url\":\"https:\/\/i0.wp.com\/verdadeon.com.br\/portal\/wp-content\/uploads\/2021\/02\/WhatsApp-Image-2021-02-23-at-16.08.17.jpeg?fit=1000%2C670&ssl=1\",\"contentUrl\":\"https:\/\/i0.wp.com\/verdadeon.com.br\/portal\/wp-content\/uploads\/2021\/02\/WhatsApp-Image-2021-02-23-at-16.08.17.jpeg?fit=1000%2C670&ssl=1\",\"width\":1000,\"height\":670,\"caption\":\"\u00a0Prefeito reivindica mudan\u00e7a de fase na regi\u00e3o Barretos no Plano S\u00e3o Paulo | Foto: Prefeitura de Gua\u00edra\"},{\"@type\":\"BreadcrumbList\",\"@id\":\"https:\/\/verdadeon.com.br\/portal\/2021\/02\/23\/prefeito-de-guaira-participa-de-reuniao-com-o-setor-da-saude-em-sao-paulo\/#breadcrumb\",\"itemListElement\":[{\"@type\":\"ListItem\",\"position\":1,\"name\":\"In\u00edcio\",\"item\":\"https:\/\/verdadeon.com.br\/portal\/\"},{\"@type\":\"ListItem\",\"position\":2,\"name\":\"Prefeito de Gua\u00edra participa de reuni\u00e3o com o setor da sa\u00fade em S\u00e3o Paulo\"}]},{\"@type\":\"WebSite\",\"@id\":\"https:\/\/verdadeon.com.br\/portal\/#website\",\"url\":\"https:\/\/verdadeon.com.br\/portal\/\",\"name\":\"VerdadeOn\",\"description\":\"Not\u00edcias di\u00e1rias sobre Franca, Regi\u00e3o, Esporte, Cultura, Cotidiano, Colunas. Cobertura nos principais eventos da cidade \u00e9 aqui - Verdadeon Franca\",\"potentialAction\":[{\"@type\":\"SearchAction\",\"target\":{\"@type\":\"EntryPoint\",\"urlTemplate\":\"https:\/\/verdadeon.com.br\/portal\/?s={search_term_string}\"},\"query-input\":{\"@type\":\"PropertyValueSpecification\",\"valueRequired\":true,\"valueName\":\"search_term_string\"}}],\"inLanguage\":\"pt-BR\"},{\"@type\":\"Person\",\"@id\":\"https:\/\/verdadeon.com.br\/portal\/#\/schema\/person\/8994718f49ee62ba5610471e29ca1f62\",\"name\":\"Fernando Calixto\",\"image\":{\"@type\":\"ImageObject\",\"inLanguage\":\"pt-BR\",\"@id\":\"https:\/\/verdadeon.com.br\/portal\/#\/schema\/person\/image\/\",\"url\":\"https:\/\/secure.gravatar.com\/avatar\/7578910c24966c0316c340f9dbd601e93ee9f9212e1033968b367af9306bd9fb?s=96&d=mm&r=g\",\"contentUrl\":\"https:\/\/secure.gravatar.com\/avatar\/7578910c24966c0316c340f9dbd601e93ee9f9212e1033968b367af9306bd9fb?s=96&d=mm&r=g\",\"caption\":\"Fernando Calixto\"},\"url\":\"https:\/\/verdadeon.com.br\/portal\/author\/fernando-calixto\/\"}]}<\/script>\n<!-- \/ Yoast SEO plugin. -->","yoast_head_json":{"title":"Prefeito de Gua\u00edra participa de reuni\u00e3o com o setor da sa\u00fade em S\u00e3o Paulo - VerdadeOn","robots":{"index":"index","follow":"follow","max-snippet":"max-snippet:-1","max-image-preview":"max-image-preview:large","max-video-preview":"max-video-preview:-1"},"canonical":"https:\/\/verdadeon.com.br\/portal\/2021\/02\/23\/prefeito-de-guaira-participa-de-reuniao-com-o-setor-da-saude-em-sao-paulo\/","og_locale":"pt_BR","og_type":"article","og_title":"Prefeito de Gua\u00edra participa de reuni\u00e3o com o setor da sa\u00fade em S\u00e3o Paulo - VerdadeOn","og_description":"\u00a0Reuni\u00e3o foi para debater quest\u00f5es relativas ao Plano S\u00e3o Paulo de flexibiliza\u00e7\u00e3o O prefeito de Gua\u00edra Edvaldo Morais, esteve em S\u00e3o Paulo com Jean Carlo Gorinchteyn, [\u2026]","og_url":"https:\/\/verdadeon.com.br\/portal\/2021\/02\/23\/prefeito-de-guaira-participa-de-reuniao-com-o-setor-da-saude-em-sao-paulo\/","og_site_name":"VerdadeOn","article_published_time":"2021-02-23T19:34:31+00:00","og_image":[{"width":1000,"height":670,"url":"https:\/\/verdadeon.com.br\/portal\/wp-content\/uploads\/2021\/02\/WhatsApp-Image-2021-02-23-at-16.08.17.jpeg","type":"image\/jpeg"}],"author":"Fernando Calixto","twitter_card":"summary_large_image","twitter_misc":{"Escrito por":"Fernando Calixto","Est. tempo de leitura":"1 minuto"},"schema":{"@context":"https:\/\/schema.org","@graph":[{"@type":"WebPage","@id":"https:\/\/verdadeon.com.br\/portal\/2021\/02\/23\/prefeito-de-guaira-participa-de-reuniao-com-o-setor-da-saude-em-sao-paulo\/","url":"https:\/\/verdadeon.com.br\/portal\/2021\/02\/23\/prefeito-de-guaira-participa-de-reuniao-com-o-setor-da-saude-em-sao-paulo\/","name":"Prefeito de Gua\u00edra participa de reuni\u00e3o com o setor da sa\u00fade em S\u00e3o Paulo - VerdadeOn","isPartOf":{"@id":"https:\/\/verdadeon.com.br\/portal\/#website"},"primaryImageOfPage":{"@id":"https:\/\/verdadeon.com.br\/portal\/2021\/02\/23\/prefeito-de-guaira-participa-de-reuniao-com-o-setor-da-saude-em-sao-paulo\/#primaryimage"},"image":{"@id":"https:\/\/verdadeon.com.br\/portal\/2021\/02\/23\/prefeito-de-guaira-participa-de-reuniao-com-o-setor-da-saude-em-sao-paulo\/#primaryimage"},"thumbnailUrl":"https:\/\/i0.wp.com\/verdadeon.com.br\/portal\/wp-content\/uploads\/2021\/02\/WhatsApp-Image-2021-02-23-at-16.08.17.jpeg?fit=1000%2C670&ssl=1","datePublished":"2021-02-23T19:34:31+00:00","author":{"@id":"https:\/\/verdadeon.com.br\/portal\/#\/schema\/person\/8994718f49ee62ba5610471e29ca1f62"},"breadcrumb":{"@id":"https:\/\/verdadeon.com.br\/portal\/2021\/02\/23\/prefeito-de-guaira-participa-de-reuniao-com-o-setor-da-saude-em-sao-paulo\/#breadcrumb"},"inLanguage":"pt-BR","potentialAction":[{"@type":"ReadAction","target":["https:\/\/verdadeon.com.br\/portal\/2021\/02\/23\/prefeito-de-guaira-participa-de-reuniao-com-o-setor-da-saude-em-sao-paulo\/"]}]},{"@type":"ImageObject","inLanguage":"pt-BR","@id":"https:\/\/verdadeon.com.br\/portal\/2021\/02\/23\/prefeito-de-guaira-participa-de-reuniao-com-o-setor-da-saude-em-sao-paulo\/#primaryimage","url":"https:\/\/i0.wp.com\/verdadeon.com.br\/portal\/wp-content\/uploads\/2021\/02\/WhatsApp-Image-2021-02-23-at-16.08.17.jpeg?fit=1000%2C670&ssl=1","contentUrl":"https:\/\/i0.wp.com\/verdadeon.com.br\/portal\/wp-content\/uploads\/2021\/02\/WhatsApp-Image-2021-02-23-at-16.08.17.jpeg?fit=1000%2C670&ssl=1","width":1000,"height":670,"caption":"\u00a0Prefeito reivindica mudan\u00e7a de fase na regi\u00e3o Barretos no Plano S\u00e3o Paulo | Foto: Prefeitura de Gua\u00edra"},{"@type":"BreadcrumbList","@id":"https:\/\/verdadeon.com.br\/portal\/2021\/02\/23\/prefeito-de-guaira-participa-de-reuniao-com-o-setor-da-saude-em-sao-paulo\/#breadcrumb","itemListElement":[{"@type":"ListItem","position":1,"name":"In\u00edcio","item":"https:\/\/verdadeon.com.br\/portal\/"},{"@type":"ListItem","position":2,"name":"Prefeito de Gua\u00edra participa de reuni\u00e3o com o setor da sa\u00fade em S\u00e3o Paulo"}]},{"@type":"WebSite","@id":"https:\/\/verdadeon.com.br\/portal\/#website","url":"https:\/\/verdadeon.com.br\/portal\/","name":"VerdadeOn","description":"Not\u00edcias di\u00e1rias sobre Franca, Regi\u00e3o, Esporte, Cultura, Cotidiano, Colunas. Cobertura nos principais eventos da cidade \u00e9 aqui - Verdadeon Franca","potentialAction":[{"@type":"SearchAction","target":{"@type":"EntryPoint","urlTemplate":"https:\/\/verdadeon.com.br\/portal\/?s={search_term_string}"},"query-input":{"@type":"PropertyValueSpecification","valueRequired":true,"valueName":"search_term_string"}}],"inLanguage":"pt-BR"},{"@type":"Person","@id":"https:\/\/verdadeon.com.br\/portal\/#\/schema\/person\/8994718f49ee62ba5610471e29ca1f62","name":"Fernando Calixto","image":{"@type":"ImageObject","inLanguage":"pt-BR","@id":"https:\/\/verdadeon.com.br\/portal\/#\/schema\/person\/image\/","url":"https:\/\/secure.gravatar.com\/avatar\/7578910c24966c0316c340f9dbd601e93ee9f9212e1033968b367af9306bd9fb?s=96&d=mm&r=g","contentUrl":"https:\/\/secure.gravatar.com\/avatar\/7578910c24966c0316c340f9dbd601e93ee9f9212e1033968b367af9306bd9fb?s=96&d=mm&r=g","caption":"Fernando Calixto"},"url":"https:\/\/verdadeon.com.br\/portal\/author\/fernando-calixto\/"}]}},"jetpack_publicize_connections":[],"jetpack_featured_media_url":"https:\/\/i0.wp.com\/verdadeon.com.br\/portal\/wp-content\/uploads\/2021\/02\/WhatsApp-Image-2021-02-23-at-16.08.17.jpeg?fit=1000%2C670&ssl=1","jetpack_sharing_enabled":true,"_links":{"self":[{"href":"https:\/\/verdadeon.com.br\/portal\/wp-json\/wp\/v2\/posts\/14392","targetHints":{"allow":["GET"]}}],"collection":[{"href":"https:\/\/verdadeon.com.br\/portal\/wp-json\/wp\/v2\/posts"}],"about":[{"href":"https:\/\/verdadeon.com.br\/portal\/wp-json\/wp\/v2\/types\/post"}],"author":[{"embeddable":true,"href":"https:\/\/verdadeon.com.br\/portal\/wp-json\/wp\/v2\/users\/4"}],"replies":[{"embeddable":true,"href":"https:\/\/verdadeon.com.br\/portal\/wp-json\/wp\/v2\/comments?post=14392"}],"version-history":[{"count":0,"href":"https:\/\/verdadeon.com.br\/portal\/wp-json\/wp\/v2\/posts\/14392\/revisions"}],"wp:featuredmedia":[{"embeddable":true,"href":"https:\/\/verdadeon.com.br\/portal\/wp-json\/wp\/v2\/media\/14400"}],"wp:attachment":[{"href":"https:\/\/verdadeon.com.br\/portal\/wp-json\/wp\/v2\/media?parent=14392"}],"wp:term":[{"taxonomy":"category","embeddable":true,"href":"https:\/\/verdadeon.com.br\/portal\/wp-json\/wp\/v2\/categories?post=14392"},{"taxonomy":"post_tag","embeddable":true,"href":"https:\/\/verdadeon.com.br\/portal\/wp-json\/wp\/v2\/tags?post=14392"}],"curies":[{"name":"wp","href":"https:\/\/api.w.org\/{rel}","templated":true}]}}