{"id":14390,"date":"2021-02-23T15:53:56","date_gmt":"2021-02-23T18:53:56","guid":{"rendered":"https:\/\/verdadeon.com.br\/portal\/?p=14390"},"modified":"2021-02-23T15:53:56","modified_gmt":"2021-02-23T18:53:56","slug":"butantan-comeca-a-distribuir-39-milhoes-de-vacinas-contra-a-covid-19","status":"publish","type":"post","link":"https:\/\/verdadeon.com.br\/portal\/2021\/02\/23\/butantan-comeca-a-distribuir-39-milhoes-de-vacinas-contra-a-covid-19\/","title":{"rendered":"Butantan come\u00e7a a distribuir 3,9 milh\u00f5es de vacinas contra a Covid-19"},"content":{"rendered":"<h2>Minist\u00e9rio da Sa\u00fade recebeu mais 1 milh\u00e3o de doses que ser\u00e3o distribu\u00eddas para todos os estados<\/h2>\n<p>O governo de S\u00e3o Paulo anunciou nesta ter\u00e7a-feira (23), o envio de 3,9 milh\u00f5es de doses da vacina contra o novo coronav\u00edrus ao Programa Nacional de Imuniza\u00e7\u00f5es (PNI) do Minist\u00e9rio da Sa\u00fade.<br \/>\nSer\u00e1 enviado um lote com 1,2 milh\u00e3o de doses e na quarta-feira (24), ser\u00e3o entregues mais 900 mil frascos da vacina. At\u00e9 domingo (28), ser\u00e3o liberados mais tr\u00eas lotes de 600 mil doses \u2013 previstas para envio nos dias 25, 26 e 28 de fevereiro.<br \/>\nDe 5 de fevereiro a 5 de mar\u00e7o, o governo paulista estima entregar 5,6 milh\u00f5es de doses ao PNI, 65% a mais que o volume previsto inicialmente.<br \/>\n\u201cNo in\u00edcio de mar\u00e7o, o Instituto Butantan vai disponibilizar mais 1,7 milh\u00e3o de vacinas para a imuniza\u00e7\u00e3o do pa\u00eds, estando previstas remessas de 600 mil doses no dia 2; 500 mil, no dia 4 e 600 mil, no dia 5\u201d, disse o governo de S\u00e3o Paulo, em nota.<br \/>\nAs doses enviadas hoje fazem parte do lote de imunizantes envasados no Butantan com o Insumo Farmac\u00eautico Ativo (IFA) enviado pela Sinovac Life Science, da China. O instituto j\u00e1 entregou 90% de todas as vacinas usadas na rede p\u00fablica do pa\u00eds e criou uma for\u00e7a-tarefa para envasar, em ritmo acelerado, doses para a entrega ao PNI.<br \/>\nVacina\u00e7\u00e3o em S\u00e3o Paulo<br \/>\nO estado de S\u00e3o Paulo ultrapassou a marca de 2 milh\u00f5es de vacinas aplicadas contra covid-19, \u00e0s 18h17 do \u00faltimo domingo (21).<br \/>\nNa manh\u00e3 desta ter\u00e7a-feira, o Vacin\u00f4metro apontava 2.070.040 imuniza\u00e7\u00f5es no estado de S\u00e3o Paulo, sendo 1.665.803 da primeira dose e outras 407.237 para a segunda dose.<br \/>\nFonte: Ag\u00eancia Brasil<\/p>\n","protected":false},"excerpt":{"rendered":"<p>Minist\u00e9rio da Sa\u00fade recebeu mais 1 milh\u00e3o de doses que ser\u00e3o distribu\u00eddas para todos os estados O governo de S\u00e3o Paulo anunciou nesta ter\u00e7a-feira (23), o<span class=\"excerpt-hellip\"> [\u2026]<\/span><\/p>\n","protected":false},"author":4,"featured_media":14396,"comment_status":"open","ping_status":"open","sticky":false,"template":"","format":"standard","meta":{"_jetpack_memberships_contains_paid_content":false,"footnotes":"","jetpack_publicize_message":"","jetpack_publicize_feature_enabled":true,"jetpack_social_post_already_shared":false,"jetpack_social_options":{"image_generator_settings":{"template":"highway","default_image_id":0,"enabled":false},"version":2}},"categories":[28,44],"tags":[],"class_list":["post-14390","post","type-post","status-publish","format-standard","has-post-thumbnail","hentry","category-cotidiano","category-noticias"],"yoast_head":"<!-- This site is optimized with the Yoast SEO plugin v25.6 - https:\/\/yoast.com\/wordpress\/plugins\/seo\/ -->\n<title>Butantan come\u00e7a a distribuir 3,9 milh\u00f5es de vacinas contra a Covid-19 - VerdadeOn<\/title>\n<meta name=\"robots\" content=\"index, follow, max-snippet:-1, max-image-preview:large, max-video-preview:-1\" \/>\n<link rel=\"canonical\" href=\"https:\/\/verdadeon.com.br\/portal\/2021\/02\/23\/butantan-comeca-a-distribuir-39-milhoes-de-vacinas-contra-a-covid-19\/\" \/>\n<meta property=\"og:locale\" content=\"pt_BR\" \/>\n<meta property=\"og:type\" content=\"article\" \/>\n<meta property=\"og:title\" content=\"Butantan come\u00e7a a distribuir 3,9 milh\u00f5es de vacinas contra a Covid-19 - VerdadeOn\" \/>\n<meta property=\"og:description\" content=\"Minist\u00e9rio da Sa\u00fade recebeu mais 1 milh\u00e3o de doses que ser\u00e3o distribu\u00eddas para todos os estados O governo de S\u00e3o Paulo anunciou nesta ter\u00e7a-feira (23), o [\u2026]\" \/>\n<meta property=\"og:url\" content=\"https:\/\/verdadeon.com.br\/portal\/2021\/02\/23\/butantan-comeca-a-distribuir-39-milhoes-de-vacinas-contra-a-covid-19\/\" \/>\n<meta property=\"og:site_name\" content=\"VerdadeOn\" \/>\n<meta property=\"article:published_time\" content=\"2021-02-23T18:53:56+00:00\" \/>\n<meta property=\"og:image\" content=\"https:\/\/verdadeon.com.br\/portal\/wp-content\/uploads\/2021\/02\/WhatsApp-Image-2021-02-23-at-15.28.18.jpeg\" \/>\n\t<meta property=\"og:image:width\" content=\"1000\" \/>\n\t<meta property=\"og:image:height\" content=\"670\" \/>\n\t<meta property=\"og:image:type\" content=\"image\/jpeg\" \/>\n<meta name=\"author\" content=\"Fernando Calixto\" \/>\n<meta name=\"twitter:card\" content=\"summary_large_image\" \/>\n<meta name=\"twitter:label1\" content=\"Escrito por\" \/>\n\t<meta name=\"twitter:data1\" content=\"Fernando Calixto\" \/>\n\t<meta name=\"twitter:label2\" content=\"Est. tempo de leitura\" \/>\n\t<meta name=\"twitter:data2\" content=\"2 minutos\" \/>\n<script type=\"application\/ld+json\" class=\"yoast-schema-graph\">{\"@context\":\"https:\/\/schema.org\",\"@graph\":[{\"@type\":\"WebPage\",\"@id\":\"https:\/\/verdadeon.com.br\/portal\/2021\/02\/23\/butantan-comeca-a-distribuir-39-milhoes-de-vacinas-contra-a-covid-19\/\",\"url\":\"https:\/\/verdadeon.com.br\/portal\/2021\/02\/23\/butantan-comeca-a-distribuir-39-milhoes-de-vacinas-contra-a-covid-19\/\",\"name\":\"Butantan come\u00e7a a distribuir 3,9 milh\u00f5es de vacinas contra a Covid-19 - VerdadeOn\",\"isPartOf\":{\"@id\":\"https:\/\/verdadeon.com.br\/portal\/#website\"},\"primaryImageOfPage\":{\"@id\":\"https:\/\/verdadeon.com.br\/portal\/2021\/02\/23\/butantan-comeca-a-distribuir-39-milhoes-de-vacinas-contra-a-covid-19\/#primaryimage\"},\"image\":{\"@id\":\"https:\/\/verdadeon.com.br\/portal\/2021\/02\/23\/butantan-comeca-a-distribuir-39-milhoes-de-vacinas-contra-a-covid-19\/#primaryimage\"},\"thumbnailUrl\":\"https:\/\/i0.wp.com\/verdadeon.com.br\/portal\/wp-content\/uploads\/2021\/02\/WhatsApp-Image-2021-02-23-at-15.28.18.jpeg?fit=1000%2C670&ssl=1\",\"datePublished\":\"2021-02-23T18:53:56+00:00\",\"author\":{\"@id\":\"https:\/\/verdadeon.com.br\/portal\/#\/schema\/person\/8994718f49ee62ba5610471e29ca1f62\"},\"breadcrumb\":{\"@id\":\"https:\/\/verdadeon.com.br\/portal\/2021\/02\/23\/butantan-comeca-a-distribuir-39-milhoes-de-vacinas-contra-a-covid-19\/#breadcrumb\"},\"inLanguage\":\"pt-BR\",\"potentialAction\":[{\"@type\":\"ReadAction\",\"target\":[\"https:\/\/verdadeon.com.br\/portal\/2021\/02\/23\/butantan-comeca-a-distribuir-39-milhoes-de-vacinas-contra-a-covid-19\/\"]}]},{\"@type\":\"ImageObject\",\"inLanguage\":\"pt-BR\",\"@id\":\"https:\/\/verdadeon.com.br\/portal\/2021\/02\/23\/butantan-comeca-a-distribuir-39-milhoes-de-vacinas-contra-a-covid-19\/#primaryimage\",\"url\":\"https:\/\/i0.wp.com\/verdadeon.com.br\/portal\/wp-content\/uploads\/2021\/02\/WhatsApp-Image-2021-02-23-at-15.28.18.jpeg?fit=1000%2C670&ssl=1\",\"contentUrl\":\"https:\/\/i0.wp.com\/verdadeon.com.br\/portal\/wp-content\/uploads\/2021\/02\/WhatsApp-Image-2021-02-23-at-15.28.18.jpeg?fit=1000%2C670&ssl=1\",\"width\":1000,\"height\":670,\"caption\":\"De 5 de fevereiro a 5 de mar\u00e7o, o governo paulista estima entregar 5,6 milh\u00f5es de doses ao PNI, 65% a mais que o volume previsto inicialmente | Foto: Ag\u00eancia Brasil\"},{\"@type\":\"BreadcrumbList\",\"@id\":\"https:\/\/verdadeon.com.br\/portal\/2021\/02\/23\/butantan-comeca-a-distribuir-39-milhoes-de-vacinas-contra-a-covid-19\/#breadcrumb\",\"itemListElement\":[{\"@type\":\"ListItem\",\"position\":1,\"name\":\"In\u00edcio\",\"item\":\"https:\/\/verdadeon.com.br\/portal\/\"},{\"@type\":\"ListItem\",\"position\":2,\"name\":\"Butantan come\u00e7a a distribuir 3,9 milh\u00f5es de vacinas contra a Covid-19\"}]},{\"@type\":\"WebSite\",\"@id\":\"https:\/\/verdadeon.com.br\/portal\/#website\",\"url\":\"https:\/\/verdadeon.com.br\/portal\/\",\"name\":\"VerdadeOn\",\"description\":\"Not\u00edcias di\u00e1rias sobre Franca, Regi\u00e3o, Esporte, Cultura, Cotidiano, Colunas. Cobertura nos principais eventos da cidade \u00e9 aqui - Verdadeon Franca\",\"potentialAction\":[{\"@type\":\"SearchAction\",\"target\":{\"@type\":\"EntryPoint\",\"urlTemplate\":\"https:\/\/verdadeon.com.br\/portal\/?s={search_term_string}\"},\"query-input\":{\"@type\":\"PropertyValueSpecification\",\"valueRequired\":true,\"valueName\":\"search_term_string\"}}],\"inLanguage\":\"pt-BR\"},{\"@type\":\"Person\",\"@id\":\"https:\/\/verdadeon.com.br\/portal\/#\/schema\/person\/8994718f49ee62ba5610471e29ca1f62\",\"name\":\"Fernando Calixto\",\"image\":{\"@type\":\"ImageObject\",\"inLanguage\":\"pt-BR\",\"@id\":\"https:\/\/verdadeon.com.br\/portal\/#\/schema\/person\/image\/\",\"url\":\"https:\/\/secure.gravatar.com\/avatar\/7578910c24966c0316c340f9dbd601e93ee9f9212e1033968b367af9306bd9fb?s=96&d=mm&r=g\",\"contentUrl\":\"https:\/\/secure.gravatar.com\/avatar\/7578910c24966c0316c340f9dbd601e93ee9f9212e1033968b367af9306bd9fb?s=96&d=mm&r=g\",\"caption\":\"Fernando Calixto\"},\"url\":\"https:\/\/verdadeon.com.br\/portal\/author\/fernando-calixto\/\"}]}<\/script>\n<!-- \/ Yoast SEO plugin. -->","yoast_head_json":{"title":"Butantan come\u00e7a a distribuir 3,9 milh\u00f5es de vacinas contra a Covid-19 - VerdadeOn","robots":{"index":"index","follow":"follow","max-snippet":"max-snippet:-1","max-image-preview":"max-image-preview:large","max-video-preview":"max-video-preview:-1"},"canonical":"https:\/\/verdadeon.com.br\/portal\/2021\/02\/23\/butantan-comeca-a-distribuir-39-milhoes-de-vacinas-contra-a-covid-19\/","og_locale":"pt_BR","og_type":"article","og_title":"Butantan come\u00e7a a distribuir 3,9 milh\u00f5es de vacinas contra a Covid-19 - VerdadeOn","og_description":"Minist\u00e9rio da Sa\u00fade recebeu mais 1 milh\u00e3o de doses que ser\u00e3o distribu\u00eddas para todos os estados O governo de S\u00e3o Paulo anunciou nesta ter\u00e7a-feira (23), o [\u2026]","og_url":"https:\/\/verdadeon.com.br\/portal\/2021\/02\/23\/butantan-comeca-a-distribuir-39-milhoes-de-vacinas-contra-a-covid-19\/","og_site_name":"VerdadeOn","article_published_time":"2021-02-23T18:53:56+00:00","og_image":[{"width":1000,"height":670,"url":"https:\/\/verdadeon.com.br\/portal\/wp-content\/uploads\/2021\/02\/WhatsApp-Image-2021-02-23-at-15.28.18.jpeg","type":"image\/jpeg"}],"author":"Fernando Calixto","twitter_card":"summary_large_image","twitter_misc":{"Escrito por":"Fernando Calixto","Est. tempo de leitura":"2 minutos"},"schema":{"@context":"https:\/\/schema.org","@graph":[{"@type":"WebPage","@id":"https:\/\/verdadeon.com.br\/portal\/2021\/02\/23\/butantan-comeca-a-distribuir-39-milhoes-de-vacinas-contra-a-covid-19\/","url":"https:\/\/verdadeon.com.br\/portal\/2021\/02\/23\/butantan-comeca-a-distribuir-39-milhoes-de-vacinas-contra-a-covid-19\/","name":"Butantan come\u00e7a a distribuir 3,9 milh\u00f5es de vacinas contra a Covid-19 - VerdadeOn","isPartOf":{"@id":"https:\/\/verdadeon.com.br\/portal\/#website"},"primaryImageOfPage":{"@id":"https:\/\/verdadeon.com.br\/portal\/2021\/02\/23\/butantan-comeca-a-distribuir-39-milhoes-de-vacinas-contra-a-covid-19\/#primaryimage"},"image":{"@id":"https:\/\/verdadeon.com.br\/portal\/2021\/02\/23\/butantan-comeca-a-distribuir-39-milhoes-de-vacinas-contra-a-covid-19\/#primaryimage"},"thumbnailUrl":"https:\/\/i0.wp.com\/verdadeon.com.br\/portal\/wp-content\/uploads\/2021\/02\/WhatsApp-Image-2021-02-23-at-15.28.18.jpeg?fit=1000%2C670&ssl=1","datePublished":"2021-02-23T18:53:56+00:00","author":{"@id":"https:\/\/verdadeon.com.br\/portal\/#\/schema\/person\/8994718f49ee62ba5610471e29ca1f62"},"breadcrumb":{"@id":"https:\/\/verdadeon.com.br\/portal\/2021\/02\/23\/butantan-comeca-a-distribuir-39-milhoes-de-vacinas-contra-a-covid-19\/#breadcrumb"},"inLanguage":"pt-BR","potentialAction":[{"@type":"ReadAction","target":["https:\/\/verdadeon.com.br\/portal\/2021\/02\/23\/butantan-comeca-a-distribuir-39-milhoes-de-vacinas-contra-a-covid-19\/"]}]},{"@type":"ImageObject","inLanguage":"pt-BR","@id":"https:\/\/verdadeon.com.br\/portal\/2021\/02\/23\/butantan-comeca-a-distribuir-39-milhoes-de-vacinas-contra-a-covid-19\/#primaryimage","url":"https:\/\/i0.wp.com\/verdadeon.com.br\/portal\/wp-content\/uploads\/2021\/02\/WhatsApp-Image-2021-02-23-at-15.28.18.jpeg?fit=1000%2C670&ssl=1","contentUrl":"https:\/\/i0.wp.com\/verdadeon.com.br\/portal\/wp-content\/uploads\/2021\/02\/WhatsApp-Image-2021-02-23-at-15.28.18.jpeg?fit=1000%2C670&ssl=1","width":1000,"height":670,"caption":"De 5 de fevereiro a 5 de mar\u00e7o, o governo paulista estima entregar 5,6 milh\u00f5es de doses ao PNI, 65% a mais que o volume previsto inicialmente | Foto: Ag\u00eancia Brasil"},{"@type":"BreadcrumbList","@id":"https:\/\/verdadeon.com.br\/portal\/2021\/02\/23\/butantan-comeca-a-distribuir-39-milhoes-de-vacinas-contra-a-covid-19\/#breadcrumb","itemListElement":[{"@type":"ListItem","position":1,"name":"In\u00edcio","item":"https:\/\/verdadeon.com.br\/portal\/"},{"@type":"ListItem","position":2,"name":"Butantan come\u00e7a a distribuir 3,9 milh\u00f5es de vacinas contra a Covid-19"}]},{"@type":"WebSite","@id":"https:\/\/verdadeon.com.br\/portal\/#website","url":"https:\/\/verdadeon.com.br\/portal\/","name":"VerdadeOn","description":"Not\u00edcias di\u00e1rias sobre Franca, Regi\u00e3o, Esporte, Cultura, Cotidiano, Colunas. Cobertura nos principais eventos da cidade \u00e9 aqui - Verdadeon Franca","potentialAction":[{"@type":"SearchAction","target":{"@type":"EntryPoint","urlTemplate":"https:\/\/verdadeon.com.br\/portal\/?s={search_term_string}"},"query-input":{"@type":"PropertyValueSpecification","valueRequired":true,"valueName":"search_term_string"}}],"inLanguage":"pt-BR"},{"@type":"Person","@id":"https:\/\/verdadeon.com.br\/portal\/#\/schema\/person\/8994718f49ee62ba5610471e29ca1f62","name":"Fernando Calixto","image":{"@type":"ImageObject","inLanguage":"pt-BR","@id":"https:\/\/verdadeon.com.br\/portal\/#\/schema\/person\/image\/","url":"https:\/\/secure.gravatar.com\/avatar\/7578910c24966c0316c340f9dbd601e93ee9f9212e1033968b367af9306bd9fb?s=96&d=mm&r=g","contentUrl":"https:\/\/secure.gravatar.com\/avatar\/7578910c24966c0316c340f9dbd601e93ee9f9212e1033968b367af9306bd9fb?s=96&d=mm&r=g","caption":"Fernando Calixto"},"url":"https:\/\/verdadeon.com.br\/portal\/author\/fernando-calixto\/"}]}},"jetpack_publicize_connections":[],"jetpack_featured_media_url":"https:\/\/i0.wp.com\/verdadeon.com.br\/portal\/wp-content\/uploads\/2021\/02\/WhatsApp-Image-2021-02-23-at-15.28.18.jpeg?fit=1000%2C670&ssl=1","jetpack_sharing_enabled":true,"_links":{"self":[{"href":"https:\/\/verdadeon.com.br\/portal\/wp-json\/wp\/v2\/posts\/14390","targetHints":{"allow":["GET"]}}],"collection":[{"href":"https:\/\/verdadeon.com.br\/portal\/wp-json\/wp\/v2\/posts"}],"about":[{"href":"https:\/\/verdadeon.com.br\/portal\/wp-json\/wp\/v2\/types\/post"}],"author":[{"embeddable":true,"href":"https:\/\/verdadeon.com.br\/portal\/wp-json\/wp\/v2\/users\/4"}],"replies":[{"embeddable":true,"href":"https:\/\/verdadeon.com.br\/portal\/wp-json\/wp\/v2\/comments?post=14390"}],"version-history":[{"count":0,"href":"https:\/\/verdadeon.com.br\/portal\/wp-json\/wp\/v2\/posts\/14390\/revisions"}],"wp:featuredmedia":[{"embeddable":true,"href":"https:\/\/verdadeon.com.br\/portal\/wp-json\/wp\/v2\/media\/14396"}],"wp:attachment":[{"href":"https:\/\/verdadeon.com.br\/portal\/wp-json\/wp\/v2\/media?parent=14390"}],"wp:term":[{"taxonomy":"category","embeddable":true,"href":"https:\/\/verdadeon.com.br\/portal\/wp-json\/wp\/v2\/categories?post=14390"},{"taxonomy":"post_tag","embeddable":true,"href":"https:\/\/verdadeon.com.br\/portal\/wp-json\/wp\/v2\/tags?post=14390"}],"curies":[{"name":"wp","href":"https:\/\/api.w.org\/{rel}","templated":true}]}}