{"id":14379,"date":"2021-02-23T13:30:13","date_gmt":"2021-02-23T16:30:13","guid":{"rendered":"https:\/\/verdadeon.com.br\/portal\/?p=14379"},"modified":"2021-02-23T13:30:13","modified_gmt":"2021-02-23T16:30:13","slug":"deputada-pede-vacinas-para-policiais-e-servidores-da-educacao","status":"publish","type":"post","link":"https:\/\/verdadeon.com.br\/portal\/2021\/02\/23\/deputada-pede-vacinas-para-policiais-e-servidores-da-educacao\/","title":{"rendered":"Deputada pede vacinas para policiais e servidores da Educa\u00e7\u00e3o"},"content":{"rendered":"<p>A deputada estadual Delegada Graciela pediu ao governador do Estado, Jo\u00e3o Doria, que determine ao secret\u00e1rio estadual de Sa\u00fade, Jean Carlo Gorinchteyn, para que policiais Civis e Militares, professores e demais servidores da Educa\u00e7\u00e3o sejam inclu\u00eddos na rela\u00e7\u00e3o de prioridade para receber a vacina contra a Covid.<br \/>\nNo of\u00edcio encaminhado ao governo, a deputada esclarece que s\u00e3o not\u00f3rias a insufici\u00eancia de mat\u00e9ria prima e a capacidade dos laborat\u00f3rios para a produ\u00e7\u00e3o das vacinas de modo a que todas as pessoas possam ser imunizadas de imediato, mas ressalta que determinados grupos de servidores p\u00fablicos devem ser vacinados nesta primeira fase do Plano Estadual de Imuniza\u00e7\u00e3o pois lidam com situa\u00e7\u00f5es de risco.<br \/>\nA sugest\u00e3o para que policiais Civis e Militares tamb\u00e9m sejam considerados como prioridades foi apresentada pelo delegado Davi Abimael Davi. \u201cOs policiais tamb\u00e9m atuam na linha de frente e est\u00e3o em contato permanente com a popula\u00e7\u00e3o. \u00c9 grande o n\u00famero de policiais que contra\u00edram a Covid. Infelizmente, colegas nossos aqui da regi\u00e3o morreram por causa desta terr\u00edvel doen\u00e7a\u201d, explicou o delegado.<br \/>\nAtendendo a pedidos dos profissionais do setor, a deputada tamb\u00e9m pediu ao governador que professores e servidores da Educa\u00e7\u00e3o tamb\u00e9m recebam a vacina com prioridade. \u201cN\u00e3o tem cabimento determinar o retorno das aulas e n\u00e3o vacinar os professores. Tanto para a seguran\u00e7a dos profissionais da Educa\u00e7\u00e3o, quanto para a seguran\u00e7a dos alunos, \u00e9 essencial que os servidores tamb\u00e9m sejam imunizados. Espero que o governador se sensibilize e que atenda a estes justos pedidos\u201d, finalizou a deputada.<\/p>\n","protected":false},"excerpt":{"rendered":"<p>A deputada estadual Delegada Graciela pediu ao governador do Estado, Jo\u00e3o Doria, que determine ao secret\u00e1rio estadual de Sa\u00fade, Jean Carlo Gorinchteyn, para que policiais Civis<span class=\"excerpt-hellip\"> [\u2026]<\/span><\/p>\n","protected":false},"author":4,"featured_media":14380,"comment_status":"open","ping_status":"open","sticky":false,"template":"","format":"standard","meta":{"_jetpack_memberships_contains_paid_content":false,"footnotes":"","jetpack_publicize_message":"","jetpack_publicize_feature_enabled":true,"jetpack_social_post_already_shared":false,"jetpack_social_options":{"image_generator_settings":{"template":"highway","default_image_id":0,"enabled":false},"version":2}},"categories":[28,81],"tags":[],"class_list":["post-14379","post","type-post","status-publish","format-standard","has-post-thumbnail","hentry","category-cotidiano","category-manchete"],"yoast_head":"<!-- This site is optimized with the Yoast SEO plugin v25.6 - https:\/\/yoast.com\/wordpress\/plugins\/seo\/ -->\n<title>Deputada pede vacinas para policiais e servidores da Educa\u00e7\u00e3o - VerdadeOn<\/title>\n<meta name=\"robots\" content=\"index, follow, max-snippet:-1, max-image-preview:large, max-video-preview:-1\" \/>\n<link rel=\"canonical\" href=\"https:\/\/verdadeon.com.br\/portal\/2021\/02\/23\/deputada-pede-vacinas-para-policiais-e-servidores-da-educacao\/\" \/>\n<meta property=\"og:locale\" content=\"pt_BR\" \/>\n<meta property=\"og:type\" content=\"article\" \/>\n<meta property=\"og:title\" content=\"Deputada pede vacinas para policiais e servidores da Educa\u00e7\u00e3o - VerdadeOn\" \/>\n<meta property=\"og:description\" content=\"A deputada estadual Delegada Graciela pediu ao governador do Estado, Jo\u00e3o Doria, que determine ao secret\u00e1rio estadual de Sa\u00fade, Jean Carlo Gorinchteyn, para que policiais Civis [\u2026]\" \/>\n<meta property=\"og:url\" content=\"https:\/\/verdadeon.com.br\/portal\/2021\/02\/23\/deputada-pede-vacinas-para-policiais-e-servidores-da-educacao\/\" \/>\n<meta property=\"og:site_name\" content=\"VerdadeOn\" \/>\n<meta property=\"article:published_time\" content=\"2021-02-23T16:30:13+00:00\" \/>\n<meta property=\"og:image\" content=\"https:\/\/verdadeon.com.br\/portal\/wp-content\/uploads\/2021\/02\/WhatsApp-Image-2021-02-23-at-13.21.22.jpeg\" \/>\n\t<meta property=\"og:image:width\" content=\"1000\" \/>\n\t<meta property=\"og:image:height\" content=\"670\" \/>\n\t<meta property=\"og:image:type\" content=\"image\/jpeg\" \/>\n<meta name=\"author\" content=\"Fernando Calixto\" \/>\n<meta name=\"twitter:card\" content=\"summary_large_image\" \/>\n<meta name=\"twitter:label1\" content=\"Escrito por\" \/>\n\t<meta name=\"twitter:data1\" content=\"Fernando Calixto\" \/>\n\t<meta name=\"twitter:label2\" content=\"Est. tempo de leitura\" \/>\n\t<meta name=\"twitter:data2\" content=\"2 minutos\" \/>\n<script type=\"application\/ld+json\" class=\"yoast-schema-graph\">{\"@context\":\"https:\/\/schema.org\",\"@graph\":[{\"@type\":\"WebPage\",\"@id\":\"https:\/\/verdadeon.com.br\/portal\/2021\/02\/23\/deputada-pede-vacinas-para-policiais-e-servidores-da-educacao\/\",\"url\":\"https:\/\/verdadeon.com.br\/portal\/2021\/02\/23\/deputada-pede-vacinas-para-policiais-e-servidores-da-educacao\/\",\"name\":\"Deputada pede vacinas para policiais e servidores da Educa\u00e7\u00e3o - VerdadeOn\",\"isPartOf\":{\"@id\":\"https:\/\/verdadeon.com.br\/portal\/#website\"},\"primaryImageOfPage\":{\"@id\":\"https:\/\/verdadeon.com.br\/portal\/2021\/02\/23\/deputada-pede-vacinas-para-policiais-e-servidores-da-educacao\/#primaryimage\"},\"image\":{\"@id\":\"https:\/\/verdadeon.com.br\/portal\/2021\/02\/23\/deputada-pede-vacinas-para-policiais-e-servidores-da-educacao\/#primaryimage\"},\"thumbnailUrl\":\"https:\/\/i0.wp.com\/verdadeon.com.br\/portal\/wp-content\/uploads\/2021\/02\/WhatsApp-Image-2021-02-23-at-13.21.22.jpeg?fit=1000%2C670&ssl=1\",\"datePublished\":\"2021-02-23T16:30:13+00:00\",\"author\":{\"@id\":\"https:\/\/verdadeon.com.br\/portal\/#\/schema\/person\/8994718f49ee62ba5610471e29ca1f62\"},\"breadcrumb\":{\"@id\":\"https:\/\/verdadeon.com.br\/portal\/2021\/02\/23\/deputada-pede-vacinas-para-policiais-e-servidores-da-educacao\/#breadcrumb\"},\"inLanguage\":\"pt-BR\",\"potentialAction\":[{\"@type\":\"ReadAction\",\"target\":[\"https:\/\/verdadeon.com.br\/portal\/2021\/02\/23\/deputada-pede-vacinas-para-policiais-e-servidores-da-educacao\/\"]}]},{\"@type\":\"ImageObject\",\"inLanguage\":\"pt-BR\",\"@id\":\"https:\/\/verdadeon.com.br\/portal\/2021\/02\/23\/deputada-pede-vacinas-para-policiais-e-servidores-da-educacao\/#primaryimage\",\"url\":\"https:\/\/i0.wp.com\/verdadeon.com.br\/portal\/wp-content\/uploads\/2021\/02\/WhatsApp-Image-2021-02-23-at-13.21.22.jpeg?fit=1000%2C670&ssl=1\",\"contentUrl\":\"https:\/\/i0.wp.com\/verdadeon.com.br\/portal\/wp-content\/uploads\/2021\/02\/WhatsApp-Image-2021-02-23-at-13.21.22.jpeg?fit=1000%2C670&ssl=1\",\"width\":1000,\"height\":670},{\"@type\":\"BreadcrumbList\",\"@id\":\"https:\/\/verdadeon.com.br\/portal\/2021\/02\/23\/deputada-pede-vacinas-para-policiais-e-servidores-da-educacao\/#breadcrumb\",\"itemListElement\":[{\"@type\":\"ListItem\",\"position\":1,\"name\":\"In\u00edcio\",\"item\":\"https:\/\/verdadeon.com.br\/portal\/\"},{\"@type\":\"ListItem\",\"position\":2,\"name\":\"Deputada pede vacinas para policiais e servidores da Educa\u00e7\u00e3o\"}]},{\"@type\":\"WebSite\",\"@id\":\"https:\/\/verdadeon.com.br\/portal\/#website\",\"url\":\"https:\/\/verdadeon.com.br\/portal\/\",\"name\":\"VerdadeOn\",\"description\":\"Not\u00edcias di\u00e1rias sobre Franca, Regi\u00e3o, Esporte, Cultura, Cotidiano, Colunas. Cobertura nos principais eventos da cidade \u00e9 aqui - Verdadeon Franca\",\"potentialAction\":[{\"@type\":\"SearchAction\",\"target\":{\"@type\":\"EntryPoint\",\"urlTemplate\":\"https:\/\/verdadeon.com.br\/portal\/?s={search_term_string}\"},\"query-input\":{\"@type\":\"PropertyValueSpecification\",\"valueRequired\":true,\"valueName\":\"search_term_string\"}}],\"inLanguage\":\"pt-BR\"},{\"@type\":\"Person\",\"@id\":\"https:\/\/verdadeon.com.br\/portal\/#\/schema\/person\/8994718f49ee62ba5610471e29ca1f62\",\"name\":\"Fernando Calixto\",\"image\":{\"@type\":\"ImageObject\",\"inLanguage\":\"pt-BR\",\"@id\":\"https:\/\/verdadeon.com.br\/portal\/#\/schema\/person\/image\/\",\"url\":\"https:\/\/secure.gravatar.com\/avatar\/7578910c24966c0316c340f9dbd601e93ee9f9212e1033968b367af9306bd9fb?s=96&d=mm&r=g\",\"contentUrl\":\"https:\/\/secure.gravatar.com\/avatar\/7578910c24966c0316c340f9dbd601e93ee9f9212e1033968b367af9306bd9fb?s=96&d=mm&r=g\",\"caption\":\"Fernando Calixto\"},\"url\":\"https:\/\/verdadeon.com.br\/portal\/author\/fernando-calixto\/\"}]}<\/script>\n<!-- \/ Yoast SEO plugin. -->","yoast_head_json":{"title":"Deputada pede vacinas para policiais e servidores da Educa\u00e7\u00e3o - VerdadeOn","robots":{"index":"index","follow":"follow","max-snippet":"max-snippet:-1","max-image-preview":"max-image-preview:large","max-video-preview":"max-video-preview:-1"},"canonical":"https:\/\/verdadeon.com.br\/portal\/2021\/02\/23\/deputada-pede-vacinas-para-policiais-e-servidores-da-educacao\/","og_locale":"pt_BR","og_type":"article","og_title":"Deputada pede vacinas para policiais e servidores da Educa\u00e7\u00e3o - VerdadeOn","og_description":"A deputada estadual Delegada Graciela pediu ao governador do Estado, Jo\u00e3o Doria, que determine ao secret\u00e1rio estadual de Sa\u00fade, Jean Carlo Gorinchteyn, para que policiais Civis [\u2026]","og_url":"https:\/\/verdadeon.com.br\/portal\/2021\/02\/23\/deputada-pede-vacinas-para-policiais-e-servidores-da-educacao\/","og_site_name":"VerdadeOn","article_published_time":"2021-02-23T16:30:13+00:00","og_image":[{"width":1000,"height":670,"url":"https:\/\/verdadeon.com.br\/portal\/wp-content\/uploads\/2021\/02\/WhatsApp-Image-2021-02-23-at-13.21.22.jpeg","type":"image\/jpeg"}],"author":"Fernando Calixto","twitter_card":"summary_large_image","twitter_misc":{"Escrito por":"Fernando Calixto","Est. tempo de leitura":"2 minutos"},"schema":{"@context":"https:\/\/schema.org","@graph":[{"@type":"WebPage","@id":"https:\/\/verdadeon.com.br\/portal\/2021\/02\/23\/deputada-pede-vacinas-para-policiais-e-servidores-da-educacao\/","url":"https:\/\/verdadeon.com.br\/portal\/2021\/02\/23\/deputada-pede-vacinas-para-policiais-e-servidores-da-educacao\/","name":"Deputada pede vacinas para policiais e servidores da Educa\u00e7\u00e3o - VerdadeOn","isPartOf":{"@id":"https:\/\/verdadeon.com.br\/portal\/#website"},"primaryImageOfPage":{"@id":"https:\/\/verdadeon.com.br\/portal\/2021\/02\/23\/deputada-pede-vacinas-para-policiais-e-servidores-da-educacao\/#primaryimage"},"image":{"@id":"https:\/\/verdadeon.com.br\/portal\/2021\/02\/23\/deputada-pede-vacinas-para-policiais-e-servidores-da-educacao\/#primaryimage"},"thumbnailUrl":"https:\/\/i0.wp.com\/verdadeon.com.br\/portal\/wp-content\/uploads\/2021\/02\/WhatsApp-Image-2021-02-23-at-13.21.22.jpeg?fit=1000%2C670&ssl=1","datePublished":"2021-02-23T16:30:13+00:00","author":{"@id":"https:\/\/verdadeon.com.br\/portal\/#\/schema\/person\/8994718f49ee62ba5610471e29ca1f62"},"breadcrumb":{"@id":"https:\/\/verdadeon.com.br\/portal\/2021\/02\/23\/deputada-pede-vacinas-para-policiais-e-servidores-da-educacao\/#breadcrumb"},"inLanguage":"pt-BR","potentialAction":[{"@type":"ReadAction","target":["https:\/\/verdadeon.com.br\/portal\/2021\/02\/23\/deputada-pede-vacinas-para-policiais-e-servidores-da-educacao\/"]}]},{"@type":"ImageObject","inLanguage":"pt-BR","@id":"https:\/\/verdadeon.com.br\/portal\/2021\/02\/23\/deputada-pede-vacinas-para-policiais-e-servidores-da-educacao\/#primaryimage","url":"https:\/\/i0.wp.com\/verdadeon.com.br\/portal\/wp-content\/uploads\/2021\/02\/WhatsApp-Image-2021-02-23-at-13.21.22.jpeg?fit=1000%2C670&ssl=1","contentUrl":"https:\/\/i0.wp.com\/verdadeon.com.br\/portal\/wp-content\/uploads\/2021\/02\/WhatsApp-Image-2021-02-23-at-13.21.22.jpeg?fit=1000%2C670&ssl=1","width":1000,"height":670},{"@type":"BreadcrumbList","@id":"https:\/\/verdadeon.com.br\/portal\/2021\/02\/23\/deputada-pede-vacinas-para-policiais-e-servidores-da-educacao\/#breadcrumb","itemListElement":[{"@type":"ListItem","position":1,"name":"In\u00edcio","item":"https:\/\/verdadeon.com.br\/portal\/"},{"@type":"ListItem","position":2,"name":"Deputada pede vacinas para policiais e servidores da Educa\u00e7\u00e3o"}]},{"@type":"WebSite","@id":"https:\/\/verdadeon.com.br\/portal\/#website","url":"https:\/\/verdadeon.com.br\/portal\/","name":"VerdadeOn","description":"Not\u00edcias di\u00e1rias sobre Franca, Regi\u00e3o, Esporte, Cultura, Cotidiano, Colunas. Cobertura nos principais eventos da cidade \u00e9 aqui - Verdadeon Franca","potentialAction":[{"@type":"SearchAction","target":{"@type":"EntryPoint","urlTemplate":"https:\/\/verdadeon.com.br\/portal\/?s={search_term_string}"},"query-input":{"@type":"PropertyValueSpecification","valueRequired":true,"valueName":"search_term_string"}}],"inLanguage":"pt-BR"},{"@type":"Person","@id":"https:\/\/verdadeon.com.br\/portal\/#\/schema\/person\/8994718f49ee62ba5610471e29ca1f62","name":"Fernando Calixto","image":{"@type":"ImageObject","inLanguage":"pt-BR","@id":"https:\/\/verdadeon.com.br\/portal\/#\/schema\/person\/image\/","url":"https:\/\/secure.gravatar.com\/avatar\/7578910c24966c0316c340f9dbd601e93ee9f9212e1033968b367af9306bd9fb?s=96&d=mm&r=g","contentUrl":"https:\/\/secure.gravatar.com\/avatar\/7578910c24966c0316c340f9dbd601e93ee9f9212e1033968b367af9306bd9fb?s=96&d=mm&r=g","caption":"Fernando Calixto"},"url":"https:\/\/verdadeon.com.br\/portal\/author\/fernando-calixto\/"}]}},"jetpack_publicize_connections":[],"jetpack_featured_media_url":"https:\/\/i0.wp.com\/verdadeon.com.br\/portal\/wp-content\/uploads\/2021\/02\/WhatsApp-Image-2021-02-23-at-13.21.22.jpeg?fit=1000%2C670&ssl=1","jetpack_sharing_enabled":true,"_links":{"self":[{"href":"https:\/\/verdadeon.com.br\/portal\/wp-json\/wp\/v2\/posts\/14379","targetHints":{"allow":["GET"]}}],"collection":[{"href":"https:\/\/verdadeon.com.br\/portal\/wp-json\/wp\/v2\/posts"}],"about":[{"href":"https:\/\/verdadeon.com.br\/portal\/wp-json\/wp\/v2\/types\/post"}],"author":[{"embeddable":true,"href":"https:\/\/verdadeon.com.br\/portal\/wp-json\/wp\/v2\/users\/4"}],"replies":[{"embeddable":true,"href":"https:\/\/verdadeon.com.br\/portal\/wp-json\/wp\/v2\/comments?post=14379"}],"version-history":[{"count":0,"href":"https:\/\/verdadeon.com.br\/portal\/wp-json\/wp\/v2\/posts\/14379\/revisions"}],"wp:featuredmedia":[{"embeddable":true,"href":"https:\/\/verdadeon.com.br\/portal\/wp-json\/wp\/v2\/media\/14380"}],"wp:attachment":[{"href":"https:\/\/verdadeon.com.br\/portal\/wp-json\/wp\/v2\/media?parent=14379"}],"wp:term":[{"taxonomy":"category","embeddable":true,"href":"https:\/\/verdadeon.com.br\/portal\/wp-json\/wp\/v2\/categories?post=14379"},{"taxonomy":"post_tag","embeddable":true,"href":"https:\/\/verdadeon.com.br\/portal\/wp-json\/wp\/v2\/tags?post=14379"}],"curies":[{"name":"wp","href":"https:\/\/api.w.org\/{rel}","templated":true}]}}