{"id":14366,"date":"2021-02-22T16:03:29","date_gmt":"2021-02-22T19:03:29","guid":{"rendered":"https:\/\/verdadeon.com.br\/portal\/?p=14366"},"modified":"2021-02-22T16:03:29","modified_gmt":"2021-02-22T19:03:29","slug":"camara-vota-estudo-de-impacto-de-vizinhanca-nesta-terca-feira","status":"publish","type":"post","link":"https:\/\/verdadeon.com.br\/portal\/2021\/02\/22\/camara-vota-estudo-de-impacto-de-vizinhanca-nesta-terca-feira\/","title":{"rendered":"C\u00e2mara vota \u201cEstudo de impacto de Vizinhan\u00e7a\u201d, nesta ter\u00e7a-feira"},"content":{"rendered":"<h2>Pela lei, os moradores da Vila Formosa e de outros bairros pr\u00f3ximos dever\u00e3o ser ouvidos sobre a instala\u00e7\u00e3o do Centro Pop no local<\/h2>\n<p>No total dois projetos de lei e uma reda\u00e7\u00e3o final ser\u00e3o votadas | Foto: Divulga\u00e7\u00e3o<\/p>\n<p>A C\u00e2mara Municipal de Franca vota nesta ter\u00e7a-feira (23), o Projeto de Lei Complementar sobre a obrigatoriedade de realiza\u00e7\u00e3o do Estudo de Impacto de Vizinhan\u00e7a na instala\u00e7\u00e3o do Centro Pop no munic\u00edpio de Franca. Os vereadores Donizete da Farm\u00e1cia (MDB), Lurdinha Granzotte (PSL) e Marcelo Tidy (DEM), s\u00e3o os autores do projeto. Ele j\u00e1 deve ser apreciado em regime de urg\u00eancia, devido \u00e0 possibilidade de o Centro Pop ser instalado em breve num pr\u00e9dio da Vila Formosa.<br \/>\nDe acordo com proposta, a implanta\u00e7\u00e3o do \u00f3rg\u00e3o fica condicionada \u00e0 anu\u00eancia de mais de 50% dos mun\u00edcipes que moram num raio m\u00ednimo de 300 metros de dist\u00e2ncia do local de instala\u00e7\u00e3o pretendido. Ou seja, a maioria dos vizinhos precisam concordar com a vinda do Centro Pop para que o \u00f3rg\u00e3o possa funcionar ali.<br \/>\nDurante a reuni\u00e3o das comiss\u00f5es de Legisla\u00e7\u00e3o, Justi\u00e7a e Reda\u00e7\u00e3o e de Finan\u00e7as e Or\u00e7amento, a nova proposta foi debatida com a secret\u00e1ria municipal de A\u00e7\u00e3o Social, Gislaine Liporoni. Ela alegou que o PL n\u00ba 24 inviabilizaria a reinstala\u00e7\u00e3o do Centro Pop, que por enquanto est\u00e1 inativo, e defendeu a sua exist\u00eancia.<br \/>\n\u201cAs pessoas em situa\u00e7\u00e3o de rua devem ser acolhidas e respeitadas. O servi\u00e7o precisa ser instalado numa \u00e1rea urbana e de f\u00e1cil acesso. Quando tentaram implant\u00e1-lo na periferia, a Justi\u00e7a n\u00e3o permitiu. A quest\u00e3o do Centro Pop n\u00e3o tem volta. Eu n\u00e3o iria propor nada que fosse um descaso com a comunidade. O Centro Pop \u00e9 a forma legal e leg\u00edtima para atenuar o problema\u201d, afirmou Gislaine, acrescentando que existem cerca de 470 moradores de rua na cidade atualmente.<br \/>\nJ\u00e1 o vereador Donizete da Farm\u00e1cia, explicou a necessidade do estudo. \u201cA ideia do Centro Pop \u00e9 muito bacana, e os moradores de rua devem ser assistidos, mas na pr\u00e1tica a sua instala\u00e7\u00e3o na Vila Formosa ou em qualquer outro bairro causaria constrangimentos e inseguran\u00e7a \u00e0 popula\u00e7\u00e3o. N\u00e3o podemos beneficiar o morador de rua, que merece todo o respeito e carinho, em detrimento aos moradores do bairro\u201d.<br \/>\nO Plen\u00e1rio tamb\u00e9m votar\u00e1 o PL n\u00ba 12\/2021, do vereador Ronaldo Carvalho (Cidadania), que determina a publica\u00e7\u00e3o da quantidade total de pessoas em espera por cada especialidade de cirurgia eletiva, para crit\u00e9rios de transpar\u00eancia. A listagem dever\u00e1 ser atualizada mensalmente. Ronaldo comentou a import\u00e2ncia da propositura:<br \/>\n\u201cEsse projeto \u00e9 um adendo para que possamos diminuir cada vez mais nossa fila de procedimentos eletivos. \u00c9 importante entendermos melhor esses n\u00fameros, porque a demora na realiza\u00e7\u00e3o de cirurgias \u00e9 um problema que vem se arrastando h\u00e1 v\u00e1rios anos. Trata-se de um inimigo que precisamos combater, mas, para isso, \u00e9 preciso antes conhec\u00ea-lo\u201d.<br \/>\nA Reda\u00e7\u00e3o Final do Projeto de Resolu\u00e7\u00e3o n\u00ba 04\/2021, dos vereadores Daniel Bassi (PSDB) e Donizete da Farm\u00e1cia, tamb\u00e9m ser\u00e1 votado. Ele implanta na Casa de Leis francana o Programa \u201cC\u00e2mara Sem Papel\u201d. A proposta j\u00e1 foi aprovada por unanimidade na \u00faltima sess\u00e3o ordin\u00e1ria. A vota\u00e7\u00e3o da Reda\u00e7\u00e3o Final, geralmente dispensada pelos parlamentares, \u00e9 necess\u00e1ria neste caso devido a falha t\u00e9cnica que ocasionou a an\u00e1lise de uma mesma emenda duas vezes na \u00faltima ter\u00e7a-feira.<\/p>\n","protected":false},"excerpt":{"rendered":"<p>Pela lei, os moradores da Vila Formosa e de outros bairros pr\u00f3ximos dever\u00e3o ser ouvidos sobre a instala\u00e7\u00e3o do Centro Pop no local No total dois<span class=\"excerpt-hellip\"> [\u2026]<\/span><\/p>\n","protected":false},"author":4,"featured_media":14371,"comment_status":"open","ping_status":"open","sticky":false,"template":"","format":"standard","meta":{"_jetpack_memberships_contains_paid_content":false,"footnotes":"","jetpack_publicize_message":"","jetpack_publicize_feature_enabled":true,"jetpack_social_post_already_shared":false,"jetpack_social_options":{"image_generator_settings":{"template":"highway","default_image_id":0,"enabled":false},"version":2}},"categories":[28,44],"tags":[],"class_list":["post-14366","post","type-post","status-publish","format-standard","has-post-thumbnail","hentry","category-cotidiano","category-noticias"],"yoast_head":"<!-- This site is optimized with the Yoast SEO plugin v25.6 - https:\/\/yoast.com\/wordpress\/plugins\/seo\/ -->\n<title>C\u00e2mara vota \u201cEstudo de impacto de Vizinhan\u00e7a\u201d, nesta ter\u00e7a-feira - VerdadeOn<\/title>\n<meta name=\"robots\" content=\"index, follow, max-snippet:-1, max-image-preview:large, max-video-preview:-1\" \/>\n<link rel=\"canonical\" href=\"https:\/\/verdadeon.com.br\/portal\/2021\/02\/22\/camara-vota-estudo-de-impacto-de-vizinhanca-nesta-terca-feira\/\" \/>\n<meta property=\"og:locale\" content=\"pt_BR\" \/>\n<meta property=\"og:type\" content=\"article\" \/>\n<meta property=\"og:title\" content=\"C\u00e2mara vota \u201cEstudo de impacto de Vizinhan\u00e7a\u201d, nesta ter\u00e7a-feira - VerdadeOn\" \/>\n<meta property=\"og:description\" content=\"Pela lei, os moradores da Vila Formosa e de outros bairros pr\u00f3ximos dever\u00e3o ser ouvidos sobre a instala\u00e7\u00e3o do Centro Pop no local No total dois [\u2026]\" \/>\n<meta property=\"og:url\" content=\"https:\/\/verdadeon.com.br\/portal\/2021\/02\/22\/camara-vota-estudo-de-impacto-de-vizinhanca-nesta-terca-feira\/\" \/>\n<meta property=\"og:site_name\" content=\"VerdadeOn\" \/>\n<meta property=\"article:published_time\" content=\"2021-02-22T19:03:29+00:00\" \/>\n<meta property=\"og:image\" content=\"https:\/\/verdadeon.com.br\/portal\/wp-content\/uploads\/2021\/02\/603460a3-5e5a-4993-9d95-e1a166d36487.jpg\" \/>\n\t<meta property=\"og:image:width\" content=\"1000\" \/>\n\t<meta property=\"og:image:height\" content=\"670\" \/>\n\t<meta property=\"og:image:type\" content=\"image\/jpeg\" \/>\n<meta name=\"author\" content=\"Fernando Calixto\" \/>\n<meta name=\"twitter:card\" content=\"summary_large_image\" \/>\n<meta name=\"twitter:label1\" content=\"Escrito por\" \/>\n\t<meta name=\"twitter:data1\" content=\"Fernando Calixto\" \/>\n\t<meta name=\"twitter:label2\" content=\"Est. tempo de leitura\" \/>\n\t<meta name=\"twitter:data2\" content=\"3 minutos\" \/>\n<script type=\"application\/ld+json\" class=\"yoast-schema-graph\">{\"@context\":\"https:\/\/schema.org\",\"@graph\":[{\"@type\":\"WebPage\",\"@id\":\"https:\/\/verdadeon.com.br\/portal\/2021\/02\/22\/camara-vota-estudo-de-impacto-de-vizinhanca-nesta-terca-feira\/\",\"url\":\"https:\/\/verdadeon.com.br\/portal\/2021\/02\/22\/camara-vota-estudo-de-impacto-de-vizinhanca-nesta-terca-feira\/\",\"name\":\"C\u00e2mara vota \u201cEstudo de impacto de Vizinhan\u00e7a\u201d, nesta ter\u00e7a-feira - VerdadeOn\",\"isPartOf\":{\"@id\":\"https:\/\/verdadeon.com.br\/portal\/#website\"},\"primaryImageOfPage\":{\"@id\":\"https:\/\/verdadeon.com.br\/portal\/2021\/02\/22\/camara-vota-estudo-de-impacto-de-vizinhanca-nesta-terca-feira\/#primaryimage\"},\"image\":{\"@id\":\"https:\/\/verdadeon.com.br\/portal\/2021\/02\/22\/camara-vota-estudo-de-impacto-de-vizinhanca-nesta-terca-feira\/#primaryimage\"},\"thumbnailUrl\":\"https:\/\/i0.wp.com\/verdadeon.com.br\/portal\/wp-content\/uploads\/2021\/02\/603460a3-5e5a-4993-9d95-e1a166d36487.jpg?fit=1000%2C670&ssl=1\",\"datePublished\":\"2021-02-22T19:03:29+00:00\",\"author\":{\"@id\":\"https:\/\/verdadeon.com.br\/portal\/#\/schema\/person\/8994718f49ee62ba5610471e29ca1f62\"},\"breadcrumb\":{\"@id\":\"https:\/\/verdadeon.com.br\/portal\/2021\/02\/22\/camara-vota-estudo-de-impacto-de-vizinhanca-nesta-terca-feira\/#breadcrumb\"},\"inLanguage\":\"pt-BR\",\"potentialAction\":[{\"@type\":\"ReadAction\",\"target\":[\"https:\/\/verdadeon.com.br\/portal\/2021\/02\/22\/camara-vota-estudo-de-impacto-de-vizinhanca-nesta-terca-feira\/\"]}]},{\"@type\":\"ImageObject\",\"inLanguage\":\"pt-BR\",\"@id\":\"https:\/\/verdadeon.com.br\/portal\/2021\/02\/22\/camara-vota-estudo-de-impacto-de-vizinhanca-nesta-terca-feira\/#primaryimage\",\"url\":\"https:\/\/i0.wp.com\/verdadeon.com.br\/portal\/wp-content\/uploads\/2021\/02\/603460a3-5e5a-4993-9d95-e1a166d36487.jpg?fit=1000%2C670&ssl=1\",\"contentUrl\":\"https:\/\/i0.wp.com\/verdadeon.com.br\/portal\/wp-content\/uploads\/2021\/02\/603460a3-5e5a-4993-9d95-e1a166d36487.jpg?fit=1000%2C670&ssl=1\",\"width\":1000,\"height\":670,\"caption\":\"No total dois projetos de lei e uma reda\u00e7\u00e3o final ser\u00e3o votadas | Foto: Divulga\u00e7\u00e3o\"},{\"@type\":\"BreadcrumbList\",\"@id\":\"https:\/\/verdadeon.com.br\/portal\/2021\/02\/22\/camara-vota-estudo-de-impacto-de-vizinhanca-nesta-terca-feira\/#breadcrumb\",\"itemListElement\":[{\"@type\":\"ListItem\",\"position\":1,\"name\":\"In\u00edcio\",\"item\":\"https:\/\/verdadeon.com.br\/portal\/\"},{\"@type\":\"ListItem\",\"position\":2,\"name\":\"C\u00e2mara vota \u201cEstudo de impacto de Vizinhan\u00e7a\u201d, nesta ter\u00e7a-feira\"}]},{\"@type\":\"WebSite\",\"@id\":\"https:\/\/verdadeon.com.br\/portal\/#website\",\"url\":\"https:\/\/verdadeon.com.br\/portal\/\",\"name\":\"VerdadeOn\",\"description\":\"Not\u00edcias di\u00e1rias sobre Franca, Regi\u00e3o, Esporte, Cultura, Cotidiano, Colunas. Cobertura nos principais eventos da cidade \u00e9 aqui - Verdadeon Franca\",\"potentialAction\":[{\"@type\":\"SearchAction\",\"target\":{\"@type\":\"EntryPoint\",\"urlTemplate\":\"https:\/\/verdadeon.com.br\/portal\/?s={search_term_string}\"},\"query-input\":{\"@type\":\"PropertyValueSpecification\",\"valueRequired\":true,\"valueName\":\"search_term_string\"}}],\"inLanguage\":\"pt-BR\"},{\"@type\":\"Person\",\"@id\":\"https:\/\/verdadeon.com.br\/portal\/#\/schema\/person\/8994718f49ee62ba5610471e29ca1f62\",\"name\":\"Fernando Calixto\",\"image\":{\"@type\":\"ImageObject\",\"inLanguage\":\"pt-BR\",\"@id\":\"https:\/\/verdadeon.com.br\/portal\/#\/schema\/person\/image\/\",\"url\":\"https:\/\/secure.gravatar.com\/avatar\/7578910c24966c0316c340f9dbd601e93ee9f9212e1033968b367af9306bd9fb?s=96&d=mm&r=g\",\"contentUrl\":\"https:\/\/secure.gravatar.com\/avatar\/7578910c24966c0316c340f9dbd601e93ee9f9212e1033968b367af9306bd9fb?s=96&d=mm&r=g\",\"caption\":\"Fernando Calixto\"},\"url\":\"https:\/\/verdadeon.com.br\/portal\/author\/fernando-calixto\/\"}]}<\/script>\n<!-- \/ Yoast SEO plugin. -->","yoast_head_json":{"title":"C\u00e2mara vota \u201cEstudo de impacto de Vizinhan\u00e7a\u201d, nesta ter\u00e7a-feira - VerdadeOn","robots":{"index":"index","follow":"follow","max-snippet":"max-snippet:-1","max-image-preview":"max-image-preview:large","max-video-preview":"max-video-preview:-1"},"canonical":"https:\/\/verdadeon.com.br\/portal\/2021\/02\/22\/camara-vota-estudo-de-impacto-de-vizinhanca-nesta-terca-feira\/","og_locale":"pt_BR","og_type":"article","og_title":"C\u00e2mara vota \u201cEstudo de impacto de Vizinhan\u00e7a\u201d, nesta ter\u00e7a-feira - VerdadeOn","og_description":"Pela lei, os moradores da Vila Formosa e de outros bairros pr\u00f3ximos dever\u00e3o ser ouvidos sobre a instala\u00e7\u00e3o do Centro Pop no local No total dois [\u2026]","og_url":"https:\/\/verdadeon.com.br\/portal\/2021\/02\/22\/camara-vota-estudo-de-impacto-de-vizinhanca-nesta-terca-feira\/","og_site_name":"VerdadeOn","article_published_time":"2021-02-22T19:03:29+00:00","og_image":[{"width":1000,"height":670,"url":"https:\/\/verdadeon.com.br\/portal\/wp-content\/uploads\/2021\/02\/603460a3-5e5a-4993-9d95-e1a166d36487.jpg","type":"image\/jpeg"}],"author":"Fernando Calixto","twitter_card":"summary_large_image","twitter_misc":{"Escrito por":"Fernando Calixto","Est. tempo de leitura":"3 minutos"},"schema":{"@context":"https:\/\/schema.org","@graph":[{"@type":"WebPage","@id":"https:\/\/verdadeon.com.br\/portal\/2021\/02\/22\/camara-vota-estudo-de-impacto-de-vizinhanca-nesta-terca-feira\/","url":"https:\/\/verdadeon.com.br\/portal\/2021\/02\/22\/camara-vota-estudo-de-impacto-de-vizinhanca-nesta-terca-feira\/","name":"C\u00e2mara vota \u201cEstudo de impacto de Vizinhan\u00e7a\u201d, nesta ter\u00e7a-feira - VerdadeOn","isPartOf":{"@id":"https:\/\/verdadeon.com.br\/portal\/#website"},"primaryImageOfPage":{"@id":"https:\/\/verdadeon.com.br\/portal\/2021\/02\/22\/camara-vota-estudo-de-impacto-de-vizinhanca-nesta-terca-feira\/#primaryimage"},"image":{"@id":"https:\/\/verdadeon.com.br\/portal\/2021\/02\/22\/camara-vota-estudo-de-impacto-de-vizinhanca-nesta-terca-feira\/#primaryimage"},"thumbnailUrl":"https:\/\/i0.wp.com\/verdadeon.com.br\/portal\/wp-content\/uploads\/2021\/02\/603460a3-5e5a-4993-9d95-e1a166d36487.jpg?fit=1000%2C670&ssl=1","datePublished":"2021-02-22T19:03:29+00:00","author":{"@id":"https:\/\/verdadeon.com.br\/portal\/#\/schema\/person\/8994718f49ee62ba5610471e29ca1f62"},"breadcrumb":{"@id":"https:\/\/verdadeon.com.br\/portal\/2021\/02\/22\/camara-vota-estudo-de-impacto-de-vizinhanca-nesta-terca-feira\/#breadcrumb"},"inLanguage":"pt-BR","potentialAction":[{"@type":"ReadAction","target":["https:\/\/verdadeon.com.br\/portal\/2021\/02\/22\/camara-vota-estudo-de-impacto-de-vizinhanca-nesta-terca-feira\/"]}]},{"@type":"ImageObject","inLanguage":"pt-BR","@id":"https:\/\/verdadeon.com.br\/portal\/2021\/02\/22\/camara-vota-estudo-de-impacto-de-vizinhanca-nesta-terca-feira\/#primaryimage","url":"https:\/\/i0.wp.com\/verdadeon.com.br\/portal\/wp-content\/uploads\/2021\/02\/603460a3-5e5a-4993-9d95-e1a166d36487.jpg?fit=1000%2C670&ssl=1","contentUrl":"https:\/\/i0.wp.com\/verdadeon.com.br\/portal\/wp-content\/uploads\/2021\/02\/603460a3-5e5a-4993-9d95-e1a166d36487.jpg?fit=1000%2C670&ssl=1","width":1000,"height":670,"caption":"No total dois projetos de lei e uma reda\u00e7\u00e3o final ser\u00e3o votadas | Foto: Divulga\u00e7\u00e3o"},{"@type":"BreadcrumbList","@id":"https:\/\/verdadeon.com.br\/portal\/2021\/02\/22\/camara-vota-estudo-de-impacto-de-vizinhanca-nesta-terca-feira\/#breadcrumb","itemListElement":[{"@type":"ListItem","position":1,"name":"In\u00edcio","item":"https:\/\/verdadeon.com.br\/portal\/"},{"@type":"ListItem","position":2,"name":"C\u00e2mara vota \u201cEstudo de impacto de Vizinhan\u00e7a\u201d, nesta ter\u00e7a-feira"}]},{"@type":"WebSite","@id":"https:\/\/verdadeon.com.br\/portal\/#website","url":"https:\/\/verdadeon.com.br\/portal\/","name":"VerdadeOn","description":"Not\u00edcias di\u00e1rias sobre Franca, Regi\u00e3o, Esporte, Cultura, Cotidiano, Colunas. Cobertura nos principais eventos da cidade \u00e9 aqui - Verdadeon Franca","potentialAction":[{"@type":"SearchAction","target":{"@type":"EntryPoint","urlTemplate":"https:\/\/verdadeon.com.br\/portal\/?s={search_term_string}"},"query-input":{"@type":"PropertyValueSpecification","valueRequired":true,"valueName":"search_term_string"}}],"inLanguage":"pt-BR"},{"@type":"Person","@id":"https:\/\/verdadeon.com.br\/portal\/#\/schema\/person\/8994718f49ee62ba5610471e29ca1f62","name":"Fernando Calixto","image":{"@type":"ImageObject","inLanguage":"pt-BR","@id":"https:\/\/verdadeon.com.br\/portal\/#\/schema\/person\/image\/","url":"https:\/\/secure.gravatar.com\/avatar\/7578910c24966c0316c340f9dbd601e93ee9f9212e1033968b367af9306bd9fb?s=96&d=mm&r=g","contentUrl":"https:\/\/secure.gravatar.com\/avatar\/7578910c24966c0316c340f9dbd601e93ee9f9212e1033968b367af9306bd9fb?s=96&d=mm&r=g","caption":"Fernando Calixto"},"url":"https:\/\/verdadeon.com.br\/portal\/author\/fernando-calixto\/"}]}},"jetpack_publicize_connections":[],"jetpack_featured_media_url":"https:\/\/i0.wp.com\/verdadeon.com.br\/portal\/wp-content\/uploads\/2021\/02\/603460a3-5e5a-4993-9d95-e1a166d36487.jpg?fit=1000%2C670&ssl=1","jetpack_sharing_enabled":true,"_links":{"self":[{"href":"https:\/\/verdadeon.com.br\/portal\/wp-json\/wp\/v2\/posts\/14366","targetHints":{"allow":["GET"]}}],"collection":[{"href":"https:\/\/verdadeon.com.br\/portal\/wp-json\/wp\/v2\/posts"}],"about":[{"href":"https:\/\/verdadeon.com.br\/portal\/wp-json\/wp\/v2\/types\/post"}],"author":[{"embeddable":true,"href":"https:\/\/verdadeon.com.br\/portal\/wp-json\/wp\/v2\/users\/4"}],"replies":[{"embeddable":true,"href":"https:\/\/verdadeon.com.br\/portal\/wp-json\/wp\/v2\/comments?post=14366"}],"version-history":[{"count":0,"href":"https:\/\/verdadeon.com.br\/portal\/wp-json\/wp\/v2\/posts\/14366\/revisions"}],"wp:featuredmedia":[{"embeddable":true,"href":"https:\/\/verdadeon.com.br\/portal\/wp-json\/wp\/v2\/media\/14371"}],"wp:attachment":[{"href":"https:\/\/verdadeon.com.br\/portal\/wp-json\/wp\/v2\/media?parent=14366"}],"wp:term":[{"taxonomy":"category","embeddable":true,"href":"https:\/\/verdadeon.com.br\/portal\/wp-json\/wp\/v2\/categories?post=14366"},{"taxonomy":"post_tag","embeddable":true,"href":"https:\/\/verdadeon.com.br\/portal\/wp-json\/wp\/v2\/tags?post=14366"}],"curies":[{"name":"wp","href":"https:\/\/api.w.org\/{rel}","templated":true}]}}