{"id":14319,"date":"2021-02-19T16:42:28","date_gmt":"2021-02-19T19:42:28","guid":{"rendered":"https:\/\/verdadeon.com.br\/portal\/?p=14319"},"modified":"2021-02-19T16:42:28","modified_gmt":"2021-02-19T19:42:28","slug":"franca-segue-sem-previsao-de-prosseguir-a-vacinacao-contra-a-covid-19","status":"publish","type":"post","link":"https:\/\/verdadeon.com.br\/portal\/2021\/02\/19\/franca-segue-sem-previsao-de-prosseguir-a-vacinacao-contra-a-covid-19\/","title":{"rendered":"Franca segue sem previs\u00e3o de prosseguir a vacina\u00e7\u00e3o contra a Covid-19"},"content":{"rendered":"<h2>Idosos acima de 85 anos foram vacinados apenas at\u00e9 a segunda-feira (15). Profissionais de sa\u00fade tomaram a segunda dose<\/h2>\n<p>Segue sem previs\u00e3o de ser retomada a vacina\u00e7\u00e3o em idosos, contra a Covid-19 em Franca, paralisada desde a \u00faltima segunda-feira (15). De acordo com a assessoria de imprensa da Prefeitura, o Estado j\u00e1 foi oficiado sobre a falta de doses, mas eles ainda n\u00e3o receberam resposta.<br \/>\nNo \u00faltimo balan\u00e7o divulgado pela secretaria de Sa\u00fade, faltavam mais de 500 doses para atingir o p\u00fablico alvo de idosos entre 85 e 89 anos. A vacina\u00e7\u00e3o dessa faixa et\u00e1ria teve in\u00edcio na sexta-feira (12), mas durou apenas dois dias, sendo que j\u00e1 na tarde de segunda-feira (15), os imunizantes j\u00e1 tinham se esgotado.<br \/>\n\u201cN\u00f3s oficiamos o Estado sobre essa situa\u00e7\u00e3o, \u00e9 muito preocupante ficar sem essas doses, mas por enquanto continuamos sem, j\u00e1 que dependemos do fornecimento do governo\u201d, explicou o secret\u00e1rio de Sa\u00fade, Lucas Souza.<br \/>\nAinda de acordo com Souza, essa falta de doses j\u00e1 era prevista, j\u00e1 que at\u00e9 o momento a cidade recebeu pouco mais de 14 mil doses, para imunizar profissionais da sa\u00fade, idosos acima de 90 anos e os idosos entre 85 e 89 anos.<br \/>\nA estrutura para a vacina\u00e7\u00e3o continua montada no complexo Poliesportivo, na zona sul da cidade, mas seguia at\u00e9 o in\u00edcio da semana, aplicando apenas a segunda dose da coronavac, em profissionais da sa\u00fade que foram imunizados h\u00e1 21 dias atr\u00e1s.<\/p>\n","protected":false},"excerpt":{"rendered":"<p>Idosos acima de 85 anos foram vacinados apenas at\u00e9 a segunda-feira (15). Profissionais de sa\u00fade tomaram a segunda dose Segue sem previs\u00e3o de ser retomada a<span class=\"excerpt-hellip\"> [\u2026]<\/span><\/p>\n","protected":false},"author":4,"featured_media":14323,"comment_status":"open","ping_status":"open","sticky":false,"template":"","format":"standard","meta":{"_jetpack_memberships_contains_paid_content":false,"footnotes":"","jetpack_publicize_message":"","jetpack_publicize_feature_enabled":true,"jetpack_social_post_already_shared":false,"jetpack_social_options":{"image_generator_settings":{"template":"highway","default_image_id":0,"enabled":false},"version":2}},"categories":[28,81],"tags":[],"class_list":["post-14319","post","type-post","status-publish","format-standard","has-post-thumbnail","hentry","category-cotidiano","category-manchete"],"yoast_head":"<!-- This site is optimized with the Yoast SEO plugin v25.6 - https:\/\/yoast.com\/wordpress\/plugins\/seo\/ -->\n<title>Franca segue sem previs\u00e3o de prosseguir a vacina\u00e7\u00e3o contra a Covid-19 - VerdadeOn<\/title>\n<meta name=\"robots\" content=\"index, follow, max-snippet:-1, max-image-preview:large, max-video-preview:-1\" \/>\n<link rel=\"canonical\" href=\"https:\/\/verdadeon.com.br\/portal\/2021\/02\/19\/franca-segue-sem-previsao-de-prosseguir-a-vacinacao-contra-a-covid-19\/\" \/>\n<meta property=\"og:locale\" content=\"pt_BR\" \/>\n<meta property=\"og:type\" content=\"article\" \/>\n<meta property=\"og:title\" content=\"Franca segue sem previs\u00e3o de prosseguir a vacina\u00e7\u00e3o contra a Covid-19 - VerdadeOn\" \/>\n<meta property=\"og:description\" content=\"Idosos acima de 85 anos foram vacinados apenas at\u00e9 a segunda-feira (15). Profissionais de sa\u00fade tomaram a segunda dose Segue sem previs\u00e3o de ser retomada a [\u2026]\" \/>\n<meta property=\"og:url\" content=\"https:\/\/verdadeon.com.br\/portal\/2021\/02\/19\/franca-segue-sem-previsao-de-prosseguir-a-vacinacao-contra-a-covid-19\/\" \/>\n<meta property=\"og:site_name\" content=\"VerdadeOn\" \/>\n<meta property=\"article:published_time\" content=\"2021-02-19T19:42:28+00:00\" \/>\n<meta property=\"og:image\" content=\"https:\/\/verdadeon.com.br\/portal\/wp-content\/uploads\/2021\/02\/WhatsApp-Image-2021-02-19-at-16.40.19.jpeg\" \/>\n\t<meta property=\"og:image:width\" content=\"1000\" \/>\n\t<meta property=\"og:image:height\" content=\"670\" \/>\n\t<meta property=\"og:image:type\" content=\"image\/jpeg\" \/>\n<meta name=\"author\" content=\"Fernando Calixto\" \/>\n<meta name=\"twitter:card\" content=\"summary_large_image\" \/>\n<meta name=\"twitter:label1\" content=\"Escrito por\" \/>\n\t<meta name=\"twitter:data1\" content=\"Fernando Calixto\" \/>\n\t<meta name=\"twitter:label2\" content=\"Est. tempo de leitura\" \/>\n\t<meta name=\"twitter:data2\" content=\"2 minutos\" \/>\n<script type=\"application\/ld+json\" class=\"yoast-schema-graph\">{\"@context\":\"https:\/\/schema.org\",\"@graph\":[{\"@type\":\"WebPage\",\"@id\":\"https:\/\/verdadeon.com.br\/portal\/2021\/02\/19\/franca-segue-sem-previsao-de-prosseguir-a-vacinacao-contra-a-covid-19\/\",\"url\":\"https:\/\/verdadeon.com.br\/portal\/2021\/02\/19\/franca-segue-sem-previsao-de-prosseguir-a-vacinacao-contra-a-covid-19\/\",\"name\":\"Franca segue sem previs\u00e3o de prosseguir a vacina\u00e7\u00e3o contra a Covid-19 - VerdadeOn\",\"isPartOf\":{\"@id\":\"https:\/\/verdadeon.com.br\/portal\/#website\"},\"primaryImageOfPage\":{\"@id\":\"https:\/\/verdadeon.com.br\/portal\/2021\/02\/19\/franca-segue-sem-previsao-de-prosseguir-a-vacinacao-contra-a-covid-19\/#primaryimage\"},\"image\":{\"@id\":\"https:\/\/verdadeon.com.br\/portal\/2021\/02\/19\/franca-segue-sem-previsao-de-prosseguir-a-vacinacao-contra-a-covid-19\/#primaryimage\"},\"thumbnailUrl\":\"https:\/\/i0.wp.com\/verdadeon.com.br\/portal\/wp-content\/uploads\/2021\/02\/WhatsApp-Image-2021-02-19-at-16.40.19.jpeg?fit=1000%2C670&ssl=1\",\"datePublished\":\"2021-02-19T19:42:28+00:00\",\"author\":{\"@id\":\"https:\/\/verdadeon.com.br\/portal\/#\/schema\/person\/8994718f49ee62ba5610471e29ca1f62\"},\"breadcrumb\":{\"@id\":\"https:\/\/verdadeon.com.br\/portal\/2021\/02\/19\/franca-segue-sem-previsao-de-prosseguir-a-vacinacao-contra-a-covid-19\/#breadcrumb\"},\"inLanguage\":\"pt-BR\",\"potentialAction\":[{\"@type\":\"ReadAction\",\"target\":[\"https:\/\/verdadeon.com.br\/portal\/2021\/02\/19\/franca-segue-sem-previsao-de-prosseguir-a-vacinacao-contra-a-covid-19\/\"]}]},{\"@type\":\"ImageObject\",\"inLanguage\":\"pt-BR\",\"@id\":\"https:\/\/verdadeon.com.br\/portal\/2021\/02\/19\/franca-segue-sem-previsao-de-prosseguir-a-vacinacao-contra-a-covid-19\/#primaryimage\",\"url\":\"https:\/\/i0.wp.com\/verdadeon.com.br\/portal\/wp-content\/uploads\/2021\/02\/WhatsApp-Image-2021-02-19-at-16.40.19.jpeg?fit=1000%2C670&ssl=1\",\"contentUrl\":\"https:\/\/i0.wp.com\/verdadeon.com.br\/portal\/wp-content\/uploads\/2021\/02\/WhatsApp-Image-2021-02-19-at-16.40.19.jpeg?fit=1000%2C670&ssl=1\",\"width\":1000,\"height\":670,\"caption\":\"Novo calend\u00e1rio de vacina\u00e7\u00e3o foi anunciado nesta quinta-feira. Al\u00e9m das pessoas acima dos 43 anos, gr\u00e1vidas e pu\u00e9rperas continuam sendo imunizadas | Foto: Prefeitura\"},{\"@type\":\"BreadcrumbList\",\"@id\":\"https:\/\/verdadeon.com.br\/portal\/2021\/02\/19\/franca-segue-sem-previsao-de-prosseguir-a-vacinacao-contra-a-covid-19\/#breadcrumb\",\"itemListElement\":[{\"@type\":\"ListItem\",\"position\":1,\"name\":\"In\u00edcio\",\"item\":\"https:\/\/verdadeon.com.br\/portal\/\"},{\"@type\":\"ListItem\",\"position\":2,\"name\":\"Franca segue sem previs\u00e3o de prosseguir a vacina\u00e7\u00e3o contra a Covid-19\"}]},{\"@type\":\"WebSite\",\"@id\":\"https:\/\/verdadeon.com.br\/portal\/#website\",\"url\":\"https:\/\/verdadeon.com.br\/portal\/\",\"name\":\"VerdadeOn\",\"description\":\"Not\u00edcias di\u00e1rias sobre Franca, Regi\u00e3o, Esporte, Cultura, Cotidiano, Colunas. Cobertura nos principais eventos da cidade \u00e9 aqui - Verdadeon Franca\",\"potentialAction\":[{\"@type\":\"SearchAction\",\"target\":{\"@type\":\"EntryPoint\",\"urlTemplate\":\"https:\/\/verdadeon.com.br\/portal\/?s={search_term_string}\"},\"query-input\":{\"@type\":\"PropertyValueSpecification\",\"valueRequired\":true,\"valueName\":\"search_term_string\"}}],\"inLanguage\":\"pt-BR\"},{\"@type\":\"Person\",\"@id\":\"https:\/\/verdadeon.com.br\/portal\/#\/schema\/person\/8994718f49ee62ba5610471e29ca1f62\",\"name\":\"Fernando Calixto\",\"image\":{\"@type\":\"ImageObject\",\"inLanguage\":\"pt-BR\",\"@id\":\"https:\/\/verdadeon.com.br\/portal\/#\/schema\/person\/image\/\",\"url\":\"https:\/\/secure.gravatar.com\/avatar\/7578910c24966c0316c340f9dbd601e93ee9f9212e1033968b367af9306bd9fb?s=96&d=mm&r=g\",\"contentUrl\":\"https:\/\/secure.gravatar.com\/avatar\/7578910c24966c0316c340f9dbd601e93ee9f9212e1033968b367af9306bd9fb?s=96&d=mm&r=g\",\"caption\":\"Fernando Calixto\"},\"url\":\"https:\/\/verdadeon.com.br\/portal\/author\/fernando-calixto\/\"}]}<\/script>\n<!-- \/ Yoast SEO plugin. -->","yoast_head_json":{"title":"Franca segue sem previs\u00e3o de prosseguir a vacina\u00e7\u00e3o contra a Covid-19 - VerdadeOn","robots":{"index":"index","follow":"follow","max-snippet":"max-snippet:-1","max-image-preview":"max-image-preview:large","max-video-preview":"max-video-preview:-1"},"canonical":"https:\/\/verdadeon.com.br\/portal\/2021\/02\/19\/franca-segue-sem-previsao-de-prosseguir-a-vacinacao-contra-a-covid-19\/","og_locale":"pt_BR","og_type":"article","og_title":"Franca segue sem previs\u00e3o de prosseguir a vacina\u00e7\u00e3o contra a Covid-19 - VerdadeOn","og_description":"Idosos acima de 85 anos foram vacinados apenas at\u00e9 a segunda-feira (15). Profissionais de sa\u00fade tomaram a segunda dose Segue sem previs\u00e3o de ser retomada a [\u2026]","og_url":"https:\/\/verdadeon.com.br\/portal\/2021\/02\/19\/franca-segue-sem-previsao-de-prosseguir-a-vacinacao-contra-a-covid-19\/","og_site_name":"VerdadeOn","article_published_time":"2021-02-19T19:42:28+00:00","og_image":[{"width":1000,"height":670,"url":"https:\/\/verdadeon.com.br\/portal\/wp-content\/uploads\/2021\/02\/WhatsApp-Image-2021-02-19-at-16.40.19.jpeg","type":"image\/jpeg"}],"author":"Fernando Calixto","twitter_card":"summary_large_image","twitter_misc":{"Escrito por":"Fernando Calixto","Est. tempo de leitura":"2 minutos"},"schema":{"@context":"https:\/\/schema.org","@graph":[{"@type":"WebPage","@id":"https:\/\/verdadeon.com.br\/portal\/2021\/02\/19\/franca-segue-sem-previsao-de-prosseguir-a-vacinacao-contra-a-covid-19\/","url":"https:\/\/verdadeon.com.br\/portal\/2021\/02\/19\/franca-segue-sem-previsao-de-prosseguir-a-vacinacao-contra-a-covid-19\/","name":"Franca segue sem previs\u00e3o de prosseguir a vacina\u00e7\u00e3o contra a Covid-19 - VerdadeOn","isPartOf":{"@id":"https:\/\/verdadeon.com.br\/portal\/#website"},"primaryImageOfPage":{"@id":"https:\/\/verdadeon.com.br\/portal\/2021\/02\/19\/franca-segue-sem-previsao-de-prosseguir-a-vacinacao-contra-a-covid-19\/#primaryimage"},"image":{"@id":"https:\/\/verdadeon.com.br\/portal\/2021\/02\/19\/franca-segue-sem-previsao-de-prosseguir-a-vacinacao-contra-a-covid-19\/#primaryimage"},"thumbnailUrl":"https:\/\/i0.wp.com\/verdadeon.com.br\/portal\/wp-content\/uploads\/2021\/02\/WhatsApp-Image-2021-02-19-at-16.40.19.jpeg?fit=1000%2C670&ssl=1","datePublished":"2021-02-19T19:42:28+00:00","author":{"@id":"https:\/\/verdadeon.com.br\/portal\/#\/schema\/person\/8994718f49ee62ba5610471e29ca1f62"},"breadcrumb":{"@id":"https:\/\/verdadeon.com.br\/portal\/2021\/02\/19\/franca-segue-sem-previsao-de-prosseguir-a-vacinacao-contra-a-covid-19\/#breadcrumb"},"inLanguage":"pt-BR","potentialAction":[{"@type":"ReadAction","target":["https:\/\/verdadeon.com.br\/portal\/2021\/02\/19\/franca-segue-sem-previsao-de-prosseguir-a-vacinacao-contra-a-covid-19\/"]}]},{"@type":"ImageObject","inLanguage":"pt-BR","@id":"https:\/\/verdadeon.com.br\/portal\/2021\/02\/19\/franca-segue-sem-previsao-de-prosseguir-a-vacinacao-contra-a-covid-19\/#primaryimage","url":"https:\/\/i0.wp.com\/verdadeon.com.br\/portal\/wp-content\/uploads\/2021\/02\/WhatsApp-Image-2021-02-19-at-16.40.19.jpeg?fit=1000%2C670&ssl=1","contentUrl":"https:\/\/i0.wp.com\/verdadeon.com.br\/portal\/wp-content\/uploads\/2021\/02\/WhatsApp-Image-2021-02-19-at-16.40.19.jpeg?fit=1000%2C670&ssl=1","width":1000,"height":670,"caption":"Novo calend\u00e1rio de vacina\u00e7\u00e3o foi anunciado nesta quinta-feira. Al\u00e9m das pessoas acima dos 43 anos, gr\u00e1vidas e pu\u00e9rperas continuam sendo imunizadas | Foto: Prefeitura"},{"@type":"BreadcrumbList","@id":"https:\/\/verdadeon.com.br\/portal\/2021\/02\/19\/franca-segue-sem-previsao-de-prosseguir-a-vacinacao-contra-a-covid-19\/#breadcrumb","itemListElement":[{"@type":"ListItem","position":1,"name":"In\u00edcio","item":"https:\/\/verdadeon.com.br\/portal\/"},{"@type":"ListItem","position":2,"name":"Franca segue sem previs\u00e3o de prosseguir a vacina\u00e7\u00e3o contra a Covid-19"}]},{"@type":"WebSite","@id":"https:\/\/verdadeon.com.br\/portal\/#website","url":"https:\/\/verdadeon.com.br\/portal\/","name":"VerdadeOn","description":"Not\u00edcias di\u00e1rias sobre Franca, Regi\u00e3o, Esporte, Cultura, Cotidiano, Colunas. Cobertura nos principais eventos da cidade \u00e9 aqui - Verdadeon Franca","potentialAction":[{"@type":"SearchAction","target":{"@type":"EntryPoint","urlTemplate":"https:\/\/verdadeon.com.br\/portal\/?s={search_term_string}"},"query-input":{"@type":"PropertyValueSpecification","valueRequired":true,"valueName":"search_term_string"}}],"inLanguage":"pt-BR"},{"@type":"Person","@id":"https:\/\/verdadeon.com.br\/portal\/#\/schema\/person\/8994718f49ee62ba5610471e29ca1f62","name":"Fernando Calixto","image":{"@type":"ImageObject","inLanguage":"pt-BR","@id":"https:\/\/verdadeon.com.br\/portal\/#\/schema\/person\/image\/","url":"https:\/\/secure.gravatar.com\/avatar\/7578910c24966c0316c340f9dbd601e93ee9f9212e1033968b367af9306bd9fb?s=96&d=mm&r=g","contentUrl":"https:\/\/secure.gravatar.com\/avatar\/7578910c24966c0316c340f9dbd601e93ee9f9212e1033968b367af9306bd9fb?s=96&d=mm&r=g","caption":"Fernando Calixto"},"url":"https:\/\/verdadeon.com.br\/portal\/author\/fernando-calixto\/"}]}},"jetpack_publicize_connections":[],"jetpack_featured_media_url":"https:\/\/i0.wp.com\/verdadeon.com.br\/portal\/wp-content\/uploads\/2021\/02\/WhatsApp-Image-2021-02-19-at-16.40.19.jpeg?fit=1000%2C670&ssl=1","jetpack_sharing_enabled":true,"_links":{"self":[{"href":"https:\/\/verdadeon.com.br\/portal\/wp-json\/wp\/v2\/posts\/14319","targetHints":{"allow":["GET"]}}],"collection":[{"href":"https:\/\/verdadeon.com.br\/portal\/wp-json\/wp\/v2\/posts"}],"about":[{"href":"https:\/\/verdadeon.com.br\/portal\/wp-json\/wp\/v2\/types\/post"}],"author":[{"embeddable":true,"href":"https:\/\/verdadeon.com.br\/portal\/wp-json\/wp\/v2\/users\/4"}],"replies":[{"embeddable":true,"href":"https:\/\/verdadeon.com.br\/portal\/wp-json\/wp\/v2\/comments?post=14319"}],"version-history":[{"count":0,"href":"https:\/\/verdadeon.com.br\/portal\/wp-json\/wp\/v2\/posts\/14319\/revisions"}],"wp:featuredmedia":[{"embeddable":true,"href":"https:\/\/verdadeon.com.br\/portal\/wp-json\/wp\/v2\/media\/14323"}],"wp:attachment":[{"href":"https:\/\/verdadeon.com.br\/portal\/wp-json\/wp\/v2\/media?parent=14319"}],"wp:term":[{"taxonomy":"category","embeddable":true,"href":"https:\/\/verdadeon.com.br\/portal\/wp-json\/wp\/v2\/categories?post=14319"},{"taxonomy":"post_tag","embeddable":true,"href":"https:\/\/verdadeon.com.br\/portal\/wp-json\/wp\/v2\/tags?post=14319"}],"curies":[{"name":"wp","href":"https:\/\/api.w.org\/{rel}","templated":true}]}}