{"id":14312,"date":"2021-02-19T14:33:18","date_gmt":"2021-02-19T17:33:18","guid":{"rendered":"https:\/\/verdadeon.com.br\/portal\/?p=14312"},"modified":"2021-02-19T14:33:18","modified_gmt":"2021-02-19T17:33:18","slug":"franca-avanca-para-fase-laranja-do-plano-sao-paulo","status":"publish","type":"post","link":"https:\/\/verdadeon.com.br\/portal\/2021\/02\/19\/franca-avanca-para-fase-laranja-do-plano-sao-paulo\/","title":{"rendered":"Franca avan\u00e7a para fase laranja do Plano S\u00e3o Paulo"},"content":{"rendered":"<h2>Fase \u00e9 menos restritiva do que a vermelha, onde o munic\u00edpio estava desde o dia 25 de janeiro<\/h2>\n<p>Franca est\u00e1 na fase laranja do Plano S\u00e3o Paulo de flexibiliza\u00e7\u00e3o, o an\u00fancio foi feito pelo governador Jo\u00e3o Doria na tarde desta sexta-feira (19). Nesta nova fase o com\u00e9rcio poder\u00e1 funcionar recebendo os clientes, por\u00e9m com a lota\u00e7\u00e3o m\u00e1xima de 40%, al\u00e9m do hor\u00e1rio que ser\u00e1 reduzido a 8 horas por dia. Restaurantes e academias poder\u00e3o funcionar, mas os bares dever\u00e3o ficar fechados. A nova fase come\u00e7a a ter vig\u00eancia na segunda-feira (22).<br \/>\nAtualmente o munic\u00edpio est\u00e1 na fase vermelha, a mais restritiva, desde o dia 25 de janeiro as restri\u00e7\u00f5es est\u00e3o em vigor. Nela o com\u00e9rcio que \u00e9 considerado como n\u00e3o essencial n\u00e3o pode abrir as portas, mas a Prefeitura em comum acordo com o Minist\u00e9rio P\u00fablico, autorizou que o com\u00e9rcio abra pelo drive trhu e take away.<br \/>\nA ocupa\u00e7\u00e3o de leitos foi determinante para que a cidade conseguisse avan\u00e7ar. Elas estavam menores do que 80%, tanto a ocupa\u00e7\u00e3o de Franca, quanto a ocupa\u00e7\u00e3o da regional de Sa\u00fade, que leva em conta os leitos de Igarapava, Ituverava, S\u00e3o Joaquim da Barra, Morro Agudo e Ipu\u00e3.<br \/>\nA expectativa \u00e9 a de que uma nova classifica\u00e7\u00e3o aconte\u00e7a daqui a duas semanas, casos os \u00edndices continuem diminuindo, Franca poder\u00e1 avan\u00e7ar para a fase amarela, na qual j\u00e1 esteve classificada no ano passado.<\/p>\n","protected":false},"excerpt":{"rendered":"<p>Fase \u00e9 menos restritiva do que a vermelha, onde o munic\u00edpio estava desde o dia 25 de janeiro Franca est\u00e1 na fase laranja do Plano S\u00e3o<span class=\"excerpt-hellip\"> [\u2026]<\/span><\/p>\n","protected":false},"author":4,"featured_media":14313,"comment_status":"open","ping_status":"open","sticky":false,"template":"","format":"standard","meta":{"_jetpack_memberships_contains_paid_content":false,"footnotes":"","jetpack_publicize_message":"","jetpack_publicize_feature_enabled":true,"jetpack_social_post_already_shared":false,"jetpack_social_options":{"image_generator_settings":{"template":"highway","default_image_id":0,"enabled":false},"version":2}},"categories":[28,81],"tags":[],"class_list":["post-14312","post","type-post","status-publish","format-standard","has-post-thumbnail","hentry","category-cotidiano","category-manchete"],"yoast_head":"<!-- This site is optimized with the Yoast SEO plugin v25.6 - https:\/\/yoast.com\/wordpress\/plugins\/seo\/ -->\n<title>Franca avan\u00e7a para fase laranja do Plano S\u00e3o Paulo - VerdadeOn<\/title>\n<meta name=\"robots\" content=\"index, follow, max-snippet:-1, max-image-preview:large, max-video-preview:-1\" \/>\n<link rel=\"canonical\" href=\"https:\/\/verdadeon.com.br\/portal\/2021\/02\/19\/franca-avanca-para-fase-laranja-do-plano-sao-paulo\/\" \/>\n<meta property=\"og:locale\" content=\"pt_BR\" \/>\n<meta property=\"og:type\" content=\"article\" \/>\n<meta property=\"og:title\" content=\"Franca avan\u00e7a para fase laranja do Plano S\u00e3o Paulo - VerdadeOn\" \/>\n<meta property=\"og:description\" content=\"Fase \u00e9 menos restritiva do que a vermelha, onde o munic\u00edpio estava desde o dia 25 de janeiro Franca est\u00e1 na fase laranja do Plano S\u00e3o [\u2026]\" \/>\n<meta property=\"og:url\" content=\"https:\/\/verdadeon.com.br\/portal\/2021\/02\/19\/franca-avanca-para-fase-laranja-do-plano-sao-paulo\/\" \/>\n<meta property=\"og:site_name\" content=\"VerdadeOn\" \/>\n<meta property=\"article:published_time\" content=\"2021-02-19T17:33:18+00:00\" \/>\n<meta property=\"og:image\" content=\"https:\/\/verdadeon.com.br\/portal\/wp-content\/uploads\/2021\/02\/WhatsApp-Image-2021-02-19-at-13.00.37.jpeg\" \/>\n\t<meta property=\"og:image:width\" content=\"1000\" \/>\n\t<meta property=\"og:image:height\" content=\"670\" \/>\n\t<meta property=\"og:image:type\" content=\"image\/jpeg\" \/>\n<meta name=\"author\" content=\"Fernando Calixto\" \/>\n<meta name=\"twitter:card\" content=\"summary_large_image\" \/>\n<meta name=\"twitter:label1\" content=\"Escrito por\" \/>\n\t<meta name=\"twitter:data1\" content=\"Fernando Calixto\" \/>\n\t<meta name=\"twitter:label2\" content=\"Est. tempo de leitura\" \/>\n\t<meta name=\"twitter:data2\" content=\"1 minuto\" \/>\n<script type=\"application\/ld+json\" class=\"yoast-schema-graph\">{\"@context\":\"https:\/\/schema.org\",\"@graph\":[{\"@type\":\"WebPage\",\"@id\":\"https:\/\/verdadeon.com.br\/portal\/2021\/02\/19\/franca-avanca-para-fase-laranja-do-plano-sao-paulo\/\",\"url\":\"https:\/\/verdadeon.com.br\/portal\/2021\/02\/19\/franca-avanca-para-fase-laranja-do-plano-sao-paulo\/\",\"name\":\"Franca avan\u00e7a para fase laranja do Plano S\u00e3o Paulo - VerdadeOn\",\"isPartOf\":{\"@id\":\"https:\/\/verdadeon.com.br\/portal\/#website\"},\"primaryImageOfPage\":{\"@id\":\"https:\/\/verdadeon.com.br\/portal\/2021\/02\/19\/franca-avanca-para-fase-laranja-do-plano-sao-paulo\/#primaryimage\"},\"image\":{\"@id\":\"https:\/\/verdadeon.com.br\/portal\/2021\/02\/19\/franca-avanca-para-fase-laranja-do-plano-sao-paulo\/#primaryimage\"},\"thumbnailUrl\":\"https:\/\/i0.wp.com\/verdadeon.com.br\/portal\/wp-content\/uploads\/2021\/02\/WhatsApp-Image-2021-02-19-at-13.00.37.jpeg?fit=1000%2C670&ssl=1\",\"datePublished\":\"2021-02-19T17:33:18+00:00\",\"author\":{\"@id\":\"https:\/\/verdadeon.com.br\/portal\/#\/schema\/person\/8994718f49ee62ba5610471e29ca1f62\"},\"breadcrumb\":{\"@id\":\"https:\/\/verdadeon.com.br\/portal\/2021\/02\/19\/franca-avanca-para-fase-laranja-do-plano-sao-paulo\/#breadcrumb\"},\"inLanguage\":\"pt-BR\",\"potentialAction\":[{\"@type\":\"ReadAction\",\"target\":[\"https:\/\/verdadeon.com.br\/portal\/2021\/02\/19\/franca-avanca-para-fase-laranja-do-plano-sao-paulo\/\"]}]},{\"@type\":\"ImageObject\",\"inLanguage\":\"pt-BR\",\"@id\":\"https:\/\/verdadeon.com.br\/portal\/2021\/02\/19\/franca-avanca-para-fase-laranja-do-plano-sao-paulo\/#primaryimage\",\"url\":\"https:\/\/i0.wp.com\/verdadeon.com.br\/portal\/wp-content\/uploads\/2021\/02\/WhatsApp-Image-2021-02-19-at-13.00.37.jpeg?fit=1000%2C670&ssl=1\",\"contentUrl\":\"https:\/\/i0.wp.com\/verdadeon.com.br\/portal\/wp-content\/uploads\/2021\/02\/WhatsApp-Image-2021-02-19-at-13.00.37.jpeg?fit=1000%2C670&ssl=1\",\"width\":1000,\"height\":670,\"caption\":\"Os n\u00fameros j\u00e1 apontavam que Franca poderia avan\u00e7ar de fase | Foto: Divulga\u00e7\u00e3o\"},{\"@type\":\"BreadcrumbList\",\"@id\":\"https:\/\/verdadeon.com.br\/portal\/2021\/02\/19\/franca-avanca-para-fase-laranja-do-plano-sao-paulo\/#breadcrumb\",\"itemListElement\":[{\"@type\":\"ListItem\",\"position\":1,\"name\":\"In\u00edcio\",\"item\":\"https:\/\/verdadeon.com.br\/portal\/\"},{\"@type\":\"ListItem\",\"position\":2,\"name\":\"Franca avan\u00e7a para fase laranja do Plano S\u00e3o Paulo\"}]},{\"@type\":\"WebSite\",\"@id\":\"https:\/\/verdadeon.com.br\/portal\/#website\",\"url\":\"https:\/\/verdadeon.com.br\/portal\/\",\"name\":\"VerdadeOn\",\"description\":\"Not\u00edcias di\u00e1rias sobre Franca, Regi\u00e3o, Esporte, Cultura, Cotidiano, Colunas. Cobertura nos principais eventos da cidade \u00e9 aqui - Verdadeon Franca\",\"potentialAction\":[{\"@type\":\"SearchAction\",\"target\":{\"@type\":\"EntryPoint\",\"urlTemplate\":\"https:\/\/verdadeon.com.br\/portal\/?s={search_term_string}\"},\"query-input\":{\"@type\":\"PropertyValueSpecification\",\"valueRequired\":true,\"valueName\":\"search_term_string\"}}],\"inLanguage\":\"pt-BR\"},{\"@type\":\"Person\",\"@id\":\"https:\/\/verdadeon.com.br\/portal\/#\/schema\/person\/8994718f49ee62ba5610471e29ca1f62\",\"name\":\"Fernando Calixto\",\"image\":{\"@type\":\"ImageObject\",\"inLanguage\":\"pt-BR\",\"@id\":\"https:\/\/verdadeon.com.br\/portal\/#\/schema\/person\/image\/\",\"url\":\"https:\/\/secure.gravatar.com\/avatar\/7578910c24966c0316c340f9dbd601e93ee9f9212e1033968b367af9306bd9fb?s=96&d=mm&r=g\",\"contentUrl\":\"https:\/\/secure.gravatar.com\/avatar\/7578910c24966c0316c340f9dbd601e93ee9f9212e1033968b367af9306bd9fb?s=96&d=mm&r=g\",\"caption\":\"Fernando Calixto\"},\"url\":\"https:\/\/verdadeon.com.br\/portal\/author\/fernando-calixto\/\"}]}<\/script>\n<!-- \/ Yoast SEO plugin. -->","yoast_head_json":{"title":"Franca avan\u00e7a para fase laranja do Plano S\u00e3o Paulo - VerdadeOn","robots":{"index":"index","follow":"follow","max-snippet":"max-snippet:-1","max-image-preview":"max-image-preview:large","max-video-preview":"max-video-preview:-1"},"canonical":"https:\/\/verdadeon.com.br\/portal\/2021\/02\/19\/franca-avanca-para-fase-laranja-do-plano-sao-paulo\/","og_locale":"pt_BR","og_type":"article","og_title":"Franca avan\u00e7a para fase laranja do Plano S\u00e3o Paulo - VerdadeOn","og_description":"Fase \u00e9 menos restritiva do que a vermelha, onde o munic\u00edpio estava desde o dia 25 de janeiro Franca est\u00e1 na fase laranja do Plano S\u00e3o [\u2026]","og_url":"https:\/\/verdadeon.com.br\/portal\/2021\/02\/19\/franca-avanca-para-fase-laranja-do-plano-sao-paulo\/","og_site_name":"VerdadeOn","article_published_time":"2021-02-19T17:33:18+00:00","og_image":[{"width":1000,"height":670,"url":"https:\/\/verdadeon.com.br\/portal\/wp-content\/uploads\/2021\/02\/WhatsApp-Image-2021-02-19-at-13.00.37.jpeg","type":"image\/jpeg"}],"author":"Fernando Calixto","twitter_card":"summary_large_image","twitter_misc":{"Escrito por":"Fernando Calixto","Est. tempo de leitura":"1 minuto"},"schema":{"@context":"https:\/\/schema.org","@graph":[{"@type":"WebPage","@id":"https:\/\/verdadeon.com.br\/portal\/2021\/02\/19\/franca-avanca-para-fase-laranja-do-plano-sao-paulo\/","url":"https:\/\/verdadeon.com.br\/portal\/2021\/02\/19\/franca-avanca-para-fase-laranja-do-plano-sao-paulo\/","name":"Franca avan\u00e7a para fase laranja do Plano S\u00e3o Paulo - VerdadeOn","isPartOf":{"@id":"https:\/\/verdadeon.com.br\/portal\/#website"},"primaryImageOfPage":{"@id":"https:\/\/verdadeon.com.br\/portal\/2021\/02\/19\/franca-avanca-para-fase-laranja-do-plano-sao-paulo\/#primaryimage"},"image":{"@id":"https:\/\/verdadeon.com.br\/portal\/2021\/02\/19\/franca-avanca-para-fase-laranja-do-plano-sao-paulo\/#primaryimage"},"thumbnailUrl":"https:\/\/i0.wp.com\/verdadeon.com.br\/portal\/wp-content\/uploads\/2021\/02\/WhatsApp-Image-2021-02-19-at-13.00.37.jpeg?fit=1000%2C670&ssl=1","datePublished":"2021-02-19T17:33:18+00:00","author":{"@id":"https:\/\/verdadeon.com.br\/portal\/#\/schema\/person\/8994718f49ee62ba5610471e29ca1f62"},"breadcrumb":{"@id":"https:\/\/verdadeon.com.br\/portal\/2021\/02\/19\/franca-avanca-para-fase-laranja-do-plano-sao-paulo\/#breadcrumb"},"inLanguage":"pt-BR","potentialAction":[{"@type":"ReadAction","target":["https:\/\/verdadeon.com.br\/portal\/2021\/02\/19\/franca-avanca-para-fase-laranja-do-plano-sao-paulo\/"]}]},{"@type":"ImageObject","inLanguage":"pt-BR","@id":"https:\/\/verdadeon.com.br\/portal\/2021\/02\/19\/franca-avanca-para-fase-laranja-do-plano-sao-paulo\/#primaryimage","url":"https:\/\/i0.wp.com\/verdadeon.com.br\/portal\/wp-content\/uploads\/2021\/02\/WhatsApp-Image-2021-02-19-at-13.00.37.jpeg?fit=1000%2C670&ssl=1","contentUrl":"https:\/\/i0.wp.com\/verdadeon.com.br\/portal\/wp-content\/uploads\/2021\/02\/WhatsApp-Image-2021-02-19-at-13.00.37.jpeg?fit=1000%2C670&ssl=1","width":1000,"height":670,"caption":"Os n\u00fameros j\u00e1 apontavam que Franca poderia avan\u00e7ar de fase | Foto: Divulga\u00e7\u00e3o"},{"@type":"BreadcrumbList","@id":"https:\/\/verdadeon.com.br\/portal\/2021\/02\/19\/franca-avanca-para-fase-laranja-do-plano-sao-paulo\/#breadcrumb","itemListElement":[{"@type":"ListItem","position":1,"name":"In\u00edcio","item":"https:\/\/verdadeon.com.br\/portal\/"},{"@type":"ListItem","position":2,"name":"Franca avan\u00e7a para fase laranja do Plano S\u00e3o Paulo"}]},{"@type":"WebSite","@id":"https:\/\/verdadeon.com.br\/portal\/#website","url":"https:\/\/verdadeon.com.br\/portal\/","name":"VerdadeOn","description":"Not\u00edcias di\u00e1rias sobre Franca, Regi\u00e3o, Esporte, Cultura, Cotidiano, Colunas. Cobertura nos principais eventos da cidade \u00e9 aqui - Verdadeon Franca","potentialAction":[{"@type":"SearchAction","target":{"@type":"EntryPoint","urlTemplate":"https:\/\/verdadeon.com.br\/portal\/?s={search_term_string}"},"query-input":{"@type":"PropertyValueSpecification","valueRequired":true,"valueName":"search_term_string"}}],"inLanguage":"pt-BR"},{"@type":"Person","@id":"https:\/\/verdadeon.com.br\/portal\/#\/schema\/person\/8994718f49ee62ba5610471e29ca1f62","name":"Fernando Calixto","image":{"@type":"ImageObject","inLanguage":"pt-BR","@id":"https:\/\/verdadeon.com.br\/portal\/#\/schema\/person\/image\/","url":"https:\/\/secure.gravatar.com\/avatar\/7578910c24966c0316c340f9dbd601e93ee9f9212e1033968b367af9306bd9fb?s=96&d=mm&r=g","contentUrl":"https:\/\/secure.gravatar.com\/avatar\/7578910c24966c0316c340f9dbd601e93ee9f9212e1033968b367af9306bd9fb?s=96&d=mm&r=g","caption":"Fernando Calixto"},"url":"https:\/\/verdadeon.com.br\/portal\/author\/fernando-calixto\/"}]}},"jetpack_publicize_connections":[],"jetpack_featured_media_url":"https:\/\/i0.wp.com\/verdadeon.com.br\/portal\/wp-content\/uploads\/2021\/02\/WhatsApp-Image-2021-02-19-at-13.00.37.jpeg?fit=1000%2C670&ssl=1","jetpack_sharing_enabled":true,"_links":{"self":[{"href":"https:\/\/verdadeon.com.br\/portal\/wp-json\/wp\/v2\/posts\/14312","targetHints":{"allow":["GET"]}}],"collection":[{"href":"https:\/\/verdadeon.com.br\/portal\/wp-json\/wp\/v2\/posts"}],"about":[{"href":"https:\/\/verdadeon.com.br\/portal\/wp-json\/wp\/v2\/types\/post"}],"author":[{"embeddable":true,"href":"https:\/\/verdadeon.com.br\/portal\/wp-json\/wp\/v2\/users\/4"}],"replies":[{"embeddable":true,"href":"https:\/\/verdadeon.com.br\/portal\/wp-json\/wp\/v2\/comments?post=14312"}],"version-history":[{"count":0,"href":"https:\/\/verdadeon.com.br\/portal\/wp-json\/wp\/v2\/posts\/14312\/revisions"}],"wp:featuredmedia":[{"embeddable":true,"href":"https:\/\/verdadeon.com.br\/portal\/wp-json\/wp\/v2\/media\/14313"}],"wp:attachment":[{"href":"https:\/\/verdadeon.com.br\/portal\/wp-json\/wp\/v2\/media?parent=14312"}],"wp:term":[{"taxonomy":"category","embeddable":true,"href":"https:\/\/verdadeon.com.br\/portal\/wp-json\/wp\/v2\/categories?post=14312"},{"taxonomy":"post_tag","embeddable":true,"href":"https:\/\/verdadeon.com.br\/portal\/wp-json\/wp\/v2\/tags?post=14312"}],"curies":[{"name":"wp","href":"https:\/\/api.w.org\/{rel}","templated":true}]}}