{"id":14270,"date":"2021-02-17T16:11:04","date_gmt":"2021-02-17T19:11:04","guid":{"rendered":"https:\/\/verdadeon.com.br\/portal\/?p=14270"},"modified":"2021-02-17T16:11:04","modified_gmt":"2021-02-17T19:11:04","slug":"em-operacao-especial-de-carnaval-vigilancia-sanitaria-estadual-faz-69mil-fiscalizacoes","status":"publish","type":"post","link":"https:\/\/verdadeon.com.br\/portal\/2021\/02\/17\/em-operacao-especial-de-carnaval-vigilancia-sanitaria-estadual-faz-69mil-fiscalizacoes\/","title":{"rendered":"Em opera\u00e7\u00e3o especial de carnaval, Vigil\u00e2ncia Sanit\u00e1ria estadual faz 6,9mil fiscaliza\u00e7\u00f5es"},"content":{"rendered":"<h2>Estabelecimentos foram autuados por permitirem aglomera\u00e7\u00e3o, consumidores sem m\u00e1scaras ou descumprimento ao Plano S\u00e3o Paulo; 19 locais tamb\u00e9m foram autuados e fechados na Capital<\/h2>\n<p>As equipes da Vigil\u00e2ncia Sanit\u00e1ria estadual com suporte da Pol\u00edcia Militar, realizaram 6,9 mil inspe\u00e7\u00f5es em todo o estado em opera\u00e7\u00e3o especial realizada durante o Carnaval, entre os dias 12 e 16 de fevereiro (sexta a ter\u00e7a-feira).<br \/>\nPor todo o Estado, foram mobilizados mil agentes sanit\u00e1rios pela Secretaria de Estado da Sa\u00fade e mais de 31 mil policiais pela Secretaria de Seguran\u00e7a P\u00fablica.<br \/>\nTamb\u00e9m foram autuados 200 estabelecimentos, entre bares, baladas e festas clandestinas, por desrespeito \u00e0s normas sanit\u00e1rias, como a permiss\u00e3o de aglomera\u00e7\u00f5es, presen\u00e7a de consumidores sem utiliza\u00e7\u00e3o de m\u00e1scaras ou descumprimento \u00e0s defini\u00e7\u00f5es do Plano S\u00e3o Paulo.<br \/>\nS\u00f3 na Capital, foram 229 inspe\u00e7\u00f5es, que resultaram em 48 autua\u00e7\u00f5es. Entre eles, 19 estabelecimentos foram fechados na ocasi\u00e3o da a\u00e7\u00e3o, incluindo uma festa clandestina que reunia 380 pessoas.<br \/>\nAp\u00f3s recomenda\u00e7\u00e3o do Centro de Conting\u00eancia, o Governo de S\u00e3o Paulo anunciou a suspens\u00e3o do ponto facultativo no feriado, visando reduzir potenciais aglomera\u00e7\u00f5es que convencionalmente ocorreriam durante as celebra\u00e7\u00f5es carnavalescas.<br \/>\nA finalidade foi reduzir a circula\u00e7\u00e3o de pessoas e principalmente proteger vidas diante do recrudescimento da pandemia. &#8220;Essas a\u00e7\u00f5es foram realizadas para que pud\u00e9ssemos redimir e reduzir a circula\u00e7\u00e3o do v\u00edrus em cada uma das localidades&#8221;, destacou o Secret\u00e1rio de Estado da Sa\u00fade, Jean Gorinchteyn.<br \/>\nAs fiscaliza\u00e7\u00f5es ocorrem em parceria com os munic\u00edpios e tem o objetivo de verificar o cumprimento do Decreto Estadual n\u00ba 64.959 de 4 de maio de 2020 sobre o uso de m\u00e1scaras e das diretrizes do Plano S\u00e3o Paulo.<br \/>\nAs infra\u00e7\u00f5es \u00e0s regras de funcionamento sujeita os estabelecimentos \u00e0 autua\u00e7\u00f5es com base no C\u00f3digo Sanit\u00e1rio, que prev\u00ea multa de at\u00e9 R$ 290 mil. Pela falta do uso de m\u00e1scara, a multa \u00e9 de R$ 5.278 por estabelecimento, por cada consumir em desconformidade com a lei. Transeuntes em espa\u00e7os coletivos tamb\u00e9m podem ser multados em R$ 551,00 pelo n\u00e3o uso da prote\u00e7\u00e3o facial. Al\u00e9m das a\u00e7\u00f5es de campo programadas, a fiscaliza\u00e7\u00e3o tamb\u00e9m pode ser feita por den\u00fancia, que pode ser feita pelo telefone 0800-771-3541, disque-den\u00fancia da Vigil\u00e2ncia Sanit\u00e1ria do Estado. A liga\u00e7\u00e3o \u00e9 gratuita.<\/p>\n","protected":false},"excerpt":{"rendered":"<p>Estabelecimentos foram autuados por permitirem aglomera\u00e7\u00e3o, consumidores sem m\u00e1scaras ou descumprimento ao Plano S\u00e3o Paulo; 19 locais tamb\u00e9m foram autuados e fechados na Capital As equipes<span class=\"excerpt-hellip\"> [\u2026]<\/span><\/p>\n","protected":false},"author":4,"featured_media":14274,"comment_status":"open","ping_status":"open","sticky":false,"template":"","format":"standard","meta":{"_jetpack_memberships_contains_paid_content":false,"footnotes":"","jetpack_publicize_message":"","jetpack_publicize_feature_enabled":true,"jetpack_social_post_already_shared":false,"jetpack_social_options":{"image_generator_settings":{"template":"highway","default_image_id":0,"enabled":false},"version":2}},"categories":[28,81],"tags":[],"class_list":["post-14270","post","type-post","status-publish","format-standard","has-post-thumbnail","hentry","category-cotidiano","category-manchete"],"yoast_head":"<!-- This site is optimized with the Yoast SEO plugin v25.6 - https:\/\/yoast.com\/wordpress\/plugins\/seo\/ -->\n<title>Em opera\u00e7\u00e3o especial de carnaval, Vigil\u00e2ncia Sanit\u00e1ria estadual faz 6,9mil fiscaliza\u00e7\u00f5es - VerdadeOn<\/title>\n<meta name=\"robots\" content=\"index, follow, max-snippet:-1, max-image-preview:large, max-video-preview:-1\" \/>\n<link rel=\"canonical\" href=\"https:\/\/verdadeon.com.br\/portal\/2021\/02\/17\/em-operacao-especial-de-carnaval-vigilancia-sanitaria-estadual-faz-69mil-fiscalizacoes\/\" \/>\n<meta property=\"og:locale\" content=\"pt_BR\" \/>\n<meta property=\"og:type\" content=\"article\" \/>\n<meta property=\"og:title\" content=\"Em opera\u00e7\u00e3o especial de carnaval, Vigil\u00e2ncia Sanit\u00e1ria estadual faz 6,9mil fiscaliza\u00e7\u00f5es - VerdadeOn\" \/>\n<meta property=\"og:description\" content=\"Estabelecimentos foram autuados por permitirem aglomera\u00e7\u00e3o, consumidores sem m\u00e1scaras ou descumprimento ao Plano S\u00e3o Paulo; 19 locais tamb\u00e9m foram autuados e fechados na Capital As equipes [\u2026]\" \/>\n<meta property=\"og:url\" content=\"https:\/\/verdadeon.com.br\/portal\/2021\/02\/17\/em-operacao-especial-de-carnaval-vigilancia-sanitaria-estadual-faz-69mil-fiscalizacoes\/\" \/>\n<meta property=\"og:site_name\" content=\"VerdadeOn\" \/>\n<meta property=\"article:published_time\" content=\"2021-02-17T19:11:04+00:00\" \/>\n<meta property=\"og:image\" content=\"https:\/\/verdadeon.com.br\/portal\/wp-content\/uploads\/2021\/02\/WhatsApp-Image-2021-02-17-at-16.08.23.jpeg\" \/>\n\t<meta property=\"og:image:width\" content=\"1000\" \/>\n\t<meta property=\"og:image:height\" content=\"670\" \/>\n\t<meta property=\"og:image:type\" content=\"image\/jpeg\" \/>\n<meta name=\"author\" content=\"Fernando Calixto\" \/>\n<meta name=\"twitter:card\" content=\"summary_large_image\" \/>\n<meta name=\"twitter:label1\" content=\"Escrito por\" \/>\n\t<meta name=\"twitter:data1\" content=\"Fernando Calixto\" \/>\n\t<meta name=\"twitter:label2\" content=\"Est. tempo de leitura\" \/>\n\t<meta name=\"twitter:data2\" content=\"2 minutos\" \/>\n<script type=\"application\/ld+json\" class=\"yoast-schema-graph\">{\"@context\":\"https:\/\/schema.org\",\"@graph\":[{\"@type\":\"WebPage\",\"@id\":\"https:\/\/verdadeon.com.br\/portal\/2021\/02\/17\/em-operacao-especial-de-carnaval-vigilancia-sanitaria-estadual-faz-69mil-fiscalizacoes\/\",\"url\":\"https:\/\/verdadeon.com.br\/portal\/2021\/02\/17\/em-operacao-especial-de-carnaval-vigilancia-sanitaria-estadual-faz-69mil-fiscalizacoes\/\",\"name\":\"Em opera\u00e7\u00e3o especial de carnaval, Vigil\u00e2ncia Sanit\u00e1ria estadual faz 6,9mil fiscaliza\u00e7\u00f5es - VerdadeOn\",\"isPartOf\":{\"@id\":\"https:\/\/verdadeon.com.br\/portal\/#website\"},\"primaryImageOfPage\":{\"@id\":\"https:\/\/verdadeon.com.br\/portal\/2021\/02\/17\/em-operacao-especial-de-carnaval-vigilancia-sanitaria-estadual-faz-69mil-fiscalizacoes\/#primaryimage\"},\"image\":{\"@id\":\"https:\/\/verdadeon.com.br\/portal\/2021\/02\/17\/em-operacao-especial-de-carnaval-vigilancia-sanitaria-estadual-faz-69mil-fiscalizacoes\/#primaryimage\"},\"thumbnailUrl\":\"https:\/\/i0.wp.com\/verdadeon.com.br\/portal\/wp-content\/uploads\/2021\/02\/WhatsApp-Image-2021-02-17-at-16.08.23.jpeg?fit=1000%2C670&ssl=1\",\"datePublished\":\"2021-02-17T19:11:04+00:00\",\"author\":{\"@id\":\"https:\/\/verdadeon.com.br\/portal\/#\/schema\/person\/8994718f49ee62ba5610471e29ca1f62\"},\"breadcrumb\":{\"@id\":\"https:\/\/verdadeon.com.br\/portal\/2021\/02\/17\/em-operacao-especial-de-carnaval-vigilancia-sanitaria-estadual-faz-69mil-fiscalizacoes\/#breadcrumb\"},\"inLanguage\":\"pt-BR\",\"potentialAction\":[{\"@type\":\"ReadAction\",\"target\":[\"https:\/\/verdadeon.com.br\/portal\/2021\/02\/17\/em-operacao-especial-de-carnaval-vigilancia-sanitaria-estadual-faz-69mil-fiscalizacoes\/\"]}]},{\"@type\":\"ImageObject\",\"inLanguage\":\"pt-BR\",\"@id\":\"https:\/\/verdadeon.com.br\/portal\/2021\/02\/17\/em-operacao-especial-de-carnaval-vigilancia-sanitaria-estadual-faz-69mil-fiscalizacoes\/#primaryimage\",\"url\":\"https:\/\/i0.wp.com\/verdadeon.com.br\/portal\/wp-content\/uploads\/2021\/02\/WhatsApp-Image-2021-02-17-at-16.08.23.jpeg?fit=1000%2C670&ssl=1\",\"contentUrl\":\"https:\/\/i0.wp.com\/verdadeon.com.br\/portal\/wp-content\/uploads\/2021\/02\/WhatsApp-Image-2021-02-17-at-16.08.23.jpeg?fit=1000%2C670&ssl=1\",\"width\":1000,\"height\":670,\"caption\":\"Tamb\u00e9m foram autuados 200 estabelecimentos, entre bares, baladas e festas clandestinas | Foto: Governo do Estado\"},{\"@type\":\"BreadcrumbList\",\"@id\":\"https:\/\/verdadeon.com.br\/portal\/2021\/02\/17\/em-operacao-especial-de-carnaval-vigilancia-sanitaria-estadual-faz-69mil-fiscalizacoes\/#breadcrumb\",\"itemListElement\":[{\"@type\":\"ListItem\",\"position\":1,\"name\":\"In\u00edcio\",\"item\":\"https:\/\/verdadeon.com.br\/portal\/\"},{\"@type\":\"ListItem\",\"position\":2,\"name\":\"Em opera\u00e7\u00e3o especial de carnaval, Vigil\u00e2ncia Sanit\u00e1ria estadual faz 6,9mil fiscaliza\u00e7\u00f5es\"}]},{\"@type\":\"WebSite\",\"@id\":\"https:\/\/verdadeon.com.br\/portal\/#website\",\"url\":\"https:\/\/verdadeon.com.br\/portal\/\",\"name\":\"VerdadeOn\",\"description\":\"Not\u00edcias di\u00e1rias sobre Franca, Regi\u00e3o, Esporte, Cultura, Cotidiano, Colunas. Cobertura nos principais eventos da cidade \u00e9 aqui - Verdadeon Franca\",\"potentialAction\":[{\"@type\":\"SearchAction\",\"target\":{\"@type\":\"EntryPoint\",\"urlTemplate\":\"https:\/\/verdadeon.com.br\/portal\/?s={search_term_string}\"},\"query-input\":{\"@type\":\"PropertyValueSpecification\",\"valueRequired\":true,\"valueName\":\"search_term_string\"}}],\"inLanguage\":\"pt-BR\"},{\"@type\":\"Person\",\"@id\":\"https:\/\/verdadeon.com.br\/portal\/#\/schema\/person\/8994718f49ee62ba5610471e29ca1f62\",\"name\":\"Fernando Calixto\",\"image\":{\"@type\":\"ImageObject\",\"inLanguage\":\"pt-BR\",\"@id\":\"https:\/\/verdadeon.com.br\/portal\/#\/schema\/person\/image\/\",\"url\":\"https:\/\/secure.gravatar.com\/avatar\/7578910c24966c0316c340f9dbd601e93ee9f9212e1033968b367af9306bd9fb?s=96&d=mm&r=g\",\"contentUrl\":\"https:\/\/secure.gravatar.com\/avatar\/7578910c24966c0316c340f9dbd601e93ee9f9212e1033968b367af9306bd9fb?s=96&d=mm&r=g\",\"caption\":\"Fernando Calixto\"},\"url\":\"https:\/\/verdadeon.com.br\/portal\/author\/fernando-calixto\/\"}]}<\/script>\n<!-- \/ Yoast SEO plugin. -->","yoast_head_json":{"title":"Em opera\u00e7\u00e3o especial de carnaval, Vigil\u00e2ncia Sanit\u00e1ria estadual faz 6,9mil fiscaliza\u00e7\u00f5es - VerdadeOn","robots":{"index":"index","follow":"follow","max-snippet":"max-snippet:-1","max-image-preview":"max-image-preview:large","max-video-preview":"max-video-preview:-1"},"canonical":"https:\/\/verdadeon.com.br\/portal\/2021\/02\/17\/em-operacao-especial-de-carnaval-vigilancia-sanitaria-estadual-faz-69mil-fiscalizacoes\/","og_locale":"pt_BR","og_type":"article","og_title":"Em opera\u00e7\u00e3o especial de carnaval, Vigil\u00e2ncia Sanit\u00e1ria estadual faz 6,9mil fiscaliza\u00e7\u00f5es - VerdadeOn","og_description":"Estabelecimentos foram autuados por permitirem aglomera\u00e7\u00e3o, consumidores sem m\u00e1scaras ou descumprimento ao Plano S\u00e3o Paulo; 19 locais tamb\u00e9m foram autuados e fechados na Capital As equipes [\u2026]","og_url":"https:\/\/verdadeon.com.br\/portal\/2021\/02\/17\/em-operacao-especial-de-carnaval-vigilancia-sanitaria-estadual-faz-69mil-fiscalizacoes\/","og_site_name":"VerdadeOn","article_published_time":"2021-02-17T19:11:04+00:00","og_image":[{"width":1000,"height":670,"url":"https:\/\/verdadeon.com.br\/portal\/wp-content\/uploads\/2021\/02\/WhatsApp-Image-2021-02-17-at-16.08.23.jpeg","type":"image\/jpeg"}],"author":"Fernando Calixto","twitter_card":"summary_large_image","twitter_misc":{"Escrito por":"Fernando Calixto","Est. tempo de leitura":"2 minutos"},"schema":{"@context":"https:\/\/schema.org","@graph":[{"@type":"WebPage","@id":"https:\/\/verdadeon.com.br\/portal\/2021\/02\/17\/em-operacao-especial-de-carnaval-vigilancia-sanitaria-estadual-faz-69mil-fiscalizacoes\/","url":"https:\/\/verdadeon.com.br\/portal\/2021\/02\/17\/em-operacao-especial-de-carnaval-vigilancia-sanitaria-estadual-faz-69mil-fiscalizacoes\/","name":"Em opera\u00e7\u00e3o especial de carnaval, Vigil\u00e2ncia Sanit\u00e1ria estadual faz 6,9mil fiscaliza\u00e7\u00f5es - VerdadeOn","isPartOf":{"@id":"https:\/\/verdadeon.com.br\/portal\/#website"},"primaryImageOfPage":{"@id":"https:\/\/verdadeon.com.br\/portal\/2021\/02\/17\/em-operacao-especial-de-carnaval-vigilancia-sanitaria-estadual-faz-69mil-fiscalizacoes\/#primaryimage"},"image":{"@id":"https:\/\/verdadeon.com.br\/portal\/2021\/02\/17\/em-operacao-especial-de-carnaval-vigilancia-sanitaria-estadual-faz-69mil-fiscalizacoes\/#primaryimage"},"thumbnailUrl":"https:\/\/i0.wp.com\/verdadeon.com.br\/portal\/wp-content\/uploads\/2021\/02\/WhatsApp-Image-2021-02-17-at-16.08.23.jpeg?fit=1000%2C670&ssl=1","datePublished":"2021-02-17T19:11:04+00:00","author":{"@id":"https:\/\/verdadeon.com.br\/portal\/#\/schema\/person\/8994718f49ee62ba5610471e29ca1f62"},"breadcrumb":{"@id":"https:\/\/verdadeon.com.br\/portal\/2021\/02\/17\/em-operacao-especial-de-carnaval-vigilancia-sanitaria-estadual-faz-69mil-fiscalizacoes\/#breadcrumb"},"inLanguage":"pt-BR","potentialAction":[{"@type":"ReadAction","target":["https:\/\/verdadeon.com.br\/portal\/2021\/02\/17\/em-operacao-especial-de-carnaval-vigilancia-sanitaria-estadual-faz-69mil-fiscalizacoes\/"]}]},{"@type":"ImageObject","inLanguage":"pt-BR","@id":"https:\/\/verdadeon.com.br\/portal\/2021\/02\/17\/em-operacao-especial-de-carnaval-vigilancia-sanitaria-estadual-faz-69mil-fiscalizacoes\/#primaryimage","url":"https:\/\/i0.wp.com\/verdadeon.com.br\/portal\/wp-content\/uploads\/2021\/02\/WhatsApp-Image-2021-02-17-at-16.08.23.jpeg?fit=1000%2C670&ssl=1","contentUrl":"https:\/\/i0.wp.com\/verdadeon.com.br\/portal\/wp-content\/uploads\/2021\/02\/WhatsApp-Image-2021-02-17-at-16.08.23.jpeg?fit=1000%2C670&ssl=1","width":1000,"height":670,"caption":"Tamb\u00e9m foram autuados 200 estabelecimentos, entre bares, baladas e festas clandestinas | Foto: Governo do Estado"},{"@type":"BreadcrumbList","@id":"https:\/\/verdadeon.com.br\/portal\/2021\/02\/17\/em-operacao-especial-de-carnaval-vigilancia-sanitaria-estadual-faz-69mil-fiscalizacoes\/#breadcrumb","itemListElement":[{"@type":"ListItem","position":1,"name":"In\u00edcio","item":"https:\/\/verdadeon.com.br\/portal\/"},{"@type":"ListItem","position":2,"name":"Em opera\u00e7\u00e3o especial de carnaval, Vigil\u00e2ncia Sanit\u00e1ria estadual faz 6,9mil fiscaliza\u00e7\u00f5es"}]},{"@type":"WebSite","@id":"https:\/\/verdadeon.com.br\/portal\/#website","url":"https:\/\/verdadeon.com.br\/portal\/","name":"VerdadeOn","description":"Not\u00edcias di\u00e1rias sobre Franca, Regi\u00e3o, Esporte, Cultura, Cotidiano, Colunas. Cobertura nos principais eventos da cidade \u00e9 aqui - Verdadeon Franca","potentialAction":[{"@type":"SearchAction","target":{"@type":"EntryPoint","urlTemplate":"https:\/\/verdadeon.com.br\/portal\/?s={search_term_string}"},"query-input":{"@type":"PropertyValueSpecification","valueRequired":true,"valueName":"search_term_string"}}],"inLanguage":"pt-BR"},{"@type":"Person","@id":"https:\/\/verdadeon.com.br\/portal\/#\/schema\/person\/8994718f49ee62ba5610471e29ca1f62","name":"Fernando Calixto","image":{"@type":"ImageObject","inLanguage":"pt-BR","@id":"https:\/\/verdadeon.com.br\/portal\/#\/schema\/person\/image\/","url":"https:\/\/secure.gravatar.com\/avatar\/7578910c24966c0316c340f9dbd601e93ee9f9212e1033968b367af9306bd9fb?s=96&d=mm&r=g","contentUrl":"https:\/\/secure.gravatar.com\/avatar\/7578910c24966c0316c340f9dbd601e93ee9f9212e1033968b367af9306bd9fb?s=96&d=mm&r=g","caption":"Fernando Calixto"},"url":"https:\/\/verdadeon.com.br\/portal\/author\/fernando-calixto\/"}]}},"jetpack_publicize_connections":[],"jetpack_featured_media_url":"https:\/\/i0.wp.com\/verdadeon.com.br\/portal\/wp-content\/uploads\/2021\/02\/WhatsApp-Image-2021-02-17-at-16.08.23.jpeg?fit=1000%2C670&ssl=1","jetpack_sharing_enabled":true,"_links":{"self":[{"href":"https:\/\/verdadeon.com.br\/portal\/wp-json\/wp\/v2\/posts\/14270","targetHints":{"allow":["GET"]}}],"collection":[{"href":"https:\/\/verdadeon.com.br\/portal\/wp-json\/wp\/v2\/posts"}],"about":[{"href":"https:\/\/verdadeon.com.br\/portal\/wp-json\/wp\/v2\/types\/post"}],"author":[{"embeddable":true,"href":"https:\/\/verdadeon.com.br\/portal\/wp-json\/wp\/v2\/users\/4"}],"replies":[{"embeddable":true,"href":"https:\/\/verdadeon.com.br\/portal\/wp-json\/wp\/v2\/comments?post=14270"}],"version-history":[{"count":0,"href":"https:\/\/verdadeon.com.br\/portal\/wp-json\/wp\/v2\/posts\/14270\/revisions"}],"wp:featuredmedia":[{"embeddable":true,"href":"https:\/\/verdadeon.com.br\/portal\/wp-json\/wp\/v2\/media\/14274"}],"wp:attachment":[{"href":"https:\/\/verdadeon.com.br\/portal\/wp-json\/wp\/v2\/media?parent=14270"}],"wp:term":[{"taxonomy":"category","embeddable":true,"href":"https:\/\/verdadeon.com.br\/portal\/wp-json\/wp\/v2\/categories?post=14270"},{"taxonomy":"post_tag","embeddable":true,"href":"https:\/\/verdadeon.com.br\/portal\/wp-json\/wp\/v2\/tags?post=14270"}],"curies":[{"name":"wp","href":"https:\/\/api.w.org\/{rel}","templated":true}]}}