{"id":14215,"date":"2021-02-16T00:13:45","date_gmt":"2021-02-16T03:13:45","guid":{"rendered":"https:\/\/verdadeon.com.br\/portal\/?p=14215"},"modified":"2021-02-16T00:13:45","modified_gmt":"2021-02-16T03:13:45","slug":"vaza-jato","status":"publish","type":"post","link":"https:\/\/verdadeon.com.br\/portal\/2021\/02\/16\/vaza-jato\/","title":{"rendered":"VAZA JATO"},"content":{"rendered":"<p class=\"p1\"><span class=\"s1\">A opera\u00e7\u00e3o Lava Jato tornou-se p\u00fablica e not\u00f3ria em nossa sociedade como instrumento poderoso de combate a corrup\u00e7\u00e3o. Todos conhecem os efeitos dessa opera\u00e7\u00e3o que enviou pol\u00edticos e criminosos do colarinho branco para a pris\u00e3o. Ocorre que, atualmente, em raz\u00e3o de escutas il\u00edcitas, denominadas de vaza jato, algumas condutas envolvendo juiz e procuradores tornaram-se p\u00fablicas e, com isso, decep\u00e7\u00f5es surgiram, pois, para combater a criminalidade, pelas intercepta\u00e7\u00f5es clandestinas, sem autoriza\u00e7\u00e3o judicial, revelou-se uma rela\u00e7\u00e3o inaceit\u00e1vel entre o \u00f3rg\u00e3o acusador e o \u00f3rg\u00e3o julgador. Com isso a defesa dos poderosos, que foram condenados pela Lava Jato, busca invalidar os julgamentos com o fundamento de aus\u00eancia de imparcialidade do magistrado, pois, de acordo com algumas conversas, havia combina\u00e7\u00e3o no proceder e agir para atingir um determinado resultado, algo inaceit\u00e1vel no sistema jur\u00eddico. Acusa\u00e7\u00e3o e julgador n\u00e3o podem acertar os rumos do processo para obter um determinado resultado, um resultado ajustado, um resultado que n\u00e3o \u00e9 fruto do sistema legal. A Vaza Jato, tal como a Lava Jato, tamb\u00e9m ganhou a impressa internacional e, novamente, o nosso Brasil est\u00e1 exposto ao mundo; outrora como um pa\u00eds que combate a corrup\u00e7\u00e3o e, agora, que a corrup\u00e7\u00e3o foi combatida com ilegalidade. A defesa do ex-presidente Lula pediu ao Supremo Tribunal Federal para ter acesso as escutas, o que foi deferido mesmo com a contrariedade dos procuradores e do ex-ministro da justi\u00e7a. Pelas conversas interceptadas, tem-se informa\u00e7\u00e3o de que o procurador, integrante do Minist\u00e9rio P\u00fablico, requereu a for\u00e7a-tarefa que investigasse as viagens do advogado do ex-presidente Lula para Genebra, na Su\u00ed\u00e7a, para tentar descobrir quem estava pagando por essas viagens. Estranho que essa informa\u00e7\u00e3o da viagem foi passada por uma vizinha do advogado. Se essa conversa de fato existe, como est\u00e1 sendo amplamente divulgada, \u00e9 uma imensa ofensa ao exerc\u00edcio da advocacia. N\u00e3o se pode investigar o advogado como forma de coagi-lo a abandonar a defesa de seu cliente ou para n\u00e3o fazer o seu mister. O advogado \u00e9 inviol\u00e1vel por suas manifesta\u00e7\u00f5es processuais e goza de sigilo profissional, de modo que, toda e qualquer viola\u00e7\u00e3o a essa garantia sepulta o nosso ordenamento jur\u00eddico. N\u00e3o podemos aceitar que em nome do combate a criminalidade os princ\u00edpios e valores jur\u00eddicos sejam esquecidos. O combate \u00e0 corrup\u00e7\u00e3o tem que ser realizado dentro da legalidade, pois se aceitarmos qualquer ilegalidade, podemos ter certeza que um dia essa ilegalidade pode se voltar contra n\u00f3s ou contra qualquer pessoa que contrarie os interesses de procuradores e ju\u00edzes. N\u00e3o podemos abrir m\u00e3o jamais da legalidade. Nenhum prop\u00f3sito pode ser maior do que a legalidade. A busca pela justi\u00e7a tem que ser pautada pela legalidade. Particularmente, desejo muito que as conversas da vaza jato sejam mentiras ou alteradas, pois, provada a veracidade, a lava jato perde toda credibilidade. N\u00e3o se pode em nome da justi\u00e7a praticar injusti\u00e7a. Vamos aguardar as cenas dos pr\u00f3ximos cap\u00edtulos que render\u00e1 grandes embates jur\u00eddicos. Da minha parte resta ficar triste com esses fatos, mas com mais \u00e2nimo de n\u00e3o permitir que qualquer ilegalidade aconte\u00e7a nas a\u00e7\u00f5es judiciais em que estou envolvido como advogado. A advocacia e fun\u00e7\u00e3o essencial \u00e0 administra\u00e7\u00e3o da justi\u00e7a e sem a presen\u00e7a do(a) advogado(a) n\u00e3o h\u00e1 justi\u00e7a.<\/span><\/p>\n<p class=\"p1\">Acir de Matos Gomes<br \/>\nAdvogado e vice-presidente da subse\u00e7\u00e3o da OAB-Franca<\/p>\n<p>&nbsp;<\/p>\n","protected":false},"excerpt":{"rendered":"<p>A opera\u00e7\u00e3o Lava Jato tornou-se p\u00fablica e not\u00f3ria em nossa sociedade como instrumento poderoso de combate a corrup\u00e7\u00e3o. Todos conhecem os efeitos dessa opera\u00e7\u00e3o que enviou<span class=\"excerpt-hellip\"> [\u2026]<\/span><\/p>\n","protected":false},"author":4,"featured_media":0,"comment_status":"open","ping_status":"open","sticky":false,"template":"","format":"standard","meta":{"_jetpack_memberships_contains_paid_content":false,"footnotes":"","jetpack_publicize_message":"","jetpack_publicize_feature_enabled":true,"jetpack_social_post_already_shared":false,"jetpack_social_options":{"image_generator_settings":{"template":"highway","default_image_id":0,"enabled":false},"version":2}},"categories":[92],"tags":[],"class_list":["post-14215","post","type-post","status-publish","format-standard","hentry","category-colunista"],"yoast_head":"<!-- This site is optimized with the Yoast SEO plugin v25.6 - https:\/\/yoast.com\/wordpress\/plugins\/seo\/ -->\n<title>VAZA JATO - VerdadeOn<\/title>\n<meta name=\"robots\" content=\"index, follow, max-snippet:-1, max-image-preview:large, max-video-preview:-1\" \/>\n<link rel=\"canonical\" href=\"https:\/\/verdadeon.com.br\/portal\/2021\/02\/16\/vaza-jato\/\" \/>\n<meta property=\"og:locale\" content=\"pt_BR\" \/>\n<meta property=\"og:type\" content=\"article\" \/>\n<meta property=\"og:title\" content=\"VAZA JATO - VerdadeOn\" \/>\n<meta property=\"og:description\" content=\"A opera\u00e7\u00e3o Lava Jato tornou-se p\u00fablica e not\u00f3ria em nossa sociedade como instrumento poderoso de combate a corrup\u00e7\u00e3o. Todos conhecem os efeitos dessa opera\u00e7\u00e3o que enviou [\u2026]\" \/>\n<meta property=\"og:url\" content=\"https:\/\/verdadeon.com.br\/portal\/2021\/02\/16\/vaza-jato\/\" \/>\n<meta property=\"og:site_name\" content=\"VerdadeOn\" \/>\n<meta property=\"article:published_time\" content=\"2021-02-16T03:13:45+00:00\" \/>\n<meta name=\"author\" content=\"Fernando Calixto\" \/>\n<meta name=\"twitter:card\" content=\"summary_large_image\" \/>\n<meta name=\"twitter:label1\" content=\"Escrito por\" \/>\n\t<meta name=\"twitter:data1\" content=\"Fernando Calixto\" \/>\n\t<meta name=\"twitter:label2\" content=\"Est. tempo de leitura\" \/>\n\t<meta name=\"twitter:data2\" content=\"3 minutos\" \/>\n<script type=\"application\/ld+json\" class=\"yoast-schema-graph\">{\"@context\":\"https:\/\/schema.org\",\"@graph\":[{\"@type\":\"WebPage\",\"@id\":\"https:\/\/verdadeon.com.br\/portal\/2021\/02\/16\/vaza-jato\/\",\"url\":\"https:\/\/verdadeon.com.br\/portal\/2021\/02\/16\/vaza-jato\/\",\"name\":\"VAZA JATO - VerdadeOn\",\"isPartOf\":{\"@id\":\"https:\/\/verdadeon.com.br\/portal\/#website\"},\"datePublished\":\"2021-02-16T03:13:45+00:00\",\"author\":{\"@id\":\"https:\/\/verdadeon.com.br\/portal\/#\/schema\/person\/8994718f49ee62ba5610471e29ca1f62\"},\"breadcrumb\":{\"@id\":\"https:\/\/verdadeon.com.br\/portal\/2021\/02\/16\/vaza-jato\/#breadcrumb\"},\"inLanguage\":\"pt-BR\",\"potentialAction\":[{\"@type\":\"ReadAction\",\"target\":[\"https:\/\/verdadeon.com.br\/portal\/2021\/02\/16\/vaza-jato\/\"]}]},{\"@type\":\"BreadcrumbList\",\"@id\":\"https:\/\/verdadeon.com.br\/portal\/2021\/02\/16\/vaza-jato\/#breadcrumb\",\"itemListElement\":[{\"@type\":\"ListItem\",\"position\":1,\"name\":\"In\u00edcio\",\"item\":\"https:\/\/verdadeon.com.br\/portal\/\"},{\"@type\":\"ListItem\",\"position\":2,\"name\":\"VAZA JATO\"}]},{\"@type\":\"WebSite\",\"@id\":\"https:\/\/verdadeon.com.br\/portal\/#website\",\"url\":\"https:\/\/verdadeon.com.br\/portal\/\",\"name\":\"VerdadeOn\",\"description\":\"Not\u00edcias di\u00e1rias sobre Franca, Regi\u00e3o, Esporte, Cultura, Cotidiano, Colunas. Cobertura nos principais eventos da cidade \u00e9 aqui - Verdadeon Franca\",\"potentialAction\":[{\"@type\":\"SearchAction\",\"target\":{\"@type\":\"EntryPoint\",\"urlTemplate\":\"https:\/\/verdadeon.com.br\/portal\/?s={search_term_string}\"},\"query-input\":{\"@type\":\"PropertyValueSpecification\",\"valueRequired\":true,\"valueName\":\"search_term_string\"}}],\"inLanguage\":\"pt-BR\"},{\"@type\":\"Person\",\"@id\":\"https:\/\/verdadeon.com.br\/portal\/#\/schema\/person\/8994718f49ee62ba5610471e29ca1f62\",\"name\":\"Fernando Calixto\",\"image\":{\"@type\":\"ImageObject\",\"inLanguage\":\"pt-BR\",\"@id\":\"https:\/\/verdadeon.com.br\/portal\/#\/schema\/person\/image\/\",\"url\":\"https:\/\/secure.gravatar.com\/avatar\/7578910c24966c0316c340f9dbd601e93ee9f9212e1033968b367af9306bd9fb?s=96&d=mm&r=g\",\"contentUrl\":\"https:\/\/secure.gravatar.com\/avatar\/7578910c24966c0316c340f9dbd601e93ee9f9212e1033968b367af9306bd9fb?s=96&d=mm&r=g\",\"caption\":\"Fernando Calixto\"},\"url\":\"https:\/\/verdadeon.com.br\/portal\/author\/fernando-calixto\/\"}]}<\/script>\n<!-- \/ Yoast SEO plugin. -->","yoast_head_json":{"title":"VAZA JATO - VerdadeOn","robots":{"index":"index","follow":"follow","max-snippet":"max-snippet:-1","max-image-preview":"max-image-preview:large","max-video-preview":"max-video-preview:-1"},"canonical":"https:\/\/verdadeon.com.br\/portal\/2021\/02\/16\/vaza-jato\/","og_locale":"pt_BR","og_type":"article","og_title":"VAZA JATO - VerdadeOn","og_description":"A opera\u00e7\u00e3o Lava Jato tornou-se p\u00fablica e not\u00f3ria em nossa sociedade como instrumento poderoso de combate a corrup\u00e7\u00e3o. Todos conhecem os efeitos dessa opera\u00e7\u00e3o que enviou [\u2026]","og_url":"https:\/\/verdadeon.com.br\/portal\/2021\/02\/16\/vaza-jato\/","og_site_name":"VerdadeOn","article_published_time":"2021-02-16T03:13:45+00:00","author":"Fernando Calixto","twitter_card":"summary_large_image","twitter_misc":{"Escrito por":"Fernando Calixto","Est. tempo de leitura":"3 minutos"},"schema":{"@context":"https:\/\/schema.org","@graph":[{"@type":"WebPage","@id":"https:\/\/verdadeon.com.br\/portal\/2021\/02\/16\/vaza-jato\/","url":"https:\/\/verdadeon.com.br\/portal\/2021\/02\/16\/vaza-jato\/","name":"VAZA JATO - VerdadeOn","isPartOf":{"@id":"https:\/\/verdadeon.com.br\/portal\/#website"},"datePublished":"2021-02-16T03:13:45+00:00","author":{"@id":"https:\/\/verdadeon.com.br\/portal\/#\/schema\/person\/8994718f49ee62ba5610471e29ca1f62"},"breadcrumb":{"@id":"https:\/\/verdadeon.com.br\/portal\/2021\/02\/16\/vaza-jato\/#breadcrumb"},"inLanguage":"pt-BR","potentialAction":[{"@type":"ReadAction","target":["https:\/\/verdadeon.com.br\/portal\/2021\/02\/16\/vaza-jato\/"]}]},{"@type":"BreadcrumbList","@id":"https:\/\/verdadeon.com.br\/portal\/2021\/02\/16\/vaza-jato\/#breadcrumb","itemListElement":[{"@type":"ListItem","position":1,"name":"In\u00edcio","item":"https:\/\/verdadeon.com.br\/portal\/"},{"@type":"ListItem","position":2,"name":"VAZA JATO"}]},{"@type":"WebSite","@id":"https:\/\/verdadeon.com.br\/portal\/#website","url":"https:\/\/verdadeon.com.br\/portal\/","name":"VerdadeOn","description":"Not\u00edcias di\u00e1rias sobre Franca, Regi\u00e3o, Esporte, Cultura, Cotidiano, Colunas. Cobertura nos principais eventos da cidade \u00e9 aqui - Verdadeon Franca","potentialAction":[{"@type":"SearchAction","target":{"@type":"EntryPoint","urlTemplate":"https:\/\/verdadeon.com.br\/portal\/?s={search_term_string}"},"query-input":{"@type":"PropertyValueSpecification","valueRequired":true,"valueName":"search_term_string"}}],"inLanguage":"pt-BR"},{"@type":"Person","@id":"https:\/\/verdadeon.com.br\/portal\/#\/schema\/person\/8994718f49ee62ba5610471e29ca1f62","name":"Fernando Calixto","image":{"@type":"ImageObject","inLanguage":"pt-BR","@id":"https:\/\/verdadeon.com.br\/portal\/#\/schema\/person\/image\/","url":"https:\/\/secure.gravatar.com\/avatar\/7578910c24966c0316c340f9dbd601e93ee9f9212e1033968b367af9306bd9fb?s=96&d=mm&r=g","contentUrl":"https:\/\/secure.gravatar.com\/avatar\/7578910c24966c0316c340f9dbd601e93ee9f9212e1033968b367af9306bd9fb?s=96&d=mm&r=g","caption":"Fernando Calixto"},"url":"https:\/\/verdadeon.com.br\/portal\/author\/fernando-calixto\/"}]}},"jetpack_publicize_connections":[],"jetpack_featured_media_url":"","jetpack_sharing_enabled":true,"_links":{"self":[{"href":"https:\/\/verdadeon.com.br\/portal\/wp-json\/wp\/v2\/posts\/14215","targetHints":{"allow":["GET"]}}],"collection":[{"href":"https:\/\/verdadeon.com.br\/portal\/wp-json\/wp\/v2\/posts"}],"about":[{"href":"https:\/\/verdadeon.com.br\/portal\/wp-json\/wp\/v2\/types\/post"}],"author":[{"embeddable":true,"href":"https:\/\/verdadeon.com.br\/portal\/wp-json\/wp\/v2\/users\/4"}],"replies":[{"embeddable":true,"href":"https:\/\/verdadeon.com.br\/portal\/wp-json\/wp\/v2\/comments?post=14215"}],"version-history":[{"count":0,"href":"https:\/\/verdadeon.com.br\/portal\/wp-json\/wp\/v2\/posts\/14215\/revisions"}],"wp:attachment":[{"href":"https:\/\/verdadeon.com.br\/portal\/wp-json\/wp\/v2\/media?parent=14215"}],"wp:term":[{"taxonomy":"category","embeddable":true,"href":"https:\/\/verdadeon.com.br\/portal\/wp-json\/wp\/v2\/categories?post=14215"},{"taxonomy":"post_tag","embeddable":true,"href":"https:\/\/verdadeon.com.br\/portal\/wp-json\/wp\/v2\/tags?post=14215"}],"curies":[{"name":"wp","href":"https:\/\/api.w.org\/{rel}","templated":true}]}}