{"id":14157,"date":"2021-02-12T21:47:21","date_gmt":"2021-02-13T00:47:21","guid":{"rendered":"https:\/\/verdadeon.com.br\/portal\/?p=14157"},"modified":"2021-02-12T21:47:21","modified_gmt":"2021-02-13T00:47:21","slug":"o-papel-do-lider-na-gestao-4-0","status":"publish","type":"post","link":"https:\/\/verdadeon.com.br\/portal\/2021\/02\/12\/o-papel-do-lider-na-gestao-4-0\/","title":{"rendered":"O papel do l\u00edder na Gest\u00e3o 4.0"},"content":{"rendered":"<p>Quando falamos em Gest\u00e3o 4.0, muitas pessoas imaginam que se trata de tecnologia pura, aplicada \u00e0s ind\u00fastrias. No entanto, como j\u00e1 vimos nos artigos anteriores, esta gest\u00e3o se aplica a todo tipo de neg\u00f3cio, independentemente do segmento. O que importa mesmo \u00e9 o grau de maturidade da empresa e sua permeabilidade para novos processos. Estamos falando de como criar produtos e servi\u00e7os que atendam, n\u00e3o apenas os clientes atuais, mas os clientes do futuro.<\/p>\n<p>Conceitualmente, a Gest\u00e3o 4.0 \u00e9 inspirada na Quarta Revolu\u00e7\u00e3o Industrial, pois as ind\u00fastrias, em sua maioria, foram as primeiras a automatizarem seus processos, com inova\u00e7\u00f5es que se convergem, sejam elas f\u00edsicas, digitais e at\u00e9 mesmo as biol\u00f3gicas, afinal, estamos avan\u00e7ando exponencialmente neste tema. Um dado importante \u00e9 que pesquisas indicam que empresas que adotam a transforma\u00e7\u00e3o digital s\u00e3o 26% mais lucrativas.<\/p>\n<p>Mas em que um gestor 4.0 precisa ficar de olho?<\/p>\n<p>Se de um lado o mercado busca humaniza\u00e7\u00e3o das entregas, atrav\u00e9s da personaliza\u00e7\u00e3o e customiza\u00e7\u00e3o dos produtos e servi\u00e7os, de outro lado os gestores precisam encontrar formas de garantir esta entrega, conceitualmente artesanal, em escala com baixo custo, rentabilidade e prazos curtos. \u00c9 industrializar o artesanal, quase uma utopia e, por isso, este modelo de gest\u00e3o n\u00e3o \u00e9 para qualquer um.<\/p>\n<p>Um dos pontos de apoio do gestor neste desafio \u00e9 a integra\u00e7\u00e3o dos setores da empresa, e sua import\u00e2ncia se deve \u00e0 possibilidade de maiores controles de padr\u00e3o, custos e prazos.<\/p>\n<p>Outro ponto, que pode fazer a diferen\u00e7a, \u00e9 a desburocratiza\u00e7\u00e3o dos processos que, quanto mais automatizados e digitais, mais r\u00e1pidos. E a\u00ed sim, a tecnologia deve ser empregada com toda a energia poss\u00edvel, garantindo ciclos mais r\u00e1pidos, precisos e efetivos, com maior possibilidade de monitoramento. E isso significa mitigar erros e ganhar em produtividade e custos.<\/p>\n<p>Processos automatizados permitem ao gestor 4.0 ter mais tempo para cuidar de seus clientes, sejam eles internos (colaboradores diretos e indiretos) ou externos. O gestor passa a ter um papel muito mais de facilitador &#8211; onde liderar se torna a arte de traduzir as demandas do mercado &#8211; para que a empresa, atrav\u00e9s de seus processos, garanta uma entrega de experi\u00eancia de consumo inesquec\u00edvel. A responsabilidade do gestor em ser o elo entre mercado, equipes e empresa \u00e9 cada vez maior, por isso a necessidade de explorar ao m\u00e1ximo os recursos tecnol\u00f3gicos.<\/p>\n<p>Portanto, sempre ressalto que a capacidade de absor\u00e7\u00e3o \u00e0 inova\u00e7\u00e3o est\u00e1 diretamente ligada ao sucesso da implanta\u00e7\u00e3o deste modelo de gest\u00e3o. Envolve muito mais que um conceito de gest\u00e3o, uma cultura. Seu resultado impacta diretamente na entrega, relacionamento, produtividade e custos. Mais al\u00e9m, provoca evolu\u00e7\u00e3o em descentraliza\u00e7\u00e3o do comando e agilidade na tomada de decis\u00f5es. Quem ganha com isso \u00e9 o mercado.<\/p>\n<p>&nbsp;<\/p>\n<p><strong>Jean Dunkl<\/strong><\/p>\n<p>@jeandunkl<\/p>\n<p>CEO da CPD Consultoria, consultor especialista em Gest\u00e3o Estrat\u00e9gica de Neg\u00f3cios e gestor da Impera (Incubadora de Empresas de Base Tecnol\u00f3gica de Franca)<\/p>\n","protected":false},"excerpt":{"rendered":"<p>Quando falamos em Gest\u00e3o 4.0, muitas pessoas imaginam que se trata de tecnologia pura, aplicada \u00e0s ind\u00fastrias. No entanto, como j\u00e1 vimos nos artigos anteriores, esta<span class=\"excerpt-hellip\"> [\u2026]<\/span><\/p>\n","protected":false},"author":4,"featured_media":0,"comment_status":"open","ping_status":"open","sticky":false,"template":"","format":"standard","meta":{"_jetpack_memberships_contains_paid_content":false,"footnotes":"","jetpack_publicize_message":"","jetpack_publicize_feature_enabled":true,"jetpack_social_post_already_shared":false,"jetpack_social_options":{"image_generator_settings":{"template":"highway","default_image_id":0,"enabled":false},"version":2}},"categories":[92],"tags":[],"class_list":["post-14157","post","type-post","status-publish","format-standard","hentry","category-colunista"],"yoast_head":"<!-- This site is optimized with the Yoast SEO plugin v25.6 - https:\/\/yoast.com\/wordpress\/plugins\/seo\/ -->\n<title>O papel do l\u00edder na Gest\u00e3o 4.0 - VerdadeOn<\/title>\n<meta name=\"robots\" content=\"index, follow, max-snippet:-1, max-image-preview:large, max-video-preview:-1\" \/>\n<link rel=\"canonical\" href=\"https:\/\/verdadeon.com.br\/portal\/2021\/02\/12\/o-papel-do-lider-na-gestao-4-0\/\" \/>\n<meta property=\"og:locale\" content=\"pt_BR\" \/>\n<meta property=\"og:type\" content=\"article\" \/>\n<meta property=\"og:title\" content=\"O papel do l\u00edder na Gest\u00e3o 4.0 - VerdadeOn\" \/>\n<meta property=\"og:description\" content=\"Quando falamos em Gest\u00e3o 4.0, muitas pessoas imaginam que se trata de tecnologia pura, aplicada \u00e0s ind\u00fastrias. No entanto, como j\u00e1 vimos nos artigos anteriores, esta [\u2026]\" \/>\n<meta property=\"og:url\" content=\"https:\/\/verdadeon.com.br\/portal\/2021\/02\/12\/o-papel-do-lider-na-gestao-4-0\/\" \/>\n<meta property=\"og:site_name\" content=\"VerdadeOn\" \/>\n<meta property=\"article:published_time\" content=\"2021-02-13T00:47:21+00:00\" \/>\n<meta name=\"author\" content=\"Fernando Calixto\" \/>\n<meta name=\"twitter:card\" content=\"summary_large_image\" \/>\n<meta name=\"twitter:label1\" content=\"Escrito por\" \/>\n\t<meta name=\"twitter:data1\" content=\"Fernando Calixto\" \/>\n\t<meta name=\"twitter:label2\" content=\"Est. tempo de leitura\" \/>\n\t<meta name=\"twitter:data2\" content=\"3 minutos\" \/>\n<script type=\"application\/ld+json\" class=\"yoast-schema-graph\">{\"@context\":\"https:\/\/schema.org\",\"@graph\":[{\"@type\":\"WebPage\",\"@id\":\"https:\/\/verdadeon.com.br\/portal\/2021\/02\/12\/o-papel-do-lider-na-gestao-4-0\/\",\"url\":\"https:\/\/verdadeon.com.br\/portal\/2021\/02\/12\/o-papel-do-lider-na-gestao-4-0\/\",\"name\":\"O papel do l\u00edder na Gest\u00e3o 4.0 - VerdadeOn\",\"isPartOf\":{\"@id\":\"https:\/\/verdadeon.com.br\/portal\/#website\"},\"datePublished\":\"2021-02-13T00:47:21+00:00\",\"author\":{\"@id\":\"https:\/\/verdadeon.com.br\/portal\/#\/schema\/person\/8994718f49ee62ba5610471e29ca1f62\"},\"breadcrumb\":{\"@id\":\"https:\/\/verdadeon.com.br\/portal\/2021\/02\/12\/o-papel-do-lider-na-gestao-4-0\/#breadcrumb\"},\"inLanguage\":\"pt-BR\",\"potentialAction\":[{\"@type\":\"ReadAction\",\"target\":[\"https:\/\/verdadeon.com.br\/portal\/2021\/02\/12\/o-papel-do-lider-na-gestao-4-0\/\"]}]},{\"@type\":\"BreadcrumbList\",\"@id\":\"https:\/\/verdadeon.com.br\/portal\/2021\/02\/12\/o-papel-do-lider-na-gestao-4-0\/#breadcrumb\",\"itemListElement\":[{\"@type\":\"ListItem\",\"position\":1,\"name\":\"In\u00edcio\",\"item\":\"https:\/\/verdadeon.com.br\/portal\/\"},{\"@type\":\"ListItem\",\"position\":2,\"name\":\"O papel do l\u00edder na Gest\u00e3o 4.0\"}]},{\"@type\":\"WebSite\",\"@id\":\"https:\/\/verdadeon.com.br\/portal\/#website\",\"url\":\"https:\/\/verdadeon.com.br\/portal\/\",\"name\":\"VerdadeOn\",\"description\":\"Not\u00edcias di\u00e1rias sobre Franca, Regi\u00e3o, Esporte, Cultura, Cotidiano, Colunas. Cobertura nos principais eventos da cidade \u00e9 aqui - Verdadeon Franca\",\"potentialAction\":[{\"@type\":\"SearchAction\",\"target\":{\"@type\":\"EntryPoint\",\"urlTemplate\":\"https:\/\/verdadeon.com.br\/portal\/?s={search_term_string}\"},\"query-input\":{\"@type\":\"PropertyValueSpecification\",\"valueRequired\":true,\"valueName\":\"search_term_string\"}}],\"inLanguage\":\"pt-BR\"},{\"@type\":\"Person\",\"@id\":\"https:\/\/verdadeon.com.br\/portal\/#\/schema\/person\/8994718f49ee62ba5610471e29ca1f62\",\"name\":\"Fernando Calixto\",\"image\":{\"@type\":\"ImageObject\",\"inLanguage\":\"pt-BR\",\"@id\":\"https:\/\/verdadeon.com.br\/portal\/#\/schema\/person\/image\/\",\"url\":\"https:\/\/secure.gravatar.com\/avatar\/7578910c24966c0316c340f9dbd601e93ee9f9212e1033968b367af9306bd9fb?s=96&d=mm&r=g\",\"contentUrl\":\"https:\/\/secure.gravatar.com\/avatar\/7578910c24966c0316c340f9dbd601e93ee9f9212e1033968b367af9306bd9fb?s=96&d=mm&r=g\",\"caption\":\"Fernando Calixto\"},\"url\":\"https:\/\/verdadeon.com.br\/portal\/author\/fernando-calixto\/\"}]}<\/script>\n<!-- \/ Yoast SEO plugin. -->","yoast_head_json":{"title":"O papel do l\u00edder na Gest\u00e3o 4.0 - VerdadeOn","robots":{"index":"index","follow":"follow","max-snippet":"max-snippet:-1","max-image-preview":"max-image-preview:large","max-video-preview":"max-video-preview:-1"},"canonical":"https:\/\/verdadeon.com.br\/portal\/2021\/02\/12\/o-papel-do-lider-na-gestao-4-0\/","og_locale":"pt_BR","og_type":"article","og_title":"O papel do l\u00edder na Gest\u00e3o 4.0 - VerdadeOn","og_description":"Quando falamos em Gest\u00e3o 4.0, muitas pessoas imaginam que se trata de tecnologia pura, aplicada \u00e0s ind\u00fastrias. No entanto, como j\u00e1 vimos nos artigos anteriores, esta [\u2026]","og_url":"https:\/\/verdadeon.com.br\/portal\/2021\/02\/12\/o-papel-do-lider-na-gestao-4-0\/","og_site_name":"VerdadeOn","article_published_time":"2021-02-13T00:47:21+00:00","author":"Fernando Calixto","twitter_card":"summary_large_image","twitter_misc":{"Escrito por":"Fernando Calixto","Est. tempo de leitura":"3 minutos"},"schema":{"@context":"https:\/\/schema.org","@graph":[{"@type":"WebPage","@id":"https:\/\/verdadeon.com.br\/portal\/2021\/02\/12\/o-papel-do-lider-na-gestao-4-0\/","url":"https:\/\/verdadeon.com.br\/portal\/2021\/02\/12\/o-papel-do-lider-na-gestao-4-0\/","name":"O papel do l\u00edder na Gest\u00e3o 4.0 - VerdadeOn","isPartOf":{"@id":"https:\/\/verdadeon.com.br\/portal\/#website"},"datePublished":"2021-02-13T00:47:21+00:00","author":{"@id":"https:\/\/verdadeon.com.br\/portal\/#\/schema\/person\/8994718f49ee62ba5610471e29ca1f62"},"breadcrumb":{"@id":"https:\/\/verdadeon.com.br\/portal\/2021\/02\/12\/o-papel-do-lider-na-gestao-4-0\/#breadcrumb"},"inLanguage":"pt-BR","potentialAction":[{"@type":"ReadAction","target":["https:\/\/verdadeon.com.br\/portal\/2021\/02\/12\/o-papel-do-lider-na-gestao-4-0\/"]}]},{"@type":"BreadcrumbList","@id":"https:\/\/verdadeon.com.br\/portal\/2021\/02\/12\/o-papel-do-lider-na-gestao-4-0\/#breadcrumb","itemListElement":[{"@type":"ListItem","position":1,"name":"In\u00edcio","item":"https:\/\/verdadeon.com.br\/portal\/"},{"@type":"ListItem","position":2,"name":"O papel do l\u00edder na Gest\u00e3o 4.0"}]},{"@type":"WebSite","@id":"https:\/\/verdadeon.com.br\/portal\/#website","url":"https:\/\/verdadeon.com.br\/portal\/","name":"VerdadeOn","description":"Not\u00edcias di\u00e1rias sobre Franca, Regi\u00e3o, Esporte, Cultura, Cotidiano, Colunas. Cobertura nos principais eventos da cidade \u00e9 aqui - Verdadeon Franca","potentialAction":[{"@type":"SearchAction","target":{"@type":"EntryPoint","urlTemplate":"https:\/\/verdadeon.com.br\/portal\/?s={search_term_string}"},"query-input":{"@type":"PropertyValueSpecification","valueRequired":true,"valueName":"search_term_string"}}],"inLanguage":"pt-BR"},{"@type":"Person","@id":"https:\/\/verdadeon.com.br\/portal\/#\/schema\/person\/8994718f49ee62ba5610471e29ca1f62","name":"Fernando Calixto","image":{"@type":"ImageObject","inLanguage":"pt-BR","@id":"https:\/\/verdadeon.com.br\/portal\/#\/schema\/person\/image\/","url":"https:\/\/secure.gravatar.com\/avatar\/7578910c24966c0316c340f9dbd601e93ee9f9212e1033968b367af9306bd9fb?s=96&d=mm&r=g","contentUrl":"https:\/\/secure.gravatar.com\/avatar\/7578910c24966c0316c340f9dbd601e93ee9f9212e1033968b367af9306bd9fb?s=96&d=mm&r=g","caption":"Fernando Calixto"},"url":"https:\/\/verdadeon.com.br\/portal\/author\/fernando-calixto\/"}]}},"jetpack_publicize_connections":[],"jetpack_featured_media_url":"","jetpack_sharing_enabled":true,"_links":{"self":[{"href":"https:\/\/verdadeon.com.br\/portal\/wp-json\/wp\/v2\/posts\/14157","targetHints":{"allow":["GET"]}}],"collection":[{"href":"https:\/\/verdadeon.com.br\/portal\/wp-json\/wp\/v2\/posts"}],"about":[{"href":"https:\/\/verdadeon.com.br\/portal\/wp-json\/wp\/v2\/types\/post"}],"author":[{"embeddable":true,"href":"https:\/\/verdadeon.com.br\/portal\/wp-json\/wp\/v2\/users\/4"}],"replies":[{"embeddable":true,"href":"https:\/\/verdadeon.com.br\/portal\/wp-json\/wp\/v2\/comments?post=14157"}],"version-history":[{"count":0,"href":"https:\/\/verdadeon.com.br\/portal\/wp-json\/wp\/v2\/posts\/14157\/revisions"}],"wp:attachment":[{"href":"https:\/\/verdadeon.com.br\/portal\/wp-json\/wp\/v2\/media?parent=14157"}],"wp:term":[{"taxonomy":"category","embeddable":true,"href":"https:\/\/verdadeon.com.br\/portal\/wp-json\/wp\/v2\/categories?post=14157"},{"taxonomy":"post_tag","embeddable":true,"href":"https:\/\/verdadeon.com.br\/portal\/wp-json\/wp\/v2\/tags?post=14157"}],"curies":[{"name":"wp","href":"https:\/\/api.w.org\/{rel}","templated":true}]}}