{"id":14118,"date":"2021-02-11T20:28:41","date_gmt":"2021-02-11T23:28:41","guid":{"rendered":"https:\/\/verdadeon.com.br\/portal\/?p=14118"},"modified":"2021-02-11T20:28:41","modified_gmt":"2021-02-11T23:28:41","slug":"franca-passa-a-ter-47-leitos-de-uti-para-o-tratamento-da-covid-19","status":"publish","type":"post","link":"https:\/\/verdadeon.com.br\/portal\/2021\/02\/11\/franca-passa-a-ter-47-leitos-de-uti-para-o-tratamento-da-covid-19\/","title":{"rendered":"Franca passa a ter 47 leitos de UTI para o tratamento da Covid-19"},"content":{"rendered":"<h2>Mais 5 unidades foram instaladas no AME, no centro da cidade. Expectativa \u00e9 a de que sistema p\u00fablico de sa\u00fade seja desafogado<\/h2>\n<p>Mais cinco leitos de UTI para o tratamento da covid-19, foram instalados em Franca nesta quinta-feira (11). Eles foram abertos no Ambulat\u00f3rio M\u00e9dico de Especialidades (AME), no centro de Franca. O local j\u00e1 possu\u00eda 5 unidades, ent\u00e3o passa a contar com 10, que somados aos 37 j\u00e1 existentes no Hospital do Cora\u00e7\u00e3o, chegam a um total de 47 leitos.<br \/>\nA medida j\u00e1 tinha sido anunciada pelo secret\u00e1rio de Desenvolvimento Regional do estado de S\u00e3o Paulo, Marco Vinholi. Segundo ele, at\u00e9 o final de fevereiro ser\u00e3o abertos um total de 32 leitos em Franca, totalizando 69 unidades apenas em Franca.<br \/>\nNa regi\u00e3o tamb\u00e9m ser\u00e3o abertas mais unidades. Em Ipu\u00e3, que faz parte da Diretoria Regional de Sa\u00fade de Franca (DRS), foram abertos 5 nesta quinta-feira. Na classifica\u00e7\u00e3o do Plano S\u00e3o Paulo, \u00e9 levada em conta a disponibilidade de leitos tanto em Franca, quanto nas cidades que fazem parte da DRS.<br \/>\nAtualmente a cidade permanece na vermelha, a mais restritiva. Em decis\u00e3o conjunta com o Minist\u00e9rio P\u00fablico, a prefeitura de Franca conseguiu garantir que os comerciantes permanecessem trabalhando pelos sistemas de drive thru e take away, pelo menos at\u00e9 esta sexta-feira (12), quando o Estado realiza nova classifica\u00e7\u00e3o.<br \/>\nPelos n\u00fameros Franca poder\u00e1 avan\u00e7ar para a fase laranja, menos restritiva do que a vermelha.<\/p>\n","protected":false},"excerpt":{"rendered":"<p>Mais 5 unidades foram instaladas no AME, no centro da cidade. Expectativa \u00e9 a de que sistema p\u00fablico de sa\u00fade seja desafogado Mais cinco leitos de<span class=\"excerpt-hellip\"> [\u2026]<\/span><\/p>\n","protected":false},"author":4,"featured_media":14119,"comment_status":"open","ping_status":"open","sticky":false,"template":"","format":"standard","meta":{"_jetpack_memberships_contains_paid_content":false,"footnotes":"","jetpack_publicize_message":"","jetpack_publicize_feature_enabled":true,"jetpack_social_post_already_shared":false,"jetpack_social_options":{"image_generator_settings":{"template":"highway","default_image_id":0,"enabled":false},"version":2}},"categories":[28,81],"tags":[],"class_list":["post-14118","post","type-post","status-publish","format-standard","has-post-thumbnail","hentry","category-cotidiano","category-manchete"],"yoast_head":"<!-- This site is optimized with the Yoast SEO plugin v25.6 - https:\/\/yoast.com\/wordpress\/plugins\/seo\/ -->\n<title>Franca passa a ter 47 leitos de UTI para o tratamento da Covid-19 - VerdadeOn<\/title>\n<meta name=\"robots\" content=\"index, follow, max-snippet:-1, max-image-preview:large, max-video-preview:-1\" \/>\n<link rel=\"canonical\" href=\"https:\/\/verdadeon.com.br\/portal\/2021\/02\/11\/franca-passa-a-ter-47-leitos-de-uti-para-o-tratamento-da-covid-19\/\" \/>\n<meta property=\"og:locale\" content=\"pt_BR\" \/>\n<meta property=\"og:type\" content=\"article\" \/>\n<meta property=\"og:title\" content=\"Franca passa a ter 47 leitos de UTI para o tratamento da Covid-19 - VerdadeOn\" \/>\n<meta property=\"og:description\" content=\"Mais 5 unidades foram instaladas no AME, no centro da cidade. Expectativa \u00e9 a de que sistema p\u00fablico de sa\u00fade seja desafogado Mais cinco leitos de [\u2026]\" \/>\n<meta property=\"og:url\" content=\"https:\/\/verdadeon.com.br\/portal\/2021\/02\/11\/franca-passa-a-ter-47-leitos-de-uti-para-o-tratamento-da-covid-19\/\" \/>\n<meta property=\"og:site_name\" content=\"VerdadeOn\" \/>\n<meta property=\"article:published_time\" content=\"2021-02-11T23:28:41+00:00\" \/>\n<meta property=\"og:image\" content=\"https:\/\/verdadeon.com.br\/portal\/wp-content\/uploads\/2021\/02\/WhatsApp-Image-2021-02-11-at-15.23.31.jpeg\" \/>\n\t<meta property=\"og:image:width\" content=\"1000\" \/>\n\t<meta property=\"og:image:height\" content=\"670\" \/>\n\t<meta property=\"og:image:type\" content=\"image\/jpeg\" \/>\n<meta name=\"author\" content=\"Fernando Calixto\" \/>\n<meta name=\"twitter:card\" content=\"summary_large_image\" \/>\n<meta name=\"twitter:label1\" content=\"Escrito por\" \/>\n\t<meta name=\"twitter:data1\" content=\"Fernando Calixto\" \/>\n\t<meta name=\"twitter:label2\" content=\"Est. tempo de leitura\" \/>\n\t<meta name=\"twitter:data2\" content=\"2 minutos\" \/>\n<script type=\"application\/ld+json\" class=\"yoast-schema-graph\">{\"@context\":\"https:\/\/schema.org\",\"@graph\":[{\"@type\":\"WebPage\",\"@id\":\"https:\/\/verdadeon.com.br\/portal\/2021\/02\/11\/franca-passa-a-ter-47-leitos-de-uti-para-o-tratamento-da-covid-19\/\",\"url\":\"https:\/\/verdadeon.com.br\/portal\/2021\/02\/11\/franca-passa-a-ter-47-leitos-de-uti-para-o-tratamento-da-covid-19\/\",\"name\":\"Franca passa a ter 47 leitos de UTI para o tratamento da Covid-19 - VerdadeOn\",\"isPartOf\":{\"@id\":\"https:\/\/verdadeon.com.br\/portal\/#website\"},\"primaryImageOfPage\":{\"@id\":\"https:\/\/verdadeon.com.br\/portal\/2021\/02\/11\/franca-passa-a-ter-47-leitos-de-uti-para-o-tratamento-da-covid-19\/#primaryimage\"},\"image\":{\"@id\":\"https:\/\/verdadeon.com.br\/portal\/2021\/02\/11\/franca-passa-a-ter-47-leitos-de-uti-para-o-tratamento-da-covid-19\/#primaryimage\"},\"thumbnailUrl\":\"https:\/\/i0.wp.com\/verdadeon.com.br\/portal\/wp-content\/uploads\/2021\/02\/WhatsApp-Image-2021-02-11-at-15.23.31.jpeg?fit=1000%2C670&ssl=1\",\"datePublished\":\"2021-02-11T23:28:41+00:00\",\"author\":{\"@id\":\"https:\/\/verdadeon.com.br\/portal\/#\/schema\/person\/8994718f49ee62ba5610471e29ca1f62\"},\"breadcrumb\":{\"@id\":\"https:\/\/verdadeon.com.br\/portal\/2021\/02\/11\/franca-passa-a-ter-47-leitos-de-uti-para-o-tratamento-da-covid-19\/#breadcrumb\"},\"inLanguage\":\"pt-BR\",\"potentialAction\":[{\"@type\":\"ReadAction\",\"target\":[\"https:\/\/verdadeon.com.br\/portal\/2021\/02\/11\/franca-passa-a-ter-47-leitos-de-uti-para-o-tratamento-da-covid-19\/\"]}]},{\"@type\":\"ImageObject\",\"inLanguage\":\"pt-BR\",\"@id\":\"https:\/\/verdadeon.com.br\/portal\/2021\/02\/11\/franca-passa-a-ter-47-leitos-de-uti-para-o-tratamento-da-covid-19\/#primaryimage\",\"url\":\"https:\/\/i0.wp.com\/verdadeon.com.br\/portal\/wp-content\/uploads\/2021\/02\/WhatsApp-Image-2021-02-11-at-15.23.31.jpeg?fit=1000%2C670&ssl=1\",\"contentUrl\":\"https:\/\/i0.wp.com\/verdadeon.com.br\/portal\/wp-content\/uploads\/2021\/02\/WhatsApp-Image-2021-02-11-at-15.23.31.jpeg?fit=1000%2C670&ssl=1\",\"width\":1000,\"height\":670,\"caption\":\"Em Franca os leitos s\u00e3o administrados pelo Grupo Santa Casa desde o in\u00edcio da pandemia | Foto: Divulga\u00e7\u00e3o\"},{\"@type\":\"BreadcrumbList\",\"@id\":\"https:\/\/verdadeon.com.br\/portal\/2021\/02\/11\/franca-passa-a-ter-47-leitos-de-uti-para-o-tratamento-da-covid-19\/#breadcrumb\",\"itemListElement\":[{\"@type\":\"ListItem\",\"position\":1,\"name\":\"In\u00edcio\",\"item\":\"https:\/\/verdadeon.com.br\/portal\/\"},{\"@type\":\"ListItem\",\"position\":2,\"name\":\"Franca passa a ter 47 leitos de UTI para o tratamento da Covid-19\"}]},{\"@type\":\"WebSite\",\"@id\":\"https:\/\/verdadeon.com.br\/portal\/#website\",\"url\":\"https:\/\/verdadeon.com.br\/portal\/\",\"name\":\"VerdadeOn\",\"description\":\"Not\u00edcias di\u00e1rias sobre Franca, Regi\u00e3o, Esporte, Cultura, Cotidiano, Colunas. Cobertura nos principais eventos da cidade \u00e9 aqui - Verdadeon Franca\",\"potentialAction\":[{\"@type\":\"SearchAction\",\"target\":{\"@type\":\"EntryPoint\",\"urlTemplate\":\"https:\/\/verdadeon.com.br\/portal\/?s={search_term_string}\"},\"query-input\":{\"@type\":\"PropertyValueSpecification\",\"valueRequired\":true,\"valueName\":\"search_term_string\"}}],\"inLanguage\":\"pt-BR\"},{\"@type\":\"Person\",\"@id\":\"https:\/\/verdadeon.com.br\/portal\/#\/schema\/person\/8994718f49ee62ba5610471e29ca1f62\",\"name\":\"Fernando Calixto\",\"image\":{\"@type\":\"ImageObject\",\"inLanguage\":\"pt-BR\",\"@id\":\"https:\/\/verdadeon.com.br\/portal\/#\/schema\/person\/image\/\",\"url\":\"https:\/\/secure.gravatar.com\/avatar\/7578910c24966c0316c340f9dbd601e93ee9f9212e1033968b367af9306bd9fb?s=96&d=mm&r=g\",\"contentUrl\":\"https:\/\/secure.gravatar.com\/avatar\/7578910c24966c0316c340f9dbd601e93ee9f9212e1033968b367af9306bd9fb?s=96&d=mm&r=g\",\"caption\":\"Fernando Calixto\"},\"url\":\"https:\/\/verdadeon.com.br\/portal\/author\/fernando-calixto\/\"}]}<\/script>\n<!-- \/ Yoast SEO plugin. -->","yoast_head_json":{"title":"Franca passa a ter 47 leitos de UTI para o tratamento da Covid-19 - VerdadeOn","robots":{"index":"index","follow":"follow","max-snippet":"max-snippet:-1","max-image-preview":"max-image-preview:large","max-video-preview":"max-video-preview:-1"},"canonical":"https:\/\/verdadeon.com.br\/portal\/2021\/02\/11\/franca-passa-a-ter-47-leitos-de-uti-para-o-tratamento-da-covid-19\/","og_locale":"pt_BR","og_type":"article","og_title":"Franca passa a ter 47 leitos de UTI para o tratamento da Covid-19 - VerdadeOn","og_description":"Mais 5 unidades foram instaladas no AME, no centro da cidade. Expectativa \u00e9 a de que sistema p\u00fablico de sa\u00fade seja desafogado Mais cinco leitos de [\u2026]","og_url":"https:\/\/verdadeon.com.br\/portal\/2021\/02\/11\/franca-passa-a-ter-47-leitos-de-uti-para-o-tratamento-da-covid-19\/","og_site_name":"VerdadeOn","article_published_time":"2021-02-11T23:28:41+00:00","og_image":[{"width":1000,"height":670,"url":"https:\/\/verdadeon.com.br\/portal\/wp-content\/uploads\/2021\/02\/WhatsApp-Image-2021-02-11-at-15.23.31.jpeg","type":"image\/jpeg"}],"author":"Fernando Calixto","twitter_card":"summary_large_image","twitter_misc":{"Escrito por":"Fernando Calixto","Est. tempo de leitura":"2 minutos"},"schema":{"@context":"https:\/\/schema.org","@graph":[{"@type":"WebPage","@id":"https:\/\/verdadeon.com.br\/portal\/2021\/02\/11\/franca-passa-a-ter-47-leitos-de-uti-para-o-tratamento-da-covid-19\/","url":"https:\/\/verdadeon.com.br\/portal\/2021\/02\/11\/franca-passa-a-ter-47-leitos-de-uti-para-o-tratamento-da-covid-19\/","name":"Franca passa a ter 47 leitos de UTI para o tratamento da Covid-19 - VerdadeOn","isPartOf":{"@id":"https:\/\/verdadeon.com.br\/portal\/#website"},"primaryImageOfPage":{"@id":"https:\/\/verdadeon.com.br\/portal\/2021\/02\/11\/franca-passa-a-ter-47-leitos-de-uti-para-o-tratamento-da-covid-19\/#primaryimage"},"image":{"@id":"https:\/\/verdadeon.com.br\/portal\/2021\/02\/11\/franca-passa-a-ter-47-leitos-de-uti-para-o-tratamento-da-covid-19\/#primaryimage"},"thumbnailUrl":"https:\/\/i0.wp.com\/verdadeon.com.br\/portal\/wp-content\/uploads\/2021\/02\/WhatsApp-Image-2021-02-11-at-15.23.31.jpeg?fit=1000%2C670&ssl=1","datePublished":"2021-02-11T23:28:41+00:00","author":{"@id":"https:\/\/verdadeon.com.br\/portal\/#\/schema\/person\/8994718f49ee62ba5610471e29ca1f62"},"breadcrumb":{"@id":"https:\/\/verdadeon.com.br\/portal\/2021\/02\/11\/franca-passa-a-ter-47-leitos-de-uti-para-o-tratamento-da-covid-19\/#breadcrumb"},"inLanguage":"pt-BR","potentialAction":[{"@type":"ReadAction","target":["https:\/\/verdadeon.com.br\/portal\/2021\/02\/11\/franca-passa-a-ter-47-leitos-de-uti-para-o-tratamento-da-covid-19\/"]}]},{"@type":"ImageObject","inLanguage":"pt-BR","@id":"https:\/\/verdadeon.com.br\/portal\/2021\/02\/11\/franca-passa-a-ter-47-leitos-de-uti-para-o-tratamento-da-covid-19\/#primaryimage","url":"https:\/\/i0.wp.com\/verdadeon.com.br\/portal\/wp-content\/uploads\/2021\/02\/WhatsApp-Image-2021-02-11-at-15.23.31.jpeg?fit=1000%2C670&ssl=1","contentUrl":"https:\/\/i0.wp.com\/verdadeon.com.br\/portal\/wp-content\/uploads\/2021\/02\/WhatsApp-Image-2021-02-11-at-15.23.31.jpeg?fit=1000%2C670&ssl=1","width":1000,"height":670,"caption":"Em Franca os leitos s\u00e3o administrados pelo Grupo Santa Casa desde o in\u00edcio da pandemia | Foto: Divulga\u00e7\u00e3o"},{"@type":"BreadcrumbList","@id":"https:\/\/verdadeon.com.br\/portal\/2021\/02\/11\/franca-passa-a-ter-47-leitos-de-uti-para-o-tratamento-da-covid-19\/#breadcrumb","itemListElement":[{"@type":"ListItem","position":1,"name":"In\u00edcio","item":"https:\/\/verdadeon.com.br\/portal\/"},{"@type":"ListItem","position":2,"name":"Franca passa a ter 47 leitos de UTI para o tratamento da Covid-19"}]},{"@type":"WebSite","@id":"https:\/\/verdadeon.com.br\/portal\/#website","url":"https:\/\/verdadeon.com.br\/portal\/","name":"VerdadeOn","description":"Not\u00edcias di\u00e1rias sobre Franca, Regi\u00e3o, Esporte, Cultura, Cotidiano, Colunas. Cobertura nos principais eventos da cidade \u00e9 aqui - Verdadeon Franca","potentialAction":[{"@type":"SearchAction","target":{"@type":"EntryPoint","urlTemplate":"https:\/\/verdadeon.com.br\/portal\/?s={search_term_string}"},"query-input":{"@type":"PropertyValueSpecification","valueRequired":true,"valueName":"search_term_string"}}],"inLanguage":"pt-BR"},{"@type":"Person","@id":"https:\/\/verdadeon.com.br\/portal\/#\/schema\/person\/8994718f49ee62ba5610471e29ca1f62","name":"Fernando Calixto","image":{"@type":"ImageObject","inLanguage":"pt-BR","@id":"https:\/\/verdadeon.com.br\/portal\/#\/schema\/person\/image\/","url":"https:\/\/secure.gravatar.com\/avatar\/7578910c24966c0316c340f9dbd601e93ee9f9212e1033968b367af9306bd9fb?s=96&d=mm&r=g","contentUrl":"https:\/\/secure.gravatar.com\/avatar\/7578910c24966c0316c340f9dbd601e93ee9f9212e1033968b367af9306bd9fb?s=96&d=mm&r=g","caption":"Fernando Calixto"},"url":"https:\/\/verdadeon.com.br\/portal\/author\/fernando-calixto\/"}]}},"jetpack_publicize_connections":[],"jetpack_featured_media_url":"https:\/\/i0.wp.com\/verdadeon.com.br\/portal\/wp-content\/uploads\/2021\/02\/WhatsApp-Image-2021-02-11-at-15.23.31.jpeg?fit=1000%2C670&ssl=1","jetpack_sharing_enabled":true,"_links":{"self":[{"href":"https:\/\/verdadeon.com.br\/portal\/wp-json\/wp\/v2\/posts\/14118","targetHints":{"allow":["GET"]}}],"collection":[{"href":"https:\/\/verdadeon.com.br\/portal\/wp-json\/wp\/v2\/posts"}],"about":[{"href":"https:\/\/verdadeon.com.br\/portal\/wp-json\/wp\/v2\/types\/post"}],"author":[{"embeddable":true,"href":"https:\/\/verdadeon.com.br\/portal\/wp-json\/wp\/v2\/users\/4"}],"replies":[{"embeddable":true,"href":"https:\/\/verdadeon.com.br\/portal\/wp-json\/wp\/v2\/comments?post=14118"}],"version-history":[{"count":0,"href":"https:\/\/verdadeon.com.br\/portal\/wp-json\/wp\/v2\/posts\/14118\/revisions"}],"wp:featuredmedia":[{"embeddable":true,"href":"https:\/\/verdadeon.com.br\/portal\/wp-json\/wp\/v2\/media\/14119"}],"wp:attachment":[{"href":"https:\/\/verdadeon.com.br\/portal\/wp-json\/wp\/v2\/media?parent=14118"}],"wp:term":[{"taxonomy":"category","embeddable":true,"href":"https:\/\/verdadeon.com.br\/portal\/wp-json\/wp\/v2\/categories?post=14118"},{"taxonomy":"post_tag","embeddable":true,"href":"https:\/\/verdadeon.com.br\/portal\/wp-json\/wp\/v2\/tags?post=14118"}],"curies":[{"name":"wp","href":"https:\/\/api.w.org\/{rel}","templated":true}]}}