{"id":14093,"date":"2021-02-10T16:43:33","date_gmt":"2021-02-10T19:43:33","guid":{"rendered":"https:\/\/verdadeon.com.br\/portal\/?p=14093"},"modified":"2021-02-10T16:43:33","modified_gmt":"2021-02-10T19:43:33","slug":"mais-de-22-mil-pessoas-receberam-parcelas-do-auxilio-emergencial-nesta-quarta-feira","status":"publish","type":"post","link":"https:\/\/verdadeon.com.br\/portal\/2021\/02\/10\/mais-de-22-mil-pessoas-receberam-parcelas-do-auxilio-emergencial-nesta-quarta-feira\/","title":{"rendered":"Mais de 22 mil pessoas receberam parcelas do aux\u00edlio emergencial nesta quarta-feira"},"content":{"rendered":"<h2>Para o saque em esp\u00e9cie, \u00e9 preciso fazer o login no aplicativo Caixa Tem, selecionar a op\u00e7\u00e3o saque sem cart\u00e3o e gerar c\u00f3digo de saque<\/h2>\n<p>O governo federal pagou nesta quarta-feira, parcelas do aux\u00edlio emergencial para 22.233 pessoas, um total de R$ 20,95 milh\u00f5es. O benef\u00edcio \u00e9 concedido ap\u00f3s processos de reavalia\u00e7\u00f5es decorrentes de atualiza\u00e7\u00e3o da base de dados e de contesta\u00e7\u00f5es de cidad\u00e3os que tiveram os pagamentos negados e que foram considerados eleg\u00edveis. No m\u00eas passado, 196 mil pessoas tamb\u00e9m receberam recursos ap\u00f3s essas an\u00e1lises.<br \/>\nA portaria do Minist\u00e9rio da Cidadania foi publicada nesta quarta-feira no Di\u00e1rio Oficial da Uni\u00e3o. O cr\u00e9dito ser\u00e1 feito pela Caixa Econ\u00f4mica Federal na poupan\u00e7a social digital e os recursos tamb\u00e9m j\u00e1 estar\u00e3o dispon\u00edveis tanto para transfer\u00eancias e pagamentos quanto para saques, por meio do aplicativo Caixa Tem.<br \/>\nCom ele \u00e9 poss\u00edvel fazer compras na internet e nas maquininhas em diversos estabelecimentos comerciais, por meio do cart\u00e3o de d\u00e9bito virtual e QR Code. O benefici\u00e1rio tamb\u00e9m pode pagar boletos e contas, como \u00e1gua e telefone, pelo pr\u00f3prio aplicativo ou nas casas lot\u00e9ricas, e transferir os recursos sem o pagamento de tarifas.<br \/>\nPara o saque em esp\u00e9cie, \u00e9 preciso fazer o login no aplicativo Caixa Tem, selecionar a op\u00e7\u00e3o saque sem cart\u00e3o e gerar c\u00f3digo de saque. Depois, o trabalhador deve inserir a senha para visualizar o c\u00f3digo de saque na tela do celular, com validade de uma hora. Esse c\u00f3digo deve ser utilizado para a retirada do dinheiro, que pode ser feita nas lot\u00e9ricas, correspondentes Caixa Aqui ou mesmo nas ag\u00eancias.<br \/>\nO prazo para movimentar o dinheiro a partir do cr\u00e9dito na conta social digital \u00e9 de 90 dias. No caso dos benefici\u00e1rios do Bolsa Fam\u00edlia que receberam o aux\u00edlio, o prazo \u00e9 de 270 dias. At\u00e9 o in\u00edcio deste m\u00eas, 1,4 milh\u00e3o de pessoas n\u00e3o haviam movimentado os recursos e R$ 1,3 bilh\u00e3o foram devolvidos aos cofres p\u00fablicos.<br \/>\nBenefici\u00e1rios<br \/>\nPara esse pagamento n\u00e3o h\u00e1 calend\u00e1rio de acordo com o m\u00eas de nascimento. Todos os benefici\u00e1rios receber\u00e3o, de uma s\u00f3 vez, todas as parcelas a que t\u00eam direito.<br \/>\nO grupo desta quarta-feira se divide em quatro categorias. A primeira envolve quase 12 mil pessoas que se tornaram eleg\u00edveis ap\u00f3s reavalia\u00e7\u00f5es de cadastros e cruzamentos de informa\u00e7\u00f5es de bancos de dados governamentais. Esse p\u00fablico vai receber de uma s\u00f3 vez as parcelas de 1 a 5 do aux\u00edlio emergencial de R$ 600 ou R$ 1,2 mil para mulheres de chefes de fam\u00edlia, no total de R$ 7,89 milh\u00f5es.<br \/>\nOs outros tr\u00eas grupos s\u00e3o compostos por pessoas que v\u00e3o receber parcelas do aux\u00edlio emergencial extens\u00e3o (R$ 300 ou R$ 600). Em uma faixa est\u00e3o cidad\u00e3os que v\u00e3o receber as etapas de 7 a 9 da extens\u00e3o. S\u00e3o 371 pessoas que j\u00e1 haviam recebido uma parcela e que, ap\u00f3s reavalia\u00e7\u00f5es, voltam a ser inclu\u00eddas na lista de contempladas. O valor de pagamentos para esse p\u00fablico totaliza R$ 346,5 mil.<br \/>\nOutro grupo, com 9,4 mil integrantes, receber\u00e1 as parcelas de 6 a 9 da extens\u00e3o do aux\u00edlio emergencial, no total de R$ 12,5 milh\u00f5es em recursos. S\u00e3o pessoas que ainda n\u00e3o haviam recebido a extens\u00e3o e passaram por reavalia\u00e7\u00e3o. O \u00faltimo grupo, com 561 cidad\u00e3os, re\u00fane pessoas que n\u00e3o tinham sido consideradas eleg\u00edveis e fizeram a contesta\u00e7\u00e3o via Dataprev entre 17 e 26 de dezembro de 2020. O valor total em repasses para esta faixa \u00e9 de R$ 185,7 mil.<br \/>\nFonte: Ag\u00eancia Brasil<\/p>\n","protected":false},"excerpt":{"rendered":"<p>Para o saque em esp\u00e9cie, \u00e9 preciso fazer o login no aplicativo Caixa Tem, selecionar a op\u00e7\u00e3o saque sem cart\u00e3o e gerar c\u00f3digo de saque O<span class=\"excerpt-hellip\"> [\u2026]<\/span><\/p>\n","protected":false},"author":4,"featured_media":14098,"comment_status":"open","ping_status":"open","sticky":false,"template":"","format":"standard","meta":{"_jetpack_memberships_contains_paid_content":false,"footnotes":"","jetpack_publicize_message":"","jetpack_publicize_feature_enabled":true,"jetpack_social_post_already_shared":false,"jetpack_social_options":{"image_generator_settings":{"template":"highway","default_image_id":0,"enabled":false},"version":2}},"categories":[28,44],"tags":[],"class_list":["post-14093","post","type-post","status-publish","format-standard","has-post-thumbnail","hentry","category-cotidiano","category-noticias"],"yoast_head":"<!-- This site is optimized with the Yoast SEO plugin v25.6 - https:\/\/yoast.com\/wordpress\/plugins\/seo\/ -->\n<title>Mais de 22 mil pessoas receberam parcelas do aux\u00edlio emergencial nesta quarta-feira - VerdadeOn<\/title>\n<meta name=\"robots\" content=\"index, follow, max-snippet:-1, max-image-preview:large, max-video-preview:-1\" \/>\n<link rel=\"canonical\" href=\"https:\/\/verdadeon.com.br\/portal\/2021\/02\/10\/mais-de-22-mil-pessoas-receberam-parcelas-do-auxilio-emergencial-nesta-quarta-feira\/\" \/>\n<meta property=\"og:locale\" content=\"pt_BR\" \/>\n<meta property=\"og:type\" content=\"article\" \/>\n<meta property=\"og:title\" content=\"Mais de 22 mil pessoas receberam parcelas do aux\u00edlio emergencial nesta quarta-feira - VerdadeOn\" \/>\n<meta property=\"og:description\" content=\"Para o saque em esp\u00e9cie, \u00e9 preciso fazer o login no aplicativo Caixa Tem, selecionar a op\u00e7\u00e3o saque sem cart\u00e3o e gerar c\u00f3digo de saque O [\u2026]\" \/>\n<meta property=\"og:url\" content=\"https:\/\/verdadeon.com.br\/portal\/2021\/02\/10\/mais-de-22-mil-pessoas-receberam-parcelas-do-auxilio-emergencial-nesta-quarta-feira\/\" \/>\n<meta property=\"og:site_name\" content=\"VerdadeOn\" \/>\n<meta property=\"article:published_time\" content=\"2021-02-10T19:43:33+00:00\" \/>\n<meta property=\"og:image\" content=\"https:\/\/verdadeon.com.br\/portal\/wp-content\/uploads\/2021\/02\/WhatsApp-Image-2021-02-10-at-15.10.18.jpeg\" \/>\n\t<meta property=\"og:image:width\" content=\"1000\" \/>\n\t<meta property=\"og:image:height\" content=\"670\" \/>\n\t<meta property=\"og:image:type\" content=\"image\/jpeg\" \/>\n<meta name=\"author\" content=\"Fernando Calixto\" \/>\n<meta name=\"twitter:card\" content=\"summary_large_image\" \/>\n<meta name=\"twitter:label1\" content=\"Escrito por\" \/>\n\t<meta name=\"twitter:data1\" content=\"Fernando Calixto\" \/>\n\t<meta name=\"twitter:label2\" content=\"Est. tempo de leitura\" \/>\n\t<meta name=\"twitter:data2\" content=\"3 minutos\" \/>\n<script type=\"application\/ld+json\" class=\"yoast-schema-graph\">{\"@context\":\"https:\/\/schema.org\",\"@graph\":[{\"@type\":\"WebPage\",\"@id\":\"https:\/\/verdadeon.com.br\/portal\/2021\/02\/10\/mais-de-22-mil-pessoas-receberam-parcelas-do-auxilio-emergencial-nesta-quarta-feira\/\",\"url\":\"https:\/\/verdadeon.com.br\/portal\/2021\/02\/10\/mais-de-22-mil-pessoas-receberam-parcelas-do-auxilio-emergencial-nesta-quarta-feira\/\",\"name\":\"Mais de 22 mil pessoas receberam parcelas do aux\u00edlio emergencial nesta quarta-feira - VerdadeOn\",\"isPartOf\":{\"@id\":\"https:\/\/verdadeon.com.br\/portal\/#website\"},\"primaryImageOfPage\":{\"@id\":\"https:\/\/verdadeon.com.br\/portal\/2021\/02\/10\/mais-de-22-mil-pessoas-receberam-parcelas-do-auxilio-emergencial-nesta-quarta-feira\/#primaryimage\"},\"image\":{\"@id\":\"https:\/\/verdadeon.com.br\/portal\/2021\/02\/10\/mais-de-22-mil-pessoas-receberam-parcelas-do-auxilio-emergencial-nesta-quarta-feira\/#primaryimage\"},\"thumbnailUrl\":\"https:\/\/i0.wp.com\/verdadeon.com.br\/portal\/wp-content\/uploads\/2021\/02\/WhatsApp-Image-2021-02-10-at-15.10.18.jpeg?fit=1000%2C670&ssl=1\",\"datePublished\":\"2021-02-10T19:43:33+00:00\",\"author\":{\"@id\":\"https:\/\/verdadeon.com.br\/portal\/#\/schema\/person\/8994718f49ee62ba5610471e29ca1f62\"},\"breadcrumb\":{\"@id\":\"https:\/\/verdadeon.com.br\/portal\/2021\/02\/10\/mais-de-22-mil-pessoas-receberam-parcelas-do-auxilio-emergencial-nesta-quarta-feira\/#breadcrumb\"},\"inLanguage\":\"pt-BR\",\"potentialAction\":[{\"@type\":\"ReadAction\",\"target\":[\"https:\/\/verdadeon.com.br\/portal\/2021\/02\/10\/mais-de-22-mil-pessoas-receberam-parcelas-do-auxilio-emergencial-nesta-quarta-feira\/\"]}]},{\"@type\":\"ImageObject\",\"inLanguage\":\"pt-BR\",\"@id\":\"https:\/\/verdadeon.com.br\/portal\/2021\/02\/10\/mais-de-22-mil-pessoas-receberam-parcelas-do-auxilio-emergencial-nesta-quarta-feira\/#primaryimage\",\"url\":\"https:\/\/i0.wp.com\/verdadeon.com.br\/portal\/wp-content\/uploads\/2021\/02\/WhatsApp-Image-2021-02-10-at-15.10.18.jpeg?fit=1000%2C670&ssl=1\",\"contentUrl\":\"https:\/\/i0.wp.com\/verdadeon.com.br\/portal\/wp-content\/uploads\/2021\/02\/WhatsApp-Image-2021-02-10-at-15.10.18.jpeg?fit=1000%2C670&ssl=1\",\"width\":1000,\"height\":670,\"caption\":\"O prazo para movimentar o dinheiro a partir do cr\u00e9dito na conta social digital \u00e9 de 90 dias | Foto: Ag\u00eancia Brasil\"},{\"@type\":\"BreadcrumbList\",\"@id\":\"https:\/\/verdadeon.com.br\/portal\/2021\/02\/10\/mais-de-22-mil-pessoas-receberam-parcelas-do-auxilio-emergencial-nesta-quarta-feira\/#breadcrumb\",\"itemListElement\":[{\"@type\":\"ListItem\",\"position\":1,\"name\":\"In\u00edcio\",\"item\":\"https:\/\/verdadeon.com.br\/portal\/\"},{\"@type\":\"ListItem\",\"position\":2,\"name\":\"Mais de 22 mil pessoas receberam parcelas do aux\u00edlio emergencial nesta quarta-feira\"}]},{\"@type\":\"WebSite\",\"@id\":\"https:\/\/verdadeon.com.br\/portal\/#website\",\"url\":\"https:\/\/verdadeon.com.br\/portal\/\",\"name\":\"VerdadeOn\",\"description\":\"Not\u00edcias di\u00e1rias sobre Franca, Regi\u00e3o, Esporte, Cultura, Cotidiano, Colunas. Cobertura nos principais eventos da cidade \u00e9 aqui - Verdadeon Franca\",\"potentialAction\":[{\"@type\":\"SearchAction\",\"target\":{\"@type\":\"EntryPoint\",\"urlTemplate\":\"https:\/\/verdadeon.com.br\/portal\/?s={search_term_string}\"},\"query-input\":{\"@type\":\"PropertyValueSpecification\",\"valueRequired\":true,\"valueName\":\"search_term_string\"}}],\"inLanguage\":\"pt-BR\"},{\"@type\":\"Person\",\"@id\":\"https:\/\/verdadeon.com.br\/portal\/#\/schema\/person\/8994718f49ee62ba5610471e29ca1f62\",\"name\":\"Fernando Calixto\",\"image\":{\"@type\":\"ImageObject\",\"inLanguage\":\"pt-BR\",\"@id\":\"https:\/\/verdadeon.com.br\/portal\/#\/schema\/person\/image\/\",\"url\":\"https:\/\/secure.gravatar.com\/avatar\/7578910c24966c0316c340f9dbd601e93ee9f9212e1033968b367af9306bd9fb?s=96&d=mm&r=g\",\"contentUrl\":\"https:\/\/secure.gravatar.com\/avatar\/7578910c24966c0316c340f9dbd601e93ee9f9212e1033968b367af9306bd9fb?s=96&d=mm&r=g\",\"caption\":\"Fernando Calixto\"},\"url\":\"https:\/\/verdadeon.com.br\/portal\/author\/fernando-calixto\/\"}]}<\/script>\n<!-- \/ Yoast SEO plugin. -->","yoast_head_json":{"title":"Mais de 22 mil pessoas receberam parcelas do aux\u00edlio emergencial nesta quarta-feira - VerdadeOn","robots":{"index":"index","follow":"follow","max-snippet":"max-snippet:-1","max-image-preview":"max-image-preview:large","max-video-preview":"max-video-preview:-1"},"canonical":"https:\/\/verdadeon.com.br\/portal\/2021\/02\/10\/mais-de-22-mil-pessoas-receberam-parcelas-do-auxilio-emergencial-nesta-quarta-feira\/","og_locale":"pt_BR","og_type":"article","og_title":"Mais de 22 mil pessoas receberam parcelas do aux\u00edlio emergencial nesta quarta-feira - VerdadeOn","og_description":"Para o saque em esp\u00e9cie, \u00e9 preciso fazer o login no aplicativo Caixa Tem, selecionar a op\u00e7\u00e3o saque sem cart\u00e3o e gerar c\u00f3digo de saque O [\u2026]","og_url":"https:\/\/verdadeon.com.br\/portal\/2021\/02\/10\/mais-de-22-mil-pessoas-receberam-parcelas-do-auxilio-emergencial-nesta-quarta-feira\/","og_site_name":"VerdadeOn","article_published_time":"2021-02-10T19:43:33+00:00","og_image":[{"width":1000,"height":670,"url":"https:\/\/verdadeon.com.br\/portal\/wp-content\/uploads\/2021\/02\/WhatsApp-Image-2021-02-10-at-15.10.18.jpeg","type":"image\/jpeg"}],"author":"Fernando Calixto","twitter_card":"summary_large_image","twitter_misc":{"Escrito por":"Fernando Calixto","Est. tempo de leitura":"3 minutos"},"schema":{"@context":"https:\/\/schema.org","@graph":[{"@type":"WebPage","@id":"https:\/\/verdadeon.com.br\/portal\/2021\/02\/10\/mais-de-22-mil-pessoas-receberam-parcelas-do-auxilio-emergencial-nesta-quarta-feira\/","url":"https:\/\/verdadeon.com.br\/portal\/2021\/02\/10\/mais-de-22-mil-pessoas-receberam-parcelas-do-auxilio-emergencial-nesta-quarta-feira\/","name":"Mais de 22 mil pessoas receberam parcelas do aux\u00edlio emergencial nesta quarta-feira - VerdadeOn","isPartOf":{"@id":"https:\/\/verdadeon.com.br\/portal\/#website"},"primaryImageOfPage":{"@id":"https:\/\/verdadeon.com.br\/portal\/2021\/02\/10\/mais-de-22-mil-pessoas-receberam-parcelas-do-auxilio-emergencial-nesta-quarta-feira\/#primaryimage"},"image":{"@id":"https:\/\/verdadeon.com.br\/portal\/2021\/02\/10\/mais-de-22-mil-pessoas-receberam-parcelas-do-auxilio-emergencial-nesta-quarta-feira\/#primaryimage"},"thumbnailUrl":"https:\/\/i0.wp.com\/verdadeon.com.br\/portal\/wp-content\/uploads\/2021\/02\/WhatsApp-Image-2021-02-10-at-15.10.18.jpeg?fit=1000%2C670&ssl=1","datePublished":"2021-02-10T19:43:33+00:00","author":{"@id":"https:\/\/verdadeon.com.br\/portal\/#\/schema\/person\/8994718f49ee62ba5610471e29ca1f62"},"breadcrumb":{"@id":"https:\/\/verdadeon.com.br\/portal\/2021\/02\/10\/mais-de-22-mil-pessoas-receberam-parcelas-do-auxilio-emergencial-nesta-quarta-feira\/#breadcrumb"},"inLanguage":"pt-BR","potentialAction":[{"@type":"ReadAction","target":["https:\/\/verdadeon.com.br\/portal\/2021\/02\/10\/mais-de-22-mil-pessoas-receberam-parcelas-do-auxilio-emergencial-nesta-quarta-feira\/"]}]},{"@type":"ImageObject","inLanguage":"pt-BR","@id":"https:\/\/verdadeon.com.br\/portal\/2021\/02\/10\/mais-de-22-mil-pessoas-receberam-parcelas-do-auxilio-emergencial-nesta-quarta-feira\/#primaryimage","url":"https:\/\/i0.wp.com\/verdadeon.com.br\/portal\/wp-content\/uploads\/2021\/02\/WhatsApp-Image-2021-02-10-at-15.10.18.jpeg?fit=1000%2C670&ssl=1","contentUrl":"https:\/\/i0.wp.com\/verdadeon.com.br\/portal\/wp-content\/uploads\/2021\/02\/WhatsApp-Image-2021-02-10-at-15.10.18.jpeg?fit=1000%2C670&ssl=1","width":1000,"height":670,"caption":"O prazo para movimentar o dinheiro a partir do cr\u00e9dito na conta social digital \u00e9 de 90 dias | Foto: Ag\u00eancia Brasil"},{"@type":"BreadcrumbList","@id":"https:\/\/verdadeon.com.br\/portal\/2021\/02\/10\/mais-de-22-mil-pessoas-receberam-parcelas-do-auxilio-emergencial-nesta-quarta-feira\/#breadcrumb","itemListElement":[{"@type":"ListItem","position":1,"name":"In\u00edcio","item":"https:\/\/verdadeon.com.br\/portal\/"},{"@type":"ListItem","position":2,"name":"Mais de 22 mil pessoas receberam parcelas do aux\u00edlio emergencial nesta quarta-feira"}]},{"@type":"WebSite","@id":"https:\/\/verdadeon.com.br\/portal\/#website","url":"https:\/\/verdadeon.com.br\/portal\/","name":"VerdadeOn","description":"Not\u00edcias di\u00e1rias sobre Franca, Regi\u00e3o, Esporte, Cultura, Cotidiano, Colunas. Cobertura nos principais eventos da cidade \u00e9 aqui - Verdadeon Franca","potentialAction":[{"@type":"SearchAction","target":{"@type":"EntryPoint","urlTemplate":"https:\/\/verdadeon.com.br\/portal\/?s={search_term_string}"},"query-input":{"@type":"PropertyValueSpecification","valueRequired":true,"valueName":"search_term_string"}}],"inLanguage":"pt-BR"},{"@type":"Person","@id":"https:\/\/verdadeon.com.br\/portal\/#\/schema\/person\/8994718f49ee62ba5610471e29ca1f62","name":"Fernando Calixto","image":{"@type":"ImageObject","inLanguage":"pt-BR","@id":"https:\/\/verdadeon.com.br\/portal\/#\/schema\/person\/image\/","url":"https:\/\/secure.gravatar.com\/avatar\/7578910c24966c0316c340f9dbd601e93ee9f9212e1033968b367af9306bd9fb?s=96&d=mm&r=g","contentUrl":"https:\/\/secure.gravatar.com\/avatar\/7578910c24966c0316c340f9dbd601e93ee9f9212e1033968b367af9306bd9fb?s=96&d=mm&r=g","caption":"Fernando Calixto"},"url":"https:\/\/verdadeon.com.br\/portal\/author\/fernando-calixto\/"}]}},"jetpack_publicize_connections":[],"jetpack_featured_media_url":"https:\/\/i0.wp.com\/verdadeon.com.br\/portal\/wp-content\/uploads\/2021\/02\/WhatsApp-Image-2021-02-10-at-15.10.18.jpeg?fit=1000%2C670&ssl=1","jetpack_sharing_enabled":true,"_links":{"self":[{"href":"https:\/\/verdadeon.com.br\/portal\/wp-json\/wp\/v2\/posts\/14093","targetHints":{"allow":["GET"]}}],"collection":[{"href":"https:\/\/verdadeon.com.br\/portal\/wp-json\/wp\/v2\/posts"}],"about":[{"href":"https:\/\/verdadeon.com.br\/portal\/wp-json\/wp\/v2\/types\/post"}],"author":[{"embeddable":true,"href":"https:\/\/verdadeon.com.br\/portal\/wp-json\/wp\/v2\/users\/4"}],"replies":[{"embeddable":true,"href":"https:\/\/verdadeon.com.br\/portal\/wp-json\/wp\/v2\/comments?post=14093"}],"version-history":[{"count":0,"href":"https:\/\/verdadeon.com.br\/portal\/wp-json\/wp\/v2\/posts\/14093\/revisions"}],"wp:featuredmedia":[{"embeddable":true,"href":"https:\/\/verdadeon.com.br\/portal\/wp-json\/wp\/v2\/media\/14098"}],"wp:attachment":[{"href":"https:\/\/verdadeon.com.br\/portal\/wp-json\/wp\/v2\/media?parent=14093"}],"wp:term":[{"taxonomy":"category","embeddable":true,"href":"https:\/\/verdadeon.com.br\/portal\/wp-json\/wp\/v2\/categories?post=14093"},{"taxonomy":"post_tag","embeddable":true,"href":"https:\/\/verdadeon.com.br\/portal\/wp-json\/wp\/v2\/tags?post=14093"}],"curies":[{"name":"wp","href":"https:\/\/api.w.org\/{rel}","templated":true}]}}