{"id":14092,"date":"2021-02-10T16:41:35","date_gmt":"2021-02-10T19:41:35","guid":{"rendered":"https:\/\/verdadeon.com.br\/portal\/?p=14092"},"modified":"2021-02-10T16:41:35","modified_gmt":"2021-02-10T19:41:35","slug":"investigados-na-operacao-dolos-passam-a-cumprir-prisao-preventiva","status":"publish","type":"post","link":"https:\/\/verdadeon.com.br\/portal\/2021\/02\/10\/investigados-na-operacao-dolos-passam-a-cumprir-prisao-preventiva\/","title":{"rendered":"Investigados na \u201cOpera\u00e7\u00e3o D\u00f3los\u201d, passam a cumprir pris\u00e3o preventiva"},"content":{"rendered":"<h2>At\u00e9 ent\u00e3o a pris\u00e3o era tempor\u00e1ria, mas a Justi\u00e7a acatou pedido do Minist\u00e9rio P\u00fablico de Franca e transformou em preventiva<\/h2>\n<p>Ap\u00f3s pedido do Minist\u00e9rio P\u00fablico, a Justi\u00e7a de Orl\u00e2ndia decretou a pris\u00e3o preventiva de 13 investigados na \u201cOpera\u00e7\u00e3o D\u00f3los\u201d, deflagrada em v\u00e1rias cidades do estado de S\u00e3o Paulo no \u00faltimo dia 2 de fevereiro. Apenas um dos investigados foi liberado e vai responder o processo em liberdade. At\u00e9 ent\u00e3o a pris\u00e3o era tempor\u00e1ria.<br \/>\nDe acordo com o M.P., os investigados faziam parte de um esquema criminoso que movimentou cerca de R$ 40 milh\u00f5es em contratos fraudulentos com prefeituras de diferentes cidades, entre elas Orl\u00e2ndia e Miguel\u00f3polis, eles acreditam que a atua\u00e7\u00e3o tenha tido in\u00edcio em 2014 e se mantinha por diferentes gest\u00f5es. Esses contratos envolviam o fornecimento de uniformes e materiais escolares. S\u00e3o investigados crimes como forma\u00e7\u00e3o de cartel, fraudes em licita\u00e7\u00f5es, lavagem de dinheiro al\u00e9m de corrup\u00e7\u00e3o ativa e passiva.<br \/>\nO Jornal Verdade mostrou que a \u201cOpera\u00e7\u00e3o D\u00f3los\u201d \u00e9 um desdobramento da \u201cOpera\u00e7\u00e3o Loki\u201d, tamb\u00e9m deflagrada pelo Gaeco de Franca. Na \u00e9poca em que foi cumprida, alguns suspeitos tentaram queimar provas das irregularidades na zona rural de Orl\u00e2ndia. Parte deste material acabou sendo recuperado pelos promotores, e atrav\u00e9s da an\u00e1lise deles, embasaram as investiga\u00e7\u00f5es.<br \/>\nV\u00e1rios computadores, celulares, documentos e outros materiais foram apreendidos em resid\u00eancias, empresas e 12 prefeituras, o conte\u00fado deles passa pela an\u00e1lise do M.P. Os suspeitos de envolvimento no esquema est\u00e3o sendo ouvidos pelos promotores.<\/p>\n","protected":false},"excerpt":{"rendered":"<p>At\u00e9 ent\u00e3o a pris\u00e3o era tempor\u00e1ria, mas a Justi\u00e7a acatou pedido do Minist\u00e9rio P\u00fablico de Franca e transformou em preventiva Ap\u00f3s pedido do Minist\u00e9rio P\u00fablico, a<span class=\"excerpt-hellip\"> [\u2026]<\/span><\/p>\n","protected":false},"author":4,"featured_media":14095,"comment_status":"open","ping_status":"open","sticky":false,"template":"","format":"standard","meta":{"_jetpack_memberships_contains_paid_content":false,"footnotes":"","jetpack_publicize_message":"","jetpack_publicize_feature_enabled":true,"jetpack_social_post_already_shared":false,"jetpack_social_options":{"image_generator_settings":{"template":"highway","default_image_id":0,"enabled":false},"version":2}},"categories":[28,81],"tags":[],"class_list":["post-14092","post","type-post","status-publish","format-standard","has-post-thumbnail","hentry","category-cotidiano","category-manchete"],"yoast_head":"<!-- This site is optimized with the Yoast SEO plugin v25.6 - https:\/\/yoast.com\/wordpress\/plugins\/seo\/ -->\n<title>Investigados na \u201cOpera\u00e7\u00e3o D\u00f3los\u201d, passam a cumprir pris\u00e3o preventiva - VerdadeOn<\/title>\n<meta name=\"robots\" content=\"index, follow, max-snippet:-1, max-image-preview:large, max-video-preview:-1\" \/>\n<link rel=\"canonical\" href=\"https:\/\/verdadeon.com.br\/portal\/2021\/02\/10\/investigados-na-operacao-dolos-passam-a-cumprir-prisao-preventiva\/\" \/>\n<meta property=\"og:locale\" content=\"pt_BR\" \/>\n<meta property=\"og:type\" content=\"article\" \/>\n<meta property=\"og:title\" content=\"Investigados na \u201cOpera\u00e7\u00e3o D\u00f3los\u201d, passam a cumprir pris\u00e3o preventiva - VerdadeOn\" \/>\n<meta property=\"og:description\" content=\"At\u00e9 ent\u00e3o a pris\u00e3o era tempor\u00e1ria, mas a Justi\u00e7a acatou pedido do Minist\u00e9rio P\u00fablico de Franca e transformou em preventiva Ap\u00f3s pedido do Minist\u00e9rio P\u00fablico, a [\u2026]\" \/>\n<meta property=\"og:url\" content=\"https:\/\/verdadeon.com.br\/portal\/2021\/02\/10\/investigados-na-operacao-dolos-passam-a-cumprir-prisao-preventiva\/\" \/>\n<meta property=\"og:site_name\" content=\"VerdadeOn\" \/>\n<meta property=\"article:published_time\" content=\"2021-02-10T19:41:35+00:00\" \/>\n<meta property=\"og:image\" content=\"https:\/\/verdadeon.com.br\/portal\/wp-content\/uploads\/2021\/02\/WhatsApp-Image-2021-02-10-at-15.02.08.jpeg\" \/>\n\t<meta property=\"og:image:width\" content=\"1000\" \/>\n\t<meta property=\"og:image:height\" content=\"670\" \/>\n\t<meta property=\"og:image:type\" content=\"image\/jpeg\" \/>\n<meta name=\"author\" content=\"Fernando Calixto\" \/>\n<meta name=\"twitter:card\" content=\"summary_large_image\" \/>\n<meta name=\"twitter:label1\" content=\"Escrito por\" \/>\n\t<meta name=\"twitter:data1\" content=\"Fernando Calixto\" \/>\n\t<meta name=\"twitter:label2\" content=\"Est. tempo de leitura\" \/>\n\t<meta name=\"twitter:data2\" content=\"2 minutos\" \/>\n<script type=\"application\/ld+json\" class=\"yoast-schema-graph\">{\"@context\":\"https:\/\/schema.org\",\"@graph\":[{\"@type\":\"WebPage\",\"@id\":\"https:\/\/verdadeon.com.br\/portal\/2021\/02\/10\/investigados-na-operacao-dolos-passam-a-cumprir-prisao-preventiva\/\",\"url\":\"https:\/\/verdadeon.com.br\/portal\/2021\/02\/10\/investigados-na-operacao-dolos-passam-a-cumprir-prisao-preventiva\/\",\"name\":\"Investigados na \u201cOpera\u00e7\u00e3o D\u00f3los\u201d, passam a cumprir pris\u00e3o preventiva - VerdadeOn\",\"isPartOf\":{\"@id\":\"https:\/\/verdadeon.com.br\/portal\/#website\"},\"primaryImageOfPage\":{\"@id\":\"https:\/\/verdadeon.com.br\/portal\/2021\/02\/10\/investigados-na-operacao-dolos-passam-a-cumprir-prisao-preventiva\/#primaryimage\"},\"image\":{\"@id\":\"https:\/\/verdadeon.com.br\/portal\/2021\/02\/10\/investigados-na-operacao-dolos-passam-a-cumprir-prisao-preventiva\/#primaryimage\"},\"thumbnailUrl\":\"https:\/\/i0.wp.com\/verdadeon.com.br\/portal\/wp-content\/uploads\/2021\/02\/WhatsApp-Image-2021-02-10-at-15.02.08.jpeg?fit=1000%2C670&ssl=1\",\"datePublished\":\"2021-02-10T19:41:35+00:00\",\"author\":{\"@id\":\"https:\/\/verdadeon.com.br\/portal\/#\/schema\/person\/8994718f49ee62ba5610471e29ca1f62\"},\"breadcrumb\":{\"@id\":\"https:\/\/verdadeon.com.br\/portal\/2021\/02\/10\/investigados-na-operacao-dolos-passam-a-cumprir-prisao-preventiva\/#breadcrumb\"},\"inLanguage\":\"pt-BR\",\"potentialAction\":[{\"@type\":\"ReadAction\",\"target\":[\"https:\/\/verdadeon.com.br\/portal\/2021\/02\/10\/investigados-na-operacao-dolos-passam-a-cumprir-prisao-preventiva\/\"]}]},{\"@type\":\"ImageObject\",\"inLanguage\":\"pt-BR\",\"@id\":\"https:\/\/verdadeon.com.br\/portal\/2021\/02\/10\/investigados-na-operacao-dolos-passam-a-cumprir-prisao-preventiva\/#primaryimage\",\"url\":\"https:\/\/i0.wp.com\/verdadeon.com.br\/portal\/wp-content\/uploads\/2021\/02\/WhatsApp-Image-2021-02-10-at-15.02.08.jpeg?fit=1000%2C670&ssl=1\",\"contentUrl\":\"https:\/\/i0.wp.com\/verdadeon.com.br\/portal\/wp-content\/uploads\/2021\/02\/WhatsApp-Image-2021-02-10-at-15.02.08.jpeg?fit=1000%2C670&ssl=1\",\"width\":1000,\"height\":670},{\"@type\":\"BreadcrumbList\",\"@id\":\"https:\/\/verdadeon.com.br\/portal\/2021\/02\/10\/investigados-na-operacao-dolos-passam-a-cumprir-prisao-preventiva\/#breadcrumb\",\"itemListElement\":[{\"@type\":\"ListItem\",\"position\":1,\"name\":\"In\u00edcio\",\"item\":\"https:\/\/verdadeon.com.br\/portal\/\"},{\"@type\":\"ListItem\",\"position\":2,\"name\":\"Investigados na \u201cOpera\u00e7\u00e3o D\u00f3los\u201d, passam a cumprir pris\u00e3o preventiva\"}]},{\"@type\":\"WebSite\",\"@id\":\"https:\/\/verdadeon.com.br\/portal\/#website\",\"url\":\"https:\/\/verdadeon.com.br\/portal\/\",\"name\":\"VerdadeOn\",\"description\":\"Not\u00edcias di\u00e1rias sobre Franca, Regi\u00e3o, Esporte, Cultura, Cotidiano, Colunas. Cobertura nos principais eventos da cidade \u00e9 aqui - Verdadeon Franca\",\"potentialAction\":[{\"@type\":\"SearchAction\",\"target\":{\"@type\":\"EntryPoint\",\"urlTemplate\":\"https:\/\/verdadeon.com.br\/portal\/?s={search_term_string}\"},\"query-input\":{\"@type\":\"PropertyValueSpecification\",\"valueRequired\":true,\"valueName\":\"search_term_string\"}}],\"inLanguage\":\"pt-BR\"},{\"@type\":\"Person\",\"@id\":\"https:\/\/verdadeon.com.br\/portal\/#\/schema\/person\/8994718f49ee62ba5610471e29ca1f62\",\"name\":\"Fernando Calixto\",\"image\":{\"@type\":\"ImageObject\",\"inLanguage\":\"pt-BR\",\"@id\":\"https:\/\/verdadeon.com.br\/portal\/#\/schema\/person\/image\/\",\"url\":\"https:\/\/secure.gravatar.com\/avatar\/7578910c24966c0316c340f9dbd601e93ee9f9212e1033968b367af9306bd9fb?s=96&d=mm&r=g\",\"contentUrl\":\"https:\/\/secure.gravatar.com\/avatar\/7578910c24966c0316c340f9dbd601e93ee9f9212e1033968b367af9306bd9fb?s=96&d=mm&r=g\",\"caption\":\"Fernando Calixto\"},\"url\":\"https:\/\/verdadeon.com.br\/portal\/author\/fernando-calixto\/\"}]}<\/script>\n<!-- \/ Yoast SEO plugin. -->","yoast_head_json":{"title":"Investigados na \u201cOpera\u00e7\u00e3o D\u00f3los\u201d, passam a cumprir pris\u00e3o preventiva - VerdadeOn","robots":{"index":"index","follow":"follow","max-snippet":"max-snippet:-1","max-image-preview":"max-image-preview:large","max-video-preview":"max-video-preview:-1"},"canonical":"https:\/\/verdadeon.com.br\/portal\/2021\/02\/10\/investigados-na-operacao-dolos-passam-a-cumprir-prisao-preventiva\/","og_locale":"pt_BR","og_type":"article","og_title":"Investigados na \u201cOpera\u00e7\u00e3o D\u00f3los\u201d, passam a cumprir pris\u00e3o preventiva - VerdadeOn","og_description":"At\u00e9 ent\u00e3o a pris\u00e3o era tempor\u00e1ria, mas a Justi\u00e7a acatou pedido do Minist\u00e9rio P\u00fablico de Franca e transformou em preventiva Ap\u00f3s pedido do Minist\u00e9rio P\u00fablico, a [\u2026]","og_url":"https:\/\/verdadeon.com.br\/portal\/2021\/02\/10\/investigados-na-operacao-dolos-passam-a-cumprir-prisao-preventiva\/","og_site_name":"VerdadeOn","article_published_time":"2021-02-10T19:41:35+00:00","og_image":[{"width":1000,"height":670,"url":"https:\/\/verdadeon.com.br\/portal\/wp-content\/uploads\/2021\/02\/WhatsApp-Image-2021-02-10-at-15.02.08.jpeg","type":"image\/jpeg"}],"author":"Fernando Calixto","twitter_card":"summary_large_image","twitter_misc":{"Escrito por":"Fernando Calixto","Est. tempo de leitura":"2 minutos"},"schema":{"@context":"https:\/\/schema.org","@graph":[{"@type":"WebPage","@id":"https:\/\/verdadeon.com.br\/portal\/2021\/02\/10\/investigados-na-operacao-dolos-passam-a-cumprir-prisao-preventiva\/","url":"https:\/\/verdadeon.com.br\/portal\/2021\/02\/10\/investigados-na-operacao-dolos-passam-a-cumprir-prisao-preventiva\/","name":"Investigados na \u201cOpera\u00e7\u00e3o D\u00f3los\u201d, passam a cumprir pris\u00e3o preventiva - VerdadeOn","isPartOf":{"@id":"https:\/\/verdadeon.com.br\/portal\/#website"},"primaryImageOfPage":{"@id":"https:\/\/verdadeon.com.br\/portal\/2021\/02\/10\/investigados-na-operacao-dolos-passam-a-cumprir-prisao-preventiva\/#primaryimage"},"image":{"@id":"https:\/\/verdadeon.com.br\/portal\/2021\/02\/10\/investigados-na-operacao-dolos-passam-a-cumprir-prisao-preventiva\/#primaryimage"},"thumbnailUrl":"https:\/\/i0.wp.com\/verdadeon.com.br\/portal\/wp-content\/uploads\/2021\/02\/WhatsApp-Image-2021-02-10-at-15.02.08.jpeg?fit=1000%2C670&ssl=1","datePublished":"2021-02-10T19:41:35+00:00","author":{"@id":"https:\/\/verdadeon.com.br\/portal\/#\/schema\/person\/8994718f49ee62ba5610471e29ca1f62"},"breadcrumb":{"@id":"https:\/\/verdadeon.com.br\/portal\/2021\/02\/10\/investigados-na-operacao-dolos-passam-a-cumprir-prisao-preventiva\/#breadcrumb"},"inLanguage":"pt-BR","potentialAction":[{"@type":"ReadAction","target":["https:\/\/verdadeon.com.br\/portal\/2021\/02\/10\/investigados-na-operacao-dolos-passam-a-cumprir-prisao-preventiva\/"]}]},{"@type":"ImageObject","inLanguage":"pt-BR","@id":"https:\/\/verdadeon.com.br\/portal\/2021\/02\/10\/investigados-na-operacao-dolos-passam-a-cumprir-prisao-preventiva\/#primaryimage","url":"https:\/\/i0.wp.com\/verdadeon.com.br\/portal\/wp-content\/uploads\/2021\/02\/WhatsApp-Image-2021-02-10-at-15.02.08.jpeg?fit=1000%2C670&ssl=1","contentUrl":"https:\/\/i0.wp.com\/verdadeon.com.br\/portal\/wp-content\/uploads\/2021\/02\/WhatsApp-Image-2021-02-10-at-15.02.08.jpeg?fit=1000%2C670&ssl=1","width":1000,"height":670},{"@type":"BreadcrumbList","@id":"https:\/\/verdadeon.com.br\/portal\/2021\/02\/10\/investigados-na-operacao-dolos-passam-a-cumprir-prisao-preventiva\/#breadcrumb","itemListElement":[{"@type":"ListItem","position":1,"name":"In\u00edcio","item":"https:\/\/verdadeon.com.br\/portal\/"},{"@type":"ListItem","position":2,"name":"Investigados na \u201cOpera\u00e7\u00e3o D\u00f3los\u201d, passam a cumprir pris\u00e3o preventiva"}]},{"@type":"WebSite","@id":"https:\/\/verdadeon.com.br\/portal\/#website","url":"https:\/\/verdadeon.com.br\/portal\/","name":"VerdadeOn","description":"Not\u00edcias di\u00e1rias sobre Franca, Regi\u00e3o, Esporte, Cultura, Cotidiano, Colunas. Cobertura nos principais eventos da cidade \u00e9 aqui - Verdadeon Franca","potentialAction":[{"@type":"SearchAction","target":{"@type":"EntryPoint","urlTemplate":"https:\/\/verdadeon.com.br\/portal\/?s={search_term_string}"},"query-input":{"@type":"PropertyValueSpecification","valueRequired":true,"valueName":"search_term_string"}}],"inLanguage":"pt-BR"},{"@type":"Person","@id":"https:\/\/verdadeon.com.br\/portal\/#\/schema\/person\/8994718f49ee62ba5610471e29ca1f62","name":"Fernando Calixto","image":{"@type":"ImageObject","inLanguage":"pt-BR","@id":"https:\/\/verdadeon.com.br\/portal\/#\/schema\/person\/image\/","url":"https:\/\/secure.gravatar.com\/avatar\/7578910c24966c0316c340f9dbd601e93ee9f9212e1033968b367af9306bd9fb?s=96&d=mm&r=g","contentUrl":"https:\/\/secure.gravatar.com\/avatar\/7578910c24966c0316c340f9dbd601e93ee9f9212e1033968b367af9306bd9fb?s=96&d=mm&r=g","caption":"Fernando Calixto"},"url":"https:\/\/verdadeon.com.br\/portal\/author\/fernando-calixto\/"}]}},"jetpack_publicize_connections":[],"jetpack_featured_media_url":"https:\/\/i0.wp.com\/verdadeon.com.br\/portal\/wp-content\/uploads\/2021\/02\/WhatsApp-Image-2021-02-10-at-15.02.08.jpeg?fit=1000%2C670&ssl=1","jetpack_sharing_enabled":true,"_links":{"self":[{"href":"https:\/\/verdadeon.com.br\/portal\/wp-json\/wp\/v2\/posts\/14092","targetHints":{"allow":["GET"]}}],"collection":[{"href":"https:\/\/verdadeon.com.br\/portal\/wp-json\/wp\/v2\/posts"}],"about":[{"href":"https:\/\/verdadeon.com.br\/portal\/wp-json\/wp\/v2\/types\/post"}],"author":[{"embeddable":true,"href":"https:\/\/verdadeon.com.br\/portal\/wp-json\/wp\/v2\/users\/4"}],"replies":[{"embeddable":true,"href":"https:\/\/verdadeon.com.br\/portal\/wp-json\/wp\/v2\/comments?post=14092"}],"version-history":[{"count":0,"href":"https:\/\/verdadeon.com.br\/portal\/wp-json\/wp\/v2\/posts\/14092\/revisions"}],"wp:featuredmedia":[{"embeddable":true,"href":"https:\/\/verdadeon.com.br\/portal\/wp-json\/wp\/v2\/media\/14095"}],"wp:attachment":[{"href":"https:\/\/verdadeon.com.br\/portal\/wp-json\/wp\/v2\/media?parent=14092"}],"wp:term":[{"taxonomy":"category","embeddable":true,"href":"https:\/\/verdadeon.com.br\/portal\/wp-json\/wp\/v2\/categories?post=14092"},{"taxonomy":"post_tag","embeddable":true,"href":"https:\/\/verdadeon.com.br\/portal\/wp-json\/wp\/v2\/tags?post=14092"}],"curies":[{"name":"wp","href":"https:\/\/api.w.org\/{rel}","templated":true}]}}