{"id":14076,"date":"2021-02-10T12:30:35","date_gmt":"2021-02-10T15:30:35","guid":{"rendered":"https:\/\/verdadeon.com.br\/portal\/?p=14076"},"modified":"2021-02-10T12:30:35","modified_gmt":"2021-02-10T15:30:35","slug":"saiba-as-vantagens-de-se-fazer-um-planejamento-previdenciario","status":"publish","type":"post","link":"https:\/\/verdadeon.com.br\/portal\/2021\/02\/10\/saiba-as-vantagens-de-se-fazer-um-planejamento-previdenciario\/","title":{"rendered":"Saiba as vantagens de se fazer  um planejamento previdenci\u00e1rio"},"content":{"rendered":"<p>Saiba as vantagens de se fazer um planejamento previdenci\u00e1rio<br \/>\nTodo brasileiro, trabalhador, que faz sua contribui\u00e7\u00e3o mensal junto ao INSS ficou apreens\u00edvel com as regras da nova reforma da previd\u00eancia.<br \/>\nJunto com a reforma, veio v\u00e1rias mudan\u00e7as nos c\u00e1lculos e requisitos para a concess\u00e3o dos benef\u00edcios e isso gerou uma grande inseguran\u00e7a nos segurados que sonham em receber um valor justo que os ajudem a ter uma aposentadoria confort\u00e1vel e tranquila sem preocupa\u00e7\u00f5es.<br \/>\nComo o pr\u00f3prio nome j\u00e1 diz, o planejamento previdenci\u00e1rio \u00e9 um mapeamento feito para se garantir o objetivo a longo prazo, portanto, realizado antes de requerer o benef\u00edcio de fato.<br \/>\nO planejamento se configura, basicamente, no estudo de todo o hist\u00f3rico do trabalhador, considerando todos os aspectos necess\u00e1rios para a concess\u00e3o da aposentadoria juntamente com a legisla\u00e7\u00e3o vigente.<br \/>\nEssa an\u00e1lise \u00e9 feita por um especialista em Direito Previdenci\u00e1rio, que ir\u00e1 realizar os c\u00e1lculos e entregar um parecer individualizado com a melhor estrat\u00e9gia que possibilite verificar em qual regra o trabalhador ter\u00e1 os melhores benef\u00edcios tra\u00e7ados de acordo com seus objetivos.<\/p>\n<p>Por que que fazer um bom planejamento previdenci\u00e1rio<br \/>\nSe voc\u00ea quiser que sua aposentadoria seja a mais vantajosa, n\u00e3o ter o susto de ter o beneficio negado e ainda poder usufruir na aposentadoria, um cen\u00e1rio mais seguro e favor\u00e1vel, \u00e9 necess\u00e1rio fazer um bom planejamento previdenci\u00e1rio. Com o planejamento \u00e9 poss\u00edvel:<\/p>\n<p>1. Realizar a organiza\u00e7\u00e3o da vida contributiva<br \/>\nMuitos n\u00e3o sabem, mas para se ter uma boa aposentadoria, n\u00e3o basta apenas contribuir, h\u00e1 outros requisitos que ajudam no aumento desse valor e para isso, \u00e9 necess\u00e1rio conhecer as regras, avaliar o tempo de contribui\u00e7\u00e3o, os valores, dentre outros fatores.<br \/>\nAvaliando todos esses dados \u00e9 poss\u00edvel tra\u00e7ar o melhor caminho para o melhor benef\u00edcio.<\/p>\n<p>2. Saber o valor do Benef\u00edcio da Aposentadoria<br \/>\n\u201cA aposentadoria \u00e9 um ato irrenunci\u00e1vel e irrevers\u00edvel.\u201d<br \/>\nPortanto, deve-se ter muito cuidado na hora de requerer o benef\u00edcio, \u00e9 importante estudar e planejar bem a aposentadoria, para n\u00e3o ter nenhum contratempo ap\u00f3s o recebimento.<br \/>\nNesse cen\u00e1rio tamb\u00e9m \u00e9 poss\u00edvel que se fa\u00e7a a simula\u00e7\u00e3o de diversas taxas salariais de contribui\u00e7\u00e3o ao INSS, trazendo clareza para o segurado quanto ao tempo e quanto ao valor que ser\u00e1 recebido.<\/p>\n<p>3. N\u00e3o perder dinheiro na hora de se aposentar.<br \/>\nUma das suas principais caracter\u00edsticas \u00e9 proteger o bolso do trabalhador, pois com o planejamento \u00e9 poss\u00edvel antever poss\u00edveis erros e indicar o caminho mais vantajoso.<br \/>\nIsso evita que o segurado se aposente precocemente com regras desfavor\u00e1veis, uma vez que ele j\u00e1 tem todo o panorama e fica mais seguro e confiante em esperar o tempo necess\u00e1rio.<br \/>\nPor isso, para que voc\u00ea tenha tranquilidade nessa nova etapa, \u00e9 fundamental que o planejamento previdenci\u00e1rio seja feito, isso impede que voc\u00ea tenha surpresas na hora de receber seu benef\u00edcio e te promove uma seguran\u00e7a financeira maior.<\/p>\n<p>&nbsp;<\/p>\n<p>Rita Damasceno<br \/>\nAdvogada especializada em Compliance,<br \/>\nDireito do Trabalho Empresarial e Direito Previdenci\u00e1rio.<\/p>\n","protected":false},"excerpt":{"rendered":"<p>Saiba as vantagens de se fazer um planejamento previdenci\u00e1rio Todo brasileiro, trabalhador, que faz sua contribui\u00e7\u00e3o mensal junto ao INSS ficou apreens\u00edvel com as regras da<span class=\"excerpt-hellip\"> [\u2026]<\/span><\/p>\n","protected":false},"author":4,"featured_media":0,"comment_status":"open","ping_status":"open","sticky":false,"template":"","format":"standard","meta":{"_jetpack_memberships_contains_paid_content":false,"footnotes":"","jetpack_publicize_message":"","jetpack_publicize_feature_enabled":true,"jetpack_social_post_already_shared":false,"jetpack_social_options":{"image_generator_settings":{"template":"highway","default_image_id":0,"enabled":false},"version":2}},"categories":[92],"tags":[],"class_list":["post-14076","post","type-post","status-publish","format-standard","hentry","category-colunista"],"yoast_head":"<!-- This site is optimized with the Yoast SEO plugin v25.6 - https:\/\/yoast.com\/wordpress\/plugins\/seo\/ -->\n<title>Saiba as vantagens de se fazer um planejamento previdenci\u00e1rio - VerdadeOn<\/title>\n<meta name=\"robots\" content=\"index, follow, max-snippet:-1, max-image-preview:large, max-video-preview:-1\" \/>\n<link rel=\"canonical\" href=\"https:\/\/verdadeon.com.br\/portal\/2021\/02\/10\/saiba-as-vantagens-de-se-fazer-um-planejamento-previdenciario\/\" \/>\n<meta property=\"og:locale\" content=\"pt_BR\" \/>\n<meta property=\"og:type\" content=\"article\" \/>\n<meta property=\"og:title\" content=\"Saiba as vantagens de se fazer um planejamento previdenci\u00e1rio - VerdadeOn\" \/>\n<meta property=\"og:description\" content=\"Saiba as vantagens de se fazer um planejamento previdenci\u00e1rio Todo brasileiro, trabalhador, que faz sua contribui\u00e7\u00e3o mensal junto ao INSS ficou apreens\u00edvel com as regras da [\u2026]\" \/>\n<meta property=\"og:url\" content=\"https:\/\/verdadeon.com.br\/portal\/2021\/02\/10\/saiba-as-vantagens-de-se-fazer-um-planejamento-previdenciario\/\" \/>\n<meta property=\"og:site_name\" content=\"VerdadeOn\" \/>\n<meta property=\"article:published_time\" content=\"2021-02-10T15:30:35+00:00\" \/>\n<meta name=\"author\" content=\"Fernando Calixto\" \/>\n<meta name=\"twitter:card\" content=\"summary_large_image\" \/>\n<meta name=\"twitter:label1\" content=\"Escrito por\" \/>\n\t<meta name=\"twitter:data1\" content=\"Fernando Calixto\" \/>\n\t<meta name=\"twitter:label2\" content=\"Est. tempo de leitura\" \/>\n\t<meta name=\"twitter:data2\" content=\"3 minutos\" \/>\n<script type=\"application\/ld+json\" class=\"yoast-schema-graph\">{\"@context\":\"https:\/\/schema.org\",\"@graph\":[{\"@type\":\"WebPage\",\"@id\":\"https:\/\/verdadeon.com.br\/portal\/2021\/02\/10\/saiba-as-vantagens-de-se-fazer-um-planejamento-previdenciario\/\",\"url\":\"https:\/\/verdadeon.com.br\/portal\/2021\/02\/10\/saiba-as-vantagens-de-se-fazer-um-planejamento-previdenciario\/\",\"name\":\"Saiba as vantagens de se fazer um planejamento previdenci\u00e1rio - VerdadeOn\",\"isPartOf\":{\"@id\":\"https:\/\/verdadeon.com.br\/portal\/#website\"},\"datePublished\":\"2021-02-10T15:30:35+00:00\",\"author\":{\"@id\":\"https:\/\/verdadeon.com.br\/portal\/#\/schema\/person\/8994718f49ee62ba5610471e29ca1f62\"},\"breadcrumb\":{\"@id\":\"https:\/\/verdadeon.com.br\/portal\/2021\/02\/10\/saiba-as-vantagens-de-se-fazer-um-planejamento-previdenciario\/#breadcrumb\"},\"inLanguage\":\"pt-BR\",\"potentialAction\":[{\"@type\":\"ReadAction\",\"target\":[\"https:\/\/verdadeon.com.br\/portal\/2021\/02\/10\/saiba-as-vantagens-de-se-fazer-um-planejamento-previdenciario\/\"]}]},{\"@type\":\"BreadcrumbList\",\"@id\":\"https:\/\/verdadeon.com.br\/portal\/2021\/02\/10\/saiba-as-vantagens-de-se-fazer-um-planejamento-previdenciario\/#breadcrumb\",\"itemListElement\":[{\"@type\":\"ListItem\",\"position\":1,\"name\":\"In\u00edcio\",\"item\":\"https:\/\/verdadeon.com.br\/portal\/\"},{\"@type\":\"ListItem\",\"position\":2,\"name\":\"Saiba as vantagens de se fazer um planejamento previdenci\u00e1rio\"}]},{\"@type\":\"WebSite\",\"@id\":\"https:\/\/verdadeon.com.br\/portal\/#website\",\"url\":\"https:\/\/verdadeon.com.br\/portal\/\",\"name\":\"VerdadeOn\",\"description\":\"Not\u00edcias di\u00e1rias sobre Franca, Regi\u00e3o, Esporte, Cultura, Cotidiano, Colunas. Cobertura nos principais eventos da cidade \u00e9 aqui - Verdadeon Franca\",\"potentialAction\":[{\"@type\":\"SearchAction\",\"target\":{\"@type\":\"EntryPoint\",\"urlTemplate\":\"https:\/\/verdadeon.com.br\/portal\/?s={search_term_string}\"},\"query-input\":{\"@type\":\"PropertyValueSpecification\",\"valueRequired\":true,\"valueName\":\"search_term_string\"}}],\"inLanguage\":\"pt-BR\"},{\"@type\":\"Person\",\"@id\":\"https:\/\/verdadeon.com.br\/portal\/#\/schema\/person\/8994718f49ee62ba5610471e29ca1f62\",\"name\":\"Fernando Calixto\",\"image\":{\"@type\":\"ImageObject\",\"inLanguage\":\"pt-BR\",\"@id\":\"https:\/\/verdadeon.com.br\/portal\/#\/schema\/person\/image\/\",\"url\":\"https:\/\/secure.gravatar.com\/avatar\/7578910c24966c0316c340f9dbd601e93ee9f9212e1033968b367af9306bd9fb?s=96&d=mm&r=g\",\"contentUrl\":\"https:\/\/secure.gravatar.com\/avatar\/7578910c24966c0316c340f9dbd601e93ee9f9212e1033968b367af9306bd9fb?s=96&d=mm&r=g\",\"caption\":\"Fernando Calixto\"},\"url\":\"https:\/\/verdadeon.com.br\/portal\/author\/fernando-calixto\/\"}]}<\/script>\n<!-- \/ Yoast SEO plugin. -->","yoast_head_json":{"title":"Saiba as vantagens de se fazer um planejamento previdenci\u00e1rio - VerdadeOn","robots":{"index":"index","follow":"follow","max-snippet":"max-snippet:-1","max-image-preview":"max-image-preview:large","max-video-preview":"max-video-preview:-1"},"canonical":"https:\/\/verdadeon.com.br\/portal\/2021\/02\/10\/saiba-as-vantagens-de-se-fazer-um-planejamento-previdenciario\/","og_locale":"pt_BR","og_type":"article","og_title":"Saiba as vantagens de se fazer um planejamento previdenci\u00e1rio - VerdadeOn","og_description":"Saiba as vantagens de se fazer um planejamento previdenci\u00e1rio Todo brasileiro, trabalhador, que faz sua contribui\u00e7\u00e3o mensal junto ao INSS ficou apreens\u00edvel com as regras da [\u2026]","og_url":"https:\/\/verdadeon.com.br\/portal\/2021\/02\/10\/saiba-as-vantagens-de-se-fazer-um-planejamento-previdenciario\/","og_site_name":"VerdadeOn","article_published_time":"2021-02-10T15:30:35+00:00","author":"Fernando Calixto","twitter_card":"summary_large_image","twitter_misc":{"Escrito por":"Fernando Calixto","Est. tempo de leitura":"3 minutos"},"schema":{"@context":"https:\/\/schema.org","@graph":[{"@type":"WebPage","@id":"https:\/\/verdadeon.com.br\/portal\/2021\/02\/10\/saiba-as-vantagens-de-se-fazer-um-planejamento-previdenciario\/","url":"https:\/\/verdadeon.com.br\/portal\/2021\/02\/10\/saiba-as-vantagens-de-se-fazer-um-planejamento-previdenciario\/","name":"Saiba as vantagens de se fazer um planejamento previdenci\u00e1rio - VerdadeOn","isPartOf":{"@id":"https:\/\/verdadeon.com.br\/portal\/#website"},"datePublished":"2021-02-10T15:30:35+00:00","author":{"@id":"https:\/\/verdadeon.com.br\/portal\/#\/schema\/person\/8994718f49ee62ba5610471e29ca1f62"},"breadcrumb":{"@id":"https:\/\/verdadeon.com.br\/portal\/2021\/02\/10\/saiba-as-vantagens-de-se-fazer-um-planejamento-previdenciario\/#breadcrumb"},"inLanguage":"pt-BR","potentialAction":[{"@type":"ReadAction","target":["https:\/\/verdadeon.com.br\/portal\/2021\/02\/10\/saiba-as-vantagens-de-se-fazer-um-planejamento-previdenciario\/"]}]},{"@type":"BreadcrumbList","@id":"https:\/\/verdadeon.com.br\/portal\/2021\/02\/10\/saiba-as-vantagens-de-se-fazer-um-planejamento-previdenciario\/#breadcrumb","itemListElement":[{"@type":"ListItem","position":1,"name":"In\u00edcio","item":"https:\/\/verdadeon.com.br\/portal\/"},{"@type":"ListItem","position":2,"name":"Saiba as vantagens de se fazer um planejamento previdenci\u00e1rio"}]},{"@type":"WebSite","@id":"https:\/\/verdadeon.com.br\/portal\/#website","url":"https:\/\/verdadeon.com.br\/portal\/","name":"VerdadeOn","description":"Not\u00edcias di\u00e1rias sobre Franca, Regi\u00e3o, Esporte, Cultura, Cotidiano, Colunas. Cobertura nos principais eventos da cidade \u00e9 aqui - Verdadeon Franca","potentialAction":[{"@type":"SearchAction","target":{"@type":"EntryPoint","urlTemplate":"https:\/\/verdadeon.com.br\/portal\/?s={search_term_string}"},"query-input":{"@type":"PropertyValueSpecification","valueRequired":true,"valueName":"search_term_string"}}],"inLanguage":"pt-BR"},{"@type":"Person","@id":"https:\/\/verdadeon.com.br\/portal\/#\/schema\/person\/8994718f49ee62ba5610471e29ca1f62","name":"Fernando Calixto","image":{"@type":"ImageObject","inLanguage":"pt-BR","@id":"https:\/\/verdadeon.com.br\/portal\/#\/schema\/person\/image\/","url":"https:\/\/secure.gravatar.com\/avatar\/7578910c24966c0316c340f9dbd601e93ee9f9212e1033968b367af9306bd9fb?s=96&d=mm&r=g","contentUrl":"https:\/\/secure.gravatar.com\/avatar\/7578910c24966c0316c340f9dbd601e93ee9f9212e1033968b367af9306bd9fb?s=96&d=mm&r=g","caption":"Fernando Calixto"},"url":"https:\/\/verdadeon.com.br\/portal\/author\/fernando-calixto\/"}]}},"jetpack_publicize_connections":[],"jetpack_featured_media_url":"","jetpack_sharing_enabled":true,"_links":{"self":[{"href":"https:\/\/verdadeon.com.br\/portal\/wp-json\/wp\/v2\/posts\/14076","targetHints":{"allow":["GET"]}}],"collection":[{"href":"https:\/\/verdadeon.com.br\/portal\/wp-json\/wp\/v2\/posts"}],"about":[{"href":"https:\/\/verdadeon.com.br\/portal\/wp-json\/wp\/v2\/types\/post"}],"author":[{"embeddable":true,"href":"https:\/\/verdadeon.com.br\/portal\/wp-json\/wp\/v2\/users\/4"}],"replies":[{"embeddable":true,"href":"https:\/\/verdadeon.com.br\/portal\/wp-json\/wp\/v2\/comments?post=14076"}],"version-history":[{"count":0,"href":"https:\/\/verdadeon.com.br\/portal\/wp-json\/wp\/v2\/posts\/14076\/revisions"}],"wp:attachment":[{"href":"https:\/\/verdadeon.com.br\/portal\/wp-json\/wp\/v2\/media?parent=14076"}],"wp:term":[{"taxonomy":"category","embeddable":true,"href":"https:\/\/verdadeon.com.br\/portal\/wp-json\/wp\/v2\/categories?post=14076"},{"taxonomy":"post_tag","embeddable":true,"href":"https:\/\/verdadeon.com.br\/portal\/wp-json\/wp\/v2\/tags?post=14076"}],"curies":[{"name":"wp","href":"https:\/\/api.w.org\/{rel}","templated":true}]}}