{"id":14053,"date":"2021-02-09T16:40:31","date_gmt":"2021-02-09T19:40:31","guid":{"rendered":"https:\/\/verdadeon.com.br\/portal\/?p=14053"},"modified":"2021-02-09T16:40:31","modified_gmt":"2021-02-09T19:40:31","slug":"apos-reuniao-com-ministerio-publico-prefeitura-recua-em-abertura-de-bares-e-restaurantes","status":"publish","type":"post","link":"https:\/\/verdadeon.com.br\/portal\/2021\/02\/09\/apos-reuniao-com-ministerio-publico-prefeitura-recua-em-abertura-de-bares-e-restaurantes\/","title":{"rendered":"Ap\u00f3s reuni\u00e3o com Minist\u00e9rio P\u00fablico, Prefeitura recua em abertura de bares e restaurantes"},"content":{"rendered":"<h2>Decis\u00e3o foi tomada ap\u00f3s longa reuni\u00e3o entre Alexandre Ferreira e promotores de Franca<\/h2>\n<p>Ap\u00f3s uma longa reuni\u00e3o que se estendeu por toda a tarde de segunda-feira (8), o prefeito Alexandre Ferreira voltou atr\u00e1s e decidiu seguir as recomenda\u00e7\u00f5es do Minist\u00e9rio P\u00fablico, para fechar os bares, restaurantes e academias durante a vig\u00eancia da fase vermelha do Plano S\u00e3o Paulo. De acordo com o M.P., no final de semana foram observadas muitas irregularidades, alguns estabelecimentos n\u00e3o respeitaram o limite m\u00e1ximo de 40% da capacidade, o que culminou na decis\u00e3o.<br \/>\nNa sexta-feira (5), Franca foi classificada por mais uma semana na fase vermelha pelo Governo do Estado. Alexandre Ferreira j\u00e1 tinha apresentado sinais de que faria uma classifica\u00e7\u00e3o independente da do Estado, e foi exatamente o que ele fez, autorizou o com\u00e9rcio abrir as portas por drive trhu e take away, al\u00e9m de dar sinal verde para que bares e restaurantes trabalhassem com 40% da capacidade e at\u00e9 \u00e0s 22h.<br \/>\nNo s\u00e1bado (6), 10 promotores do M.P. oficiaram o Poder Executivo a respeitar as ordens da fase vermelha, portanto proibindo qualquer tipo de com\u00e9rcio que n\u00e3o fosse considerado como essencial.<br \/>\nO prefeito pediu ent\u00e3o um prazo at\u00e9 a quinta-feira (11), para apresentar dados aos promotores que justificassem a flexibiliza\u00e7\u00e3o das regras, o que n\u00e3o foi aceito. Na segunda durante a reuni\u00e3o, ficou decidido que mais uma vez esses setores deveriam trabalhar apenas com delivery, ou seja, o cliente liga, faz o pedido e o restaurante manda entregar. O decreto foi publicado na manh\u00e3 desta ter\u00e7a-feira e, portanto, j\u00e1 est\u00e1 em vigor.<br \/>\n\u201cA situa\u00e7\u00e3o epidemiol\u00f3gica de Franca ainda demanda muitos cuidados, sendo que o Munic\u00edpio ainda exerce uma imensa press\u00e3o n\u00e3o s\u00f3 sobre o sistema de sa\u00fade de Franca, mas sobre o sistema de sa\u00fade de toda a regi\u00e3o do DRS-VIII (Franca). Na segunda, atingimos uma ocupa\u00e7\u00e3o regional de leitos de UTI SUS Covid de 91%, com oito leitos vagos para uma popula\u00e7\u00e3o de 700.000 pessoas (22 munic\u00edpios do DRS VIII). Ademais, quase todos os hospitais da regi\u00e3o contam com grande n\u00famero de francanos internados, o que demanda muita cautela e responsabilidade\u201d, informou em nota o MP.<\/p>\n","protected":false},"excerpt":{"rendered":"<p>Decis\u00e3o foi tomada ap\u00f3s longa reuni\u00e3o entre Alexandre Ferreira e promotores de Franca Ap\u00f3s uma longa reuni\u00e3o que se estendeu por toda a tarde de segunda-feira<span class=\"excerpt-hellip\"> [\u2026]<\/span><\/p>\n","protected":false},"author":4,"featured_media":14059,"comment_status":"open","ping_status":"open","sticky":false,"template":"","format":"standard","meta":{"_jetpack_memberships_contains_paid_content":false,"footnotes":"","jetpack_publicize_message":"","jetpack_publicize_feature_enabled":true,"jetpack_social_post_already_shared":false,"jetpack_social_options":{"image_generator_settings":{"template":"highway","default_image_id":0,"enabled":false},"version":2}},"categories":[28,81],"tags":[],"class_list":["post-14053","post","type-post","status-publish","format-standard","has-post-thumbnail","hentry","category-cotidiano","category-manchete"],"yoast_head":"<!-- This site is optimized with the Yoast SEO plugin v25.6 - https:\/\/yoast.com\/wordpress\/plugins\/seo\/ -->\n<title>Ap\u00f3s reuni\u00e3o com Minist\u00e9rio P\u00fablico, Prefeitura recua em abertura de bares e restaurantes - VerdadeOn<\/title>\n<meta name=\"robots\" content=\"index, follow, max-snippet:-1, max-image-preview:large, max-video-preview:-1\" \/>\n<link rel=\"canonical\" href=\"https:\/\/verdadeon.com.br\/portal\/2021\/02\/09\/apos-reuniao-com-ministerio-publico-prefeitura-recua-em-abertura-de-bares-e-restaurantes\/\" \/>\n<meta property=\"og:locale\" content=\"pt_BR\" \/>\n<meta property=\"og:type\" content=\"article\" \/>\n<meta property=\"og:title\" content=\"Ap\u00f3s reuni\u00e3o com Minist\u00e9rio P\u00fablico, Prefeitura recua em abertura de bares e restaurantes - VerdadeOn\" \/>\n<meta property=\"og:description\" content=\"Decis\u00e3o foi tomada ap\u00f3s longa reuni\u00e3o entre Alexandre Ferreira e promotores de Franca Ap\u00f3s uma longa reuni\u00e3o que se estendeu por toda a tarde de segunda-feira [\u2026]\" \/>\n<meta property=\"og:url\" content=\"https:\/\/verdadeon.com.br\/portal\/2021\/02\/09\/apos-reuniao-com-ministerio-publico-prefeitura-recua-em-abertura-de-bares-e-restaurantes\/\" \/>\n<meta property=\"og:site_name\" content=\"VerdadeOn\" \/>\n<meta property=\"article:published_time\" content=\"2021-02-09T19:40:31+00:00\" \/>\n<meta property=\"og:image\" content=\"https:\/\/verdadeon.com.br\/portal\/wp-content\/uploads\/2021\/02\/WhatsApp-Image-2021-02-09-at-14.24.37-1.jpeg\" \/>\n\t<meta property=\"og:image:width\" content=\"1000\" \/>\n\t<meta property=\"og:image:height\" content=\"670\" \/>\n\t<meta property=\"og:image:type\" content=\"image\/jpeg\" \/>\n<meta name=\"author\" content=\"Fernando Calixto\" \/>\n<meta name=\"twitter:card\" content=\"summary_large_image\" \/>\n<meta name=\"twitter:label1\" content=\"Escrito por\" \/>\n\t<meta name=\"twitter:data1\" content=\"Fernando Calixto\" \/>\n\t<meta name=\"twitter:label2\" content=\"Est. tempo de leitura\" \/>\n\t<meta name=\"twitter:data2\" content=\"2 minutos\" \/>\n<script type=\"application\/ld+json\" class=\"yoast-schema-graph\">{\"@context\":\"https:\/\/schema.org\",\"@graph\":[{\"@type\":\"WebPage\",\"@id\":\"https:\/\/verdadeon.com.br\/portal\/2021\/02\/09\/apos-reuniao-com-ministerio-publico-prefeitura-recua-em-abertura-de-bares-e-restaurantes\/\",\"url\":\"https:\/\/verdadeon.com.br\/portal\/2021\/02\/09\/apos-reuniao-com-ministerio-publico-prefeitura-recua-em-abertura-de-bares-e-restaurantes\/\",\"name\":\"Ap\u00f3s reuni\u00e3o com Minist\u00e9rio P\u00fablico, Prefeitura recua em abertura de bares e restaurantes - VerdadeOn\",\"isPartOf\":{\"@id\":\"https:\/\/verdadeon.com.br\/portal\/#website\"},\"primaryImageOfPage\":{\"@id\":\"https:\/\/verdadeon.com.br\/portal\/2021\/02\/09\/apos-reuniao-com-ministerio-publico-prefeitura-recua-em-abertura-de-bares-e-restaurantes\/#primaryimage\"},\"image\":{\"@id\":\"https:\/\/verdadeon.com.br\/portal\/2021\/02\/09\/apos-reuniao-com-ministerio-publico-prefeitura-recua-em-abertura-de-bares-e-restaurantes\/#primaryimage\"},\"thumbnailUrl\":\"https:\/\/i0.wp.com\/verdadeon.com.br\/portal\/wp-content\/uploads\/2021\/02\/WhatsApp-Image-2021-02-09-at-14.24.37-1.jpeg?fit=1000%2C670&ssl=1\",\"datePublished\":\"2021-02-09T19:40:31+00:00\",\"author\":{\"@id\":\"https:\/\/verdadeon.com.br\/portal\/#\/schema\/person\/8994718f49ee62ba5610471e29ca1f62\"},\"breadcrumb\":{\"@id\":\"https:\/\/verdadeon.com.br\/portal\/2021\/02\/09\/apos-reuniao-com-ministerio-publico-prefeitura-recua-em-abertura-de-bares-e-restaurantes\/#breadcrumb\"},\"inLanguage\":\"pt-BR\",\"potentialAction\":[{\"@type\":\"ReadAction\",\"target\":[\"https:\/\/verdadeon.com.br\/portal\/2021\/02\/09\/apos-reuniao-com-ministerio-publico-prefeitura-recua-em-abertura-de-bares-e-restaurantes\/\"]}]},{\"@type\":\"ImageObject\",\"inLanguage\":\"pt-BR\",\"@id\":\"https:\/\/verdadeon.com.br\/portal\/2021\/02\/09\/apos-reuniao-com-ministerio-publico-prefeitura-recua-em-abertura-de-bares-e-restaurantes\/#primaryimage\",\"url\":\"https:\/\/i0.wp.com\/verdadeon.com.br\/portal\/wp-content\/uploads\/2021\/02\/WhatsApp-Image-2021-02-09-at-14.24.37-1.jpeg?fit=1000%2C670&ssl=1\",\"contentUrl\":\"https:\/\/i0.wp.com\/verdadeon.com.br\/portal\/wp-content\/uploads\/2021\/02\/WhatsApp-Image-2021-02-09-at-14.24.37-1.jpeg?fit=1000%2C670&ssl=1\",\"width\":1000,\"height\":670,\"caption\":\"Pela decis\u00e3o o com\u00e9rcio continua trabalhando apenas por drive-thru e take Away | Foto: Jornal Verdade\"},{\"@type\":\"BreadcrumbList\",\"@id\":\"https:\/\/verdadeon.com.br\/portal\/2021\/02\/09\/apos-reuniao-com-ministerio-publico-prefeitura-recua-em-abertura-de-bares-e-restaurantes\/#breadcrumb\",\"itemListElement\":[{\"@type\":\"ListItem\",\"position\":1,\"name\":\"In\u00edcio\",\"item\":\"https:\/\/verdadeon.com.br\/portal\/\"},{\"@type\":\"ListItem\",\"position\":2,\"name\":\"Ap\u00f3s reuni\u00e3o com Minist\u00e9rio P\u00fablico, Prefeitura recua em abertura de bares e restaurantes\"}]},{\"@type\":\"WebSite\",\"@id\":\"https:\/\/verdadeon.com.br\/portal\/#website\",\"url\":\"https:\/\/verdadeon.com.br\/portal\/\",\"name\":\"VerdadeOn\",\"description\":\"Not\u00edcias di\u00e1rias sobre Franca, Regi\u00e3o, Esporte, Cultura, Cotidiano, Colunas. Cobertura nos principais eventos da cidade \u00e9 aqui - Verdadeon Franca\",\"potentialAction\":[{\"@type\":\"SearchAction\",\"target\":{\"@type\":\"EntryPoint\",\"urlTemplate\":\"https:\/\/verdadeon.com.br\/portal\/?s={search_term_string}\"},\"query-input\":{\"@type\":\"PropertyValueSpecification\",\"valueRequired\":true,\"valueName\":\"search_term_string\"}}],\"inLanguage\":\"pt-BR\"},{\"@type\":\"Person\",\"@id\":\"https:\/\/verdadeon.com.br\/portal\/#\/schema\/person\/8994718f49ee62ba5610471e29ca1f62\",\"name\":\"Fernando Calixto\",\"image\":{\"@type\":\"ImageObject\",\"inLanguage\":\"pt-BR\",\"@id\":\"https:\/\/verdadeon.com.br\/portal\/#\/schema\/person\/image\/\",\"url\":\"https:\/\/secure.gravatar.com\/avatar\/7578910c24966c0316c340f9dbd601e93ee9f9212e1033968b367af9306bd9fb?s=96&d=mm&r=g\",\"contentUrl\":\"https:\/\/secure.gravatar.com\/avatar\/7578910c24966c0316c340f9dbd601e93ee9f9212e1033968b367af9306bd9fb?s=96&d=mm&r=g\",\"caption\":\"Fernando Calixto\"},\"url\":\"https:\/\/verdadeon.com.br\/portal\/author\/fernando-calixto\/\"}]}<\/script>\n<!-- \/ Yoast SEO plugin. -->","yoast_head_json":{"title":"Ap\u00f3s reuni\u00e3o com Minist\u00e9rio P\u00fablico, Prefeitura recua em abertura de bares e restaurantes - VerdadeOn","robots":{"index":"index","follow":"follow","max-snippet":"max-snippet:-1","max-image-preview":"max-image-preview:large","max-video-preview":"max-video-preview:-1"},"canonical":"https:\/\/verdadeon.com.br\/portal\/2021\/02\/09\/apos-reuniao-com-ministerio-publico-prefeitura-recua-em-abertura-de-bares-e-restaurantes\/","og_locale":"pt_BR","og_type":"article","og_title":"Ap\u00f3s reuni\u00e3o com Minist\u00e9rio P\u00fablico, Prefeitura recua em abertura de bares e restaurantes - VerdadeOn","og_description":"Decis\u00e3o foi tomada ap\u00f3s longa reuni\u00e3o entre Alexandre Ferreira e promotores de Franca Ap\u00f3s uma longa reuni\u00e3o que se estendeu por toda a tarde de segunda-feira [\u2026]","og_url":"https:\/\/verdadeon.com.br\/portal\/2021\/02\/09\/apos-reuniao-com-ministerio-publico-prefeitura-recua-em-abertura-de-bares-e-restaurantes\/","og_site_name":"VerdadeOn","article_published_time":"2021-02-09T19:40:31+00:00","og_image":[{"width":1000,"height":670,"url":"https:\/\/verdadeon.com.br\/portal\/wp-content\/uploads\/2021\/02\/WhatsApp-Image-2021-02-09-at-14.24.37-1.jpeg","type":"image\/jpeg"}],"author":"Fernando Calixto","twitter_card":"summary_large_image","twitter_misc":{"Escrito por":"Fernando Calixto","Est. tempo de leitura":"2 minutos"},"schema":{"@context":"https:\/\/schema.org","@graph":[{"@type":"WebPage","@id":"https:\/\/verdadeon.com.br\/portal\/2021\/02\/09\/apos-reuniao-com-ministerio-publico-prefeitura-recua-em-abertura-de-bares-e-restaurantes\/","url":"https:\/\/verdadeon.com.br\/portal\/2021\/02\/09\/apos-reuniao-com-ministerio-publico-prefeitura-recua-em-abertura-de-bares-e-restaurantes\/","name":"Ap\u00f3s reuni\u00e3o com Minist\u00e9rio P\u00fablico, Prefeitura recua em abertura de bares e restaurantes - VerdadeOn","isPartOf":{"@id":"https:\/\/verdadeon.com.br\/portal\/#website"},"primaryImageOfPage":{"@id":"https:\/\/verdadeon.com.br\/portal\/2021\/02\/09\/apos-reuniao-com-ministerio-publico-prefeitura-recua-em-abertura-de-bares-e-restaurantes\/#primaryimage"},"image":{"@id":"https:\/\/verdadeon.com.br\/portal\/2021\/02\/09\/apos-reuniao-com-ministerio-publico-prefeitura-recua-em-abertura-de-bares-e-restaurantes\/#primaryimage"},"thumbnailUrl":"https:\/\/i0.wp.com\/verdadeon.com.br\/portal\/wp-content\/uploads\/2021\/02\/WhatsApp-Image-2021-02-09-at-14.24.37-1.jpeg?fit=1000%2C670&ssl=1","datePublished":"2021-02-09T19:40:31+00:00","author":{"@id":"https:\/\/verdadeon.com.br\/portal\/#\/schema\/person\/8994718f49ee62ba5610471e29ca1f62"},"breadcrumb":{"@id":"https:\/\/verdadeon.com.br\/portal\/2021\/02\/09\/apos-reuniao-com-ministerio-publico-prefeitura-recua-em-abertura-de-bares-e-restaurantes\/#breadcrumb"},"inLanguage":"pt-BR","potentialAction":[{"@type":"ReadAction","target":["https:\/\/verdadeon.com.br\/portal\/2021\/02\/09\/apos-reuniao-com-ministerio-publico-prefeitura-recua-em-abertura-de-bares-e-restaurantes\/"]}]},{"@type":"ImageObject","inLanguage":"pt-BR","@id":"https:\/\/verdadeon.com.br\/portal\/2021\/02\/09\/apos-reuniao-com-ministerio-publico-prefeitura-recua-em-abertura-de-bares-e-restaurantes\/#primaryimage","url":"https:\/\/i0.wp.com\/verdadeon.com.br\/portal\/wp-content\/uploads\/2021\/02\/WhatsApp-Image-2021-02-09-at-14.24.37-1.jpeg?fit=1000%2C670&ssl=1","contentUrl":"https:\/\/i0.wp.com\/verdadeon.com.br\/portal\/wp-content\/uploads\/2021\/02\/WhatsApp-Image-2021-02-09-at-14.24.37-1.jpeg?fit=1000%2C670&ssl=1","width":1000,"height":670,"caption":"Pela decis\u00e3o o com\u00e9rcio continua trabalhando apenas por drive-thru e take Away | Foto: Jornal Verdade"},{"@type":"BreadcrumbList","@id":"https:\/\/verdadeon.com.br\/portal\/2021\/02\/09\/apos-reuniao-com-ministerio-publico-prefeitura-recua-em-abertura-de-bares-e-restaurantes\/#breadcrumb","itemListElement":[{"@type":"ListItem","position":1,"name":"In\u00edcio","item":"https:\/\/verdadeon.com.br\/portal\/"},{"@type":"ListItem","position":2,"name":"Ap\u00f3s reuni\u00e3o com Minist\u00e9rio P\u00fablico, Prefeitura recua em abertura de bares e restaurantes"}]},{"@type":"WebSite","@id":"https:\/\/verdadeon.com.br\/portal\/#website","url":"https:\/\/verdadeon.com.br\/portal\/","name":"VerdadeOn","description":"Not\u00edcias di\u00e1rias sobre Franca, Regi\u00e3o, Esporte, Cultura, Cotidiano, Colunas. Cobertura nos principais eventos da cidade \u00e9 aqui - Verdadeon Franca","potentialAction":[{"@type":"SearchAction","target":{"@type":"EntryPoint","urlTemplate":"https:\/\/verdadeon.com.br\/portal\/?s={search_term_string}"},"query-input":{"@type":"PropertyValueSpecification","valueRequired":true,"valueName":"search_term_string"}}],"inLanguage":"pt-BR"},{"@type":"Person","@id":"https:\/\/verdadeon.com.br\/portal\/#\/schema\/person\/8994718f49ee62ba5610471e29ca1f62","name":"Fernando Calixto","image":{"@type":"ImageObject","inLanguage":"pt-BR","@id":"https:\/\/verdadeon.com.br\/portal\/#\/schema\/person\/image\/","url":"https:\/\/secure.gravatar.com\/avatar\/7578910c24966c0316c340f9dbd601e93ee9f9212e1033968b367af9306bd9fb?s=96&d=mm&r=g","contentUrl":"https:\/\/secure.gravatar.com\/avatar\/7578910c24966c0316c340f9dbd601e93ee9f9212e1033968b367af9306bd9fb?s=96&d=mm&r=g","caption":"Fernando Calixto"},"url":"https:\/\/verdadeon.com.br\/portal\/author\/fernando-calixto\/"}]}},"jetpack_publicize_connections":[],"jetpack_featured_media_url":"https:\/\/i0.wp.com\/verdadeon.com.br\/portal\/wp-content\/uploads\/2021\/02\/WhatsApp-Image-2021-02-09-at-14.24.37-1.jpeg?fit=1000%2C670&ssl=1","jetpack_sharing_enabled":true,"_links":{"self":[{"href":"https:\/\/verdadeon.com.br\/portal\/wp-json\/wp\/v2\/posts\/14053","targetHints":{"allow":["GET"]}}],"collection":[{"href":"https:\/\/verdadeon.com.br\/portal\/wp-json\/wp\/v2\/posts"}],"about":[{"href":"https:\/\/verdadeon.com.br\/portal\/wp-json\/wp\/v2\/types\/post"}],"author":[{"embeddable":true,"href":"https:\/\/verdadeon.com.br\/portal\/wp-json\/wp\/v2\/users\/4"}],"replies":[{"embeddable":true,"href":"https:\/\/verdadeon.com.br\/portal\/wp-json\/wp\/v2\/comments?post=14053"}],"version-history":[{"count":0,"href":"https:\/\/verdadeon.com.br\/portal\/wp-json\/wp\/v2\/posts\/14053\/revisions"}],"wp:featuredmedia":[{"embeddable":true,"href":"https:\/\/verdadeon.com.br\/portal\/wp-json\/wp\/v2\/media\/14059"}],"wp:attachment":[{"href":"https:\/\/verdadeon.com.br\/portal\/wp-json\/wp\/v2\/media?parent=14053"}],"wp:term":[{"taxonomy":"category","embeddable":true,"href":"https:\/\/verdadeon.com.br\/portal\/wp-json\/wp\/v2\/categories?post=14053"},{"taxonomy":"post_tag","embeddable":true,"href":"https:\/\/verdadeon.com.br\/portal\/wp-json\/wp\/v2\/tags?post=14053"}],"curies":[{"name":"wp","href":"https:\/\/api.w.org\/{rel}","templated":true}]}}