{"id":14032,"date":"2021-02-08T14:20:40","date_gmt":"2021-02-08T17:20:40","guid":{"rendered":"https:\/\/verdadeon.com.br\/portal\/?p=14032"},"modified":"2021-02-08T14:20:40","modified_gmt":"2021-02-08T17:20:40","slug":"idoso-que-teve-corpo-incendiado-por-enteada-morre-na-santa-casa-de-franca","status":"publish","type":"post","link":"https:\/\/verdadeon.com.br\/portal\/2021\/02\/08\/idoso-que-teve-corpo-incendiado-por-enteada-morre-na-santa-casa-de-franca\/","title":{"rendered":"Idoso que teve corpo incendiado por enteada morre na Santa Casa de Franca"},"content":{"rendered":"<h2>Miguel \u00c2ngelo estava internado em estado grave e n\u00e3o resistiu, ap\u00f3s ter grande parte do corpo incendiada<\/h2>\n<p>Morreu na manh\u00e3 de segunda-feira (8), o idoso de 60 anos que teve o corpo incendiado pela enteada dele, na \u00faltima quinta-feira em Patroc\u00ednio Paulista, na regi\u00e3o de Franca. Miguel \u00c2ngelo Radi, foi socorrido em estado grave para a Santa Casa de Patroc\u00ednio, mas por conta da complexidade do caso precisou ser transferido para Franca, onde n\u00e3o resistiu e faleceu na manh\u00e3 de segunda.<br \/>\nDe acordo com a Pol\u00edcia Militar de Patroc\u00ednio, a enteada da v\u00edtima, tem 35 anos e cometeu o crime ap\u00f3s boatos de que Miguel teria um caso com o namorado dela. Por conta das provoca\u00e7\u00f5es de vizinhos, a mulher invadiu a casa da v\u00edtima na tarde de quinta, enquanto o idoso dormia, atirou \u00e1lcool nele e ap\u00f3s ateou fogo. Parte da casa e alguns m\u00f3veis tamb\u00e9m foram atingidos, mas por sorte o fogo n\u00e3o se alastrou pelo im\u00f3vel.<br \/>\nVizinhos que escutaram os gritos socorreram o homem at\u00e9 a chegada do SAMU de Franca. Ele foi socorrido j\u00e1 em estado grave e n\u00e3o resistiu aos ferimentos.<br \/>\nA autora do crime confessou o que tinha feito, foi levada para a delegacia onde foi ouvida e ap\u00f3s foi recolhida ao sistema prisional de Franca.<\/p>\n","protected":false},"excerpt":{"rendered":"<p>Miguel \u00c2ngelo estava internado em estado grave e n\u00e3o resistiu, ap\u00f3s ter grande parte do corpo incendiada Morreu na manh\u00e3 de segunda-feira (8), o idoso de<span class=\"excerpt-hellip\"> [\u2026]<\/span><\/p>\n","protected":false},"author":4,"featured_media":13990,"comment_status":"open","ping_status":"open","sticky":false,"template":"","format":"standard","meta":{"_jetpack_memberships_contains_paid_content":false,"footnotes":"","jetpack_publicize_message":"","jetpack_publicize_feature_enabled":true,"jetpack_social_post_already_shared":false,"jetpack_social_options":{"image_generator_settings":{"template":"highway","default_image_id":0,"enabled":false},"version":2}},"categories":[28,81],"tags":[],"class_list":["post-14032","post","type-post","status-publish","format-standard","has-post-thumbnail","hentry","category-cotidiano","category-manchete"],"yoast_head":"<!-- This site is optimized with the Yoast SEO plugin v25.6 - https:\/\/yoast.com\/wordpress\/plugins\/seo\/ -->\n<title>Idoso que teve corpo incendiado por enteada morre na Santa Casa de Franca - VerdadeOn<\/title>\n<meta name=\"robots\" content=\"index, follow, max-snippet:-1, max-image-preview:large, max-video-preview:-1\" \/>\n<link rel=\"canonical\" href=\"https:\/\/verdadeon.com.br\/portal\/2021\/02\/08\/idoso-que-teve-corpo-incendiado-por-enteada-morre-na-santa-casa-de-franca\/\" \/>\n<meta property=\"og:locale\" content=\"pt_BR\" \/>\n<meta property=\"og:type\" content=\"article\" \/>\n<meta property=\"og:title\" content=\"Idoso que teve corpo incendiado por enteada morre na Santa Casa de Franca - VerdadeOn\" \/>\n<meta property=\"og:description\" content=\"Miguel \u00c2ngelo estava internado em estado grave e n\u00e3o resistiu, ap\u00f3s ter grande parte do corpo incendiada Morreu na manh\u00e3 de segunda-feira (8), o idoso de [\u2026]\" \/>\n<meta property=\"og:url\" content=\"https:\/\/verdadeon.com.br\/portal\/2021\/02\/08\/idoso-que-teve-corpo-incendiado-por-enteada-morre-na-santa-casa-de-franca\/\" \/>\n<meta property=\"og:site_name\" content=\"VerdadeOn\" \/>\n<meta property=\"article:published_time\" content=\"2021-02-08T17:20:40+00:00\" \/>\n<meta property=\"og:image\" content=\"https:\/\/verdadeon.com.br\/portal\/wp-content\/uploads\/2021\/02\/WhatsApp-Image-2021-02-05-at-14.45.38.jpeg\" \/>\n\t<meta property=\"og:image:width\" content=\"1000\" \/>\n\t<meta property=\"og:image:height\" content=\"670\" \/>\n\t<meta property=\"og:image:type\" content=\"image\/jpeg\" \/>\n<meta name=\"author\" content=\"Fernando Calixto\" \/>\n<meta name=\"twitter:card\" content=\"summary_large_image\" \/>\n<meta name=\"twitter:label1\" content=\"Escrito por\" \/>\n\t<meta name=\"twitter:data1\" content=\"Fernando Calixto\" \/>\n\t<meta name=\"twitter:label2\" content=\"Est. tempo de leitura\" \/>\n\t<meta name=\"twitter:data2\" content=\"1 minuto\" \/>\n<script type=\"application\/ld+json\" class=\"yoast-schema-graph\">{\"@context\":\"https:\/\/schema.org\",\"@graph\":[{\"@type\":\"WebPage\",\"@id\":\"https:\/\/verdadeon.com.br\/portal\/2021\/02\/08\/idoso-que-teve-corpo-incendiado-por-enteada-morre-na-santa-casa-de-franca\/\",\"url\":\"https:\/\/verdadeon.com.br\/portal\/2021\/02\/08\/idoso-que-teve-corpo-incendiado-por-enteada-morre-na-santa-casa-de-franca\/\",\"name\":\"Idoso que teve corpo incendiado por enteada morre na Santa Casa de Franca - VerdadeOn\",\"isPartOf\":{\"@id\":\"https:\/\/verdadeon.com.br\/portal\/#website\"},\"primaryImageOfPage\":{\"@id\":\"https:\/\/verdadeon.com.br\/portal\/2021\/02\/08\/idoso-que-teve-corpo-incendiado-por-enteada-morre-na-santa-casa-de-franca\/#primaryimage\"},\"image\":{\"@id\":\"https:\/\/verdadeon.com.br\/portal\/2021\/02\/08\/idoso-que-teve-corpo-incendiado-por-enteada-morre-na-santa-casa-de-franca\/#primaryimage\"},\"thumbnailUrl\":\"https:\/\/i0.wp.com\/verdadeon.com.br\/portal\/wp-content\/uploads\/2021\/02\/WhatsApp-Image-2021-02-05-at-14.45.38.jpeg?fit=1000%2C670&ssl=1\",\"datePublished\":\"2021-02-08T17:20:40+00:00\",\"author\":{\"@id\":\"https:\/\/verdadeon.com.br\/portal\/#\/schema\/person\/8994718f49ee62ba5610471e29ca1f62\"},\"breadcrumb\":{\"@id\":\"https:\/\/verdadeon.com.br\/portal\/2021\/02\/08\/idoso-que-teve-corpo-incendiado-por-enteada-morre-na-santa-casa-de-franca\/#breadcrumb\"},\"inLanguage\":\"pt-BR\",\"potentialAction\":[{\"@type\":\"ReadAction\",\"target\":[\"https:\/\/verdadeon.com.br\/portal\/2021\/02\/08\/idoso-que-teve-corpo-incendiado-por-enteada-morre-na-santa-casa-de-franca\/\"]}]},{\"@type\":\"ImageObject\",\"inLanguage\":\"pt-BR\",\"@id\":\"https:\/\/verdadeon.com.br\/portal\/2021\/02\/08\/idoso-que-teve-corpo-incendiado-por-enteada-morre-na-santa-casa-de-franca\/#primaryimage\",\"url\":\"https:\/\/i0.wp.com\/verdadeon.com.br\/portal\/wp-content\/uploads\/2021\/02\/WhatsApp-Image-2021-02-05-at-14.45.38.jpeg?fit=1000%2C670&ssl=1\",\"contentUrl\":\"https:\/\/i0.wp.com\/verdadeon.com.br\/portal\/wp-content\/uploads\/2021\/02\/WhatsApp-Image-2021-02-05-at-14.45.38.jpeg?fit=1000%2C670&ssl=1\",\"width\":1000,\"height\":670,\"caption\":\"Homem morava em Patroc\u00ednio Paulista, na regi\u00e3o de Franca. Casa tamb\u00e9m foi atingida pelas chamas | Foto: Reprodu\u00e7\u00e3o\"},{\"@type\":\"BreadcrumbList\",\"@id\":\"https:\/\/verdadeon.com.br\/portal\/2021\/02\/08\/idoso-que-teve-corpo-incendiado-por-enteada-morre-na-santa-casa-de-franca\/#breadcrumb\",\"itemListElement\":[{\"@type\":\"ListItem\",\"position\":1,\"name\":\"In\u00edcio\",\"item\":\"https:\/\/verdadeon.com.br\/portal\/\"},{\"@type\":\"ListItem\",\"position\":2,\"name\":\"Idoso que teve corpo incendiado por enteada morre na Santa Casa de Franca\"}]},{\"@type\":\"WebSite\",\"@id\":\"https:\/\/verdadeon.com.br\/portal\/#website\",\"url\":\"https:\/\/verdadeon.com.br\/portal\/\",\"name\":\"VerdadeOn\",\"description\":\"Not\u00edcias di\u00e1rias sobre Franca, Regi\u00e3o, Esporte, Cultura, Cotidiano, Colunas. Cobertura nos principais eventos da cidade \u00e9 aqui - Verdadeon Franca\",\"potentialAction\":[{\"@type\":\"SearchAction\",\"target\":{\"@type\":\"EntryPoint\",\"urlTemplate\":\"https:\/\/verdadeon.com.br\/portal\/?s={search_term_string}\"},\"query-input\":{\"@type\":\"PropertyValueSpecification\",\"valueRequired\":true,\"valueName\":\"search_term_string\"}}],\"inLanguage\":\"pt-BR\"},{\"@type\":\"Person\",\"@id\":\"https:\/\/verdadeon.com.br\/portal\/#\/schema\/person\/8994718f49ee62ba5610471e29ca1f62\",\"name\":\"Fernando Calixto\",\"image\":{\"@type\":\"ImageObject\",\"inLanguage\":\"pt-BR\",\"@id\":\"https:\/\/verdadeon.com.br\/portal\/#\/schema\/person\/image\/\",\"url\":\"https:\/\/secure.gravatar.com\/avatar\/7578910c24966c0316c340f9dbd601e93ee9f9212e1033968b367af9306bd9fb?s=96&d=mm&r=g\",\"contentUrl\":\"https:\/\/secure.gravatar.com\/avatar\/7578910c24966c0316c340f9dbd601e93ee9f9212e1033968b367af9306bd9fb?s=96&d=mm&r=g\",\"caption\":\"Fernando Calixto\"},\"url\":\"https:\/\/verdadeon.com.br\/portal\/author\/fernando-calixto\/\"}]}<\/script>\n<!-- \/ Yoast SEO plugin. -->","yoast_head_json":{"title":"Idoso que teve corpo incendiado por enteada morre na Santa Casa de Franca - VerdadeOn","robots":{"index":"index","follow":"follow","max-snippet":"max-snippet:-1","max-image-preview":"max-image-preview:large","max-video-preview":"max-video-preview:-1"},"canonical":"https:\/\/verdadeon.com.br\/portal\/2021\/02\/08\/idoso-que-teve-corpo-incendiado-por-enteada-morre-na-santa-casa-de-franca\/","og_locale":"pt_BR","og_type":"article","og_title":"Idoso que teve corpo incendiado por enteada morre na Santa Casa de Franca - VerdadeOn","og_description":"Miguel \u00c2ngelo estava internado em estado grave e n\u00e3o resistiu, ap\u00f3s ter grande parte do corpo incendiada Morreu na manh\u00e3 de segunda-feira (8), o idoso de [\u2026]","og_url":"https:\/\/verdadeon.com.br\/portal\/2021\/02\/08\/idoso-que-teve-corpo-incendiado-por-enteada-morre-na-santa-casa-de-franca\/","og_site_name":"VerdadeOn","article_published_time":"2021-02-08T17:20:40+00:00","og_image":[{"width":1000,"height":670,"url":"https:\/\/verdadeon.com.br\/portal\/wp-content\/uploads\/2021\/02\/WhatsApp-Image-2021-02-05-at-14.45.38.jpeg","type":"image\/jpeg"}],"author":"Fernando Calixto","twitter_card":"summary_large_image","twitter_misc":{"Escrito por":"Fernando Calixto","Est. tempo de leitura":"1 minuto"},"schema":{"@context":"https:\/\/schema.org","@graph":[{"@type":"WebPage","@id":"https:\/\/verdadeon.com.br\/portal\/2021\/02\/08\/idoso-que-teve-corpo-incendiado-por-enteada-morre-na-santa-casa-de-franca\/","url":"https:\/\/verdadeon.com.br\/portal\/2021\/02\/08\/idoso-que-teve-corpo-incendiado-por-enteada-morre-na-santa-casa-de-franca\/","name":"Idoso que teve corpo incendiado por enteada morre na Santa Casa de Franca - VerdadeOn","isPartOf":{"@id":"https:\/\/verdadeon.com.br\/portal\/#website"},"primaryImageOfPage":{"@id":"https:\/\/verdadeon.com.br\/portal\/2021\/02\/08\/idoso-que-teve-corpo-incendiado-por-enteada-morre-na-santa-casa-de-franca\/#primaryimage"},"image":{"@id":"https:\/\/verdadeon.com.br\/portal\/2021\/02\/08\/idoso-que-teve-corpo-incendiado-por-enteada-morre-na-santa-casa-de-franca\/#primaryimage"},"thumbnailUrl":"https:\/\/i0.wp.com\/verdadeon.com.br\/portal\/wp-content\/uploads\/2021\/02\/WhatsApp-Image-2021-02-05-at-14.45.38.jpeg?fit=1000%2C670&ssl=1","datePublished":"2021-02-08T17:20:40+00:00","author":{"@id":"https:\/\/verdadeon.com.br\/portal\/#\/schema\/person\/8994718f49ee62ba5610471e29ca1f62"},"breadcrumb":{"@id":"https:\/\/verdadeon.com.br\/portal\/2021\/02\/08\/idoso-que-teve-corpo-incendiado-por-enteada-morre-na-santa-casa-de-franca\/#breadcrumb"},"inLanguage":"pt-BR","potentialAction":[{"@type":"ReadAction","target":["https:\/\/verdadeon.com.br\/portal\/2021\/02\/08\/idoso-que-teve-corpo-incendiado-por-enteada-morre-na-santa-casa-de-franca\/"]}]},{"@type":"ImageObject","inLanguage":"pt-BR","@id":"https:\/\/verdadeon.com.br\/portal\/2021\/02\/08\/idoso-que-teve-corpo-incendiado-por-enteada-morre-na-santa-casa-de-franca\/#primaryimage","url":"https:\/\/i0.wp.com\/verdadeon.com.br\/portal\/wp-content\/uploads\/2021\/02\/WhatsApp-Image-2021-02-05-at-14.45.38.jpeg?fit=1000%2C670&ssl=1","contentUrl":"https:\/\/i0.wp.com\/verdadeon.com.br\/portal\/wp-content\/uploads\/2021\/02\/WhatsApp-Image-2021-02-05-at-14.45.38.jpeg?fit=1000%2C670&ssl=1","width":1000,"height":670,"caption":"Homem morava em Patroc\u00ednio Paulista, na regi\u00e3o de Franca. Casa tamb\u00e9m foi atingida pelas chamas | Foto: Reprodu\u00e7\u00e3o"},{"@type":"BreadcrumbList","@id":"https:\/\/verdadeon.com.br\/portal\/2021\/02\/08\/idoso-que-teve-corpo-incendiado-por-enteada-morre-na-santa-casa-de-franca\/#breadcrumb","itemListElement":[{"@type":"ListItem","position":1,"name":"In\u00edcio","item":"https:\/\/verdadeon.com.br\/portal\/"},{"@type":"ListItem","position":2,"name":"Idoso que teve corpo incendiado por enteada morre na Santa Casa de Franca"}]},{"@type":"WebSite","@id":"https:\/\/verdadeon.com.br\/portal\/#website","url":"https:\/\/verdadeon.com.br\/portal\/","name":"VerdadeOn","description":"Not\u00edcias di\u00e1rias sobre Franca, Regi\u00e3o, Esporte, Cultura, Cotidiano, Colunas. Cobertura nos principais eventos da cidade \u00e9 aqui - Verdadeon Franca","potentialAction":[{"@type":"SearchAction","target":{"@type":"EntryPoint","urlTemplate":"https:\/\/verdadeon.com.br\/portal\/?s={search_term_string}"},"query-input":{"@type":"PropertyValueSpecification","valueRequired":true,"valueName":"search_term_string"}}],"inLanguage":"pt-BR"},{"@type":"Person","@id":"https:\/\/verdadeon.com.br\/portal\/#\/schema\/person\/8994718f49ee62ba5610471e29ca1f62","name":"Fernando Calixto","image":{"@type":"ImageObject","inLanguage":"pt-BR","@id":"https:\/\/verdadeon.com.br\/portal\/#\/schema\/person\/image\/","url":"https:\/\/secure.gravatar.com\/avatar\/7578910c24966c0316c340f9dbd601e93ee9f9212e1033968b367af9306bd9fb?s=96&d=mm&r=g","contentUrl":"https:\/\/secure.gravatar.com\/avatar\/7578910c24966c0316c340f9dbd601e93ee9f9212e1033968b367af9306bd9fb?s=96&d=mm&r=g","caption":"Fernando Calixto"},"url":"https:\/\/verdadeon.com.br\/portal\/author\/fernando-calixto\/"}]}},"jetpack_publicize_connections":[],"jetpack_featured_media_url":"https:\/\/i0.wp.com\/verdadeon.com.br\/portal\/wp-content\/uploads\/2021\/02\/WhatsApp-Image-2021-02-05-at-14.45.38.jpeg?fit=1000%2C670&ssl=1","jetpack_sharing_enabled":true,"_links":{"self":[{"href":"https:\/\/verdadeon.com.br\/portal\/wp-json\/wp\/v2\/posts\/14032","targetHints":{"allow":["GET"]}}],"collection":[{"href":"https:\/\/verdadeon.com.br\/portal\/wp-json\/wp\/v2\/posts"}],"about":[{"href":"https:\/\/verdadeon.com.br\/portal\/wp-json\/wp\/v2\/types\/post"}],"author":[{"embeddable":true,"href":"https:\/\/verdadeon.com.br\/portal\/wp-json\/wp\/v2\/users\/4"}],"replies":[{"embeddable":true,"href":"https:\/\/verdadeon.com.br\/portal\/wp-json\/wp\/v2\/comments?post=14032"}],"version-history":[{"count":0,"href":"https:\/\/verdadeon.com.br\/portal\/wp-json\/wp\/v2\/posts\/14032\/revisions"}],"wp:featuredmedia":[{"embeddable":true,"href":"https:\/\/verdadeon.com.br\/portal\/wp-json\/wp\/v2\/media\/13990"}],"wp:attachment":[{"href":"https:\/\/verdadeon.com.br\/portal\/wp-json\/wp\/v2\/media?parent=14032"}],"wp:term":[{"taxonomy":"category","embeddable":true,"href":"https:\/\/verdadeon.com.br\/portal\/wp-json\/wp\/v2\/categories?post=14032"},{"taxonomy":"post_tag","embeddable":true,"href":"https:\/\/verdadeon.com.br\/portal\/wp-json\/wp\/v2\/tags?post=14032"}],"curies":[{"name":"wp","href":"https:\/\/api.w.org\/{rel}","templated":true}]}}