{"id":14006,"date":"2021-02-06T14:42:54","date_gmt":"2021-02-06T17:42:54","guid":{"rendered":"https:\/\/verdadeon.com.br\/portal\/?p=14006"},"modified":"2021-02-06T14:42:54","modified_gmt":"2021-02-06T17:42:54","slug":"igrejas-academias-bares-e-restaurantes-tambem-poderao-abrir-entenda-as-regras","status":"publish","type":"post","link":"https:\/\/verdadeon.com.br\/portal\/2021\/02\/06\/igrejas-academias-bares-e-restaurantes-tambem-poderao-abrir-entenda-as-regras\/","title":{"rendered":"Igrejas, academias, bares e restaurantes tamb\u00e9m poder\u00e3o abrir, entenda as regras"},"content":{"rendered":"<h2>\u00a0Normas foram publicadas na edi\u00e7\u00e3o deste s\u00e1bado do Di\u00e1rio Oficial do Munic\u00edpio<\/h2>\n<p>Foram publicadas no Di\u00e1rio Oficial do Munic\u00edpio, as regras para o funcionamento do com\u00e9rcio, bares, restaurantes e academias na flexibiliza\u00e7\u00e3o independente feita pela Prefeitura de Franca na \u00faltima sexta-feira (5).<br \/>\nPelas normas, as igrejas podem funcionar com 30% da capacidade, antes eram apenas 10%. As academias que antes podiam atender com at\u00e9 40% da capacidade, agora podem atender com apenas 15%. Bares e restaurantes dever\u00e3o ocupar no m\u00e1ximo 40% das mesas e podem trabalhar apenas at\u00e9 \u00e0s 22h.<br \/>\nConfira a publica\u00e7\u00e3o do Di\u00e1rio:<br \/>\n1\u00ba. O funcionamento da atividade econ\u00f4mica de com\u00e9rcio se dar\u00e1 no sistema \u201cdrive thru\u201d e Takye Wey, os quais dever\u00e3o:<br \/>\nI. Impor barreira f\u00edsica e r\u00edgida para impedir o acesso de quaisquer consumidores\/clientes no interior da empresa\/loja;<br \/>\nII. Restringir a aquisi\u00e7\u00e3o de produtos mediante entrega simples, sem possibilitar degusta\u00e7\u00e3o de alimentos e experimenta\u00e7\u00e3o de pe\u00e7as;<br \/>\nIII. Providenciar agendamento pr\u00e9vio para as situa\u00e7\u00f5es em que a verifica\u00e7\u00e3o in loco da mercadoria seja necess\u00e1ria;<br \/>\n2\u00ba Os Shoppings, galerias e cong\u00eaneres ter\u00e1 circula\u00e7\u00e3o interna limitada a 30% de sua capacidade, devendo seus estabelecimentos comerciais observar o mesmo funcionamento do com\u00e9rcio previsto no par\u00e1grafo anterior;<br \/>\n3\u00ba. Bares e restaurantes respeitar\u00e3o uma capacidade m\u00e1xima de 40% (quarenta por cento)<br \/>\n4\u00ba. A pra\u00e7a de alimenta\u00e7\u00e3o dos shoppings e galerias observar\u00e3o as mesmas regras dos bares e restaurantes;<br \/>\n5\u00ba A abertura das Igrejas respeitar\u00e1 uma capacidade m\u00e1xima de ocupa\u00e7\u00e3o em 30% (trinta por cento);<br \/>\n6\u00ba. Academias de gin\u00e1stica e centros esportivos observar\u00e3o uma taxa de ocupa\u00e7\u00e3o m\u00e1xima de 15% (quinze por cento);<br \/>\n7\u00ba. Sal\u00f5es de beleza e barbearias atendimentos agendados com hora marcada;<br \/>\n8\u00ba. Prestadores de servi\u00e7os o atendimento ser\u00e1 de forma agendada e com hora marcada.<\/p>\n","protected":false},"excerpt":{"rendered":"<p>\u00a0Normas foram publicadas na edi\u00e7\u00e3o deste s\u00e1bado do Di\u00e1rio Oficial do Munic\u00edpio Foram publicadas no Di\u00e1rio Oficial do Munic\u00edpio, as regras para o funcionamento do com\u00e9rcio,<span class=\"excerpt-hellip\"> [\u2026]<\/span><\/p>\n","protected":false},"author":4,"featured_media":14014,"comment_status":"open","ping_status":"open","sticky":false,"template":"","format":"standard","meta":{"_jetpack_memberships_contains_paid_content":false,"footnotes":"","jetpack_publicize_message":"","jetpack_publicize_feature_enabled":true,"jetpack_social_post_already_shared":false,"jetpack_social_options":{"image_generator_settings":{"template":"highway","default_image_id":0,"enabled":false},"version":2}},"categories":[28,81],"tags":[],"class_list":["post-14006","post","type-post","status-publish","format-standard","has-post-thumbnail","hentry","category-cotidiano","category-manchete"],"yoast_head":"<!-- This site is optimized with the Yoast SEO plugin v25.6 - https:\/\/yoast.com\/wordpress\/plugins\/seo\/ -->\n<title>Igrejas, academias, bares e restaurantes tamb\u00e9m poder\u00e3o abrir, entenda as regras - VerdadeOn<\/title>\n<meta name=\"robots\" content=\"index, follow, max-snippet:-1, max-image-preview:large, max-video-preview:-1\" \/>\n<link rel=\"canonical\" href=\"https:\/\/verdadeon.com.br\/portal\/2021\/02\/06\/igrejas-academias-bares-e-restaurantes-tambem-poderao-abrir-entenda-as-regras\/\" \/>\n<meta property=\"og:locale\" content=\"pt_BR\" \/>\n<meta property=\"og:type\" content=\"article\" \/>\n<meta property=\"og:title\" content=\"Igrejas, academias, bares e restaurantes tamb\u00e9m poder\u00e3o abrir, entenda as regras - VerdadeOn\" \/>\n<meta property=\"og:description\" content=\"\u00a0Normas foram publicadas na edi\u00e7\u00e3o deste s\u00e1bado do Di\u00e1rio Oficial do Munic\u00edpio Foram publicadas no Di\u00e1rio Oficial do Munic\u00edpio, as regras para o funcionamento do com\u00e9rcio, [\u2026]\" \/>\n<meta property=\"og:url\" content=\"https:\/\/verdadeon.com.br\/portal\/2021\/02\/06\/igrejas-academias-bares-e-restaurantes-tambem-poderao-abrir-entenda-as-regras\/\" \/>\n<meta property=\"og:site_name\" content=\"VerdadeOn\" \/>\n<meta property=\"article:published_time\" content=\"2021-02-06T17:42:54+00:00\" \/>\n<meta property=\"og:image\" content=\"https:\/\/verdadeon.com.br\/portal\/wp-content\/uploads\/2021\/02\/WhatsApp-Image-2021-02-06-at-14.09.04.jpeg\" \/>\n\t<meta property=\"og:image:width\" content=\"1000\" \/>\n\t<meta property=\"og:image:height\" content=\"670\" \/>\n\t<meta property=\"og:image:type\" content=\"image\/jpeg\" \/>\n<meta name=\"author\" content=\"Fernando Calixto\" \/>\n<meta name=\"twitter:card\" content=\"summary_large_image\" \/>\n<meta name=\"twitter:label1\" content=\"Escrito por\" \/>\n\t<meta name=\"twitter:data1\" content=\"Fernando Calixto\" \/>\n\t<meta name=\"twitter:label2\" content=\"Est. tempo de leitura\" \/>\n\t<meta name=\"twitter:data2\" content=\"2 minutos\" \/>\n<script type=\"application\/ld+json\" class=\"yoast-schema-graph\">{\"@context\":\"https:\/\/schema.org\",\"@graph\":[{\"@type\":\"WebPage\",\"@id\":\"https:\/\/verdadeon.com.br\/portal\/2021\/02\/06\/igrejas-academias-bares-e-restaurantes-tambem-poderao-abrir-entenda-as-regras\/\",\"url\":\"https:\/\/verdadeon.com.br\/portal\/2021\/02\/06\/igrejas-academias-bares-e-restaurantes-tambem-poderao-abrir-entenda-as-regras\/\",\"name\":\"Igrejas, academias, bares e restaurantes tamb\u00e9m poder\u00e3o abrir, entenda as regras - VerdadeOn\",\"isPartOf\":{\"@id\":\"https:\/\/verdadeon.com.br\/portal\/#website\"},\"primaryImageOfPage\":{\"@id\":\"https:\/\/verdadeon.com.br\/portal\/2021\/02\/06\/igrejas-academias-bares-e-restaurantes-tambem-poderao-abrir-entenda-as-regras\/#primaryimage\"},\"image\":{\"@id\":\"https:\/\/verdadeon.com.br\/portal\/2021\/02\/06\/igrejas-academias-bares-e-restaurantes-tambem-poderao-abrir-entenda-as-regras\/#primaryimage\"},\"thumbnailUrl\":\"https:\/\/i0.wp.com\/verdadeon.com.br\/portal\/wp-content\/uploads\/2021\/02\/WhatsApp-Image-2021-02-06-at-14.09.04.jpeg?fit=1000%2C670&ssl=1\",\"datePublished\":\"2021-02-06T17:42:54+00:00\",\"author\":{\"@id\":\"https:\/\/verdadeon.com.br\/portal\/#\/schema\/person\/8994718f49ee62ba5610471e29ca1f62\"},\"breadcrumb\":{\"@id\":\"https:\/\/verdadeon.com.br\/portal\/2021\/02\/06\/igrejas-academias-bares-e-restaurantes-tambem-poderao-abrir-entenda-as-regras\/#breadcrumb\"},\"inLanguage\":\"pt-BR\",\"potentialAction\":[{\"@type\":\"ReadAction\",\"target\":[\"https:\/\/verdadeon.com.br\/portal\/2021\/02\/06\/igrejas-academias-bares-e-restaurantes-tambem-poderao-abrir-entenda-as-regras\/\"]}]},{\"@type\":\"ImageObject\",\"inLanguage\":\"pt-BR\",\"@id\":\"https:\/\/verdadeon.com.br\/portal\/2021\/02\/06\/igrejas-academias-bares-e-restaurantes-tambem-poderao-abrir-entenda-as-regras\/#primaryimage\",\"url\":\"https:\/\/i0.wp.com\/verdadeon.com.br\/portal\/wp-content\/uploads\/2021\/02\/WhatsApp-Image-2021-02-06-at-14.09.04.jpeg?fit=1000%2C670&ssl=1\",\"contentUrl\":\"https:\/\/i0.wp.com\/verdadeon.com.br\/portal\/wp-content\/uploads\/2021\/02\/WhatsApp-Image-2021-02-06-at-14.09.04.jpeg?fit=1000%2C670&ssl=1\",\"width\":1000,\"height\":670,\"caption\":\"Decis\u00e3o pela flexibiliza\u00e7\u00e3o independente veio ap\u00f3s reuni\u00f5es do prefeito com setores do com\u00e9rcio | Foto: Jornal Verdade\"},{\"@type\":\"BreadcrumbList\",\"@id\":\"https:\/\/verdadeon.com.br\/portal\/2021\/02\/06\/igrejas-academias-bares-e-restaurantes-tambem-poderao-abrir-entenda-as-regras\/#breadcrumb\",\"itemListElement\":[{\"@type\":\"ListItem\",\"position\":1,\"name\":\"In\u00edcio\",\"item\":\"https:\/\/verdadeon.com.br\/portal\/\"},{\"@type\":\"ListItem\",\"position\":2,\"name\":\"Igrejas, academias, bares e restaurantes tamb\u00e9m poder\u00e3o abrir, entenda as regras\"}]},{\"@type\":\"WebSite\",\"@id\":\"https:\/\/verdadeon.com.br\/portal\/#website\",\"url\":\"https:\/\/verdadeon.com.br\/portal\/\",\"name\":\"VerdadeOn\",\"description\":\"Not\u00edcias di\u00e1rias sobre Franca, Regi\u00e3o, Esporte, Cultura, Cotidiano, Colunas. Cobertura nos principais eventos da cidade \u00e9 aqui - Verdadeon Franca\",\"potentialAction\":[{\"@type\":\"SearchAction\",\"target\":{\"@type\":\"EntryPoint\",\"urlTemplate\":\"https:\/\/verdadeon.com.br\/portal\/?s={search_term_string}\"},\"query-input\":{\"@type\":\"PropertyValueSpecification\",\"valueRequired\":true,\"valueName\":\"search_term_string\"}}],\"inLanguage\":\"pt-BR\"},{\"@type\":\"Person\",\"@id\":\"https:\/\/verdadeon.com.br\/portal\/#\/schema\/person\/8994718f49ee62ba5610471e29ca1f62\",\"name\":\"Fernando Calixto\",\"image\":{\"@type\":\"ImageObject\",\"inLanguage\":\"pt-BR\",\"@id\":\"https:\/\/verdadeon.com.br\/portal\/#\/schema\/person\/image\/\",\"url\":\"https:\/\/secure.gravatar.com\/avatar\/7578910c24966c0316c340f9dbd601e93ee9f9212e1033968b367af9306bd9fb?s=96&d=mm&r=g\",\"contentUrl\":\"https:\/\/secure.gravatar.com\/avatar\/7578910c24966c0316c340f9dbd601e93ee9f9212e1033968b367af9306bd9fb?s=96&d=mm&r=g\",\"caption\":\"Fernando Calixto\"},\"url\":\"https:\/\/verdadeon.com.br\/portal\/author\/fernando-calixto\/\"}]}<\/script>\n<!-- \/ Yoast SEO plugin. -->","yoast_head_json":{"title":"Igrejas, academias, bares e restaurantes tamb\u00e9m poder\u00e3o abrir, entenda as regras - VerdadeOn","robots":{"index":"index","follow":"follow","max-snippet":"max-snippet:-1","max-image-preview":"max-image-preview:large","max-video-preview":"max-video-preview:-1"},"canonical":"https:\/\/verdadeon.com.br\/portal\/2021\/02\/06\/igrejas-academias-bares-e-restaurantes-tambem-poderao-abrir-entenda-as-regras\/","og_locale":"pt_BR","og_type":"article","og_title":"Igrejas, academias, bares e restaurantes tamb\u00e9m poder\u00e3o abrir, entenda as regras - VerdadeOn","og_description":"\u00a0Normas foram publicadas na edi\u00e7\u00e3o deste s\u00e1bado do Di\u00e1rio Oficial do Munic\u00edpio Foram publicadas no Di\u00e1rio Oficial do Munic\u00edpio, as regras para o funcionamento do com\u00e9rcio, [\u2026]","og_url":"https:\/\/verdadeon.com.br\/portal\/2021\/02\/06\/igrejas-academias-bares-e-restaurantes-tambem-poderao-abrir-entenda-as-regras\/","og_site_name":"VerdadeOn","article_published_time":"2021-02-06T17:42:54+00:00","og_image":[{"width":1000,"height":670,"url":"https:\/\/verdadeon.com.br\/portal\/wp-content\/uploads\/2021\/02\/WhatsApp-Image-2021-02-06-at-14.09.04.jpeg","type":"image\/jpeg"}],"author":"Fernando Calixto","twitter_card":"summary_large_image","twitter_misc":{"Escrito por":"Fernando Calixto","Est. tempo de leitura":"2 minutos"},"schema":{"@context":"https:\/\/schema.org","@graph":[{"@type":"WebPage","@id":"https:\/\/verdadeon.com.br\/portal\/2021\/02\/06\/igrejas-academias-bares-e-restaurantes-tambem-poderao-abrir-entenda-as-regras\/","url":"https:\/\/verdadeon.com.br\/portal\/2021\/02\/06\/igrejas-academias-bares-e-restaurantes-tambem-poderao-abrir-entenda-as-regras\/","name":"Igrejas, academias, bares e restaurantes tamb\u00e9m poder\u00e3o abrir, entenda as regras - VerdadeOn","isPartOf":{"@id":"https:\/\/verdadeon.com.br\/portal\/#website"},"primaryImageOfPage":{"@id":"https:\/\/verdadeon.com.br\/portal\/2021\/02\/06\/igrejas-academias-bares-e-restaurantes-tambem-poderao-abrir-entenda-as-regras\/#primaryimage"},"image":{"@id":"https:\/\/verdadeon.com.br\/portal\/2021\/02\/06\/igrejas-academias-bares-e-restaurantes-tambem-poderao-abrir-entenda-as-regras\/#primaryimage"},"thumbnailUrl":"https:\/\/i0.wp.com\/verdadeon.com.br\/portal\/wp-content\/uploads\/2021\/02\/WhatsApp-Image-2021-02-06-at-14.09.04.jpeg?fit=1000%2C670&ssl=1","datePublished":"2021-02-06T17:42:54+00:00","author":{"@id":"https:\/\/verdadeon.com.br\/portal\/#\/schema\/person\/8994718f49ee62ba5610471e29ca1f62"},"breadcrumb":{"@id":"https:\/\/verdadeon.com.br\/portal\/2021\/02\/06\/igrejas-academias-bares-e-restaurantes-tambem-poderao-abrir-entenda-as-regras\/#breadcrumb"},"inLanguage":"pt-BR","potentialAction":[{"@type":"ReadAction","target":["https:\/\/verdadeon.com.br\/portal\/2021\/02\/06\/igrejas-academias-bares-e-restaurantes-tambem-poderao-abrir-entenda-as-regras\/"]}]},{"@type":"ImageObject","inLanguage":"pt-BR","@id":"https:\/\/verdadeon.com.br\/portal\/2021\/02\/06\/igrejas-academias-bares-e-restaurantes-tambem-poderao-abrir-entenda-as-regras\/#primaryimage","url":"https:\/\/i0.wp.com\/verdadeon.com.br\/portal\/wp-content\/uploads\/2021\/02\/WhatsApp-Image-2021-02-06-at-14.09.04.jpeg?fit=1000%2C670&ssl=1","contentUrl":"https:\/\/i0.wp.com\/verdadeon.com.br\/portal\/wp-content\/uploads\/2021\/02\/WhatsApp-Image-2021-02-06-at-14.09.04.jpeg?fit=1000%2C670&ssl=1","width":1000,"height":670,"caption":"Decis\u00e3o pela flexibiliza\u00e7\u00e3o independente veio ap\u00f3s reuni\u00f5es do prefeito com setores do com\u00e9rcio | Foto: Jornal Verdade"},{"@type":"BreadcrumbList","@id":"https:\/\/verdadeon.com.br\/portal\/2021\/02\/06\/igrejas-academias-bares-e-restaurantes-tambem-poderao-abrir-entenda-as-regras\/#breadcrumb","itemListElement":[{"@type":"ListItem","position":1,"name":"In\u00edcio","item":"https:\/\/verdadeon.com.br\/portal\/"},{"@type":"ListItem","position":2,"name":"Igrejas, academias, bares e restaurantes tamb\u00e9m poder\u00e3o abrir, entenda as regras"}]},{"@type":"WebSite","@id":"https:\/\/verdadeon.com.br\/portal\/#website","url":"https:\/\/verdadeon.com.br\/portal\/","name":"VerdadeOn","description":"Not\u00edcias di\u00e1rias sobre Franca, Regi\u00e3o, Esporte, Cultura, Cotidiano, Colunas. Cobertura nos principais eventos da cidade \u00e9 aqui - Verdadeon Franca","potentialAction":[{"@type":"SearchAction","target":{"@type":"EntryPoint","urlTemplate":"https:\/\/verdadeon.com.br\/portal\/?s={search_term_string}"},"query-input":{"@type":"PropertyValueSpecification","valueRequired":true,"valueName":"search_term_string"}}],"inLanguage":"pt-BR"},{"@type":"Person","@id":"https:\/\/verdadeon.com.br\/portal\/#\/schema\/person\/8994718f49ee62ba5610471e29ca1f62","name":"Fernando Calixto","image":{"@type":"ImageObject","inLanguage":"pt-BR","@id":"https:\/\/verdadeon.com.br\/portal\/#\/schema\/person\/image\/","url":"https:\/\/secure.gravatar.com\/avatar\/7578910c24966c0316c340f9dbd601e93ee9f9212e1033968b367af9306bd9fb?s=96&d=mm&r=g","contentUrl":"https:\/\/secure.gravatar.com\/avatar\/7578910c24966c0316c340f9dbd601e93ee9f9212e1033968b367af9306bd9fb?s=96&d=mm&r=g","caption":"Fernando Calixto"},"url":"https:\/\/verdadeon.com.br\/portal\/author\/fernando-calixto\/"}]}},"jetpack_publicize_connections":[],"jetpack_featured_media_url":"https:\/\/i0.wp.com\/verdadeon.com.br\/portal\/wp-content\/uploads\/2021\/02\/WhatsApp-Image-2021-02-06-at-14.09.04.jpeg?fit=1000%2C670&ssl=1","jetpack_sharing_enabled":true,"_links":{"self":[{"href":"https:\/\/verdadeon.com.br\/portal\/wp-json\/wp\/v2\/posts\/14006","targetHints":{"allow":["GET"]}}],"collection":[{"href":"https:\/\/verdadeon.com.br\/portal\/wp-json\/wp\/v2\/posts"}],"about":[{"href":"https:\/\/verdadeon.com.br\/portal\/wp-json\/wp\/v2\/types\/post"}],"author":[{"embeddable":true,"href":"https:\/\/verdadeon.com.br\/portal\/wp-json\/wp\/v2\/users\/4"}],"replies":[{"embeddable":true,"href":"https:\/\/verdadeon.com.br\/portal\/wp-json\/wp\/v2\/comments?post=14006"}],"version-history":[{"count":0,"href":"https:\/\/verdadeon.com.br\/portal\/wp-json\/wp\/v2\/posts\/14006\/revisions"}],"wp:featuredmedia":[{"embeddable":true,"href":"https:\/\/verdadeon.com.br\/portal\/wp-json\/wp\/v2\/media\/14014"}],"wp:attachment":[{"href":"https:\/\/verdadeon.com.br\/portal\/wp-json\/wp\/v2\/media?parent=14006"}],"wp:term":[{"taxonomy":"category","embeddable":true,"href":"https:\/\/verdadeon.com.br\/portal\/wp-json\/wp\/v2\/categories?post=14006"},{"taxonomy":"post_tag","embeddable":true,"href":"https:\/\/verdadeon.com.br\/portal\/wp-json\/wp\/v2\/tags?post=14006"}],"curies":[{"name":"wp","href":"https:\/\/api.w.org\/{rel}","templated":true}]}}