{"id":13938,"date":"2021-02-04T12:00:31","date_gmt":"2021-02-04T15:00:31","guid":{"rendered":"https:\/\/verdadeon.com.br\/portal\/?p=13938"},"modified":"2021-02-04T15:06:53","modified_gmt":"2021-02-04T18:06:53","slug":"bercario-dona-nina-realiza-drive-de-arrecadacao-de-alimentos-para-familias-carentes","status":"publish","type":"post","link":"https:\/\/verdadeon.com.br\/portal\/2021\/02\/04\/bercario-dona-nina-realiza-drive-de-arrecadacao-de-alimentos-para-familias-carentes\/","title":{"rendered":"Ber\u00e7\u00e1rio Dona Nina realiza drive de arrecada\u00e7\u00e3o de alimentos para fam\u00edlias carentes"},"content":{"rendered":"<h2>Mais de 200 cestas s\u00e3o distribu\u00eddas pela institui\u00e7\u00e3o mensalmente, mas por conta da pandemia entidade passa por dificuldades<\/h2>\n<p>No pr\u00f3ximo s\u00e1bado o Ber\u00e7\u00e1rio Dona Nina realiza um drive thru solid\u00e1rio, para arrecadar alimentos da cesta b\u00e1sica, a entidade atende mais de 200 fam\u00edlias carentes que dependem dessa doa\u00e7\u00e3o.<br \/>\n\u201cNossos estoques est\u00e3o zerados, n\u00e3o temos nada. No m\u00eas passado foi necess\u00e1rio comprar alimentos para completar as cestas que temos que doar\u201d, contou a diretora do Ber\u00e7\u00e1rio, Rosinha Aylon.<br \/>\nAinda de acordo com ela, a pandemia dificultou a vida da entidade, j\u00e1 que os eventos tradicionais como o jantar dan\u00e7ante, n\u00e3o puderam ser realizados e eles s\u00e3o fontes importantes de arrecada\u00e7\u00e3o para manter o trabalho. \u201cA arrecada\u00e7\u00e3o diminuiu, mas a assist\u00eancia aumentou. As pessoas est\u00e3o precisando mais de doa\u00e7\u00f5es de alimentos, ent\u00e3o temos que nos virar. Esse drive \u00e9 importante para que tenhamos condi\u00e7\u00f5es de manter as cestas. Qualquer alimento pode ser doado. Arroz, feij\u00e3o, a\u00e7\u00facar, o que o cora\u00e7\u00e3o mandar\u201d, relatou.<br \/>\nO tesoureiro do Ber\u00e7\u00e1rio, Leonel Aylon, explicou que al\u00e9m da doa\u00e7\u00e3o de alimentos no drive, as pessoas podem fazer qualquer doa\u00e7\u00e3o em valores para a institui\u00e7\u00e3o. \u201cTemos nossos canais, voc\u00eas podem doar aqui na sede do Ber\u00e7\u00e1rio que tudo ser\u00e1 revertido para quem realmente precisa\u201d, argumentou.<br \/>\nO drive acontece no s\u00e1bado, no Ber\u00e7\u00e1rio, que fica na rua De\u00f3clides Barbosa Leme, 411. O pix onde as doa\u00e7\u00f5es podem ser feitas, \u00e9 o 50485457000101<\/p>\n","protected":false},"excerpt":{"rendered":"<p>Mais de 200 cestas s\u00e3o distribu\u00eddas pela institui\u00e7\u00e3o mensalmente, mas por conta da pandemia entidade passa por dificuldades No pr\u00f3ximo s\u00e1bado o Ber\u00e7\u00e1rio Dona Nina realiza<span class=\"excerpt-hellip\"> [\u2026]<\/span><\/p>\n","protected":false},"author":4,"featured_media":13936,"comment_status":"open","ping_status":"open","sticky":false,"template":"","format":"standard","meta":{"_jetpack_memberships_contains_paid_content":false,"footnotes":"","jetpack_publicize_message":"","jetpack_publicize_feature_enabled":true,"jetpack_social_post_already_shared":false,"jetpack_social_options":{"image_generator_settings":{"template":"highway","default_image_id":0,"enabled":false},"version":2}},"categories":[28,81],"tags":[],"class_list":["post-13938","post","type-post","status-publish","format-standard","has-post-thumbnail","hentry","category-cotidiano","category-manchete"],"yoast_head":"<!-- This site is optimized with the Yoast SEO plugin v25.6 - https:\/\/yoast.com\/wordpress\/plugins\/seo\/ -->\n<title>Ber\u00e7\u00e1rio Dona Nina realiza drive de arrecada\u00e7\u00e3o de alimentos para fam\u00edlias carentes - VerdadeOn<\/title>\n<meta name=\"robots\" content=\"index, follow, max-snippet:-1, max-image-preview:large, max-video-preview:-1\" \/>\n<link rel=\"canonical\" href=\"https:\/\/verdadeon.com.br\/portal\/2021\/02\/04\/bercario-dona-nina-realiza-drive-de-arrecadacao-de-alimentos-para-familias-carentes\/\" \/>\n<meta property=\"og:locale\" content=\"pt_BR\" \/>\n<meta property=\"og:type\" content=\"article\" \/>\n<meta property=\"og:title\" content=\"Ber\u00e7\u00e1rio Dona Nina realiza drive de arrecada\u00e7\u00e3o de alimentos para fam\u00edlias carentes - VerdadeOn\" \/>\n<meta property=\"og:description\" content=\"Mais de 200 cestas s\u00e3o distribu\u00eddas pela institui\u00e7\u00e3o mensalmente, mas por conta da pandemia entidade passa por dificuldades No pr\u00f3ximo s\u00e1bado o Ber\u00e7\u00e1rio Dona Nina realiza [\u2026]\" \/>\n<meta property=\"og:url\" content=\"https:\/\/verdadeon.com.br\/portal\/2021\/02\/04\/bercario-dona-nina-realiza-drive-de-arrecadacao-de-alimentos-para-familias-carentes\/\" \/>\n<meta property=\"og:site_name\" content=\"VerdadeOn\" \/>\n<meta property=\"article:published_time\" content=\"2021-02-04T15:00:31+00:00\" \/>\n<meta property=\"article:modified_time\" content=\"2021-02-04T18:06:53+00:00\" \/>\n<meta property=\"og:image\" content=\"https:\/\/verdadeon.com.br\/portal\/wp-content\/uploads\/2021\/02\/WhatsApp-Image-2021-02-04-at-14.57.52.jpeg\" \/>\n\t<meta property=\"og:image:width\" content=\"1000\" \/>\n\t<meta property=\"og:image:height\" content=\"670\" \/>\n\t<meta property=\"og:image:type\" content=\"image\/jpeg\" \/>\n<meta name=\"author\" content=\"Fernando Calixto\" \/>\n<meta name=\"twitter:card\" content=\"summary_large_image\" \/>\n<meta name=\"twitter:label1\" content=\"Escrito por\" \/>\n\t<meta name=\"twitter:data1\" content=\"Fernando Calixto\" \/>\n\t<meta name=\"twitter:label2\" content=\"Est. tempo de leitura\" \/>\n\t<meta name=\"twitter:data2\" content=\"2 minutos\" \/>\n<script type=\"application\/ld+json\" class=\"yoast-schema-graph\">{\"@context\":\"https:\/\/schema.org\",\"@graph\":[{\"@type\":\"WebPage\",\"@id\":\"https:\/\/verdadeon.com.br\/portal\/2021\/02\/04\/bercario-dona-nina-realiza-drive-de-arrecadacao-de-alimentos-para-familias-carentes\/\",\"url\":\"https:\/\/verdadeon.com.br\/portal\/2021\/02\/04\/bercario-dona-nina-realiza-drive-de-arrecadacao-de-alimentos-para-familias-carentes\/\",\"name\":\"Ber\u00e7\u00e1rio Dona Nina realiza drive de arrecada\u00e7\u00e3o de alimentos para fam\u00edlias carentes - VerdadeOn\",\"isPartOf\":{\"@id\":\"https:\/\/verdadeon.com.br\/portal\/#website\"},\"primaryImageOfPage\":{\"@id\":\"https:\/\/verdadeon.com.br\/portal\/2021\/02\/04\/bercario-dona-nina-realiza-drive-de-arrecadacao-de-alimentos-para-familias-carentes\/#primaryimage\"},\"image\":{\"@id\":\"https:\/\/verdadeon.com.br\/portal\/2021\/02\/04\/bercario-dona-nina-realiza-drive-de-arrecadacao-de-alimentos-para-familias-carentes\/#primaryimage\"},\"thumbnailUrl\":\"https:\/\/i0.wp.com\/verdadeon.com.br\/portal\/wp-content\/uploads\/2021\/02\/WhatsApp-Image-2021-02-04-at-14.57.52.jpeg?fit=1000%2C670&ssl=1\",\"datePublished\":\"2021-02-04T15:00:31+00:00\",\"dateModified\":\"2021-02-04T18:06:53+00:00\",\"author\":{\"@id\":\"https:\/\/verdadeon.com.br\/portal\/#\/schema\/person\/8994718f49ee62ba5610471e29ca1f62\"},\"breadcrumb\":{\"@id\":\"https:\/\/verdadeon.com.br\/portal\/2021\/02\/04\/bercario-dona-nina-realiza-drive-de-arrecadacao-de-alimentos-para-familias-carentes\/#breadcrumb\"},\"inLanguage\":\"pt-BR\",\"potentialAction\":[{\"@type\":\"ReadAction\",\"target\":[\"https:\/\/verdadeon.com.br\/portal\/2021\/02\/04\/bercario-dona-nina-realiza-drive-de-arrecadacao-de-alimentos-para-familias-carentes\/\"]}]},{\"@type\":\"ImageObject\",\"inLanguage\":\"pt-BR\",\"@id\":\"https:\/\/verdadeon.com.br\/portal\/2021\/02\/04\/bercario-dona-nina-realiza-drive-de-arrecadacao-de-alimentos-para-familias-carentes\/#primaryimage\",\"url\":\"https:\/\/i0.wp.com\/verdadeon.com.br\/portal\/wp-content\/uploads\/2021\/02\/WhatsApp-Image-2021-02-04-at-14.57.52.jpeg?fit=1000%2C670&ssl=1\",\"contentUrl\":\"https:\/\/i0.wp.com\/verdadeon.com.br\/portal\/wp-content\/uploads\/2021\/02\/WhatsApp-Image-2021-02-04-at-14.57.52.jpeg?fit=1000%2C670&ssl=1\",\"width\":1000,\"height\":670,\"caption\":\"Rosinha Aylon \u00e9 diretora do Ber\u00e7\u00e1rio Dona Nina, que atende crian\u00e7as que necessitam de cuidados especiais: \\\"Contamos com a presen\u00e7a da cidade e regi\u00e3o na Festa Julina\\\" | Foto: Jornal Verdade\"},{\"@type\":\"BreadcrumbList\",\"@id\":\"https:\/\/verdadeon.com.br\/portal\/2021\/02\/04\/bercario-dona-nina-realiza-drive-de-arrecadacao-de-alimentos-para-familias-carentes\/#breadcrumb\",\"itemListElement\":[{\"@type\":\"ListItem\",\"position\":1,\"name\":\"In\u00edcio\",\"item\":\"https:\/\/verdadeon.com.br\/portal\/\"},{\"@type\":\"ListItem\",\"position\":2,\"name\":\"Ber\u00e7\u00e1rio Dona Nina realiza drive de arrecada\u00e7\u00e3o de alimentos para fam\u00edlias carentes\"}]},{\"@type\":\"WebSite\",\"@id\":\"https:\/\/verdadeon.com.br\/portal\/#website\",\"url\":\"https:\/\/verdadeon.com.br\/portal\/\",\"name\":\"VerdadeOn\",\"description\":\"Not\u00edcias di\u00e1rias sobre Franca, Regi\u00e3o, Esporte, Cultura, Cotidiano, Colunas. Cobertura nos principais eventos da cidade \u00e9 aqui - Verdadeon Franca\",\"potentialAction\":[{\"@type\":\"SearchAction\",\"target\":{\"@type\":\"EntryPoint\",\"urlTemplate\":\"https:\/\/verdadeon.com.br\/portal\/?s={search_term_string}\"},\"query-input\":{\"@type\":\"PropertyValueSpecification\",\"valueRequired\":true,\"valueName\":\"search_term_string\"}}],\"inLanguage\":\"pt-BR\"},{\"@type\":\"Person\",\"@id\":\"https:\/\/verdadeon.com.br\/portal\/#\/schema\/person\/8994718f49ee62ba5610471e29ca1f62\",\"name\":\"Fernando Calixto\",\"image\":{\"@type\":\"ImageObject\",\"inLanguage\":\"pt-BR\",\"@id\":\"https:\/\/verdadeon.com.br\/portal\/#\/schema\/person\/image\/\",\"url\":\"https:\/\/secure.gravatar.com\/avatar\/7578910c24966c0316c340f9dbd601e93ee9f9212e1033968b367af9306bd9fb?s=96&d=mm&r=g\",\"contentUrl\":\"https:\/\/secure.gravatar.com\/avatar\/7578910c24966c0316c340f9dbd601e93ee9f9212e1033968b367af9306bd9fb?s=96&d=mm&r=g\",\"caption\":\"Fernando Calixto\"},\"url\":\"https:\/\/verdadeon.com.br\/portal\/author\/fernando-calixto\/\"}]}<\/script>\n<!-- \/ Yoast SEO plugin. -->","yoast_head_json":{"title":"Ber\u00e7\u00e1rio Dona Nina realiza drive de arrecada\u00e7\u00e3o de alimentos para fam\u00edlias carentes - VerdadeOn","robots":{"index":"index","follow":"follow","max-snippet":"max-snippet:-1","max-image-preview":"max-image-preview:large","max-video-preview":"max-video-preview:-1"},"canonical":"https:\/\/verdadeon.com.br\/portal\/2021\/02\/04\/bercario-dona-nina-realiza-drive-de-arrecadacao-de-alimentos-para-familias-carentes\/","og_locale":"pt_BR","og_type":"article","og_title":"Ber\u00e7\u00e1rio Dona Nina realiza drive de arrecada\u00e7\u00e3o de alimentos para fam\u00edlias carentes - VerdadeOn","og_description":"Mais de 200 cestas s\u00e3o distribu\u00eddas pela institui\u00e7\u00e3o mensalmente, mas por conta da pandemia entidade passa por dificuldades No pr\u00f3ximo s\u00e1bado o Ber\u00e7\u00e1rio Dona Nina realiza [\u2026]","og_url":"https:\/\/verdadeon.com.br\/portal\/2021\/02\/04\/bercario-dona-nina-realiza-drive-de-arrecadacao-de-alimentos-para-familias-carentes\/","og_site_name":"VerdadeOn","article_published_time":"2021-02-04T15:00:31+00:00","article_modified_time":"2021-02-04T18:06:53+00:00","og_image":[{"width":1000,"height":670,"url":"https:\/\/verdadeon.com.br\/portal\/wp-content\/uploads\/2021\/02\/WhatsApp-Image-2021-02-04-at-14.57.52.jpeg","type":"image\/jpeg"}],"author":"Fernando Calixto","twitter_card":"summary_large_image","twitter_misc":{"Escrito por":"Fernando Calixto","Est. tempo de leitura":"2 minutos"},"schema":{"@context":"https:\/\/schema.org","@graph":[{"@type":"WebPage","@id":"https:\/\/verdadeon.com.br\/portal\/2021\/02\/04\/bercario-dona-nina-realiza-drive-de-arrecadacao-de-alimentos-para-familias-carentes\/","url":"https:\/\/verdadeon.com.br\/portal\/2021\/02\/04\/bercario-dona-nina-realiza-drive-de-arrecadacao-de-alimentos-para-familias-carentes\/","name":"Ber\u00e7\u00e1rio Dona Nina realiza drive de arrecada\u00e7\u00e3o de alimentos para fam\u00edlias carentes - VerdadeOn","isPartOf":{"@id":"https:\/\/verdadeon.com.br\/portal\/#website"},"primaryImageOfPage":{"@id":"https:\/\/verdadeon.com.br\/portal\/2021\/02\/04\/bercario-dona-nina-realiza-drive-de-arrecadacao-de-alimentos-para-familias-carentes\/#primaryimage"},"image":{"@id":"https:\/\/verdadeon.com.br\/portal\/2021\/02\/04\/bercario-dona-nina-realiza-drive-de-arrecadacao-de-alimentos-para-familias-carentes\/#primaryimage"},"thumbnailUrl":"https:\/\/i0.wp.com\/verdadeon.com.br\/portal\/wp-content\/uploads\/2021\/02\/WhatsApp-Image-2021-02-04-at-14.57.52.jpeg?fit=1000%2C670&ssl=1","datePublished":"2021-02-04T15:00:31+00:00","dateModified":"2021-02-04T18:06:53+00:00","author":{"@id":"https:\/\/verdadeon.com.br\/portal\/#\/schema\/person\/8994718f49ee62ba5610471e29ca1f62"},"breadcrumb":{"@id":"https:\/\/verdadeon.com.br\/portal\/2021\/02\/04\/bercario-dona-nina-realiza-drive-de-arrecadacao-de-alimentos-para-familias-carentes\/#breadcrumb"},"inLanguage":"pt-BR","potentialAction":[{"@type":"ReadAction","target":["https:\/\/verdadeon.com.br\/portal\/2021\/02\/04\/bercario-dona-nina-realiza-drive-de-arrecadacao-de-alimentos-para-familias-carentes\/"]}]},{"@type":"ImageObject","inLanguage":"pt-BR","@id":"https:\/\/verdadeon.com.br\/portal\/2021\/02\/04\/bercario-dona-nina-realiza-drive-de-arrecadacao-de-alimentos-para-familias-carentes\/#primaryimage","url":"https:\/\/i0.wp.com\/verdadeon.com.br\/portal\/wp-content\/uploads\/2021\/02\/WhatsApp-Image-2021-02-04-at-14.57.52.jpeg?fit=1000%2C670&ssl=1","contentUrl":"https:\/\/i0.wp.com\/verdadeon.com.br\/portal\/wp-content\/uploads\/2021\/02\/WhatsApp-Image-2021-02-04-at-14.57.52.jpeg?fit=1000%2C670&ssl=1","width":1000,"height":670,"caption":"Rosinha Aylon \u00e9 diretora do Ber\u00e7\u00e1rio Dona Nina, que atende crian\u00e7as que necessitam de cuidados especiais: \"Contamos com a presen\u00e7a da cidade e regi\u00e3o na Festa Julina\" | Foto: Jornal Verdade"},{"@type":"BreadcrumbList","@id":"https:\/\/verdadeon.com.br\/portal\/2021\/02\/04\/bercario-dona-nina-realiza-drive-de-arrecadacao-de-alimentos-para-familias-carentes\/#breadcrumb","itemListElement":[{"@type":"ListItem","position":1,"name":"In\u00edcio","item":"https:\/\/verdadeon.com.br\/portal\/"},{"@type":"ListItem","position":2,"name":"Ber\u00e7\u00e1rio Dona Nina realiza drive de arrecada\u00e7\u00e3o de alimentos para fam\u00edlias carentes"}]},{"@type":"WebSite","@id":"https:\/\/verdadeon.com.br\/portal\/#website","url":"https:\/\/verdadeon.com.br\/portal\/","name":"VerdadeOn","description":"Not\u00edcias di\u00e1rias sobre Franca, Regi\u00e3o, Esporte, Cultura, Cotidiano, Colunas. Cobertura nos principais eventos da cidade \u00e9 aqui - Verdadeon Franca","potentialAction":[{"@type":"SearchAction","target":{"@type":"EntryPoint","urlTemplate":"https:\/\/verdadeon.com.br\/portal\/?s={search_term_string}"},"query-input":{"@type":"PropertyValueSpecification","valueRequired":true,"valueName":"search_term_string"}}],"inLanguage":"pt-BR"},{"@type":"Person","@id":"https:\/\/verdadeon.com.br\/portal\/#\/schema\/person\/8994718f49ee62ba5610471e29ca1f62","name":"Fernando Calixto","image":{"@type":"ImageObject","inLanguage":"pt-BR","@id":"https:\/\/verdadeon.com.br\/portal\/#\/schema\/person\/image\/","url":"https:\/\/secure.gravatar.com\/avatar\/7578910c24966c0316c340f9dbd601e93ee9f9212e1033968b367af9306bd9fb?s=96&d=mm&r=g","contentUrl":"https:\/\/secure.gravatar.com\/avatar\/7578910c24966c0316c340f9dbd601e93ee9f9212e1033968b367af9306bd9fb?s=96&d=mm&r=g","caption":"Fernando Calixto"},"url":"https:\/\/verdadeon.com.br\/portal\/author\/fernando-calixto\/"}]}},"jetpack_publicize_connections":[],"jetpack_featured_media_url":"https:\/\/i0.wp.com\/verdadeon.com.br\/portal\/wp-content\/uploads\/2021\/02\/WhatsApp-Image-2021-02-04-at-14.57.52.jpeg?fit=1000%2C670&ssl=1","jetpack_sharing_enabled":true,"_links":{"self":[{"href":"https:\/\/verdadeon.com.br\/portal\/wp-json\/wp\/v2\/posts\/13938","targetHints":{"allow":["GET"]}}],"collection":[{"href":"https:\/\/verdadeon.com.br\/portal\/wp-json\/wp\/v2\/posts"}],"about":[{"href":"https:\/\/verdadeon.com.br\/portal\/wp-json\/wp\/v2\/types\/post"}],"author":[{"embeddable":true,"href":"https:\/\/verdadeon.com.br\/portal\/wp-json\/wp\/v2\/users\/4"}],"replies":[{"embeddable":true,"href":"https:\/\/verdadeon.com.br\/portal\/wp-json\/wp\/v2\/comments?post=13938"}],"version-history":[{"count":0,"href":"https:\/\/verdadeon.com.br\/portal\/wp-json\/wp\/v2\/posts\/13938\/revisions"}],"wp:featuredmedia":[{"embeddable":true,"href":"https:\/\/verdadeon.com.br\/portal\/wp-json\/wp\/v2\/media\/13936"}],"wp:attachment":[{"href":"https:\/\/verdadeon.com.br\/portal\/wp-json\/wp\/v2\/media?parent=13938"}],"wp:term":[{"taxonomy":"category","embeddable":true,"href":"https:\/\/verdadeon.com.br\/portal\/wp-json\/wp\/v2\/categories?post=13938"},{"taxonomy":"post_tag","embeddable":true,"href":"https:\/\/verdadeon.com.br\/portal\/wp-json\/wp\/v2\/tags?post=13938"}],"curies":[{"name":"wp","href":"https:\/\/api.w.org\/{rel}","templated":true}]}}