{"id":13927,"date":"2021-02-03T22:04:54","date_gmt":"2021-02-04T01:04:54","guid":{"rendered":"https:\/\/verdadeon.com.br\/portal\/?p=13927"},"modified":"2021-02-03T22:04:54","modified_gmt":"2021-02-04T01:04:54","slug":"francanos-realizam-manifestacao-contra-o-governo-do-estado","status":"publish","type":"post","link":"https:\/\/verdadeon.com.br\/portal\/2021\/02\/03\/francanos-realizam-manifestacao-contra-o-governo-do-estado\/","title":{"rendered":"Francanos realizam manifesta\u00e7\u00e3o contra o governo do Estado"},"content":{"rendered":"<h2>Segundo organizadores, pelo menos 200 ve\u00edculos participaram da carreata que percorreu principais ruas e avenidas da cidade<\/h2>\n<p>Empres\u00e1rios, comerciantes, donos de ind\u00fastrias e trabalhadores do setor cal\u00e7adista, realizaram um grande protesto contra o Governo do Estado de S\u00e3o Paulo na tarde desta quarta-feira (3), em Franca. De acordo com os organizadores, pelo menos 200 ve\u00edculos participaram da manifesta\u00e7\u00e3o em forma de carreata, que foi totalmente pac\u00edfica.<br \/>\nOs manifestantes protestavam contra as medidas impostas pelo governador Jo\u00e3o Doria, na fase vermelha do Plano S\u00e3o Paulo na qual Franca est\u00e1 inserida desde o dia 25 de janeiro e ficou por praticamente dois meses em 2020.<br \/>\nEles ainda cobraram o governo sobre a retirada de leitos de UTI para o tratamento da COVID-19 de Franca e tamb\u00e9m nas cidades que fazem parte da DRI, o que resultou na regi\u00e3o com mais restri\u00e7\u00f5es.<br \/>\nO manifesto teve in\u00edcio na avenida Rio Amazonas e percorreu diversas ruas e avenidas da zona sul e da \u00e1rea central.<br \/>\nEste n\u00e3o \u00e9 o primeiro protesto enfrentado pelo governo do Estado neste ano em Franca, em janeiro produtores rurais se juntaram para protestar contra o aumento do ICMS, o manifesto surtiu efeito e o aumento foi revertido.<\/p>\n","protected":false},"excerpt":{"rendered":"<p>Segundo organizadores, pelo menos 200 ve\u00edculos participaram da carreata que percorreu principais ruas e avenidas da cidade Empres\u00e1rios, comerciantes, donos de ind\u00fastrias e trabalhadores do setor<span class=\"excerpt-hellip\"> [\u2026]<\/span><\/p>\n","protected":false},"author":4,"featured_media":13928,"comment_status":"open","ping_status":"open","sticky":false,"template":"","format":"standard","meta":{"_jetpack_memberships_contains_paid_content":false,"footnotes":"","jetpack_publicize_message":"","jetpack_publicize_feature_enabled":true,"jetpack_social_post_already_shared":false,"jetpack_social_options":{"image_generator_settings":{"template":"highway","default_image_id":0,"enabled":false},"version":2}},"categories":[28,81],"tags":[],"class_list":["post-13927","post","type-post","status-publish","format-standard","has-post-thumbnail","hentry","category-cotidiano","category-manchete"],"yoast_head":"<!-- This site is optimized with the Yoast SEO plugin v25.6 - https:\/\/yoast.com\/wordpress\/plugins\/seo\/ -->\n<title>Francanos realizam manifesta\u00e7\u00e3o contra o governo do Estado - VerdadeOn<\/title>\n<meta name=\"robots\" content=\"index, follow, max-snippet:-1, max-image-preview:large, max-video-preview:-1\" \/>\n<link rel=\"canonical\" href=\"https:\/\/verdadeon.com.br\/portal\/2021\/02\/03\/francanos-realizam-manifestacao-contra-o-governo-do-estado\/\" \/>\n<meta property=\"og:locale\" content=\"pt_BR\" \/>\n<meta property=\"og:type\" content=\"article\" \/>\n<meta property=\"og:title\" content=\"Francanos realizam manifesta\u00e7\u00e3o contra o governo do Estado - VerdadeOn\" \/>\n<meta property=\"og:description\" content=\"Segundo organizadores, pelo menos 200 ve\u00edculos participaram da carreata que percorreu principais ruas e avenidas da cidade Empres\u00e1rios, comerciantes, donos de ind\u00fastrias e trabalhadores do setor [\u2026]\" \/>\n<meta property=\"og:url\" content=\"https:\/\/verdadeon.com.br\/portal\/2021\/02\/03\/francanos-realizam-manifestacao-contra-o-governo-do-estado\/\" \/>\n<meta property=\"og:site_name\" content=\"VerdadeOn\" \/>\n<meta property=\"article:published_time\" content=\"2021-02-04T01:04:54+00:00\" \/>\n<meta property=\"og:image\" content=\"https:\/\/verdadeon.com.br\/portal\/wp-content\/uploads\/2021\/02\/WhatsApp-Image-2021-02-03-at-17.45.18.jpeg\" \/>\n\t<meta property=\"og:image:width\" content=\"1000\" \/>\n\t<meta property=\"og:image:height\" content=\"670\" \/>\n\t<meta property=\"og:image:type\" content=\"image\/jpeg\" \/>\n<meta name=\"author\" content=\"Fernando Calixto\" \/>\n<meta name=\"twitter:card\" content=\"summary_large_image\" \/>\n<meta name=\"twitter:label1\" content=\"Escrito por\" \/>\n\t<meta name=\"twitter:data1\" content=\"Fernando Calixto\" \/>\n\t<meta name=\"twitter:label2\" content=\"Est. tempo de leitura\" \/>\n\t<meta name=\"twitter:data2\" content=\"1 minuto\" \/>\n<script type=\"application\/ld+json\" class=\"yoast-schema-graph\">{\"@context\":\"https:\/\/schema.org\",\"@graph\":[{\"@type\":\"WebPage\",\"@id\":\"https:\/\/verdadeon.com.br\/portal\/2021\/02\/03\/francanos-realizam-manifestacao-contra-o-governo-do-estado\/\",\"url\":\"https:\/\/verdadeon.com.br\/portal\/2021\/02\/03\/francanos-realizam-manifestacao-contra-o-governo-do-estado\/\",\"name\":\"Francanos realizam manifesta\u00e7\u00e3o contra o governo do Estado - VerdadeOn\",\"isPartOf\":{\"@id\":\"https:\/\/verdadeon.com.br\/portal\/#website\"},\"primaryImageOfPage\":{\"@id\":\"https:\/\/verdadeon.com.br\/portal\/2021\/02\/03\/francanos-realizam-manifestacao-contra-o-governo-do-estado\/#primaryimage\"},\"image\":{\"@id\":\"https:\/\/verdadeon.com.br\/portal\/2021\/02\/03\/francanos-realizam-manifestacao-contra-o-governo-do-estado\/#primaryimage\"},\"thumbnailUrl\":\"https:\/\/i0.wp.com\/verdadeon.com.br\/portal\/wp-content\/uploads\/2021\/02\/WhatsApp-Image-2021-02-03-at-17.45.18.jpeg?fit=1000%2C670&ssl=1\",\"datePublished\":\"2021-02-04T01:04:54+00:00\",\"author\":{\"@id\":\"https:\/\/verdadeon.com.br\/portal\/#\/schema\/person\/8994718f49ee62ba5610471e29ca1f62\"},\"breadcrumb\":{\"@id\":\"https:\/\/verdadeon.com.br\/portal\/2021\/02\/03\/francanos-realizam-manifestacao-contra-o-governo-do-estado\/#breadcrumb\"},\"inLanguage\":\"pt-BR\",\"potentialAction\":[{\"@type\":\"ReadAction\",\"target\":[\"https:\/\/verdadeon.com.br\/portal\/2021\/02\/03\/francanos-realizam-manifestacao-contra-o-governo-do-estado\/\"]}]},{\"@type\":\"ImageObject\",\"inLanguage\":\"pt-BR\",\"@id\":\"https:\/\/verdadeon.com.br\/portal\/2021\/02\/03\/francanos-realizam-manifestacao-contra-o-governo-do-estado\/#primaryimage\",\"url\":\"https:\/\/i0.wp.com\/verdadeon.com.br\/portal\/wp-content\/uploads\/2021\/02\/WhatsApp-Image-2021-02-03-at-17.45.18.jpeg?fit=1000%2C670&ssl=1\",\"contentUrl\":\"https:\/\/i0.wp.com\/verdadeon.com.br\/portal\/wp-content\/uploads\/2021\/02\/WhatsApp-Image-2021-02-03-at-17.45.18.jpeg?fit=1000%2C670&ssl=1\",\"width\":1000,\"height\":670,\"caption\":\"Manifestantes deram in\u00edcio a carreata na avenida Rio Amazonas. Protesto \u00e9 contra restri\u00e7\u00f5es da fase vermelha | Foto: Reprodu\u00e7\u00e3o\"},{\"@type\":\"BreadcrumbList\",\"@id\":\"https:\/\/verdadeon.com.br\/portal\/2021\/02\/03\/francanos-realizam-manifestacao-contra-o-governo-do-estado\/#breadcrumb\",\"itemListElement\":[{\"@type\":\"ListItem\",\"position\":1,\"name\":\"In\u00edcio\",\"item\":\"https:\/\/verdadeon.com.br\/portal\/\"},{\"@type\":\"ListItem\",\"position\":2,\"name\":\"Francanos realizam manifesta\u00e7\u00e3o contra o governo do Estado\"}]},{\"@type\":\"WebSite\",\"@id\":\"https:\/\/verdadeon.com.br\/portal\/#website\",\"url\":\"https:\/\/verdadeon.com.br\/portal\/\",\"name\":\"VerdadeOn\",\"description\":\"Not\u00edcias di\u00e1rias sobre Franca, Regi\u00e3o, Esporte, Cultura, Cotidiano, Colunas. Cobertura nos principais eventos da cidade \u00e9 aqui - Verdadeon Franca\",\"potentialAction\":[{\"@type\":\"SearchAction\",\"target\":{\"@type\":\"EntryPoint\",\"urlTemplate\":\"https:\/\/verdadeon.com.br\/portal\/?s={search_term_string}\"},\"query-input\":{\"@type\":\"PropertyValueSpecification\",\"valueRequired\":true,\"valueName\":\"search_term_string\"}}],\"inLanguage\":\"pt-BR\"},{\"@type\":\"Person\",\"@id\":\"https:\/\/verdadeon.com.br\/portal\/#\/schema\/person\/8994718f49ee62ba5610471e29ca1f62\",\"name\":\"Fernando Calixto\",\"image\":{\"@type\":\"ImageObject\",\"inLanguage\":\"pt-BR\",\"@id\":\"https:\/\/verdadeon.com.br\/portal\/#\/schema\/person\/image\/\",\"url\":\"https:\/\/secure.gravatar.com\/avatar\/7578910c24966c0316c340f9dbd601e93ee9f9212e1033968b367af9306bd9fb?s=96&d=mm&r=g\",\"contentUrl\":\"https:\/\/secure.gravatar.com\/avatar\/7578910c24966c0316c340f9dbd601e93ee9f9212e1033968b367af9306bd9fb?s=96&d=mm&r=g\",\"caption\":\"Fernando Calixto\"},\"url\":\"https:\/\/verdadeon.com.br\/portal\/author\/fernando-calixto\/\"}]}<\/script>\n<!-- \/ Yoast SEO plugin. -->","yoast_head_json":{"title":"Francanos realizam manifesta\u00e7\u00e3o contra o governo do Estado - VerdadeOn","robots":{"index":"index","follow":"follow","max-snippet":"max-snippet:-1","max-image-preview":"max-image-preview:large","max-video-preview":"max-video-preview:-1"},"canonical":"https:\/\/verdadeon.com.br\/portal\/2021\/02\/03\/francanos-realizam-manifestacao-contra-o-governo-do-estado\/","og_locale":"pt_BR","og_type":"article","og_title":"Francanos realizam manifesta\u00e7\u00e3o contra o governo do Estado - VerdadeOn","og_description":"Segundo organizadores, pelo menos 200 ve\u00edculos participaram da carreata que percorreu principais ruas e avenidas da cidade Empres\u00e1rios, comerciantes, donos de ind\u00fastrias e trabalhadores do setor [\u2026]","og_url":"https:\/\/verdadeon.com.br\/portal\/2021\/02\/03\/francanos-realizam-manifestacao-contra-o-governo-do-estado\/","og_site_name":"VerdadeOn","article_published_time":"2021-02-04T01:04:54+00:00","og_image":[{"width":1000,"height":670,"url":"https:\/\/verdadeon.com.br\/portal\/wp-content\/uploads\/2021\/02\/WhatsApp-Image-2021-02-03-at-17.45.18.jpeg","type":"image\/jpeg"}],"author":"Fernando Calixto","twitter_card":"summary_large_image","twitter_misc":{"Escrito por":"Fernando Calixto","Est. tempo de leitura":"1 minuto"},"schema":{"@context":"https:\/\/schema.org","@graph":[{"@type":"WebPage","@id":"https:\/\/verdadeon.com.br\/portal\/2021\/02\/03\/francanos-realizam-manifestacao-contra-o-governo-do-estado\/","url":"https:\/\/verdadeon.com.br\/portal\/2021\/02\/03\/francanos-realizam-manifestacao-contra-o-governo-do-estado\/","name":"Francanos realizam manifesta\u00e7\u00e3o contra o governo do Estado - VerdadeOn","isPartOf":{"@id":"https:\/\/verdadeon.com.br\/portal\/#website"},"primaryImageOfPage":{"@id":"https:\/\/verdadeon.com.br\/portal\/2021\/02\/03\/francanos-realizam-manifestacao-contra-o-governo-do-estado\/#primaryimage"},"image":{"@id":"https:\/\/verdadeon.com.br\/portal\/2021\/02\/03\/francanos-realizam-manifestacao-contra-o-governo-do-estado\/#primaryimage"},"thumbnailUrl":"https:\/\/i0.wp.com\/verdadeon.com.br\/portal\/wp-content\/uploads\/2021\/02\/WhatsApp-Image-2021-02-03-at-17.45.18.jpeg?fit=1000%2C670&ssl=1","datePublished":"2021-02-04T01:04:54+00:00","author":{"@id":"https:\/\/verdadeon.com.br\/portal\/#\/schema\/person\/8994718f49ee62ba5610471e29ca1f62"},"breadcrumb":{"@id":"https:\/\/verdadeon.com.br\/portal\/2021\/02\/03\/francanos-realizam-manifestacao-contra-o-governo-do-estado\/#breadcrumb"},"inLanguage":"pt-BR","potentialAction":[{"@type":"ReadAction","target":["https:\/\/verdadeon.com.br\/portal\/2021\/02\/03\/francanos-realizam-manifestacao-contra-o-governo-do-estado\/"]}]},{"@type":"ImageObject","inLanguage":"pt-BR","@id":"https:\/\/verdadeon.com.br\/portal\/2021\/02\/03\/francanos-realizam-manifestacao-contra-o-governo-do-estado\/#primaryimage","url":"https:\/\/i0.wp.com\/verdadeon.com.br\/portal\/wp-content\/uploads\/2021\/02\/WhatsApp-Image-2021-02-03-at-17.45.18.jpeg?fit=1000%2C670&ssl=1","contentUrl":"https:\/\/i0.wp.com\/verdadeon.com.br\/portal\/wp-content\/uploads\/2021\/02\/WhatsApp-Image-2021-02-03-at-17.45.18.jpeg?fit=1000%2C670&ssl=1","width":1000,"height":670,"caption":"Manifestantes deram in\u00edcio a carreata na avenida Rio Amazonas. Protesto \u00e9 contra restri\u00e7\u00f5es da fase vermelha | Foto: Reprodu\u00e7\u00e3o"},{"@type":"BreadcrumbList","@id":"https:\/\/verdadeon.com.br\/portal\/2021\/02\/03\/francanos-realizam-manifestacao-contra-o-governo-do-estado\/#breadcrumb","itemListElement":[{"@type":"ListItem","position":1,"name":"In\u00edcio","item":"https:\/\/verdadeon.com.br\/portal\/"},{"@type":"ListItem","position":2,"name":"Francanos realizam manifesta\u00e7\u00e3o contra o governo do Estado"}]},{"@type":"WebSite","@id":"https:\/\/verdadeon.com.br\/portal\/#website","url":"https:\/\/verdadeon.com.br\/portal\/","name":"VerdadeOn","description":"Not\u00edcias di\u00e1rias sobre Franca, Regi\u00e3o, Esporte, Cultura, Cotidiano, Colunas. Cobertura nos principais eventos da cidade \u00e9 aqui - Verdadeon Franca","potentialAction":[{"@type":"SearchAction","target":{"@type":"EntryPoint","urlTemplate":"https:\/\/verdadeon.com.br\/portal\/?s={search_term_string}"},"query-input":{"@type":"PropertyValueSpecification","valueRequired":true,"valueName":"search_term_string"}}],"inLanguage":"pt-BR"},{"@type":"Person","@id":"https:\/\/verdadeon.com.br\/portal\/#\/schema\/person\/8994718f49ee62ba5610471e29ca1f62","name":"Fernando Calixto","image":{"@type":"ImageObject","inLanguage":"pt-BR","@id":"https:\/\/verdadeon.com.br\/portal\/#\/schema\/person\/image\/","url":"https:\/\/secure.gravatar.com\/avatar\/7578910c24966c0316c340f9dbd601e93ee9f9212e1033968b367af9306bd9fb?s=96&d=mm&r=g","contentUrl":"https:\/\/secure.gravatar.com\/avatar\/7578910c24966c0316c340f9dbd601e93ee9f9212e1033968b367af9306bd9fb?s=96&d=mm&r=g","caption":"Fernando Calixto"},"url":"https:\/\/verdadeon.com.br\/portal\/author\/fernando-calixto\/"}]}},"jetpack_publicize_connections":[],"jetpack_featured_media_url":"https:\/\/i0.wp.com\/verdadeon.com.br\/portal\/wp-content\/uploads\/2021\/02\/WhatsApp-Image-2021-02-03-at-17.45.18.jpeg?fit=1000%2C670&ssl=1","jetpack_sharing_enabled":true,"_links":{"self":[{"href":"https:\/\/verdadeon.com.br\/portal\/wp-json\/wp\/v2\/posts\/13927","targetHints":{"allow":["GET"]}}],"collection":[{"href":"https:\/\/verdadeon.com.br\/portal\/wp-json\/wp\/v2\/posts"}],"about":[{"href":"https:\/\/verdadeon.com.br\/portal\/wp-json\/wp\/v2\/types\/post"}],"author":[{"embeddable":true,"href":"https:\/\/verdadeon.com.br\/portal\/wp-json\/wp\/v2\/users\/4"}],"replies":[{"embeddable":true,"href":"https:\/\/verdadeon.com.br\/portal\/wp-json\/wp\/v2\/comments?post=13927"}],"version-history":[{"count":0,"href":"https:\/\/verdadeon.com.br\/portal\/wp-json\/wp\/v2\/posts\/13927\/revisions"}],"wp:featuredmedia":[{"embeddable":true,"href":"https:\/\/verdadeon.com.br\/portal\/wp-json\/wp\/v2\/media\/13928"}],"wp:attachment":[{"href":"https:\/\/verdadeon.com.br\/portal\/wp-json\/wp\/v2\/media?parent=13927"}],"wp:term":[{"taxonomy":"category","embeddable":true,"href":"https:\/\/verdadeon.com.br\/portal\/wp-json\/wp\/v2\/categories?post=13927"},{"taxonomy":"post_tag","embeddable":true,"href":"https:\/\/verdadeon.com.br\/portal\/wp-json\/wp\/v2\/tags?post=13927"}],"curies":[{"name":"wp","href":"https:\/\/api.w.org\/{rel}","templated":true}]}}